{"id":1128,"date":"2005-10-27T00:00:00","date_gmt":"2005-10-27T00:00:00","guid":{"rendered":"http:\/\/psol50.org.br\/arquivo\/2005\/10\/27\/mtl-aprova-apoio-a-pre-candidatura-da-senadora-heloisa-helena\/"},"modified":"2005-10-27T00:00:00","modified_gmt":"2005-10-27T00:00:00","slug":"mtl-aprova-apoio-a-pre-candidatura-da-senadora-heloisa-helena","status":"publish","type":"post","link":"https:\/\/psol50.org.br\/mtl-aprova-apoio-a-pre-candidatura-da-senadora-heloisa-helena\/","title":{"rendered":"MTL aprova apoio a pr\u00e9-candidatura da senadora Helo\u00edsa Helena"},"content":{"rendered":"<p><img loading=\"lazy\" decoding=\"async\" width=\"60\" vspace=\"4\" hspace=\"4\" height=\"40\" border=\"0\" align=\"left\" src=\"images\/stories\/fotos\/micro051023mtl.jpg\" alt=\"II Encontro Nacional do MTL\" title=\"II Encontro Nacional do MTL\" \/>O II Encontro Nacional tamb\u00e9m reafirmou o MTL como um<br \/>\nmovimento social e pol\u00edtico socialista, independente de partidos<br \/>\ne dos governos, voltado para a organiza&ccedil;&atilde;o dos<br \/>\nexclu\u00eddos no campo e na cidade.<\/p>\n<p><!--more--><\/p>\n<p>De 21 a 23 de outubro cerca de 200 companheiros, entre convidados,<br \/>\nobservadores e 90 delegados de diversos estados, eleitos em reuni&otilde;es<br \/>\nsetoriais, assembl\u00e9ias, encontros regionais e estaduais com base que<br \/>\nmobilizaram milhares de pessoas participaram do II Encontro Nacional do<br \/>\nMovimento Terra Trabalho e Liberdade. Este foi um encontro com<br \/>\ndelega&ccedil;&otilde;es, um encontro de trabalho e elabora&ccedil;&atilde;o que avan&ccedil;ou em<br \/>\nresolu&ccedil;&otilde;es muito importantes para o futuro do movimento.<\/p>\n<p>O Encontro, realizado em Uberl&acirc;ndia (MG), afirmou o MTL como um<br \/>\nmovimento social e pol\u00edtico socialista, independente de partidos<br \/>\npol\u00edticos e dos governos, voltado prioritariamente para organizar os<br \/>\nexclu\u00eddos e precarizados da sociedade capitalista no campo e na cidade.\n<\/p>\n<p>Durante os tr&ecirc;s dias de atividades os delegados discutiram a situa&ccedil;&atilde;o<br \/>\ndo Brasil, &agrave; luz da realidade mundial, o perfil e a voca&ccedil;&atilde;o do MTL. Foi<br \/>\naprovado o Regimento Interno, que passar\u00e1 a ordenar as estruturas e o<br \/>\nfuncionamento democr\u00e1tico do Movimento. <\/p>\n<p>No primeiro dia os delegados insistiram na necessidade de lutar pela<br \/>\napura&ccedil;&atilde;o rigorosa dos esc&acirc;ndalos de corrup&ccedil;&atilde;o, reafirmando a condena&ccedil;&atilde;o<br \/>\ndo governo Lula como um estelionato pol\u00edtico e eleitoral praticado<br \/>\ncontra a maioria de nosso povo. Foi definido a necessidade de seguir na<br \/>\nluta contra as pol\u00edticas neoliberais impostas por Lula e apoiar todas<br \/>\nas iniciativas de oposi&ccedil;&atilde;o.<\/p>\n<p>No dia 22\/10 os delegados foram distribu\u00eddos em grupos de trabalho por<br \/>\nafinidade. Al\u00e9m dos grupos urbano e agr\u00e1rio, formaram-se grupos de<br \/>\ndiscuss&atilde;o sobre educa&ccedil;&atilde;o popular e comunica&ccedil;&atilde;o, a partir das<br \/>\nexperi&ecirc;ncias concretas que o MTL vem desenvolvendo. Tamb\u00e9m aconteceram<br \/>\nreuni&otilde;es dos delegados que atuam nos movimentos de setores<br \/>\ndiscriminados (mulheres, homossexuais, negros e outros), assim como<br \/>\nreuni&otilde;es sindicais e de juventude.<\/p>\n<p>Em todos os pontos da pauta do Encontro os delegados votaram resolu&ccedil;&otilde;es<br \/>\nno sentido de mobilizar o povo pobre do campo e da cidade para lutar<br \/>\npor suas reivindica&ccedil;&otilde;es, com a preocupa&ccedil;&atilde;o de refor&ccedil;ar todas as<br \/>\niniciativas e organiza&ccedil;&otilde;es que visem &agrave; unidade dos exclu\u00eddos, dos<br \/>\ntrabalhadores e da juventude para enfrentar a ordem neoliberal<br \/>\ncapitalista.<\/p>\n<p>Foi aprovada tamb\u00e9m uma importante resolu&ccedil;&atilde;o de apoio a pr\u00e9-candidatura<br \/>\nda Senadora Helo\u00edsa Helena do P-SOL &agrave; presid&ecirc;ncia da rep\u00fablica. O<br \/>\nencontro aprovou ainda encaminhar resolu&ccedil;&atilde;o ao partido socialismo e<br \/>\nliberdade saudando a conquista de seu registro legal um importante<br \/>\npasso na constru&ccedil;&atilde;o de uma ferramenta socialista dos trabalhadores<br \/>\nbrasileiros. A nova coordena&ccedil;&atilde;o nacional do MTL solicitar\u00e1 uma reuni&atilde;o<br \/>\ncom a executiva do P-SOL para tratar do apoio e solidariedade t&atilde;o<br \/>\nnecess\u00e1rios ao povo pobre do campo e da cidade.<\/p>\n<p>O II Encontro foi conclu\u00eddo com a elei&ccedil;&atilde;o da nova Coordena&ccedil;&atilde;o Nacional<br \/>\ndo MTL, com representantes das principais frentes de atua&ccedil;&atilde;o do<br \/>\nMovimento. Caber\u00e1 &agrave; CN dar conseq&uuml;&ecirc;ncia &agrave;s resolu&ccedil;&otilde;es do II Encontro, a<br \/>\npartir de um planejamento das a&ccedil;&otilde;es do MTL nos pr\u00f3ximos dois anos.<\/p>\n<p><img loading=\"lazy\" decoding=\"async\" width=\"16\" vspace=\"0\" hspace=\"0\" height=\"16\" border=\"0\" align=\"left\" title=\"Visite\" alt=\"Visite\" src=\"images\/stories\/icones\/net.gif\" \/>&nbsp; www.mtl.org.br<\/p>\n","protected":false},"excerpt":{"rendered":"<p>O II Encontro Nacional tamb\u00e9m reafirmou o MTL como um movimento social e pol\u00edtico socialista, independente de partidos e dos governos, voltado para a organiza&ccedil;&atilde;o dos exclu\u00eddos no campo e na cidade.<\/p>\n","protected":false},"author":2,"featured_media":0,"comment_status":"open","ping_status":"open","sticky":false,"template":"","format":"standard","meta":{"_acf_changed":false,"footnotes":""},"categories":[4766],"tags":[],"class_list":{"0":"post-1128","1":"post","2":"type-post","3":"status-publish","4":"format-standard","6":"category-arquivo"},"acf":[],"yoast_head":"<!-- This site is optimized with the Yoast SEO plugin v26.5 - https:\/\/yoast.com\/wordpress\/plugins\/seo\/ -->\n<title>MTL aprova apoio a pr\u00e9-candidatura da senadora Helo\u00edsa Helena - PSOL 50<\/title>\n<meta name=\"robots\" content=\"index, follow, max-snippet:-1, max-image-preview:large, max-video-preview:-1\" \/>\n<link rel=\"canonical\" href=\"https:\/\/psol50.org.br\/mtl-aprova-apoio-a-pre-candidatura-da-senadora-heloisa-helena\/\" \/>\n<meta property=\"og:locale\" content=\"pt_BR\" \/>\n<meta property=\"og:type\" content=\"article\" \/>\n<meta property=\"og:title\" content=\"MTL aprova apoio a pr\u00e9-candidatura da senadora Helo\u00edsa Helena - PSOL 50\" \/>\n<meta property=\"og:description\" content=\"O II Encontro Nacional tamb\u00e9m reafirmou o MTL como um movimento social e pol\u00edtico socialista, independente de partidos e dos governos, voltado para a organiza&ccedil;&atilde;o dos exclu\u00eddos no campo e na cidade.\" \/>\n<meta property=\"og:url\" content=\"https:\/\/psol50.org.br\/mtl-aprova-apoio-a-pre-candidatura-da-senadora-heloisa-helena\/\" \/>\n<meta property=\"og:site_name\" content=\"PSOL 50\" \/>\n<meta property=\"article:publisher\" content=\"https:\/\/www.facebook.com\/psol50\" \/>\n<meta property=\"article:published_time\" content=\"2005-10-27T00:00:00+00:00\" \/>\n<meta property=\"og:image\" content=\"http:\/\/images\/stories\/fotos\/micro051023mtl.jpg\" \/>\n<meta name=\"author\" content=\"Comunica\u00e7\u00e3o PSOL\" \/>\n<meta name=\"twitter:card\" content=\"summary_large_image\" \/>\n<meta name=\"twitter:creator\" content=\"@psol50\" \/>\n<meta name=\"twitter:site\" content=\"@psol50\" \/>\n<meta name=\"twitter:label1\" content=\"Escrito por\" \/>\n\t<meta name=\"twitter:data1\" content=\"Comunica\u00e7\u00e3o PSOL\" \/>\n\t<meta name=\"twitter:label2\" content=\"Est. tempo de leitura\" \/>\n\t<meta name=\"twitter:data2\" content=\"3 minutos\" \/>\n<script type=\"application\/ld+json\" class=\"yoast-schema-graph\">{\"@context\":\"https:\/\/schema.org\",\"@graph\":[{\"@type\":\"Article\",\"@id\":\"https:\/\/psol50.org.br\/mtl-aprova-apoio-a-pre-candidatura-da-senadora-heloisa-helena\/#article\",\"isPartOf\":{\"@id\":\"https:\/\/psol50.org.br\/mtl-aprova-apoio-a-pre-candidatura-da-senadora-heloisa-helena\/\"},\"author\":{\"name\":\"Comunica\u00e7\u00e3o PSOL\",\"@id\":\"https:\/\/psol50.org.br\/#\/schema\/person\/475dfa57d0b815993c714c2e96491fcd\"},\"headline\":\"MTL aprova apoio a pr\u00e9-candidatura da senadora Helo\u00edsa Helena\",\"datePublished\":\"2005-10-27T00:00:00+00:00\",\"mainEntityOfPage\":{\"@id\":\"https:\/\/psol50.org.br\/mtl-aprova-apoio-a-pre-candidatura-da-senadora-heloisa-helena\/\"},\"wordCount\":622,\"commentCount\":0,\"publisher\":{\"@id\":\"https:\/\/psol50.org.br\/#organization\"},\"articleSection\":[\"Arquivo\"],\"inLanguage\":\"pt-BR\",\"potentialAction\":[{\"@type\":\"CommentAction\",\"name\":\"Comment\",\"target\":[\"https:\/\/psol50.org.br\/mtl-aprova-apoio-a-pre-candidatura-da-senadora-heloisa-helena\/#respond\"]}]},{\"@type\":\"WebPage\",\"@id\":\"https:\/\/psol50.org.br\/mtl-aprova-apoio-a-pre-candidatura-da-senadora-heloisa-helena\/\",\"url\":\"https:\/\/psol50.org.br\/mtl-aprova-apoio-a-pre-candidatura-da-senadora-heloisa-helena\/\",\"name\":\"MTL aprova apoio a pr\u00e9-candidatura da senadora Helo\u00edsa Helena - PSOL 50\",\"isPartOf\":{\"@id\":\"https:\/\/psol50.org.br\/#website\"},\"datePublished\":\"2005-10-27T00:00:00+00:00\",\"breadcrumb\":{\"@id\":\"https:\/\/psol50.org.br\/mtl-aprova-apoio-a-pre-candidatura-da-senadora-heloisa-helena\/#breadcrumb\"},\"inLanguage\":\"pt-BR\",\"potentialAction\":[{\"@type\":\"ReadAction\",\"target\":[\"https:\/\/psol50.org.br\/mtl-aprova-apoio-a-pre-candidatura-da-senadora-heloisa-helena\/\"]}]},{\"@type\":\"BreadcrumbList\",\"@id\":\"https:\/\/psol50.org.br\/mtl-aprova-apoio-a-pre-candidatura-da-senadora-heloisa-helena\/#breadcrumb\",\"itemListElement\":[{\"@type\":\"ListItem\",\"position\":1,\"name\":\"In\u00edcio\",\"item\":\"https:\/\/psol50.org.br\/\"},{\"@type\":\"ListItem\",\"position\":2,\"name\":\"MTL aprova apoio a pr\u00e9-candidatura da senadora Helo\u00edsa Helena\"}]},{\"@type\":\"WebSite\",\"@id\":\"https:\/\/psol50.org.br\/#website\",\"url\":\"https:\/\/psol50.org.br\/\",\"name\":\"PSOL 50\",\"description\":\"Site oficial do Partido Socialismo e Liberdade\",\"publisher\":{\"@id\":\"https:\/\/psol50.org.br\/#organization\"},\"alternateName\":\"PSOL50\",\"potentialAction\":[{\"@type\":\"SearchAction\",\"target\":{\"@type\":\"EntryPoint\",\"urlTemplate\":\"https:\/\/psol50.org.br\/?s={search_term_string}\"},\"query-input\":{\"@type\":\"PropertyValueSpecification\",\"valueRequired\":true,\"valueName\":\"search_term_string\"}}],\"inLanguage\":\"pt-BR\"},{\"@type\":\"Organization\",\"@id\":\"https:\/\/psol50.org.br\/#organization\",\"name\":\"PSOL 50\",\"alternateName\":\"PSOL 50\",\"url\":\"https:\/\/psol50.org.br\/\",\"logo\":{\"@type\":\"ImageObject\",\"inLanguage\":\"pt-BR\",\"@id\":\"https:\/\/psol50.org.br\/#\/schema\/logo\/image\/\",\"url\":\"https:\/\/psol50.org.br\/inc\/uploads\/2018\/07\/capa.png\",\"contentUrl\":\"https:\/\/psol50.org.br\/inc\/uploads\/2018\/07\/capa.png\",\"width\":1350,\"height\":900,\"caption\":\"PSOL 50\"},\"image\":{\"@id\":\"https:\/\/psol50.org.br\/#\/schema\/logo\/image\/\"},\"sameAs\":[\"https:\/\/www.facebook.com\/psol50\",\"https:\/\/x.com\/psol50\",\"https:\/\/www.instagram.com\/psol50\/\",\"https:\/\/www.youtube.com\/channel\/UC7SnJS5o1os7a6CaiNabzcg\"]},{\"@type\":\"Person\",\"@id\":\"https:\/\/psol50.org.br\/#\/schema\/person\/475dfa57d0b815993c714c2e96491fcd\",\"name\":\"Comunica\u00e7\u00e3o PSOL\",\"image\":{\"@type\":\"ImageObject\",\"inLanguage\":\"pt-BR\",\"@id\":\"https:\/\/psol50.org.br\/#\/schema\/person\/image\/\",\"url\":\"https:\/\/secure.gravatar.com\/avatar\/b34fc4f4e468a4e51785917065a3db57b841f5c95dba6ad8c73aaf8f66f8f9bf?s=96&d=mm&r=g\",\"contentUrl\":\"https:\/\/secure.gravatar.com\/avatar\/b34fc4f4e468a4e51785917065a3db57b841f5c95dba6ad8c73aaf8f66f8f9bf?s=96&d=mm&r=g\",\"caption\":\"Comunica\u00e7\u00e3o PSOL\"}}]}<\/script>\n<!-- \/ Yoast SEO plugin. -->","yoast_head_json":{"title":"MTL aprova apoio a pr\u00e9-candidatura da senadora Helo\u00edsa Helena - PSOL 50","robots":{"index":"index","follow":"follow","max-snippet":"max-snippet:-1","max-image-preview":"max-image-preview:large","max-video-preview":"max-video-preview:-1"},"canonical":"https:\/\/psol50.org.br\/mtl-aprova-apoio-a-pre-candidatura-da-senadora-heloisa-helena\/","og_locale":"pt_BR","og_type":"article","og_title":"MTL aprova apoio a pr\u00e9-candidatura da senadora Helo\u00edsa Helena - PSOL 50","og_description":"O II Encontro Nacional tamb\u00e9m reafirmou o MTL como um movimento social e pol\u00edtico socialista, independente de partidos e dos governos, voltado para a organiza&ccedil;&atilde;o dos exclu\u00eddos no campo e na cidade.","og_url":"https:\/\/psol50.org.br\/mtl-aprova-apoio-a-pre-candidatura-da-senadora-heloisa-helena\/","og_site_name":"PSOL 50","article_publisher":"https:\/\/www.facebook.com\/psol50","article_published_time":"2005-10-27T00:00:00+00:00","og_image":[{"url":"images\/stories\/fotos\/micro051023mtl.jpg","type":"","width":"","height":""}],"author":"Comunica\u00e7\u00e3o PSOL","twitter_card":"summary_large_image","twitter_creator":"@psol50","twitter_site":"@psol50","twitter_misc":{"Escrito por":"Comunica\u00e7\u00e3o PSOL","Est. tempo de leitura":"3 minutos"},"schema":{"@context":"https:\/\/schema.org","@graph":[{"@type":"Article","@id":"https:\/\/psol50.org.br\/mtl-aprova-apoio-a-pre-candidatura-da-senadora-heloisa-helena\/#article","isPartOf":{"@id":"https:\/\/psol50.org.br\/mtl-aprova-apoio-a-pre-candidatura-da-senadora-heloisa-helena\/"},"author":{"name":"Comunica\u00e7\u00e3o PSOL","@id":"https:\/\/psol50.org.br\/#\/schema\/person\/475dfa57d0b815993c714c2e96491fcd"},"headline":"MTL aprova apoio a pr\u00e9-candidatura da senadora Helo\u00edsa Helena","datePublished":"2005-10-27T00:00:00+00:00","mainEntityOfPage":{"@id":"https:\/\/psol50.org.br\/mtl-aprova-apoio-a-pre-candidatura-da-senadora-heloisa-helena\/"},"wordCount":622,"commentCount":0,"publisher":{"@id":"https:\/\/psol50.org.br\/#organization"},"articleSection":["Arquivo"],"inLanguage":"pt-BR","potentialAction":[{"@type":"CommentAction","name":"Comment","target":["https:\/\/psol50.org.br\/mtl-aprova-apoio-a-pre-candidatura-da-senadora-heloisa-helena\/#respond"]}]},{"@type":"WebPage","@id":"https:\/\/psol50.org.br\/mtl-aprova-apoio-a-pre-candidatura-da-senadora-heloisa-helena\/","url":"https:\/\/psol50.org.br\/mtl-aprova-apoio-a-pre-candidatura-da-senadora-heloisa-helena\/","name":"MTL aprova apoio a pr\u00e9-candidatura da senadora Helo\u00edsa Helena - PSOL 50","isPartOf":{"@id":"https:\/\/psol50.org.br\/#website"},"datePublished":"2005-10-27T00:00:00+00:00","breadcrumb":{"@id":"https:\/\/psol50.org.br\/mtl-aprova-apoio-a-pre-candidatura-da-senadora-heloisa-helena\/#breadcrumb"},"inLanguage":"pt-BR","potentialAction":[{"@type":"ReadAction","target":["https:\/\/psol50.org.br\/mtl-aprova-apoio-a-pre-candidatura-da-senadora-heloisa-helena\/"]}]},{"@type":"BreadcrumbList","@id":"https:\/\/psol50.org.br\/mtl-aprova-apoio-a-pre-candidatura-da-senadora-heloisa-helena\/#breadcrumb","itemListElement":[{"@type":"ListItem","position":1,"name":"In\u00edcio","item":"https:\/\/psol50.org.br\/"},{"@type":"ListItem","position":2,"name":"MTL aprova apoio a pr\u00e9-candidatura da senadora Helo\u00edsa Helena"}]},{"@type":"WebSite","@id":"https:\/\/psol50.org.br\/#website","url":"https:\/\/psol50.org.br\/","name":"PSOL 50","description":"Site oficial do Partido Socialismo e Liberdade","publisher":{"@id":"https:\/\/psol50.org.br\/#organization"},"alternateName":"PSOL50","potentialAction":[{"@type":"SearchAction","target":{"@type":"EntryPoint","urlTemplate":"https:\/\/psol50.org.br\/?s={search_term_string}"},"query-input":{"@type":"PropertyValueSpecification","valueRequired":true,"valueName":"search_term_string"}}],"inLanguage":"pt-BR"},{"@type":"Organization","@id":"https:\/\/psol50.org.br\/#organization","name":"PSOL 50","alternateName":"PSOL 50","url":"https:\/\/psol50.org.br\/","logo":{"@type":"ImageObject","inLanguage":"pt-BR","@id":"https:\/\/psol50.org.br\/#\/schema\/logo\/image\/","url":"https:\/\/psol50.org.br\/inc\/uploads\/2018\/07\/capa.png","contentUrl":"https:\/\/psol50.org.br\/inc\/uploads\/2018\/07\/capa.png","width":1350,"height":900,"caption":"PSOL 50"},"image":{"@id":"https:\/\/psol50.org.br\/#\/schema\/logo\/image\/"},"sameAs":["https:\/\/www.facebook.com\/psol50","https:\/\/x.com\/psol50","https:\/\/www.instagram.com\/psol50\/","https:\/\/www.youtube.com\/channel\/UC7SnJS5o1os7a6CaiNabzcg"]},{"@type":"Person","@id":"https:\/\/psol50.org.br\/#\/schema\/person\/475dfa57d0b815993c714c2e96491fcd","name":"Comunica\u00e7\u00e3o PSOL","image":{"@type":"ImageObject","inLanguage":"pt-BR","@id":"https:\/\/psol50.org.br\/#\/schema\/person\/image\/","url":"https:\/\/secure.gravatar.com\/avatar\/b34fc4f4e468a4e51785917065a3db57b841f5c95dba6ad8c73aaf8f66f8f9bf?s=96&d=mm&r=g","contentUrl":"https:\/\/secure.gravatar.com\/avatar\/b34fc4f4e468a4e51785917065a3db57b841f5c95dba6ad8c73aaf8f66f8f9bf?s=96&d=mm&r=g","caption":"Comunica\u00e7\u00e3o PSOL"}}]}},"_links":{"self":[{"href":"https:\/\/psol50.org.br\/rest\/wp\/v2\/posts\/1128","targetHints":{"allow":["GET"]}}],"collection":[{"href":"https:\/\/psol50.org.br\/rest\/wp\/v2\/posts"}],"about":[{"href":"https:\/\/psol50.org.br\/rest\/wp\/v2\/types\/post"}],"author":[{"embeddable":true,"href":"https:\/\/psol50.org.br\/rest\/wp\/v2\/users\/2"}],"replies":[{"embeddable":true,"href":"https:\/\/psol50.org.br\/rest\/wp\/v2\/comments?post=1128"}],"version-history":[{"count":0,"href":"https:\/\/psol50.org.br\/rest\/wp\/v2\/posts\/1128\/revisions"}],"wp:attachment":[{"href":"https:\/\/psol50.org.br\/rest\/wp\/v2\/media?parent=1128"}],"wp:term":[{"taxonomy":"category","embeddable":true,"href":"https:\/\/psol50.org.br\/rest\/wp\/v2\/categories?post=1128"},{"taxonomy":"post_tag","embeddable":true,"href":"https:\/\/psol50.org.br\/rest\/wp\/v2\/tags?post=1128"}],"curies":[{"name":"wp","href":"https:\/\/api.w.org\/{rel}","templated":true}]}}