{"id":1131,"date":"2009-03-21T00:00:00","date_gmt":"2009-03-21T00:00:00","guid":{"rendered":"http:\/\/psol50.org.br\/arquivo\/2009\/03\/21\/pe-plenaria-estadual-do-psol\/"},"modified":"2009-03-21T00:00:00","modified_gmt":"2009-03-21T00:00:00","slug":"pe-plenaria-estadual-do-psol","status":"publish","type":"post","link":"https:\/\/psol50.org.br\/pe-plenaria-estadual-do-psol\/","title":{"rendered":"(PE) Plen\u00e1ria Estadual do PSOL"},"content":{"rendered":"<p>Convidamos a todos para participar da plen\u00e1ria estadual do PSOL de Pernambuco, conforme convoca\u00e7\u00e3o da Executiva Estadual.<\/p>\n<p><!--more--><\/p>\n<p>Data: 23 de Mar\u00e7o de 2009 \u2013 2\u00aa feira, \u00e0s 19 horas<\/p>\n<p>Local: Clube de Engenharia de Pernambuco (por tr\u00e1s do Mercado da Madalena)<\/p>\n<p>&nbsp;<\/p>\n<p><b>Convoca\u00e7\u00e3o da Executiva Estadual do PSOL\/PE<\/b><\/p>\n<p>A grave crise econ\u00f4mica que se abateu sobre a economia mundial chegou com for\u00e7a ao Brasil. A redu\u00e7\u00e3o do PIB nacional no \u00faltimo trimestre de 2008 em 3,6% mostra a dimens\u00e3o das conseq\u00fc\u00eancias para os trabalhadores e o povo. Milhares de trabalhadores e trabalhadoras est\u00e3o perdendo seus empregos a cada dia, como na Embraer, em S\u00e3o Jos\u00e9 dos Campos (SP), que demitiu 4.200 trabalhadores de uma s\u00f3 vez. Em Pernambuco, a crise atingiu em cheio e de forma imediata o setor exportador de fruticultura do Vale do S\u00e3o Francisco. Setores da ind\u00fastria, com destaque para a \u00e1rea de metalurgia, do com\u00e9rcio e servi\u00e7os avan\u00e7am nas demiss\u00f5es.<\/p>\n<p>A redu\u00e7\u00e3o da atividade econ\u00f4mica atinge por conseq\u00fc\u00eancia a arrecada\u00e7\u00e3o de todos os entes federativos do Estado, que por sua vez est\u00e3o buscando passar esta redu\u00e7\u00e3o de recursos para o funcionalismo, apontando inclusive para o descumprimento de acordos j\u00e1 fechados para 2009, como o faz o governo Lula. Os estados e munic\u00edpios, com a redu\u00e7\u00e3o dr\u00e1stica do Fundo de Participa\u00e7\u00e3o de Estados e Munic\u00edpios (FPE e FPM) apontam para mais arrocho sobre os seus servidores. Os inadi\u00e1veis investimentos p\u00fablicos nas \u00e1reas sociais tamb\u00e9m est\u00e3o sendo sacrificados.<\/p>\n<p>De concreto, os governos capitalistas, como Lula no Brasil, est\u00e3o aplicando medidas para salvar os ricos, e n\u00e3o para salvar a economia e garantir o bem estar da maioria da popula\u00e7\u00e3o. \u00c9 o caso da redu\u00e7\u00e3o do IPI (Imposto Sobre Produtos Industrializados) dos autom\u00f3veis, em que o estado abre m\u00e3o de parcela significativa de seus recursos para garantir a margem de lucro dos empres\u00e1rios, adiando e represando um problema que retornar\u00e1 em breve com mais for\u00e7a.<\/p>\n<p>H\u00e1 um consenso na sociedade em torno de que esta crise \u00e9 a maior e mais grave desde a depress\u00e3o de 1929, cujas conseq\u00fc\u00eancias passaram pela ascens\u00e3o do nazismo, uma guerra mundial, 1\/3 da economia mundial organizada fora do sistema capitalista e o estabelecimento de uma outra doutrina pol\u00edtica e econ\u00f4mica, o paradigma keynesiano. A crise atual, portanto, dever\u00e1 ter desdobramentos de longo alcance, estruturais. A vit\u00f3ria plena do capitalismo nesta crise significar\u00e1 um brutal ataque aos n\u00edveis civilizat\u00f3rios atingidos at\u00e9 aqui pela humanidade. Cabe \u00e0 maioria da popula\u00e7\u00e3o, aos trabalhadores, \u00e0 juventude, aos setores populares, organizarem-se e cair em campo para esta dura batalha.<\/p>\n<p>No pr\u00f3ximo dia 30\/03, v\u00e1rias entidades sindicais nacionais deliberaram por realizar um dia nacional de luta contra a crise. Esta atividade foi orientada na plen\u00e1ria dos movimentos sociais realizada durante o F\u00f3rum Social Mundial de Bel\u00e9m, em janeiro \u00faltimo. O ato nacional ser\u00e1 em S\u00e3o Paulo, e conta j\u00e1 com a ades\u00e3o do MST, Conlutas, CTB, Intersindical, MTL, CUT, For\u00e7a Sindical e v\u00e1rias outras organiza\u00e7\u00f5es.<\/p>\n<p>Em Pernambuco tamb\u00e9m faremos nossa parte. Nesse sentido, o PSOL convocou e participou de reuni\u00e3o dinamizada inicialmente pela Conlutas no \u00faltimo dia 18\/03, na sede do MTC. Participaram a Conlutas, UCS, Sintect, Sintufepe, Sismo, Sindiguardas, Andes, representantes de comunidades da regi\u00e3o metropolitana e PSTU, al\u00e9m de n\u00f3s do PSOL. Convocamos ainda o MST, CPT, CUT, CTB e PCR, sendo que MST e CPT confirmaram presen\u00e7a, mas n\u00e3o puderam comparecer. Uma nova reuni\u00e3o, para ampliar a participa\u00e7\u00e3o e a constru\u00e7\u00e3o do ato, acontecer\u00e1 no pr\u00f3ximo dia 24\/03.<\/p>\n<p>Al\u00e9m da participa\u00e7\u00e3o ativa na mobiliza\u00e7\u00e3o para este dia de luta, o PSOL tamb\u00e9m est\u00e1 realizando no dia 02\/04 um ato nacional no Rio de Janeiro, tamb\u00e9m contra a crise e o desemprego, mas agregando tamb\u00e9m a luta contra a corrup\u00e7\u00e3o, raz\u00e3o pela qual o delegado Prot\u00f3genes Queiroz estar\u00e1 presente no ato.<\/p>\n<p>Para debater esta conjuntura coletivamente e avan\u00e7ar nos encaminhamentos para a melhor interven\u00e7\u00e3o do partido nestas atividades, realizaremos uma plen\u00e1ria geral do PSOL na pr\u00f3xima segunda-feira, 23\/03, \u00e0s 19 horas, no audit\u00f3rio do Clube de Engenharia.<\/p>\n<p>A participa\u00e7\u00e3o de nossa milit\u00e2ncia com for\u00e7a nestas atividades \u00e9 fundamental para o avan\u00e7o da luta anti-capitalista neste grave momento. Contamos com a participa\u00e7\u00e3o de todos os filiados, simpatizantes e amigos do PSOL em Pernambuco.<\/p>\n<p>Recife, 18 de mar\u00e7o de 2009<\/p>\n<p>Executiva Estadual do PSOL\/PE<\/p>\n","protected":false},"excerpt":{"rendered":"<p>Convidamos a todos para participar da plen\u00e1ria estadual do PSOL de Pernambuco, conforme convoca\u00e7\u00e3o da Executiva Estadual.<\/p>\n","protected":false},"author":2,"featured_media":0,"comment_status":"open","ping_status":"open","sticky":false,"template":"","format":"standard","meta":{"_acf_changed":false,"footnotes":""},"categories":[4766],"tags":[],"class_list":{"0":"post-1131","1":"post","2":"type-post","3":"status-publish","4":"format-standard","6":"category-arquivo"},"acf":[],"yoast_head":"<!-- This site is optimized with the Yoast SEO plugin v26.5 - https:\/\/yoast.com\/wordpress\/plugins\/seo\/ -->\n<title>(PE) Plen\u00e1ria Estadual do PSOL - PSOL 50<\/title>\n<meta name=\"robots\" content=\"index, follow, max-snippet:-1, max-image-preview:large, max-video-preview:-1\" \/>\n<link rel=\"canonical\" href=\"https:\/\/psol50.org.br\/pe-plenaria-estadual-do-psol\/\" \/>\n<meta property=\"og:locale\" content=\"pt_BR\" \/>\n<meta property=\"og:type\" content=\"article\" \/>\n<meta property=\"og:title\" content=\"(PE) Plen\u00e1ria Estadual do PSOL - PSOL 50\" \/>\n<meta property=\"og:description\" content=\"Convidamos a todos para participar da plen\u00e1ria estadual do PSOL de Pernambuco, conforme convoca\u00e7\u00e3o da Executiva Estadual.\" \/>\n<meta property=\"og:url\" content=\"https:\/\/psol50.org.br\/pe-plenaria-estadual-do-psol\/\" \/>\n<meta property=\"og:site_name\" content=\"PSOL 50\" \/>\n<meta property=\"article:publisher\" content=\"https:\/\/www.facebook.com\/psol50\" \/>\n<meta property=\"article:published_time\" content=\"2009-03-21T00:00:00+00:00\" \/>\n<meta property=\"og:image\" content=\"https:\/\/psol50.org.br\/inc\/uploads\/2018\/07\/capa.png\" \/>\n\t<meta property=\"og:image:width\" content=\"1350\" \/>\n\t<meta property=\"og:image:height\" content=\"900\" \/>\n\t<meta property=\"og:image:type\" content=\"image\/png\" \/>\n<meta name=\"author\" content=\"Comunica\u00e7\u00e3o PSOL\" \/>\n<meta name=\"twitter:card\" content=\"summary_large_image\" \/>\n<meta name=\"twitter:creator\" content=\"@psol50\" \/>\n<meta name=\"twitter:site\" content=\"@psol50\" \/>\n<meta name=\"twitter:label1\" content=\"Escrito por\" \/>\n\t<meta name=\"twitter:data1\" content=\"Comunica\u00e7\u00e3o PSOL\" \/>\n\t<meta name=\"twitter:label2\" content=\"Est. tempo de leitura\" \/>\n\t<meta name=\"twitter:data2\" content=\"4 minutos\" \/>\n<script type=\"application\/ld+json\" class=\"yoast-schema-graph\">{\"@context\":\"https:\/\/schema.org\",\"@graph\":[{\"@type\":\"Article\",\"@id\":\"https:\/\/psol50.org.br\/pe-plenaria-estadual-do-psol\/#article\",\"isPartOf\":{\"@id\":\"https:\/\/psol50.org.br\/pe-plenaria-estadual-do-psol\/\"},\"author\":{\"name\":\"Comunica\u00e7\u00e3o PSOL\",\"@id\":\"https:\/\/psol50.org.br\/#\/schema\/person\/475dfa57d0b815993c714c2e96491fcd\"},\"headline\":\"(PE) Plen\u00e1ria Estadual do PSOL\",\"datePublished\":\"2009-03-21T00:00:00+00:00\",\"mainEntityOfPage\":{\"@id\":\"https:\/\/psol50.org.br\/pe-plenaria-estadual-do-psol\/\"},\"wordCount\":780,\"commentCount\":0,\"publisher\":{\"@id\":\"https:\/\/psol50.org.br\/#organization\"},\"articleSection\":[\"Arquivo\"],\"inLanguage\":\"pt-BR\",\"potentialAction\":[{\"@type\":\"CommentAction\",\"name\":\"Comment\",\"target\":[\"https:\/\/psol50.org.br\/pe-plenaria-estadual-do-psol\/#respond\"]}]},{\"@type\":\"WebPage\",\"@id\":\"https:\/\/psol50.org.br\/pe-plenaria-estadual-do-psol\/\",\"url\":\"https:\/\/psol50.org.br\/pe-plenaria-estadual-do-psol\/\",\"name\":\"(PE) Plen\u00e1ria Estadual do PSOL - PSOL 50\",\"isPartOf\":{\"@id\":\"https:\/\/psol50.org.br\/#website\"},\"datePublished\":\"2009-03-21T00:00:00+00:00\",\"breadcrumb\":{\"@id\":\"https:\/\/psol50.org.br\/pe-plenaria-estadual-do-psol\/#breadcrumb\"},\"inLanguage\":\"pt-BR\",\"potentialAction\":[{\"@type\":\"ReadAction\",\"target\":[\"https:\/\/psol50.org.br\/pe-plenaria-estadual-do-psol\/\"]}]},{\"@type\":\"BreadcrumbList\",\"@id\":\"https:\/\/psol50.org.br\/pe-plenaria-estadual-do-psol\/#breadcrumb\",\"itemListElement\":[{\"@type\":\"ListItem\",\"position\":1,\"name\":\"In\u00edcio\",\"item\":\"https:\/\/psol50.org.br\/\"},{\"@type\":\"ListItem\",\"position\":2,\"name\":\"(PE) Plen\u00e1ria Estadual do PSOL\"}]},{\"@type\":\"WebSite\",\"@id\":\"https:\/\/psol50.org.br\/#website\",\"url\":\"https:\/\/psol50.org.br\/\",\"name\":\"PSOL 50\",\"description\":\"Site oficial do Partido Socialismo e Liberdade\",\"publisher\":{\"@id\":\"https:\/\/psol50.org.br\/#organization\"},\"alternateName\":\"PSOL50\",\"potentialAction\":[{\"@type\":\"SearchAction\",\"target\":{\"@type\":\"EntryPoint\",\"urlTemplate\":\"https:\/\/psol50.org.br\/?s={search_term_string}\"},\"query-input\":{\"@type\":\"PropertyValueSpecification\",\"valueRequired\":true,\"valueName\":\"search_term_string\"}}],\"inLanguage\":\"pt-BR\"},{\"@type\":\"Organization\",\"@id\":\"https:\/\/psol50.org.br\/#organization\",\"name\":\"PSOL 50\",\"alternateName\":\"PSOL 50\",\"url\":\"https:\/\/psol50.org.br\/\",\"logo\":{\"@type\":\"ImageObject\",\"inLanguage\":\"pt-BR\",\"@id\":\"https:\/\/psol50.org.br\/#\/schema\/logo\/image\/\",\"url\":\"https:\/\/psol50.org.br\/inc\/uploads\/2018\/07\/capa.png\",\"contentUrl\":\"https:\/\/psol50.org.br\/inc\/uploads\/2018\/07\/capa.png\",\"width\":1350,\"height\":900,\"caption\":\"PSOL 50\"},\"image\":{\"@id\":\"https:\/\/psol50.org.br\/#\/schema\/logo\/image\/\"},\"sameAs\":[\"https:\/\/www.facebook.com\/psol50\",\"https:\/\/x.com\/psol50\",\"https:\/\/www.instagram.com\/psol50\/\",\"https:\/\/www.youtube.com\/channel\/UC7SnJS5o1os7a6CaiNabzcg\"]},{\"@type\":\"Person\",\"@id\":\"https:\/\/psol50.org.br\/#\/schema\/person\/475dfa57d0b815993c714c2e96491fcd\",\"name\":\"Comunica\u00e7\u00e3o PSOL\",\"image\":{\"@type\":\"ImageObject\",\"inLanguage\":\"pt-BR\",\"@id\":\"https:\/\/psol50.org.br\/#\/schema\/person\/image\/\",\"url\":\"https:\/\/secure.gravatar.com\/avatar\/b34fc4f4e468a4e51785917065a3db57b841f5c95dba6ad8c73aaf8f66f8f9bf?s=96&d=mm&r=g\",\"contentUrl\":\"https:\/\/secure.gravatar.com\/avatar\/b34fc4f4e468a4e51785917065a3db57b841f5c95dba6ad8c73aaf8f66f8f9bf?s=96&d=mm&r=g\",\"caption\":\"Comunica\u00e7\u00e3o PSOL\"}}]}<\/script>\n<!-- \/ Yoast SEO plugin. -->","yoast_head_json":{"title":"(PE) Plen\u00e1ria Estadual do PSOL - PSOL 50","robots":{"index":"index","follow":"follow","max-snippet":"max-snippet:-1","max-image-preview":"max-image-preview:large","max-video-preview":"max-video-preview:-1"},"canonical":"https:\/\/psol50.org.br\/pe-plenaria-estadual-do-psol\/","og_locale":"pt_BR","og_type":"article","og_title":"(PE) Plen\u00e1ria Estadual do PSOL - PSOL 50","og_description":"Convidamos a todos para participar da plen\u00e1ria estadual do PSOL de Pernambuco, conforme convoca\u00e7\u00e3o da Executiva Estadual.","og_url":"https:\/\/psol50.org.br\/pe-plenaria-estadual-do-psol\/","og_site_name":"PSOL 50","article_publisher":"https:\/\/www.facebook.com\/psol50","article_published_time":"2009-03-21T00:00:00+00:00","og_image":[{"width":1350,"height":900,"url":"https:\/\/psol50.org.br\/inc\/uploads\/2018\/07\/capa.png","type":"image\/png"}],"author":"Comunica\u00e7\u00e3o PSOL","twitter_card":"summary_large_image","twitter_creator":"@psol50","twitter_site":"@psol50","twitter_misc":{"Escrito por":"Comunica\u00e7\u00e3o PSOL","Est. tempo de leitura":"4 minutos"},"schema":{"@context":"https:\/\/schema.org","@graph":[{"@type":"Article","@id":"https:\/\/psol50.org.br\/pe-plenaria-estadual-do-psol\/#article","isPartOf":{"@id":"https:\/\/psol50.org.br\/pe-plenaria-estadual-do-psol\/"},"author":{"name":"Comunica\u00e7\u00e3o PSOL","@id":"https:\/\/psol50.org.br\/#\/schema\/person\/475dfa57d0b815993c714c2e96491fcd"},"headline":"(PE) Plen\u00e1ria Estadual do PSOL","datePublished":"2009-03-21T00:00:00+00:00","mainEntityOfPage":{"@id":"https:\/\/psol50.org.br\/pe-plenaria-estadual-do-psol\/"},"wordCount":780,"commentCount":0,"publisher":{"@id":"https:\/\/psol50.org.br\/#organization"},"articleSection":["Arquivo"],"inLanguage":"pt-BR","potentialAction":[{"@type":"CommentAction","name":"Comment","target":["https:\/\/psol50.org.br\/pe-plenaria-estadual-do-psol\/#respond"]}]},{"@type":"WebPage","@id":"https:\/\/psol50.org.br\/pe-plenaria-estadual-do-psol\/","url":"https:\/\/psol50.org.br\/pe-plenaria-estadual-do-psol\/","name":"(PE) Plen\u00e1ria Estadual do PSOL - PSOL 50","isPartOf":{"@id":"https:\/\/psol50.org.br\/#website"},"datePublished":"2009-03-21T00:00:00+00:00","breadcrumb":{"@id":"https:\/\/psol50.org.br\/pe-plenaria-estadual-do-psol\/#breadcrumb"},"inLanguage":"pt-BR","potentialAction":[{"@type":"ReadAction","target":["https:\/\/psol50.org.br\/pe-plenaria-estadual-do-psol\/"]}]},{"@type":"BreadcrumbList","@id":"https:\/\/psol50.org.br\/pe-plenaria-estadual-do-psol\/#breadcrumb","itemListElement":[{"@type":"ListItem","position":1,"name":"In\u00edcio","item":"https:\/\/psol50.org.br\/"},{"@type":"ListItem","position":2,"name":"(PE) Plen\u00e1ria Estadual do PSOL"}]},{"@type":"WebSite","@id":"https:\/\/psol50.org.br\/#website","url":"https:\/\/psol50.org.br\/","name":"PSOL 50","description":"Site oficial do Partido Socialismo e Liberdade","publisher":{"@id":"https:\/\/psol50.org.br\/#organization"},"alternateName":"PSOL50","potentialAction":[{"@type":"SearchAction","target":{"@type":"EntryPoint","urlTemplate":"https:\/\/psol50.org.br\/?s={search_term_string}"},"query-input":{"@type":"PropertyValueSpecification","valueRequired":true,"valueName":"search_term_string"}}],"inLanguage":"pt-BR"},{"@type":"Organization","@id":"https:\/\/psol50.org.br\/#organization","name":"PSOL 50","alternateName":"PSOL 50","url":"https:\/\/psol50.org.br\/","logo":{"@type":"ImageObject","inLanguage":"pt-BR","@id":"https:\/\/psol50.org.br\/#\/schema\/logo\/image\/","url":"https:\/\/psol50.org.br\/inc\/uploads\/2018\/07\/capa.png","contentUrl":"https:\/\/psol50.org.br\/inc\/uploads\/2018\/07\/capa.png","width":1350,"height":900,"caption":"PSOL 50"},"image":{"@id":"https:\/\/psol50.org.br\/#\/schema\/logo\/image\/"},"sameAs":["https:\/\/www.facebook.com\/psol50","https:\/\/x.com\/psol50","https:\/\/www.instagram.com\/psol50\/","https:\/\/www.youtube.com\/channel\/UC7SnJS5o1os7a6CaiNabzcg"]},{"@type":"Person","@id":"https:\/\/psol50.org.br\/#\/schema\/person\/475dfa57d0b815993c714c2e96491fcd","name":"Comunica\u00e7\u00e3o PSOL","image":{"@type":"ImageObject","inLanguage":"pt-BR","@id":"https:\/\/psol50.org.br\/#\/schema\/person\/image\/","url":"https:\/\/secure.gravatar.com\/avatar\/b34fc4f4e468a4e51785917065a3db57b841f5c95dba6ad8c73aaf8f66f8f9bf?s=96&d=mm&r=g","contentUrl":"https:\/\/secure.gravatar.com\/avatar\/b34fc4f4e468a4e51785917065a3db57b841f5c95dba6ad8c73aaf8f66f8f9bf?s=96&d=mm&r=g","caption":"Comunica\u00e7\u00e3o PSOL"}}]}},"_links":{"self":[{"href":"https:\/\/psol50.org.br\/rest\/wp\/v2\/posts\/1131","targetHints":{"allow":["GET"]}}],"collection":[{"href":"https:\/\/psol50.org.br\/rest\/wp\/v2\/posts"}],"about":[{"href":"https:\/\/psol50.org.br\/rest\/wp\/v2\/types\/post"}],"author":[{"embeddable":true,"href":"https:\/\/psol50.org.br\/rest\/wp\/v2\/users\/2"}],"replies":[{"embeddable":true,"href":"https:\/\/psol50.org.br\/rest\/wp\/v2\/comments?post=1131"}],"version-history":[{"count":0,"href":"https:\/\/psol50.org.br\/rest\/wp\/v2\/posts\/1131\/revisions"}],"wp:attachment":[{"href":"https:\/\/psol50.org.br\/rest\/wp\/v2\/media?parent=1131"}],"wp:term":[{"taxonomy":"category","embeddable":true,"href":"https:\/\/psol50.org.br\/rest\/wp\/v2\/categories?post=1131"},{"taxonomy":"post_tag","embeddable":true,"href":"https:\/\/psol50.org.br\/rest\/wp\/v2\/tags?post=1131"}],"curies":[{"name":"wp","href":"https:\/\/api.w.org\/{rel}","templated":true}]}}