{"id":11313,"date":"2016-02-18T16:46:05","date_gmt":"2016-02-18T16:46:05","guid":{"rendered":"http:\/\/www.psol50.org.br\/?p=11313"},"modified":"2016-02-18T16:46:05","modified_gmt":"2016-02-18T16:46:05","slug":"luciana-genro-construir-a-mudanca-em-porto-alegre","status":"publish","type":"post","link":"https:\/\/psol50.org.br\/luciana-genro-construir-a-mudanca-em-porto-alegre\/","title":{"rendered":"LUCIANA GENRO: Construir a mudan\u00e7a em Porto Alegre"},"content":{"rendered":"<p>Muitas pessoas me perguntando o que penso sobre a decis\u00e3o da Manuela D\u2019\u00c1vila de n\u00e3o concorrer \u00e0 Prefeitura de Porto Alegre. Eu tamb\u00e9m sou m\u00e3e, o Fernando j\u00e1 tem 28 anos. Em 1988, quando ele nasceu, eu tinha 17 anos. N\u00e3o tive licen\u00e7a maternidade, pois ele nasceu em janeiro e eu comecei a trabalhar como professora de ingl\u00eas em mar\u00e7o. Foi um momento muito dolorido para mim, deix\u00e1-lo t\u00e3o pequenino, mesmo que por algumas horas, numa creche. Eu n\u00e3o tive escolha, pois achava que trabalhar era minha obriga\u00e7\u00e3o naquele momento em que estava come\u00e7ando a construir uma vida independente dos meus pais, junto com o pai do Fernando, o Roberto Robaina. Por ter vivido isso, compreendo muito bem a decis\u00e3o da Manuela e vejo que ela foi coerente com a luta das mulheres e com a luta em defesa do direito das crian\u00e7as.<\/p>\n<p>Vale uma palavra sobre a minha rela\u00e7\u00e3o com a Manuela. Tivemos e temos muitas diferen\u00e7as pol\u00edticas, mas sempre nos relacionamos bem e nos respeitamos muito. Fomos deputadas federais juntas e vivemos esta dura realidade de ser mulher e jovem em Bras\u00edlia, ela ainda mais jovem que eu. No ano passado convivemos na Assembleia Legislativa, ela como deputada estadual \u2013 que eu j\u00e1 fui \u2013 e eu como coordenadora da bancada do PSOL. Os projetos de lei que ela apresentou s\u00e3o 100% apoiados pelo Pedro Ruas, nosso representante na Assembleia, e vice-versa. Ruas e Manuela atuam do mesmo lado, em oposi\u00e7\u00e3o ao governo do PMDB de Sartori.<\/p>\n<p>Manuela sempre buscou representar uma renova\u00e7\u00e3o na pol\u00edtica. Boa parte do eleitorado dela a v\u00ea como esta possibilidade de renova\u00e7\u00e3o, por isso sua sa\u00edda da disputa nos coloca uma grande responsabilidade. Temos o desafio de mostrar a todos os que est\u00e3o em busca de renova\u00e7\u00e3o e de uma pol\u00edtica conectada com as necessidades do povo, das mulheres, dos LGBTs, dos negros, enfim, de todos os que vivem as opress\u00f5es deste sistema pol\u00edtico apodrecido, que em Porto Alegre podemos come\u00e7ar a construir esta mudan\u00e7a.<\/p>\n<p>Como j\u00e1 \u00e9 p\u00fablico, estou aceitando o desafio de disputar a prefeitura de Porto Alegre. E, sinceramente, quero muito ganhar esta disputa. Mas tenho muita consci\u00eancia do \u00f3bvio: ningu\u00e9m muda nada sozinho. Numa disputa onde enfrentaremos inimigos poderosos e um sistema montado para favorecer as castas pol\u00edticas que est\u00e3o no poder e querem manter tudo como est\u00e1, somente com um grande movimento que agregue a cidadania indignada \u00e9 poss\u00edvel construir uma alternativa, e Porto Alegre poder\u00e1, mais uma vez, estar na frente desta constru\u00e7\u00e3o. Est\u00e1 latente na cidade esta pot\u00eancia de mudan\u00e7a.<\/p>\n<p>Vamos lutar com a convic\u00e7\u00e3o de sempre, de que podemos vencer, e com a humildade dos que sabem que ningu\u00e9m vence sozinho.<\/p>\n<p>&nbsp;<\/p>\n","protected":false},"excerpt":{"rendered":"<p>Muitas pessoas me perguntando o que penso sobre a decis\u00e3o da Manuela D\u2019\u00c1vila de n\u00e3o concorrer \u00e0 Prefeitura de Porto Alegre. Eu tamb\u00e9m sou m\u00e3e, o Fernando j\u00e1 tem 28 anos. Em 1988, quando ele nasceu, eu tinha 17 anos. N\u00e3o tive licen\u00e7a maternidade, pois ele nasceu em janeiro e eu comecei a trabalhar como [&hellip;]<\/p>\n","protected":false},"author":2,"featured_media":11314,"comment_status":"open","ping_status":"open","sticky":false,"template":"","format":"standard","meta":{"_acf_changed":false,"footnotes":""},"categories":[3,654,14],"tags":[4000,2174,4001,3327,4002,22],"class_list":{"0":"post-11313","1":"post","2":"type-post","3":"status-publish","4":"format-standard","5":"has-post-thumbnail","7":"category-artigos-e-entrevistas","8":"category-estados","9":"category-partido","10":"tag-ivo-sartori","11":"tag-luciana-genro","12":"tag-manuela-davila","13":"tag-pedro-ruas","14":"tag-prefeitura-de-porto-alegre","15":"tag-psol"},"acf":[],"yoast_head":"<!-- This site is optimized with the Yoast SEO plugin v26.5 - https:\/\/yoast.com\/wordpress\/plugins\/seo\/ -->\n<title>LUCIANA GENRO: Construir a mudan\u00e7a em Porto Alegre - PSOL 50<\/title>\n<meta name=\"robots\" content=\"index, follow, max-snippet:-1, max-image-preview:large, max-video-preview:-1\" \/>\n<link rel=\"canonical\" href=\"https:\/\/psol50.org.br\/luciana-genro-construir-a-mudanca-em-porto-alegre\/\" \/>\n<meta property=\"og:locale\" content=\"pt_BR\" \/>\n<meta property=\"og:type\" content=\"article\" \/>\n<meta property=\"og:title\" content=\"LUCIANA GENRO: Construir a mudan\u00e7a em Porto Alegre - PSOL 50\" \/>\n<meta property=\"og:description\" content=\"Muitas pessoas me perguntando o que penso sobre a decis\u00e3o da Manuela D\u2019\u00c1vila de n\u00e3o concorrer \u00e0 Prefeitura de Porto Alegre. Eu tamb\u00e9m sou m\u00e3e, o Fernando j\u00e1 tem 28 anos. Em 1988, quando ele nasceu, eu tinha 17 anos. N\u00e3o tive licen\u00e7a maternidade, pois ele nasceu em janeiro e eu comecei a trabalhar como [&hellip;]\" \/>\n<meta property=\"og:url\" content=\"https:\/\/psol50.org.br\/luciana-genro-construir-a-mudanca-em-porto-alegre\/\" \/>\n<meta property=\"og:site_name\" content=\"PSOL 50\" \/>\n<meta property=\"article:publisher\" content=\"https:\/\/www.facebook.com\/psol50\" \/>\n<meta property=\"article:published_time\" content=\"2016-02-18T16:46:05+00:00\" \/>\n<meta property=\"og:image\" content=\"https:\/\/psol50.org.br\/inc\/uploads\/2018\/07\/capa.png\" \/>\n\t<meta property=\"og:image:width\" content=\"1350\" \/>\n\t<meta property=\"og:image:height\" content=\"900\" \/>\n\t<meta property=\"og:image:type\" content=\"image\/png\" \/>\n<meta name=\"author\" content=\"Comunica\u00e7\u00e3o PSOL\" \/>\n<meta name=\"twitter:card\" content=\"summary_large_image\" \/>\n<meta name=\"twitter:creator\" content=\"@psol50\" \/>\n<meta name=\"twitter:site\" content=\"@psol50\" \/>\n<meta name=\"twitter:label1\" content=\"Escrito por\" \/>\n\t<meta name=\"twitter:data1\" content=\"Comunica\u00e7\u00e3o PSOL\" \/>\n\t<meta name=\"twitter:label2\" content=\"Est. tempo de leitura\" \/>\n\t<meta name=\"twitter:data2\" content=\"2 minutos\" \/>\n<script type=\"application\/ld+json\" class=\"yoast-schema-graph\">{\"@context\":\"https:\/\/schema.org\",\"@graph\":[{\"@type\":\"Article\",\"@id\":\"https:\/\/psol50.org.br\/luciana-genro-construir-a-mudanca-em-porto-alegre\/#article\",\"isPartOf\":{\"@id\":\"https:\/\/psol50.org.br\/luciana-genro-construir-a-mudanca-em-porto-alegre\/\"},\"author\":{\"name\":\"Comunica\u00e7\u00e3o PSOL\",\"@id\":\"https:\/\/psol50.org.br\/#\/schema\/person\/475dfa57d0b815993c714c2e96491fcd\"},\"headline\":\"LUCIANA GENRO: Construir a mudan\u00e7a em Porto Alegre\",\"datePublished\":\"2016-02-18T16:46:05+00:00\",\"mainEntityOfPage\":{\"@id\":\"https:\/\/psol50.org.br\/luciana-genro-construir-a-mudanca-em-porto-alegre\/\"},\"wordCount\":491,\"commentCount\":0,\"publisher\":{\"@id\":\"https:\/\/psol50.org.br\/#organization\"},\"image\":{\"@id\":\"https:\/\/psol50.org.br\/luciana-genro-construir-a-mudanca-em-porto-alegre\/#primaryimage\"},\"thumbnailUrl\":\"\",\"keywords\":[\"Ivo Sartori\",\"Luciana Genro\",\"Manuela D\u2019\u00c1vila\",\"Pedro Ruas\",\"Prefeitura de Porto Alegre\",\"PSOL\"],\"articleSection\":[\"Artigos\",\"Estados\",\"Partido\"],\"inLanguage\":\"pt-BR\",\"potentialAction\":[{\"@type\":\"CommentAction\",\"name\":\"Comment\",\"target\":[\"https:\/\/psol50.org.br\/luciana-genro-construir-a-mudanca-em-porto-alegre\/#respond\"]}]},{\"@type\":\"WebPage\",\"@id\":\"https:\/\/psol50.org.br\/luciana-genro-construir-a-mudanca-em-porto-alegre\/\",\"url\":\"https:\/\/psol50.org.br\/luciana-genro-construir-a-mudanca-em-porto-alegre\/\",\"name\":\"LUCIANA GENRO: Construir a mudan\u00e7a em Porto Alegre - PSOL 50\",\"isPartOf\":{\"@id\":\"https:\/\/psol50.org.br\/#website\"},\"primaryImageOfPage\":{\"@id\":\"https:\/\/psol50.org.br\/luciana-genro-construir-a-mudanca-em-porto-alegre\/#primaryimage\"},\"image\":{\"@id\":\"https:\/\/psol50.org.br\/luciana-genro-construir-a-mudanca-em-porto-alegre\/#primaryimage\"},\"thumbnailUrl\":\"\",\"datePublished\":\"2016-02-18T16:46:05+00:00\",\"breadcrumb\":{\"@id\":\"https:\/\/psol50.org.br\/luciana-genro-construir-a-mudanca-em-porto-alegre\/#breadcrumb\"},\"inLanguage\":\"pt-BR\",\"potentialAction\":[{\"@type\":\"ReadAction\",\"target\":[\"https:\/\/psol50.org.br\/luciana-genro-construir-a-mudanca-em-porto-alegre\/\"]}]},{\"@type\":\"ImageObject\",\"inLanguage\":\"pt-BR\",\"@id\":\"https:\/\/psol50.org.br\/luciana-genro-construir-a-mudanca-em-porto-alegre\/#primaryimage\",\"url\":\"\",\"contentUrl\":\"\"},{\"@type\":\"BreadcrumbList\",\"@id\":\"https:\/\/psol50.org.br\/luciana-genro-construir-a-mudanca-em-porto-alegre\/#breadcrumb\",\"itemListElement\":[{\"@type\":\"ListItem\",\"position\":1,\"name\":\"In\u00edcio\",\"item\":\"https:\/\/psol50.org.br\/\"},{\"@type\":\"ListItem\",\"position\":2,\"name\":\"LUCIANA GENRO: Construir a mudan\u00e7a em Porto Alegre\"}]},{\"@type\":\"WebSite\",\"@id\":\"https:\/\/psol50.org.br\/#website\",\"url\":\"https:\/\/psol50.org.br\/\",\"name\":\"PSOL 50\",\"description\":\"Site oficial do Partido Socialismo e Liberdade\",\"publisher\":{\"@id\":\"https:\/\/psol50.org.br\/#organization\"},\"alternateName\":\"PSOL50\",\"potentialAction\":[{\"@type\":\"SearchAction\",\"target\":{\"@type\":\"EntryPoint\",\"urlTemplate\":\"https:\/\/psol50.org.br\/?s={search_term_string}\"},\"query-input\":{\"@type\":\"PropertyValueSpecification\",\"valueRequired\":true,\"valueName\":\"search_term_string\"}}],\"inLanguage\":\"pt-BR\"},{\"@type\":\"Organization\",\"@id\":\"https:\/\/psol50.org.br\/#organization\",\"name\":\"PSOL 50\",\"alternateName\":\"PSOL 50\",\"url\":\"https:\/\/psol50.org.br\/\",\"logo\":{\"@type\":\"ImageObject\",\"inLanguage\":\"pt-BR\",\"@id\":\"https:\/\/psol50.org.br\/#\/schema\/logo\/image\/\",\"url\":\"https:\/\/psol50.org.br\/inc\/uploads\/2018\/07\/capa.png\",\"contentUrl\":\"https:\/\/psol50.org.br\/inc\/uploads\/2018\/07\/capa.png\",\"width\":1350,\"height\":900,\"caption\":\"PSOL 50\"},\"image\":{\"@id\":\"https:\/\/psol50.org.br\/#\/schema\/logo\/image\/\"},\"sameAs\":[\"https:\/\/www.facebook.com\/psol50\",\"https:\/\/x.com\/psol50\",\"https:\/\/www.instagram.com\/psol50\/\",\"https:\/\/www.youtube.com\/channel\/UC7SnJS5o1os7a6CaiNabzcg\"]},{\"@type\":\"Person\",\"@id\":\"https:\/\/psol50.org.br\/#\/schema\/person\/475dfa57d0b815993c714c2e96491fcd\",\"name\":\"Comunica\u00e7\u00e3o PSOL\",\"image\":{\"@type\":\"ImageObject\",\"inLanguage\":\"pt-BR\",\"@id\":\"https:\/\/psol50.org.br\/#\/schema\/person\/image\/\",\"url\":\"https:\/\/secure.gravatar.com\/avatar\/b34fc4f4e468a4e51785917065a3db57b841f5c95dba6ad8c73aaf8f66f8f9bf?s=96&d=mm&r=g\",\"contentUrl\":\"https:\/\/secure.gravatar.com\/avatar\/b34fc4f4e468a4e51785917065a3db57b841f5c95dba6ad8c73aaf8f66f8f9bf?s=96&d=mm&r=g\",\"caption\":\"Comunica\u00e7\u00e3o PSOL\"}}]}<\/script>\n<!-- \/ Yoast SEO plugin. -->","yoast_head_json":{"title":"LUCIANA GENRO: Construir a mudan\u00e7a em Porto Alegre - PSOL 50","robots":{"index":"index","follow":"follow","max-snippet":"max-snippet:-1","max-image-preview":"max-image-preview:large","max-video-preview":"max-video-preview:-1"},"canonical":"https:\/\/psol50.org.br\/luciana-genro-construir-a-mudanca-em-porto-alegre\/","og_locale":"pt_BR","og_type":"article","og_title":"LUCIANA GENRO: Construir a mudan\u00e7a em Porto Alegre - PSOL 50","og_description":"Muitas pessoas me perguntando o que penso sobre a decis\u00e3o da Manuela D\u2019\u00c1vila de n\u00e3o concorrer \u00e0 Prefeitura de Porto Alegre. Eu tamb\u00e9m sou m\u00e3e, o Fernando j\u00e1 tem 28 anos. Em 1988, quando ele nasceu, eu tinha 17 anos. N\u00e3o tive licen\u00e7a maternidade, pois ele nasceu em janeiro e eu comecei a trabalhar como [&hellip;]","og_url":"https:\/\/psol50.org.br\/luciana-genro-construir-a-mudanca-em-porto-alegre\/","og_site_name":"PSOL 50","article_publisher":"https:\/\/www.facebook.com\/psol50","article_published_time":"2016-02-18T16:46:05+00:00","og_image":[{"width":1350,"height":900,"url":"https:\/\/psol50.org.br\/inc\/uploads\/2018\/07\/capa.png","type":"image\/png"}],"author":"Comunica\u00e7\u00e3o PSOL","twitter_card":"summary_large_image","twitter_creator":"@psol50","twitter_site":"@psol50","twitter_misc":{"Escrito por":"Comunica\u00e7\u00e3o PSOL","Est. tempo de leitura":"2 minutos"},"schema":{"@context":"https:\/\/schema.org","@graph":[{"@type":"Article","@id":"https:\/\/psol50.org.br\/luciana-genro-construir-a-mudanca-em-porto-alegre\/#article","isPartOf":{"@id":"https:\/\/psol50.org.br\/luciana-genro-construir-a-mudanca-em-porto-alegre\/"},"author":{"name":"Comunica\u00e7\u00e3o PSOL","@id":"https:\/\/psol50.org.br\/#\/schema\/person\/475dfa57d0b815993c714c2e96491fcd"},"headline":"LUCIANA GENRO: Construir a mudan\u00e7a em Porto Alegre","datePublished":"2016-02-18T16:46:05+00:00","mainEntityOfPage":{"@id":"https:\/\/psol50.org.br\/luciana-genro-construir-a-mudanca-em-porto-alegre\/"},"wordCount":491,"commentCount":0,"publisher":{"@id":"https:\/\/psol50.org.br\/#organization"},"image":{"@id":"https:\/\/psol50.org.br\/luciana-genro-construir-a-mudanca-em-porto-alegre\/#primaryimage"},"thumbnailUrl":"","keywords":["Ivo Sartori","Luciana Genro","Manuela D\u2019\u00c1vila","Pedro Ruas","Prefeitura de Porto Alegre","PSOL"],"articleSection":["Artigos","Estados","Partido"],"inLanguage":"pt-BR","potentialAction":[{"@type":"CommentAction","name":"Comment","target":["https:\/\/psol50.org.br\/luciana-genro-construir-a-mudanca-em-porto-alegre\/#respond"]}]},{"@type":"WebPage","@id":"https:\/\/psol50.org.br\/luciana-genro-construir-a-mudanca-em-porto-alegre\/","url":"https:\/\/psol50.org.br\/luciana-genro-construir-a-mudanca-em-porto-alegre\/","name":"LUCIANA GENRO: Construir a mudan\u00e7a em Porto Alegre - PSOL 50","isPartOf":{"@id":"https:\/\/psol50.org.br\/#website"},"primaryImageOfPage":{"@id":"https:\/\/psol50.org.br\/luciana-genro-construir-a-mudanca-em-porto-alegre\/#primaryimage"},"image":{"@id":"https:\/\/psol50.org.br\/luciana-genro-construir-a-mudanca-em-porto-alegre\/#primaryimage"},"thumbnailUrl":"","datePublished":"2016-02-18T16:46:05+00:00","breadcrumb":{"@id":"https:\/\/psol50.org.br\/luciana-genro-construir-a-mudanca-em-porto-alegre\/#breadcrumb"},"inLanguage":"pt-BR","potentialAction":[{"@type":"ReadAction","target":["https:\/\/psol50.org.br\/luciana-genro-construir-a-mudanca-em-porto-alegre\/"]}]},{"@type":"ImageObject","inLanguage":"pt-BR","@id":"https:\/\/psol50.org.br\/luciana-genro-construir-a-mudanca-em-porto-alegre\/#primaryimage","url":"","contentUrl":""},{"@type":"BreadcrumbList","@id":"https:\/\/psol50.org.br\/luciana-genro-construir-a-mudanca-em-porto-alegre\/#breadcrumb","itemListElement":[{"@type":"ListItem","position":1,"name":"In\u00edcio","item":"https:\/\/psol50.org.br\/"},{"@type":"ListItem","position":2,"name":"LUCIANA GENRO: Construir a mudan\u00e7a em Porto Alegre"}]},{"@type":"WebSite","@id":"https:\/\/psol50.org.br\/#website","url":"https:\/\/psol50.org.br\/","name":"PSOL 50","description":"Site oficial do Partido Socialismo e Liberdade","publisher":{"@id":"https:\/\/psol50.org.br\/#organization"},"alternateName":"PSOL50","potentialAction":[{"@type":"SearchAction","target":{"@type":"EntryPoint","urlTemplate":"https:\/\/psol50.org.br\/?s={search_term_string}"},"query-input":{"@type":"PropertyValueSpecification","valueRequired":true,"valueName":"search_term_string"}}],"inLanguage":"pt-BR"},{"@type":"Organization","@id":"https:\/\/psol50.org.br\/#organization","name":"PSOL 50","alternateName":"PSOL 50","url":"https:\/\/psol50.org.br\/","logo":{"@type":"ImageObject","inLanguage":"pt-BR","@id":"https:\/\/psol50.org.br\/#\/schema\/logo\/image\/","url":"https:\/\/psol50.org.br\/inc\/uploads\/2018\/07\/capa.png","contentUrl":"https:\/\/psol50.org.br\/inc\/uploads\/2018\/07\/capa.png","width":1350,"height":900,"caption":"PSOL 50"},"image":{"@id":"https:\/\/psol50.org.br\/#\/schema\/logo\/image\/"},"sameAs":["https:\/\/www.facebook.com\/psol50","https:\/\/x.com\/psol50","https:\/\/www.instagram.com\/psol50\/","https:\/\/www.youtube.com\/channel\/UC7SnJS5o1os7a6CaiNabzcg"]},{"@type":"Person","@id":"https:\/\/psol50.org.br\/#\/schema\/person\/475dfa57d0b815993c714c2e96491fcd","name":"Comunica\u00e7\u00e3o PSOL","image":{"@type":"ImageObject","inLanguage":"pt-BR","@id":"https:\/\/psol50.org.br\/#\/schema\/person\/image\/","url":"https:\/\/secure.gravatar.com\/avatar\/b34fc4f4e468a4e51785917065a3db57b841f5c95dba6ad8c73aaf8f66f8f9bf?s=96&d=mm&r=g","contentUrl":"https:\/\/secure.gravatar.com\/avatar\/b34fc4f4e468a4e51785917065a3db57b841f5c95dba6ad8c73aaf8f66f8f9bf?s=96&d=mm&r=g","caption":"Comunica\u00e7\u00e3o PSOL"}}]}},"_links":{"self":[{"href":"https:\/\/psol50.org.br\/rest\/wp\/v2\/posts\/11313","targetHints":{"allow":["GET"]}}],"collection":[{"href":"https:\/\/psol50.org.br\/rest\/wp\/v2\/posts"}],"about":[{"href":"https:\/\/psol50.org.br\/rest\/wp\/v2\/types\/post"}],"author":[{"embeddable":true,"href":"https:\/\/psol50.org.br\/rest\/wp\/v2\/users\/2"}],"replies":[{"embeddable":true,"href":"https:\/\/psol50.org.br\/rest\/wp\/v2\/comments?post=11313"}],"version-history":[{"count":0,"href":"https:\/\/psol50.org.br\/rest\/wp\/v2\/posts\/11313\/revisions"}],"wp:featuredmedia":[{"embeddable":true,"href":"https:\/\/psol50.org.br\/rest\/"}],"wp:attachment":[{"href":"https:\/\/psol50.org.br\/rest\/wp\/v2\/media?parent=11313"}],"wp:term":[{"taxonomy":"category","embeddable":true,"href":"https:\/\/psol50.org.br\/rest\/wp\/v2\/categories?post=11313"},{"taxonomy":"post_tag","embeddable":true,"href":"https:\/\/psol50.org.br\/rest\/wp\/v2\/tags?post=11313"}],"curies":[{"name":"wp","href":"https:\/\/api.w.org\/{rel}","templated":true}]}}