{"id":11331,"date":"2016-02-22T18:59:22","date_gmt":"2016-02-22T18:59:22","guid":{"rendered":"http:\/\/www.psol50.org.br\/?p=11331"},"modified":"2016-02-22T18:59:22","modified_gmt":"2016-02-22T18:59:22","slug":"resistiremos-a-qualquer-reforma-da-previdencia-nesse-pais-afirmou-o-lider-do-psol","status":"publish","type":"post","link":"https:\/\/psol50.org.br\/resistiremos-a-qualquer-reforma-da-previdencia-nesse-pais-afirmou-o-lider-do-psol\/","title":{"rendered":"&#8220;Resistiremos a qualquer Reforma da Previd\u00eancia nesse pa\u00eds&#8221;, afirmou o l\u00edder do PSOL"},"content":{"rendered":"<p>O deputado Ivan Valente (PSOL-SP), l\u00edder do PSOL na C\u00e2mara, foi \u00e0 tribuna para dizer que se o governo insistir na proposta de realizar uma nova Reforma da Previd\u00eancia vai enfrentar a oposi\u00e7\u00e3o da bancada do PSOL. Ivan apresentou os n\u00fameros da receita bruta do \u00faltimo ano para mostrar que o or\u00e7amento da seguridade social \u00e9 superavit\u00e1rio. Para o deputado, quando governo, oposi\u00e7\u00e3o de direita e a grande m\u00eddia est\u00e3o &#8220;todos falando &#8216;precisamos de uma reforma da previd\u00eancia&#8217;. Isso tem endere\u00e7o certo, os trabalhadores v\u00e3o pagar a conta da crise. Ou seja, enquanto o sistema financeiro teve um lucro de 80 milh\u00f5es, no ano passado, quem tem que pagar a conta da crise s\u00e3o os aposentados e os trabalhadores brasileiros&#8221;.<\/p>\n<p>Confira, abaixo, a \u00edntegra da fala do deputado.<\/p>\n<div class=\"youtube-embed\" data-video_id=\"HqCgIVMWEX4\"><iframe loading=\"lazy\" title=\"&quot;Resistiremos a qualquer Reforma da Previd\u00eancia nesse pa\u00eds&quot;\" width=\"696\" height=\"522\" src=\"https:\/\/www.youtube.com\/embed\/HqCgIVMWEX4?feature=oembed&#038;enablejsapi=1\" frameborder=\"0\" allow=\"accelerometer; autoplay; clipboard-write; encrypted-media; gyroscope; picture-in-picture\" allowfullscreen><\/iframe><\/div>\n","protected":false},"excerpt":{"rendered":"<p>O deputado Ivan Valente (PSOL-SP), l\u00edder do PSOL na C\u00e2mara, foi \u00e0 tribuna para dizer que se o governo insistir na proposta de realizar uma nova Reforma da Previd\u00eancia vai enfrentar a oposi\u00e7\u00e3o da bancada do PSOL. Ivan apresentou os n\u00fameros da receita bruta do \u00faltimo ano para mostrar que o or\u00e7amento da seguridade social [&hellip;]<\/p>\n","protected":false},"author":2,"featured_media":11332,"comment_status":"open","ping_status":"open","sticky":false,"template":"","format":"standard","meta":{"_acf_changed":false,"footnotes":""},"categories":[10,1882,6,2812],"tags":[3981,552,39,3011],"class_list":{"0":"post-11331","1":"post","2":"type-post","3":"status-publish","4":"format-standard","5":"has-post-thumbnail","7":"category-acao-parlamentares","8":"category-brasil","9":"category-noticias","10":"category-videos_tv","11":"tag-governo-dilma","12":"tag-ivan-valente","13":"tag-reforma-da-previdencia","14":"tag-seguridade-social"},"acf":[],"yoast_head":"<!-- This site is optimized with the Yoast SEO plugin v26.5 - https:\/\/yoast.com\/wordpress\/plugins\/seo\/ -->\n<title>&quot;Resistiremos a qualquer Reforma da Previd\u00eancia nesse pa\u00eds&quot;, afirmou o l\u00edder do PSOL - PSOL 50<\/title>\n<meta name=\"robots\" content=\"index, follow, max-snippet:-1, max-image-preview:large, max-video-preview:-1\" \/>\n<link rel=\"canonical\" href=\"https:\/\/psol50.org.br\/resistiremos-a-qualquer-reforma-da-previdencia-nesse-pais-afirmou-o-lider-do-psol\/\" \/>\n<meta property=\"og:locale\" content=\"pt_BR\" \/>\n<meta property=\"og:type\" content=\"article\" \/>\n<meta property=\"og:title\" content=\"&quot;Resistiremos a qualquer Reforma da Previd\u00eancia nesse pa\u00eds&quot;, afirmou o l\u00edder do PSOL - PSOL 50\" \/>\n<meta property=\"og:description\" content=\"O deputado Ivan Valente (PSOL-SP), l\u00edder do PSOL na C\u00e2mara, foi \u00e0 tribuna para dizer que se o governo insistir na proposta de realizar uma nova Reforma da Previd\u00eancia vai enfrentar a oposi\u00e7\u00e3o da bancada do PSOL. Ivan apresentou os n\u00fameros da receita bruta do \u00faltimo ano para mostrar que o or\u00e7amento da seguridade social [&hellip;]\" \/>\n<meta property=\"og:url\" content=\"https:\/\/psol50.org.br\/resistiremos-a-qualquer-reforma-da-previdencia-nesse-pais-afirmou-o-lider-do-psol\/\" \/>\n<meta property=\"og:site_name\" content=\"PSOL 50\" \/>\n<meta property=\"article:publisher\" content=\"https:\/\/www.facebook.com\/psol50\" \/>\n<meta property=\"article:published_time\" content=\"2016-02-22T18:59:22+00:00\" \/>\n<meta property=\"og:image\" content=\"https:\/\/psol50.org.br\/inc\/uploads\/2016\/02\/Previdencia-social.jpg\" \/>\n\t<meta property=\"og:image:width\" content=\"597\" \/>\n\t<meta property=\"og:image:height\" content=\"336\" \/>\n\t<meta property=\"og:image:type\" content=\"image\/jpeg\" \/>\n<meta name=\"author\" content=\"Comunica\u00e7\u00e3o PSOL\" \/>\n<meta name=\"twitter:card\" content=\"summary_large_image\" \/>\n<meta name=\"twitter:creator\" content=\"@psol50\" \/>\n<meta name=\"twitter:site\" content=\"@psol50\" \/>\n<meta name=\"twitter:label1\" content=\"Escrito por\" \/>\n\t<meta name=\"twitter:data1\" content=\"Comunica\u00e7\u00e3o PSOL\" \/>\n\t<meta name=\"twitter:label2\" content=\"Est. tempo de leitura\" \/>\n\t<meta name=\"twitter:data2\" content=\"1 minuto\" \/>\n<script type=\"application\/ld+json\" class=\"yoast-schema-graph\">{\"@context\":\"https:\/\/schema.org\",\"@graph\":[{\"@type\":\"Article\",\"@id\":\"https:\/\/psol50.org.br\/resistiremos-a-qualquer-reforma-da-previdencia-nesse-pais-afirmou-o-lider-do-psol\/#article\",\"isPartOf\":{\"@id\":\"https:\/\/psol50.org.br\/resistiremos-a-qualquer-reforma-da-previdencia-nesse-pais-afirmou-o-lider-do-psol\/\"},\"author\":{\"name\":\"Comunica\u00e7\u00e3o PSOL\",\"@id\":\"https:\/\/psol50.org.br\/#\/schema\/person\/475dfa57d0b815993c714c2e96491fcd\"},\"headline\":\"&#8220;Resistiremos a qualquer Reforma da Previd\u00eancia nesse pa\u00eds&#8221;, afirmou o l\u00edder do PSOL\",\"datePublished\":\"2016-02-22T18:59:22+00:00\",\"mainEntityOfPage\":{\"@id\":\"https:\/\/psol50.org.br\/resistiremos-a-qualquer-reforma-da-previdencia-nesse-pais-afirmou-o-lider-do-psol\/\"},\"wordCount\":165,\"commentCount\":0,\"publisher\":{\"@id\":\"https:\/\/psol50.org.br\/#organization\"},\"image\":{\"@id\":\"https:\/\/psol50.org.br\/resistiremos-a-qualquer-reforma-da-previdencia-nesse-pais-afirmou-o-lider-do-psol\/#primaryimage\"},\"thumbnailUrl\":\"https:\/\/psol50.org.br\/inc\/uploads\/2016\/02\/Previdencia-social.jpg\",\"keywords\":[\"governo Dilma\",\"Ivan Valente\",\"reforma da previd\u00eancia\",\"Seguridade Social\"],\"articleSection\":[\"A\u00e7\u00e3o Parlamentar\",\"Brasil\",\"Not\u00edcias\",\"V\u00cdDEOS | MULTIM\u00cdDIA | FLC TV\"],\"inLanguage\":\"pt-BR\",\"potentialAction\":[{\"@type\":\"CommentAction\",\"name\":\"Comment\",\"target\":[\"https:\/\/psol50.org.br\/resistiremos-a-qualquer-reforma-da-previdencia-nesse-pais-afirmou-o-lider-do-psol\/#respond\"]}]},{\"@type\":\"WebPage\",\"@id\":\"https:\/\/psol50.org.br\/resistiremos-a-qualquer-reforma-da-previdencia-nesse-pais-afirmou-o-lider-do-psol\/\",\"url\":\"https:\/\/psol50.org.br\/resistiremos-a-qualquer-reforma-da-previdencia-nesse-pais-afirmou-o-lider-do-psol\/\",\"name\":\"\\\"Resistiremos a qualquer Reforma da Previd\u00eancia nesse pa\u00eds\\\", afirmou o l\u00edder do PSOL - PSOL 50\",\"isPartOf\":{\"@id\":\"https:\/\/psol50.org.br\/#website\"},\"primaryImageOfPage\":{\"@id\":\"https:\/\/psol50.org.br\/resistiremos-a-qualquer-reforma-da-previdencia-nesse-pais-afirmou-o-lider-do-psol\/#primaryimage\"},\"image\":{\"@id\":\"https:\/\/psol50.org.br\/resistiremos-a-qualquer-reforma-da-previdencia-nesse-pais-afirmou-o-lider-do-psol\/#primaryimage\"},\"thumbnailUrl\":\"https:\/\/psol50.org.br\/inc\/uploads\/2016\/02\/Previdencia-social.jpg\",\"datePublished\":\"2016-02-22T18:59:22+00:00\",\"breadcrumb\":{\"@id\":\"https:\/\/psol50.org.br\/resistiremos-a-qualquer-reforma-da-previdencia-nesse-pais-afirmou-o-lider-do-psol\/#breadcrumb\"},\"inLanguage\":\"pt-BR\",\"potentialAction\":[{\"@type\":\"ReadAction\",\"target\":[\"https:\/\/psol50.org.br\/resistiremos-a-qualquer-reforma-da-previdencia-nesse-pais-afirmou-o-lider-do-psol\/\"]}]},{\"@type\":\"ImageObject\",\"inLanguage\":\"pt-BR\",\"@id\":\"https:\/\/psol50.org.br\/resistiremos-a-qualquer-reforma-da-previdencia-nesse-pais-afirmou-o-lider-do-psol\/#primaryimage\",\"url\":\"https:\/\/psol50.org.br\/inc\/uploads\/2016\/02\/Previdencia-social.jpg\",\"contentUrl\":\"https:\/\/psol50.org.br\/inc\/uploads\/2016\/02\/Previdencia-social.jpg\",\"width\":597,\"height\":336},{\"@type\":\"BreadcrumbList\",\"@id\":\"https:\/\/psol50.org.br\/resistiremos-a-qualquer-reforma-da-previdencia-nesse-pais-afirmou-o-lider-do-psol\/#breadcrumb\",\"itemListElement\":[{\"@type\":\"ListItem\",\"position\":1,\"name\":\"In\u00edcio\",\"item\":\"https:\/\/psol50.org.br\/\"},{\"@type\":\"ListItem\",\"position\":2,\"name\":\"&#8220;Resistiremos a qualquer Reforma da Previd\u00eancia nesse pa\u00eds&#8221;, afirmou o l\u00edder do PSOL\"}]},{\"@type\":\"WebSite\",\"@id\":\"https:\/\/psol50.org.br\/#website\",\"url\":\"https:\/\/psol50.org.br\/\",\"name\":\"PSOL 50\",\"description\":\"Site oficial do Partido Socialismo e Liberdade\",\"publisher\":{\"@id\":\"https:\/\/psol50.org.br\/#organization\"},\"alternateName\":\"PSOL50\",\"potentialAction\":[{\"@type\":\"SearchAction\",\"target\":{\"@type\":\"EntryPoint\",\"urlTemplate\":\"https:\/\/psol50.org.br\/?s={search_term_string}\"},\"query-input\":{\"@type\":\"PropertyValueSpecification\",\"valueRequired\":true,\"valueName\":\"search_term_string\"}}],\"inLanguage\":\"pt-BR\"},{\"@type\":\"Organization\",\"@id\":\"https:\/\/psol50.org.br\/#organization\",\"name\":\"PSOL 50\",\"alternateName\":\"PSOL 50\",\"url\":\"https:\/\/psol50.org.br\/\",\"logo\":{\"@type\":\"ImageObject\",\"inLanguage\":\"pt-BR\",\"@id\":\"https:\/\/psol50.org.br\/#\/schema\/logo\/image\/\",\"url\":\"https:\/\/psol50.org.br\/inc\/uploads\/2018\/07\/capa.png\",\"contentUrl\":\"https:\/\/psol50.org.br\/inc\/uploads\/2018\/07\/capa.png\",\"width\":1350,\"height\":900,\"caption\":\"PSOL 50\"},\"image\":{\"@id\":\"https:\/\/psol50.org.br\/#\/schema\/logo\/image\/\"},\"sameAs\":[\"https:\/\/www.facebook.com\/psol50\",\"https:\/\/x.com\/psol50\",\"https:\/\/www.instagram.com\/psol50\/\",\"https:\/\/www.youtube.com\/channel\/UC7SnJS5o1os7a6CaiNabzcg\"]},{\"@type\":\"Person\",\"@id\":\"https:\/\/psol50.org.br\/#\/schema\/person\/475dfa57d0b815993c714c2e96491fcd\",\"name\":\"Comunica\u00e7\u00e3o PSOL\",\"image\":{\"@type\":\"ImageObject\",\"inLanguage\":\"pt-BR\",\"@id\":\"https:\/\/psol50.org.br\/#\/schema\/person\/image\/\",\"url\":\"https:\/\/secure.gravatar.com\/avatar\/b34fc4f4e468a4e51785917065a3db57b841f5c95dba6ad8c73aaf8f66f8f9bf?s=96&d=mm&r=g\",\"contentUrl\":\"https:\/\/secure.gravatar.com\/avatar\/b34fc4f4e468a4e51785917065a3db57b841f5c95dba6ad8c73aaf8f66f8f9bf?s=96&d=mm&r=g\",\"caption\":\"Comunica\u00e7\u00e3o PSOL\"}}]}<\/script>\n<!-- \/ Yoast SEO plugin. -->","yoast_head_json":{"title":"\"Resistiremos a qualquer Reforma da Previd\u00eancia nesse pa\u00eds\", afirmou o l\u00edder do PSOL - PSOL 50","robots":{"index":"index","follow":"follow","max-snippet":"max-snippet:-1","max-image-preview":"max-image-preview:large","max-video-preview":"max-video-preview:-1"},"canonical":"https:\/\/psol50.org.br\/resistiremos-a-qualquer-reforma-da-previdencia-nesse-pais-afirmou-o-lider-do-psol\/","og_locale":"pt_BR","og_type":"article","og_title":"\"Resistiremos a qualquer Reforma da Previd\u00eancia nesse pa\u00eds\", afirmou o l\u00edder do PSOL - PSOL 50","og_description":"O deputado Ivan Valente (PSOL-SP), l\u00edder do PSOL na C\u00e2mara, foi \u00e0 tribuna para dizer que se o governo insistir na proposta de realizar uma nova Reforma da Previd\u00eancia vai enfrentar a oposi\u00e7\u00e3o da bancada do PSOL. Ivan apresentou os n\u00fameros da receita bruta do \u00faltimo ano para mostrar que o or\u00e7amento da seguridade social [&hellip;]","og_url":"https:\/\/psol50.org.br\/resistiremos-a-qualquer-reforma-da-previdencia-nesse-pais-afirmou-o-lider-do-psol\/","og_site_name":"PSOL 50","article_publisher":"https:\/\/www.facebook.com\/psol50","article_published_time":"2016-02-22T18:59:22+00:00","og_image":[{"width":597,"height":336,"url":"https:\/\/psol50.org.br\/inc\/uploads\/2016\/02\/Previdencia-social.jpg","type":"image\/jpeg"}],"author":"Comunica\u00e7\u00e3o PSOL","twitter_card":"summary_large_image","twitter_creator":"@psol50","twitter_site":"@psol50","twitter_misc":{"Escrito por":"Comunica\u00e7\u00e3o PSOL","Est. tempo de leitura":"1 minuto"},"schema":{"@context":"https:\/\/schema.org","@graph":[{"@type":"Article","@id":"https:\/\/psol50.org.br\/resistiremos-a-qualquer-reforma-da-previdencia-nesse-pais-afirmou-o-lider-do-psol\/#article","isPartOf":{"@id":"https:\/\/psol50.org.br\/resistiremos-a-qualquer-reforma-da-previdencia-nesse-pais-afirmou-o-lider-do-psol\/"},"author":{"name":"Comunica\u00e7\u00e3o PSOL","@id":"https:\/\/psol50.org.br\/#\/schema\/person\/475dfa57d0b815993c714c2e96491fcd"},"headline":"&#8220;Resistiremos a qualquer Reforma da Previd\u00eancia nesse pa\u00eds&#8221;, afirmou o l\u00edder do PSOL","datePublished":"2016-02-22T18:59:22+00:00","mainEntityOfPage":{"@id":"https:\/\/psol50.org.br\/resistiremos-a-qualquer-reforma-da-previdencia-nesse-pais-afirmou-o-lider-do-psol\/"},"wordCount":165,"commentCount":0,"publisher":{"@id":"https:\/\/psol50.org.br\/#organization"},"image":{"@id":"https:\/\/psol50.org.br\/resistiremos-a-qualquer-reforma-da-previdencia-nesse-pais-afirmou-o-lider-do-psol\/#primaryimage"},"thumbnailUrl":"https:\/\/psol50.org.br\/inc\/uploads\/2016\/02\/Previdencia-social.jpg","keywords":["governo Dilma","Ivan Valente","reforma da previd\u00eancia","Seguridade Social"],"articleSection":["A\u00e7\u00e3o Parlamentar","Brasil","Not\u00edcias","V\u00cdDEOS | MULTIM\u00cdDIA | FLC TV"],"inLanguage":"pt-BR","potentialAction":[{"@type":"CommentAction","name":"Comment","target":["https:\/\/psol50.org.br\/resistiremos-a-qualquer-reforma-da-previdencia-nesse-pais-afirmou-o-lider-do-psol\/#respond"]}]},{"@type":"WebPage","@id":"https:\/\/psol50.org.br\/resistiremos-a-qualquer-reforma-da-previdencia-nesse-pais-afirmou-o-lider-do-psol\/","url":"https:\/\/psol50.org.br\/resistiremos-a-qualquer-reforma-da-previdencia-nesse-pais-afirmou-o-lider-do-psol\/","name":"\"Resistiremos a qualquer Reforma da Previd\u00eancia nesse pa\u00eds\", afirmou o l\u00edder do PSOL - PSOL 50","isPartOf":{"@id":"https:\/\/psol50.org.br\/#website"},"primaryImageOfPage":{"@id":"https:\/\/psol50.org.br\/resistiremos-a-qualquer-reforma-da-previdencia-nesse-pais-afirmou-o-lider-do-psol\/#primaryimage"},"image":{"@id":"https:\/\/psol50.org.br\/resistiremos-a-qualquer-reforma-da-previdencia-nesse-pais-afirmou-o-lider-do-psol\/#primaryimage"},"thumbnailUrl":"https:\/\/psol50.org.br\/inc\/uploads\/2016\/02\/Previdencia-social.jpg","datePublished":"2016-02-22T18:59:22+00:00","breadcrumb":{"@id":"https:\/\/psol50.org.br\/resistiremos-a-qualquer-reforma-da-previdencia-nesse-pais-afirmou-o-lider-do-psol\/#breadcrumb"},"inLanguage":"pt-BR","potentialAction":[{"@type":"ReadAction","target":["https:\/\/psol50.org.br\/resistiremos-a-qualquer-reforma-da-previdencia-nesse-pais-afirmou-o-lider-do-psol\/"]}]},{"@type":"ImageObject","inLanguage":"pt-BR","@id":"https:\/\/psol50.org.br\/resistiremos-a-qualquer-reforma-da-previdencia-nesse-pais-afirmou-o-lider-do-psol\/#primaryimage","url":"https:\/\/psol50.org.br\/inc\/uploads\/2016\/02\/Previdencia-social.jpg","contentUrl":"https:\/\/psol50.org.br\/inc\/uploads\/2016\/02\/Previdencia-social.jpg","width":597,"height":336},{"@type":"BreadcrumbList","@id":"https:\/\/psol50.org.br\/resistiremos-a-qualquer-reforma-da-previdencia-nesse-pais-afirmou-o-lider-do-psol\/#breadcrumb","itemListElement":[{"@type":"ListItem","position":1,"name":"In\u00edcio","item":"https:\/\/psol50.org.br\/"},{"@type":"ListItem","position":2,"name":"&#8220;Resistiremos a qualquer Reforma da Previd\u00eancia nesse pa\u00eds&#8221;, afirmou o l\u00edder do PSOL"}]},{"@type":"WebSite","@id":"https:\/\/psol50.org.br\/#website","url":"https:\/\/psol50.org.br\/","name":"PSOL 50","description":"Site oficial do Partido Socialismo e Liberdade","publisher":{"@id":"https:\/\/psol50.org.br\/#organization"},"alternateName":"PSOL50","potentialAction":[{"@type":"SearchAction","target":{"@type":"EntryPoint","urlTemplate":"https:\/\/psol50.org.br\/?s={search_term_string}"},"query-input":{"@type":"PropertyValueSpecification","valueRequired":true,"valueName":"search_term_string"}}],"inLanguage":"pt-BR"},{"@type":"Organization","@id":"https:\/\/psol50.org.br\/#organization","name":"PSOL 50","alternateName":"PSOL 50","url":"https:\/\/psol50.org.br\/","logo":{"@type":"ImageObject","inLanguage":"pt-BR","@id":"https:\/\/psol50.org.br\/#\/schema\/logo\/image\/","url":"https:\/\/psol50.org.br\/inc\/uploads\/2018\/07\/capa.png","contentUrl":"https:\/\/psol50.org.br\/inc\/uploads\/2018\/07\/capa.png","width":1350,"height":900,"caption":"PSOL 50"},"image":{"@id":"https:\/\/psol50.org.br\/#\/schema\/logo\/image\/"},"sameAs":["https:\/\/www.facebook.com\/psol50","https:\/\/x.com\/psol50","https:\/\/www.instagram.com\/psol50\/","https:\/\/www.youtube.com\/channel\/UC7SnJS5o1os7a6CaiNabzcg"]},{"@type":"Person","@id":"https:\/\/psol50.org.br\/#\/schema\/person\/475dfa57d0b815993c714c2e96491fcd","name":"Comunica\u00e7\u00e3o PSOL","image":{"@type":"ImageObject","inLanguage":"pt-BR","@id":"https:\/\/psol50.org.br\/#\/schema\/person\/image\/","url":"https:\/\/secure.gravatar.com\/avatar\/b34fc4f4e468a4e51785917065a3db57b841f5c95dba6ad8c73aaf8f66f8f9bf?s=96&d=mm&r=g","contentUrl":"https:\/\/secure.gravatar.com\/avatar\/b34fc4f4e468a4e51785917065a3db57b841f5c95dba6ad8c73aaf8f66f8f9bf?s=96&d=mm&r=g","caption":"Comunica\u00e7\u00e3o PSOL"}}]}},"_links":{"self":[{"href":"https:\/\/psol50.org.br\/rest\/wp\/v2\/posts\/11331","targetHints":{"allow":["GET"]}}],"collection":[{"href":"https:\/\/psol50.org.br\/rest\/wp\/v2\/posts"}],"about":[{"href":"https:\/\/psol50.org.br\/rest\/wp\/v2\/types\/post"}],"author":[{"embeddable":true,"href":"https:\/\/psol50.org.br\/rest\/wp\/v2\/users\/2"}],"replies":[{"embeddable":true,"href":"https:\/\/psol50.org.br\/rest\/wp\/v2\/comments?post=11331"}],"version-history":[{"count":0,"href":"https:\/\/psol50.org.br\/rest\/wp\/v2\/posts\/11331\/revisions"}],"wp:featuredmedia":[{"embeddable":true,"href":"https:\/\/psol50.org.br\/rest\/wp\/v2\/media\/11332"}],"wp:attachment":[{"href":"https:\/\/psol50.org.br\/rest\/wp\/v2\/media?parent=11331"}],"wp:term":[{"taxonomy":"category","embeddable":true,"href":"https:\/\/psol50.org.br\/rest\/wp\/v2\/categories?post=11331"},{"taxonomy":"post_tag","embeddable":true,"href":"https:\/\/psol50.org.br\/rest\/wp\/v2\/tags?post=11331"}],"curies":[{"name":"wp","href":"https:\/\/api.w.org\/{rel}","templated":true}]}}