{"id":11407,"date":"2016-02-23T22:04:58","date_gmt":"2016-02-23T22:04:58","guid":{"rendered":"http:\/\/www.psol50.org.br\/?p=11407"},"modified":"2016-02-23T22:04:58","modified_gmt":"2016-02-23T22:04:58","slug":"por-liberdade-e-autonomia-das-mulheres-confira-a-resolucao-da-executiva-nacional-do-psol","status":"publish","type":"post","link":"https:\/\/psol50.org.br\/por-liberdade-e-autonomia-das-mulheres-confira-a-resolucao-da-executiva-nacional-do-psol\/","title":{"rendered":"Por liberdade e autonomia das mulheres: Confira a resolu\u00e7\u00e3o da Executiva Nacional do PSOL"},"content":{"rendered":"<p>Com a proximidade do 8 de mar\u00e7o, Dia Internacional da Mulher, a Executiva Nacional do PSOL, em reuni\u00e3o no \u00faltimo s\u00e1bado (20), fez um amplo debate sobre v\u00e1rios temas pautados pelo Setorial Nacional de Mulheres do partido. Ao final das discuss\u00f5es, foi aprovada uma resolu\u00e7\u00e3o (que pode ser lida abaixo), que reflete as v\u00e1rias preocupa\u00e7\u00f5es do partido nesse momento de intenso avan\u00e7o dos ataques conservadores contra os direitos das mulheres. Quest\u00f5es como previd\u00eancia, ajuste fiscal, condi\u00e7\u00f5es de trabalho, sa\u00fade e direitos sobre o corpo permeiam o documento, que chama a milit\u00e2ncia do partido \u00e0 reflex\u00e3o e \u00e0 luta nesse 8 de ma\u00e7o.<\/p>\n<p>\u201cS\u00e3o elas (mulheres) as que recebem os menores sal\u00e1rios. Com a crise econ\u00f4mica, s\u00e3o as primeiras a serem demitidas, al\u00e9m de ocuparem os piores postos de trabalho e serem as maiores v\u00edtimas de ass\u00e9dio sexual e moral. Mas s\u00e3o os n\u00fameros da viol\u00eancia que escandalizam: apenas cinco pa\u00edses, em um grupo de 83, t\u00eam mais mulheres assassinadas do que o Brasil (El Salvador, Col\u00f4mbia, Guatemala, Federa\u00e7\u00e3o Russa). A cada duas horas, uma mulher \u00e9 assassinada em nosso pa\u00eds\u201d, afirma a Executiva Nacional do PSOL.<\/p>\n<p>Confira abaixo a resolu\u00e7\u00e3o, aprovada no \u00faltimo dia 20\/02.<\/p>\n<p><em><strong>Por liberdade e autonomia das mulheres<br \/>\n<\/strong>Contra a reforma da previd\u00eancia e ajuste fiscal<br \/>\nPela sa\u00fade integral, preven\u00e7\u00e3o de epidemias e legaliza\u00e7\u00e3o do aborto<\/em><\/p>\n<p><em>A situa\u00e7\u00e3o das mulheres em nosso pa\u00eds tem se agravado. Apesar de serem maioria na sociedade, 51% da popula\u00e7\u00e3o (103 milh\u00f5es), de terem maior escolaridade, onde mais de 9 milh\u00f5es de mulheres possuem mais de 15 anos de instru\u00e7\u00e3o contra 6,5 milh\u00f5es de homens, dirigirem quase 40% dos lares brasileiros, infelizmente, a sua condi\u00e7\u00e3o de vulnerabilidade aumentou enormemente.<\/em><\/p>\n<p><em>S\u00e3o elas as que recebem os menores sal\u00e1rios. Com a crise econ\u00f4mica, s\u00e3o as primeiras a serem demitidas, al\u00e9m de ocuparem os piores postos de trabalho e serem as maiores v\u00edtimas de ass\u00e9dio sexual e moral. Mas s\u00e3o os n\u00fameros da viol\u00eancia que escandalizam: apenas cinco pa\u00edses, em um grupo de 83, t\u00eam mais mulheres assassinadas do que o Brasil (El Salvador, Col\u00f4mbia, Guatemala, Federa\u00e7\u00e3o Russa). A cada duas horas, uma mulher \u00e9 assassinada em nosso pa\u00eds.<\/em><\/p>\n<p><em>Se essa situa\u00e7\u00e3o dram\u00e1tica n\u00e3o fosse suficiente, agora o governo prepara mais ataques \u00e0s condi\u00e7\u00f5es de vida e de trabalho das mulheres. De um lado, uma nova reforma da previd\u00eancia, que aumenta em dez anos de trabalho para que as mulheres possam ter direito \u00e0 aposentadoria. Por outro lado, o descaso do Estado brasileiro com as pol\u00edticas p\u00fablicas de sa\u00fade, ambiental e de controle sanit\u00e1rio para a maioria da popula\u00e7\u00e3o, cuja realidade est\u00e1 cobrando seu pre\u00e7o com o agravamento de epidemias sem precedentes em nosso pa\u00eds. E, quem paga mais uma vez \u00e9 a popula\u00e7\u00e3o pobre e carente.<\/em><\/p>\n<p><em>O PSOL chama que a milit\u00e2ncia do partido mobilize para o Dia Internacional da Mulher, chamando a popula\u00e7\u00e3o e em particular \u00e0s mulheres a recha\u00e7ar essa contrarreforma e por medidas efetivas de combate \u00e0 epidemia que acomete o Brasil.<\/em><\/p>\n<p><em><strong>Contra a Reforma da Previd\u00eancia e o ajuste fiscal: 10 anos! Nem pensar!<br \/>\n<\/strong>Anunciada no Conselho Pol\u00edtico e Econ\u00f4mico, a nova contrarreforma da previd\u00eancia ataca o conjunto das trabalhadoras e trabalhadores ao aumentar a idade m\u00ednima para 65 anos. A proposta, al\u00e9m de se apoiar em pressupostos falsos \u2013 d\u00e9ficit da previd\u00eancia \u2013 foi de iniciativa de Dilma Roussef, primeira mulher a ocupar a Presid\u00eancia da Rep\u00fablica na hist\u00f3ria deste pa\u00eds, o que demonstra que a ocupa\u00e7\u00e3o de cargos de poder por mulheres precisa estar comprometida com a supera\u00e7\u00e3o das condi\u00e7\u00f5es estruturantes das opress\u00f5es espec\u00edficas para poder significar uma conquista do ponto de vista das mulheres. Essa contrarreforma quer obrigar que as mulheres trabalhem mais 10 anos para alcan\u00e7ar a aposentadoria. Devemos, n\u00e3o apenas ser contra esse ataque a direitos hist\u00f3ricos de nossa classe, como tamb\u00e9m chamar as trabalhadoras a se mobilizarem contra esta medida.<\/em><\/p>\n<p><em><strong>As mulheres n\u00e3o podem ser penalizadas pela aus\u00eancia do Estado no combate \u00e0s epidemias<br \/>\n<\/strong>Estamos prestes a ter uma gera\u00e7\u00e3o de microcef\u00e1licos no Brasil. A doen\u00e7a, que pode causar defici\u00eancia mental, dificuldades de locomo\u00e7\u00e3o, audi\u00e7\u00e3o e vis\u00e3o, al\u00e9m de crises convulsivas, tem respons\u00e1veis, e n\u00e3o s\u00e3o nem o mosquito e nem as mulheres, como alardeiam o governo e a imprensa.<\/em><\/p>\n<p><em>Enquanto as epidemias de dengue, Zyka e Chikungunya ressurgem na esteira das mudan\u00e7as clim\u00e1ticas em n\u00edvel mundial e s\u00e3o apontadas como sendo respons\u00e1veis pelos casos de microcefalia, as alternativas de combate a elas limitam-se a responsabilizar a popula\u00e7\u00e3o em geral, e as mulheres em particular, pelos cuidados sanit\u00e1rios de preven\u00e7\u00e3o para que o mosquito n\u00e3o se prolifere. Mais da metade da popula\u00e7\u00e3o brasileira n\u00e3o tem acesso a tratamento de esgoto e uma grande parte desta vive \u00e0 beira de grandes val\u00f5es ou em palafitas. O Or\u00e7amento da Uni\u00e3o de 2014 destinou m\u00edseros 0,02% para saneamento.<\/em><\/p>\n<blockquote><p><em>O Estado brasileiro se desresponsabiliza quanto \u00e0 garantia de melhores condi\u00e7\u00f5es sanit\u00e1rias (acesso a saneamento e tratamento de esgotos) e de sa\u00fade, ao mesmo tempo em que n\u00e3o divulga a possibilidade de que a microcefalia pode ser causada pelo larvicida da Monsanto que est\u00e1 sendo usado pelos \u00f3rg\u00e3os de sa\u00fade p\u00fablica para o combate ao mosquito. A confirma\u00e7\u00e3o dessa informa\u00e7\u00e3o atrav\u00e9s das pesquisas em andamento s\u00f3 ir\u00e1 comprovar a subservi\u00eancia irrespons\u00e1vel dos governos ao lobby das empresas transnacionais (como a Monsanto e outros laborat\u00f3rios) em nosso pa\u00eds.\u00a0 Portanto,\u00a0 foram os governantes que se isentaram de combater essa condi\u00e7\u00e3o medieval de vida \u00e0 qual nossa popula\u00e7\u00e3o \u00e9 submetida. As mulheres n\u00e3o podem levar a culpa e ser penalizadas pela aus\u00eancia do poder p\u00fablico na resolu\u00e7\u00e3o dessa situa\u00e7\u00e3o.<\/em><\/p><\/blockquote>\n<p><em><strong>Aborto legal para n\u00e3o morrer: pela autonomia das mulheres para decidir<br \/>\n<\/strong>\u00c9 importante reafirmar, no dia em que a luta pela vida das mulheres tem mais visibilidade, a posi\u00e7\u00e3o do PSOL pela legaliza\u00e7\u00e3o do aborto de forma irrestrita, aprovada em resolu\u00e7\u00e3o congressual em 2007.<\/em><\/p>\n<p><em>Acreditamos que a criminaliza\u00e7\u00e3o das mulheres que realizam aborto clandestino, nos casos que n\u00e3o est\u00e3o previstos na lei, s\u00f3 faz com que se agrave o recorte racial e de classe nos casos de morte decorrentes das pr\u00e1ticas inseguras e desumanizadas de aborto. S\u00e3o as negras e as mais pobres, que n\u00e3o t\u00eam dinheiro para recorrer ao mercado das cl\u00ednicas clandestinas, que preenchem essas estat\u00edsticas e que engrossam os n\u00fameros de mortalidade materna nesses casos. O aborto \u00e9 &#8220;legal&#8221; para quem pode pagar! Por isso, n\u00e3o aceitamos que haja nenhuma intromiss\u00e3o do Estado na decis\u00e3o das mulheres quanto ao controle de natalidade, e seguimos lutando para que sejam garantidas as condi\u00e7\u00f5es seguras, higi\u00eanicas e humanizadas para a realiza\u00e7\u00e3o do aborto no SUS, seja nos casos previstos em lei, seja quando a mulher decidir livremente n\u00e3o dar seguimento a uma gravidez indesejada.<\/em><\/p>\n<p><em><strong>Por isso, \u00a0nesse 8 de mar\u00e7o, o PSOL defende um conjunto de medidas importantes para a vida das mulheres:<\/strong><\/em><\/p>\n<ol>\n<li><em>Contra a DRU, que desobriga o governo de aplicar verbas na sa\u00fade e educa\u00e7\u00e3o, e contra os cortes or\u00e7ament\u00e1rios de verbas p\u00fablicas, realizados recentemente nessas \u00e1reas, que foram de 10% no ano passado e sofrer\u00e1\u00a0 cortes de 23 bilh\u00f5es no or\u00e7amento de 2016.<\/em><\/li>\n<\/ol>\n<ol start=\"2\">\n<li><em>Garantia de sa\u00fade p\u00fablica e assist\u00eancia integral \u00e0s mulheres, incluindo saneamento, tratamento de esgoto ao conjunto da popula\u00e7\u00e3o e atendimento priorit\u00e1rio atrav\u00e9s do SUS \u00e0s v\u00edtimas de dengue, Zyka e Chikungunya.<\/em><\/li>\n<\/ol>\n<ol start=\"3\">\n<li><em>Garantia de medidas de apoio e prote\u00e7\u00e3o por parte do Estado \u00e0s m\u00e3es e pais de crian\u00e7as microc\u00e9falas, com garantia de creches, tratamentos espec\u00edficos a essa enfermidade e aux\u00edlio financeiro que subsidie uma vida digna a elas.<\/em><\/li>\n<\/ol>\n<ol start=\"4\">\n<li><em>Aborto legal e irrestrito para n\u00e3o morrer. Garantia desse direito \u00e0s mulheres nos hospitais p\u00fablicos, nos casos previstos em lei e tamb\u00e9m \u00e0s mulheres que chegam em situa\u00e7\u00e3o de abortamento. Associar \u00e0 disponibilidade de m\u00e9todos contraceptivos adequados ao corpo de cada mulher, para que se previna gravidez indesejada e se evite contrair DST&#8217;s.<\/em><\/li>\n<\/ol>\n<p><em><strong><br \/>\nBras\u00edlia-DF, 20 de fevereiro de 2016<br \/>\n<\/strong><\/em><em><strong>Executiva Nacional do PSOL<\/strong><\/em><\/p>\n<p>&nbsp;<\/p>\n","protected":false},"excerpt":{"rendered":"<p>Com a proximidade do 8 de mar\u00e7o, Dia Internacional da Mulher, a Executiva Nacional do PSOL, em reuni\u00e3o no \u00faltimo s\u00e1bado (20), fez um amplo debate sobre v\u00e1rios temas pautados pelo Setorial Nacional de Mulheres do partido. Ao final das discuss\u00f5es, foi aprovada uma resolu\u00e7\u00e3o (que pode ser lida abaixo), que reflete as v\u00e1rias preocupa\u00e7\u00f5es [&hellip;]<\/p>\n","protected":false},"author":2,"featured_media":11408,"comment_status":"open","ping_status":"open","sticky":false,"template":"","format":"standard","meta":{"_acf_changed":false,"footnotes":""},"categories":[1882,6,14,72],"tags":[294,4011,242,4,1315,2671],"class_list":{"0":"post-11407","1":"post","2":"type-post","3":"status-publish","4":"format-standard","5":"has-post-thumbnail","7":"category-brasil","8":"category-noticias","9":"category-partido","10":"category-resolucoes","11":"tag-8-de-marco","12":"tag-dia-internacional-da-mulher","13":"tag-executiva-nacional-do-psol","14":"tag-mulheres","15":"tag-resolucao","16":"tag-setorial-nacional-de-mulheres"},"acf":[],"yoast_head":"<!-- This site is optimized with the Yoast SEO plugin v26.5 - https:\/\/yoast.com\/wordpress\/plugins\/seo\/ -->\n<title>Por liberdade e autonomia das mulheres: Confira a resolu\u00e7\u00e3o da Executiva Nacional do PSOL - PSOL 50<\/title>\n<meta name=\"robots\" content=\"index, follow, max-snippet:-1, max-image-preview:large, max-video-preview:-1\" \/>\n<link rel=\"canonical\" href=\"https:\/\/psol50.org.br\/por-liberdade-e-autonomia-das-mulheres-confira-a-resolucao-da-executiva-nacional-do-psol\/\" \/>\n<meta property=\"og:locale\" content=\"pt_BR\" \/>\n<meta property=\"og:type\" content=\"article\" \/>\n<meta property=\"og:title\" content=\"Por liberdade e autonomia das mulheres: Confira a resolu\u00e7\u00e3o da Executiva Nacional do PSOL - PSOL 50\" \/>\n<meta property=\"og:description\" content=\"Com a proximidade do 8 de mar\u00e7o, Dia Internacional da Mulher, a Executiva Nacional do PSOL, em reuni\u00e3o no \u00faltimo s\u00e1bado (20), fez um amplo debate sobre v\u00e1rios temas pautados pelo Setorial Nacional de Mulheres do partido. Ao final das discuss\u00f5es, foi aprovada uma resolu\u00e7\u00e3o (que pode ser lida abaixo), que reflete as v\u00e1rias preocupa\u00e7\u00f5es [&hellip;]\" \/>\n<meta property=\"og:url\" content=\"https:\/\/psol50.org.br\/por-liberdade-e-autonomia-das-mulheres-confira-a-resolucao-da-executiva-nacional-do-psol\/\" \/>\n<meta property=\"og:site_name\" content=\"PSOL 50\" \/>\n<meta property=\"article:publisher\" content=\"https:\/\/www.facebook.com\/psol50\" \/>\n<meta property=\"article:published_time\" content=\"2016-02-23T22:04:58+00:00\" \/>\n<meta property=\"og:image\" content=\"https:\/\/psol50.org.br\/inc\/uploads\/2018\/07\/capa.png\" \/>\n\t<meta property=\"og:image:width\" content=\"1350\" \/>\n\t<meta property=\"og:image:height\" content=\"900\" \/>\n\t<meta property=\"og:image:type\" content=\"image\/png\" \/>\n<meta name=\"author\" content=\"Comunica\u00e7\u00e3o PSOL\" \/>\n<meta name=\"twitter:card\" content=\"summary_large_image\" \/>\n<meta name=\"twitter:creator\" content=\"@psol50\" \/>\n<meta name=\"twitter:site\" content=\"@psol50\" \/>\n<meta name=\"twitter:label1\" content=\"Escrito por\" \/>\n\t<meta name=\"twitter:data1\" content=\"Comunica\u00e7\u00e3o PSOL\" \/>\n\t<meta name=\"twitter:label2\" content=\"Est. tempo de leitura\" \/>\n\t<meta name=\"twitter:data2\" content=\"7 minutos\" \/>\n<script type=\"application\/ld+json\" class=\"yoast-schema-graph\">{\"@context\":\"https:\/\/schema.org\",\"@graph\":[{\"@type\":\"Article\",\"@id\":\"https:\/\/psol50.org.br\/por-liberdade-e-autonomia-das-mulheres-confira-a-resolucao-da-executiva-nacional-do-psol\/#article\",\"isPartOf\":{\"@id\":\"https:\/\/psol50.org.br\/por-liberdade-e-autonomia-das-mulheres-confira-a-resolucao-da-executiva-nacional-do-psol\/\"},\"author\":{\"name\":\"Comunica\u00e7\u00e3o PSOL\",\"@id\":\"https:\/\/psol50.org.br\/#\/schema\/person\/475dfa57d0b815993c714c2e96491fcd\"},\"headline\":\"Por liberdade e autonomia das mulheres: Confira a resolu\u00e7\u00e3o da Executiva Nacional do PSOL\",\"datePublished\":\"2016-02-23T22:04:58+00:00\",\"mainEntityOfPage\":{\"@id\":\"https:\/\/psol50.org.br\/por-liberdade-e-autonomia-das-mulheres-confira-a-resolucao-da-executiva-nacional-do-psol\/\"},\"wordCount\":1464,\"commentCount\":0,\"publisher\":{\"@id\":\"https:\/\/psol50.org.br\/#organization\"},\"image\":{\"@id\":\"https:\/\/psol50.org.br\/por-liberdade-e-autonomia-das-mulheres-confira-a-resolucao-da-executiva-nacional-do-psol\/#primaryimage\"},\"thumbnailUrl\":\"\",\"keywords\":[\"8 de mar\u00e7o\",\"Dia Internacional da Mulher\",\"Executiva Nacional do PSOL\",\"mulheres\",\"resolu\u00e7\u00e3o\",\"Setorial Nacional de Mulheres\"],\"articleSection\":[\"Brasil\",\"Not\u00edcias\",\"Partido\",\"Resolu\u00e7\u00f5es\"],\"inLanguage\":\"pt-BR\",\"potentialAction\":[{\"@type\":\"CommentAction\",\"name\":\"Comment\",\"target\":[\"https:\/\/psol50.org.br\/por-liberdade-e-autonomia-das-mulheres-confira-a-resolucao-da-executiva-nacional-do-psol\/#respond\"]}]},{\"@type\":\"WebPage\",\"@id\":\"https:\/\/psol50.org.br\/por-liberdade-e-autonomia-das-mulheres-confira-a-resolucao-da-executiva-nacional-do-psol\/\",\"url\":\"https:\/\/psol50.org.br\/por-liberdade-e-autonomia-das-mulheres-confira-a-resolucao-da-executiva-nacional-do-psol\/\",\"name\":\"Por liberdade e autonomia das mulheres: Confira a resolu\u00e7\u00e3o da Executiva Nacional do PSOL - PSOL 50\",\"isPartOf\":{\"@id\":\"https:\/\/psol50.org.br\/#website\"},\"primaryImageOfPage\":{\"@id\":\"https:\/\/psol50.org.br\/por-liberdade-e-autonomia-das-mulheres-confira-a-resolucao-da-executiva-nacional-do-psol\/#primaryimage\"},\"image\":{\"@id\":\"https:\/\/psol50.org.br\/por-liberdade-e-autonomia-das-mulheres-confira-a-resolucao-da-executiva-nacional-do-psol\/#primaryimage\"},\"thumbnailUrl\":\"\",\"datePublished\":\"2016-02-23T22:04:58+00:00\",\"breadcrumb\":{\"@id\":\"https:\/\/psol50.org.br\/por-liberdade-e-autonomia-das-mulheres-confira-a-resolucao-da-executiva-nacional-do-psol\/#breadcrumb\"},\"inLanguage\":\"pt-BR\",\"potentialAction\":[{\"@type\":\"ReadAction\",\"target\":[\"https:\/\/psol50.org.br\/por-liberdade-e-autonomia-das-mulheres-confira-a-resolucao-da-executiva-nacional-do-psol\/\"]}]},{\"@type\":\"ImageObject\",\"inLanguage\":\"pt-BR\",\"@id\":\"https:\/\/psol50.org.br\/por-liberdade-e-autonomia-das-mulheres-confira-a-resolucao-da-executiva-nacional-do-psol\/#primaryimage\",\"url\":\"\",\"contentUrl\":\"\"},{\"@type\":\"BreadcrumbList\",\"@id\":\"https:\/\/psol50.org.br\/por-liberdade-e-autonomia-das-mulheres-confira-a-resolucao-da-executiva-nacional-do-psol\/#breadcrumb\",\"itemListElement\":[{\"@type\":\"ListItem\",\"position\":1,\"name\":\"In\u00edcio\",\"item\":\"https:\/\/psol50.org.br\/\"},{\"@type\":\"ListItem\",\"position\":2,\"name\":\"Por liberdade e autonomia das mulheres: Confira a resolu\u00e7\u00e3o da Executiva Nacional do PSOL\"}]},{\"@type\":\"WebSite\",\"@id\":\"https:\/\/psol50.org.br\/#website\",\"url\":\"https:\/\/psol50.org.br\/\",\"name\":\"PSOL 50\",\"description\":\"Site oficial do Partido Socialismo e Liberdade\",\"publisher\":{\"@id\":\"https:\/\/psol50.org.br\/#organization\"},\"alternateName\":\"PSOL50\",\"potentialAction\":[{\"@type\":\"SearchAction\",\"target\":{\"@type\":\"EntryPoint\",\"urlTemplate\":\"https:\/\/psol50.org.br\/?s={search_term_string}\"},\"query-input\":{\"@type\":\"PropertyValueSpecification\",\"valueRequired\":true,\"valueName\":\"search_term_string\"}}],\"inLanguage\":\"pt-BR\"},{\"@type\":\"Organization\",\"@id\":\"https:\/\/psol50.org.br\/#organization\",\"name\":\"PSOL 50\",\"alternateName\":\"PSOL 50\",\"url\":\"https:\/\/psol50.org.br\/\",\"logo\":{\"@type\":\"ImageObject\",\"inLanguage\":\"pt-BR\",\"@id\":\"https:\/\/psol50.org.br\/#\/schema\/logo\/image\/\",\"url\":\"https:\/\/psol50.org.br\/inc\/uploads\/2018\/07\/capa.png\",\"contentUrl\":\"https:\/\/psol50.org.br\/inc\/uploads\/2018\/07\/capa.png\",\"width\":1350,\"height\":900,\"caption\":\"PSOL 50\"},\"image\":{\"@id\":\"https:\/\/psol50.org.br\/#\/schema\/logo\/image\/\"},\"sameAs\":[\"https:\/\/www.facebook.com\/psol50\",\"https:\/\/x.com\/psol50\",\"https:\/\/www.instagram.com\/psol50\/\",\"https:\/\/www.youtube.com\/channel\/UC7SnJS5o1os7a6CaiNabzcg\"]},{\"@type\":\"Person\",\"@id\":\"https:\/\/psol50.org.br\/#\/schema\/person\/475dfa57d0b815993c714c2e96491fcd\",\"name\":\"Comunica\u00e7\u00e3o PSOL\",\"image\":{\"@type\":\"ImageObject\",\"inLanguage\":\"pt-BR\",\"@id\":\"https:\/\/psol50.org.br\/#\/schema\/person\/image\/\",\"url\":\"https:\/\/secure.gravatar.com\/avatar\/b34fc4f4e468a4e51785917065a3db57b841f5c95dba6ad8c73aaf8f66f8f9bf?s=96&d=mm&r=g\",\"contentUrl\":\"https:\/\/secure.gravatar.com\/avatar\/b34fc4f4e468a4e51785917065a3db57b841f5c95dba6ad8c73aaf8f66f8f9bf?s=96&d=mm&r=g\",\"caption\":\"Comunica\u00e7\u00e3o PSOL\"}}]}<\/script>\n<!-- \/ Yoast SEO plugin. -->","yoast_head_json":{"title":"Por liberdade e autonomia das mulheres: Confira a resolu\u00e7\u00e3o da Executiva Nacional do PSOL - PSOL 50","robots":{"index":"index","follow":"follow","max-snippet":"max-snippet:-1","max-image-preview":"max-image-preview:large","max-video-preview":"max-video-preview:-1"},"canonical":"https:\/\/psol50.org.br\/por-liberdade-e-autonomia-das-mulheres-confira-a-resolucao-da-executiva-nacional-do-psol\/","og_locale":"pt_BR","og_type":"article","og_title":"Por liberdade e autonomia das mulheres: Confira a resolu\u00e7\u00e3o da Executiva Nacional do PSOL - PSOL 50","og_description":"Com a proximidade do 8 de mar\u00e7o, Dia Internacional da Mulher, a Executiva Nacional do PSOL, em reuni\u00e3o no \u00faltimo s\u00e1bado (20), fez um amplo debate sobre v\u00e1rios temas pautados pelo Setorial Nacional de Mulheres do partido. Ao final das discuss\u00f5es, foi aprovada uma resolu\u00e7\u00e3o (que pode ser lida abaixo), que reflete as v\u00e1rias preocupa\u00e7\u00f5es [&hellip;]","og_url":"https:\/\/psol50.org.br\/por-liberdade-e-autonomia-das-mulheres-confira-a-resolucao-da-executiva-nacional-do-psol\/","og_site_name":"PSOL 50","article_publisher":"https:\/\/www.facebook.com\/psol50","article_published_time":"2016-02-23T22:04:58+00:00","og_image":[{"width":1350,"height":900,"url":"https:\/\/psol50.org.br\/inc\/uploads\/2018\/07\/capa.png","type":"image\/png"}],"author":"Comunica\u00e7\u00e3o PSOL","twitter_card":"summary_large_image","twitter_creator":"@psol50","twitter_site":"@psol50","twitter_misc":{"Escrito por":"Comunica\u00e7\u00e3o PSOL","Est. tempo de leitura":"7 minutos"},"schema":{"@context":"https:\/\/schema.org","@graph":[{"@type":"Article","@id":"https:\/\/psol50.org.br\/por-liberdade-e-autonomia-das-mulheres-confira-a-resolucao-da-executiva-nacional-do-psol\/#article","isPartOf":{"@id":"https:\/\/psol50.org.br\/por-liberdade-e-autonomia-das-mulheres-confira-a-resolucao-da-executiva-nacional-do-psol\/"},"author":{"name":"Comunica\u00e7\u00e3o PSOL","@id":"https:\/\/psol50.org.br\/#\/schema\/person\/475dfa57d0b815993c714c2e96491fcd"},"headline":"Por liberdade e autonomia das mulheres: Confira a resolu\u00e7\u00e3o da Executiva Nacional do PSOL","datePublished":"2016-02-23T22:04:58+00:00","mainEntityOfPage":{"@id":"https:\/\/psol50.org.br\/por-liberdade-e-autonomia-das-mulheres-confira-a-resolucao-da-executiva-nacional-do-psol\/"},"wordCount":1464,"commentCount":0,"publisher":{"@id":"https:\/\/psol50.org.br\/#organization"},"image":{"@id":"https:\/\/psol50.org.br\/por-liberdade-e-autonomia-das-mulheres-confira-a-resolucao-da-executiva-nacional-do-psol\/#primaryimage"},"thumbnailUrl":"","keywords":["8 de mar\u00e7o","Dia Internacional da Mulher","Executiva Nacional do PSOL","mulheres","resolu\u00e7\u00e3o","Setorial Nacional de Mulheres"],"articleSection":["Brasil","Not\u00edcias","Partido","Resolu\u00e7\u00f5es"],"inLanguage":"pt-BR","potentialAction":[{"@type":"CommentAction","name":"Comment","target":["https:\/\/psol50.org.br\/por-liberdade-e-autonomia-das-mulheres-confira-a-resolucao-da-executiva-nacional-do-psol\/#respond"]}]},{"@type":"WebPage","@id":"https:\/\/psol50.org.br\/por-liberdade-e-autonomia-das-mulheres-confira-a-resolucao-da-executiva-nacional-do-psol\/","url":"https:\/\/psol50.org.br\/por-liberdade-e-autonomia-das-mulheres-confira-a-resolucao-da-executiva-nacional-do-psol\/","name":"Por liberdade e autonomia das mulheres: Confira a resolu\u00e7\u00e3o da Executiva Nacional do PSOL - PSOL 50","isPartOf":{"@id":"https:\/\/psol50.org.br\/#website"},"primaryImageOfPage":{"@id":"https:\/\/psol50.org.br\/por-liberdade-e-autonomia-das-mulheres-confira-a-resolucao-da-executiva-nacional-do-psol\/#primaryimage"},"image":{"@id":"https:\/\/psol50.org.br\/por-liberdade-e-autonomia-das-mulheres-confira-a-resolucao-da-executiva-nacional-do-psol\/#primaryimage"},"thumbnailUrl":"","datePublished":"2016-02-23T22:04:58+00:00","breadcrumb":{"@id":"https:\/\/psol50.org.br\/por-liberdade-e-autonomia-das-mulheres-confira-a-resolucao-da-executiva-nacional-do-psol\/#breadcrumb"},"inLanguage":"pt-BR","potentialAction":[{"@type":"ReadAction","target":["https:\/\/psol50.org.br\/por-liberdade-e-autonomia-das-mulheres-confira-a-resolucao-da-executiva-nacional-do-psol\/"]}]},{"@type":"ImageObject","inLanguage":"pt-BR","@id":"https:\/\/psol50.org.br\/por-liberdade-e-autonomia-das-mulheres-confira-a-resolucao-da-executiva-nacional-do-psol\/#primaryimage","url":"","contentUrl":""},{"@type":"BreadcrumbList","@id":"https:\/\/psol50.org.br\/por-liberdade-e-autonomia-das-mulheres-confira-a-resolucao-da-executiva-nacional-do-psol\/#breadcrumb","itemListElement":[{"@type":"ListItem","position":1,"name":"In\u00edcio","item":"https:\/\/psol50.org.br\/"},{"@type":"ListItem","position":2,"name":"Por liberdade e autonomia das mulheres: Confira a resolu\u00e7\u00e3o da Executiva Nacional do PSOL"}]},{"@type":"WebSite","@id":"https:\/\/psol50.org.br\/#website","url":"https:\/\/psol50.org.br\/","name":"PSOL 50","description":"Site oficial do Partido Socialismo e Liberdade","publisher":{"@id":"https:\/\/psol50.org.br\/#organization"},"alternateName":"PSOL50","potentialAction":[{"@type":"SearchAction","target":{"@type":"EntryPoint","urlTemplate":"https:\/\/psol50.org.br\/?s={search_term_string}"},"query-input":{"@type":"PropertyValueSpecification","valueRequired":true,"valueName":"search_term_string"}}],"inLanguage":"pt-BR"},{"@type":"Organization","@id":"https:\/\/psol50.org.br\/#organization","name":"PSOL 50","alternateName":"PSOL 50","url":"https:\/\/psol50.org.br\/","logo":{"@type":"ImageObject","inLanguage":"pt-BR","@id":"https:\/\/psol50.org.br\/#\/schema\/logo\/image\/","url":"https:\/\/psol50.org.br\/inc\/uploads\/2018\/07\/capa.png","contentUrl":"https:\/\/psol50.org.br\/inc\/uploads\/2018\/07\/capa.png","width":1350,"height":900,"caption":"PSOL 50"},"image":{"@id":"https:\/\/psol50.org.br\/#\/schema\/logo\/image\/"},"sameAs":["https:\/\/www.facebook.com\/psol50","https:\/\/x.com\/psol50","https:\/\/www.instagram.com\/psol50\/","https:\/\/www.youtube.com\/channel\/UC7SnJS5o1os7a6CaiNabzcg"]},{"@type":"Person","@id":"https:\/\/psol50.org.br\/#\/schema\/person\/475dfa57d0b815993c714c2e96491fcd","name":"Comunica\u00e7\u00e3o PSOL","image":{"@type":"ImageObject","inLanguage":"pt-BR","@id":"https:\/\/psol50.org.br\/#\/schema\/person\/image\/","url":"https:\/\/secure.gravatar.com\/avatar\/b34fc4f4e468a4e51785917065a3db57b841f5c95dba6ad8c73aaf8f66f8f9bf?s=96&d=mm&r=g","contentUrl":"https:\/\/secure.gravatar.com\/avatar\/b34fc4f4e468a4e51785917065a3db57b841f5c95dba6ad8c73aaf8f66f8f9bf?s=96&d=mm&r=g","caption":"Comunica\u00e7\u00e3o PSOL"}}]}},"_links":{"self":[{"href":"https:\/\/psol50.org.br\/rest\/wp\/v2\/posts\/11407","targetHints":{"allow":["GET"]}}],"collection":[{"href":"https:\/\/psol50.org.br\/rest\/wp\/v2\/posts"}],"about":[{"href":"https:\/\/psol50.org.br\/rest\/wp\/v2\/types\/post"}],"author":[{"embeddable":true,"href":"https:\/\/psol50.org.br\/rest\/wp\/v2\/users\/2"}],"replies":[{"embeddable":true,"href":"https:\/\/psol50.org.br\/rest\/wp\/v2\/comments?post=11407"}],"version-history":[{"count":0,"href":"https:\/\/psol50.org.br\/rest\/wp\/v2\/posts\/11407\/revisions"}],"wp:featuredmedia":[{"embeddable":true,"href":"https:\/\/psol50.org.br\/rest\/"}],"wp:attachment":[{"href":"https:\/\/psol50.org.br\/rest\/wp\/v2\/media?parent=11407"}],"wp:term":[{"taxonomy":"category","embeddable":true,"href":"https:\/\/psol50.org.br\/rest\/wp\/v2\/categories?post=11407"},{"taxonomy":"post_tag","embeddable":true,"href":"https:\/\/psol50.org.br\/rest\/wp\/v2\/tags?post=11407"}],"curies":[{"name":"wp","href":"https:\/\/api.w.org\/{rel}","templated":true}]}}