{"id":11433,"date":"2016-02-24T22:07:56","date_gmt":"2016-02-24T22:07:56","guid":{"rendered":"http:\/\/www.psol50.org.br\/?p=11433"},"modified":"2016-02-24T22:07:56","modified_gmt":"2016-02-24T22:07:56","slug":"projeto-sobre-terrorismo-mantem-criminalizacao-de-movimentos-e-manifestacoes","status":"publish","type":"post","link":"https:\/\/psol50.org.br\/projeto-sobre-terrorismo-mantem-criminalizacao-de-movimentos-e-manifestacoes\/","title":{"rendered":"Projeto sobre terrorismo mant\u00e9m criminaliza\u00e7\u00e3o de movimentos e manifesta\u00e7\u00f5es"},"content":{"rendered":"<p>O plen\u00e1rio da C\u00e2mara dos Deputados aprovou nesta quarta-feira (24) projeto de lei que tipifica o crime de terrorismo no Brasil, com pena que vai de 12 a 30 anos de pris\u00e3o. O texto, de autoria do Poder Executivo, mas alterado pelo Congresso, vai agora para a san\u00e7\u00e3o da presidente Dilma Rousseff.<\/p>\n<p>O texto aprovado na C\u00e2mara \u00e9 diferente do que fora aprovado no Senado. Os deputados exclu\u00edram o termo &#8220;extremismo pol\u00edtico&#8221; como caracteriza\u00e7\u00e3o do terrorismo, em meio \u00e0s cr\u00edticas de v\u00e1rios parlamentares, de que a lei representa uma amea\u00e7a \u00e0s manifesta\u00e7\u00f5es pol\u00edticas de rua.\u00a0No entanto, a criminaliza\u00e7\u00e3o dos movimentos sociais, com o objetivo de deslegitimar manifesta\u00e7\u00f5es em defesa de direitos e pol\u00edticas, permanece.<\/p>\n<p><span style=\"color: black;\">Em agosto de 2015, a C\u00e2mara aprovou o texto sob duras cr\u00edticas do PSOL. O PL tendencia \u00e0 criminaliza\u00e7\u00e3o dos movimentos sociais ao permitir aos &#8220;aplicadores da lei&#8221; a decis\u00e3o sobre a discricionariedade e legitimidade das manifesta\u00e7\u00f5es pol\u00edticas e sociais. Ao ser analisado pelo Senado, o projeto foi modificado, para pior, dando margem maior ainda para impedir manifesta\u00e7\u00f5es, como as ocorridas em julho de 2013. Nesta quarta-feira, foi mantido o texto aprovado pela C\u00e2mara no ano passado.<\/p>\n<p><\/span>&#8220;Esse dispositivo \u00e9 realmente \u00e9 in\u00f3cuo. Somos absolutamente contr\u00e1rios a que se tenham propostas que continuem tipificando, por exemplo, um ataque a um \u00f4nibus, o que acontece na periferia todos os dias por gente da periferia dos grandes centros urbanos, com 30 anos de cadeia, se for classificado como ato terrorista&#8221;, criticou o l\u00edder do PSOL, deputado Ivan Valente (SP).<\/p>\n<p><span style=\"color: black;\">De autoria do Poder Executivo, o PL estava com urg\u00eancia constitucional (medida que acelera a tramita\u00e7\u00e3o de um projeto). Para Ivan Valente, a urg\u00eancia do governo federal se deve tamb\u00e9m \u00e0 realiza\u00e7\u00e3o dos Jogos Ol\u00edmpicos, em agosto deste ano.\u00a0<\/span><span style=\"color: black;\">&#8220;\u00c9 evidente que a Presid\u00eancia da Rep\u00fablica foi tencionada pela realiza\u00e7\u00e3o das Ol\u00edmpiadas aqui, e \u00e9 evidente que h\u00e1 uma tend\u00eancia \u00e0 criminaliza\u00e7\u00e3o dos movimentos sociais no Brasil. N\u00e3o \u00e9 \u00e0 toa que o Senado enrijeceu, ainda mais qualquer atividade social, sindical ou popular j\u00e1 era taxada de terrorismo. Essa tipifica\u00e7\u00e3o s\u00f3 serve \u00e0queles defensores dos privil\u00e9gios, \u00e0queles defensores da grande propriedade e da riqueza&#8221;,<span class=\"apple-converted-space\">\u00a0<\/span>afirmou o l\u00edder do PSOL. Ele defendeu ainda veto presidencial ao texto.<\/p>\n<p><\/span><b><span style=\"color: black;\">No Brasil, j\u00e1 existe previs\u00e3o legal<br \/>\n<\/span><\/b><span style=\"color: black;\">Durante o debate no plen\u00e1rio, o deputado Glauber Braga (RJ) lembrou que nenhuma audi\u00eancia p\u00fablica sobre a quest\u00e3o foi realizada, o que evidencia a inten\u00e7\u00e3o de criminaliza\u00e7\u00e3o das manifesta\u00e7\u00f5es. &#8220;N\u00e3o \u00e9 \u00e0 toa que mais de 90 entidades da sociedade civil brasileira assinaram um manifesto contra esse tipo de tipifica\u00e7\u00e3o ampla. N\u00e3o \u00e9 \u00e0 toa que, dentre os 193 pa\u00edses da Organiza\u00e7\u00e3o das Na\u00e7\u00f5es Unidas, s\u00f3 18 tipificaram o crime de terrorismo dessa forma&#8221;, afirmou.<\/p>\n<p><\/span>Para o deputado Edmilson Rodrigues (PA), a C\u00e2mara vivia [naquele momento da vota\u00e7\u00e3o] um momento paradoxal. &#8220;A ditadura militar vitimou muitos cidad\u00e3os brasileiros, alguns n\u00e3o est\u00e3o aqui para contar a hist\u00f3ria. A presidente Dilma Rousseff est\u00e1 viva, mas poderia apenas ser um nome das estat\u00edsticas dos mortos depois de tortura nos c\u00e1rceres da ditadura. \u00c9 um paradoxo que uma presidente, eleita pelo Partido dos Trabalhadores, use de argumentos totalmente infundados para tomar a iniciativa de uma lei, conceituar terrorismo, o que a maioria dos pa\u00edses n\u00e3o se obriga a fazer. Isso vai criar uma inseguran\u00e7a jur\u00eddica pois se vai dar a um delegado ou a um promotor p\u00fablico o poder de definir quem \u00e9 ou n\u00e3o terrorista&#8221;, avaliou.<\/p>\n<p>O deputado Chico Alencar (RJ) ressaltou que a legisla\u00e7\u00e3o brasileira possui previs\u00e3o legal para a pr\u00e1tica do terrorismo, tanto que foi suficiente para a realiza\u00e7\u00e3o da Copa do Mundo, em 2014. &#8220;O problema da Copa do Mundo foi o terrorismo contra o dinheiro p\u00fablico, com a constru\u00e7\u00e3o de est\u00e1dios que est\u00e3o a\u00ed ociosos, debochando do sofrimento do povo na sa\u00fade, na educa\u00e7\u00e3o e fazendo a alegria dos ladr\u00f5es da Odebrecht, da OAS e outros que est\u00e3o a\u00ed sendo devidamente encarcerados. Daquele terrorismo ningu\u00e9m fala, at\u00e9 porque ele financiou muitas campanhas eleitorais! Sete de cada dez deputados receberam recursos nas suas campanhas desse cons\u00f3rcio de empreiteiras ou associadas&#8221;, disse o deputado. &#8220;Agora, inventa-se uma paran\u00f3ia paras Olimp\u00edadas&#8221;.<\/p>\n<p><strong>Confira abaixo o encaminhamento de voto\u00a0feito pelo\u00a0l\u00edder do PSOL, deputado Ivan Valente, contr\u00e1rio ao PL\u00a02016\/2015.<\/p>\n<div id=\"fb-root\"><\/div>\n<p><script>(function(d, s, id) {  var js, fjs = d.getElementsByTagName(s)[0];  if (d.getElementById(id)) return;  js = d.createElement(s); js.id = id;  js.src = \"\/\/connect.facebook.net\/pt_BR\/sdk.js#xfbml=1&version=v2.3\";  fjs.parentNode.insertBefore(js, fjs);}(document, 'script', 'facebook-jssdk'));<\/script><\/p>\n<div class=\"fb-post\" data-href=\"https:\/\/www.facebook.com\/psolnacamara\/videos\/783802858390614\/\" data-width=\"500\">\n<div class=\"fb-xfbml-parse-ignore\">\n<blockquote cite=\"https:\/\/www.facebook.com\/psolnacamara\/videos\/783802858390614\/\">\n<p>#EuN&#xe3;oSouTerrorista&quot;AQUI O QUE SE QUER DE VERDADE &#xc9; CRIMINALIZAR OS MOVIMENTOS SOCIAIS&quot;O l&#xed;der da bancada do PSOL,&#8230;<\/p>\n<p>Publicado por <a href=\"https:\/\/www.facebook.com\/psolnacamara\/\">PSOL na C\u00e2mara<\/a> em&nbsp;<a href=\"https:\/\/www.facebook.com\/psolnacamara\/videos\/783802858390614\/\">Quarta, 24 de fevereiro de 2016<\/a><\/p><\/blockquote>\n<\/div>\n<\/div>\n","protected":false},"excerpt":{"rendered":"<p>O plen\u00e1rio da C\u00e2mara dos Deputados aprovou nesta quarta-feira (24) projeto de lei que tipifica o crime de terrorismo no Brasil, com pena que vai de 12 a 30 anos de pris\u00e3o. O texto, de autoria do Poder Executivo, mas alterado pelo Congresso, vai agora para a san\u00e7\u00e3o da presidente Dilma Rousseff. O texto aprovado [&hellip;]<\/p>\n","protected":false},"author":2,"featured_media":11434,"comment_status":"open","ping_status":"open","sticky":false,"template":"","format":"standard","meta":{"_acf_changed":false,"footnotes":""},"categories":[10,1882,6],"tags":[1680,4020,552,1471,99,4021,2752],"class_list":{"0":"post-11433","1":"post","2":"type-post","3":"status-publish","4":"format-standard","5":"has-post-thumbnail","7":"category-acao-parlamentares","8":"category-brasil","9":"category-noticias","10":"tag-chico-alencar","11":"tag-extremismo-politico","12":"tag-ivan-valente","13":"tag-lei-antiterror","14":"tag-movimentos-sociais","15":"tag-pl-20162015","16":"tag-terrorismo"},"acf":[],"yoast_head":"<!-- This site is optimized with the Yoast SEO plugin v26.5 - https:\/\/yoast.com\/wordpress\/plugins\/seo\/ -->\n<title>Projeto sobre terrorismo mant\u00e9m criminaliza\u00e7\u00e3o de movimentos e manifesta\u00e7\u00f5es - PSOL 50<\/title>\n<meta name=\"robots\" content=\"index, follow, max-snippet:-1, max-image-preview:large, max-video-preview:-1\" \/>\n<link rel=\"canonical\" href=\"https:\/\/psol50.org.br\/projeto-sobre-terrorismo-mantem-criminalizacao-de-movimentos-e-manifestacoes\/\" \/>\n<meta property=\"og:locale\" content=\"pt_BR\" \/>\n<meta property=\"og:type\" content=\"article\" \/>\n<meta property=\"og:title\" content=\"Projeto sobre terrorismo mant\u00e9m criminaliza\u00e7\u00e3o de movimentos e manifesta\u00e7\u00f5es - PSOL 50\" \/>\n<meta property=\"og:description\" content=\"O plen\u00e1rio da C\u00e2mara dos Deputados aprovou nesta quarta-feira (24) projeto de lei que tipifica o crime de terrorismo no Brasil, com pena que vai de 12 a 30 anos de pris\u00e3o. O texto, de autoria do Poder Executivo, mas alterado pelo Congresso, vai agora para a san\u00e7\u00e3o da presidente Dilma Rousseff. O texto aprovado [&hellip;]\" \/>\n<meta property=\"og:url\" content=\"https:\/\/psol50.org.br\/projeto-sobre-terrorismo-mantem-criminalizacao-de-movimentos-e-manifestacoes\/\" \/>\n<meta property=\"og:site_name\" content=\"PSOL 50\" \/>\n<meta property=\"article:publisher\" content=\"https:\/\/www.facebook.com\/psol50\" \/>\n<meta property=\"article:published_time\" content=\"2016-02-24T22:07:56+00:00\" \/>\n<meta property=\"og:image\" content=\"https:\/\/psol50.org.br\/inc\/uploads\/2018\/07\/capa.png\" \/>\n\t<meta property=\"og:image:width\" content=\"1350\" \/>\n\t<meta property=\"og:image:height\" content=\"900\" \/>\n\t<meta property=\"og:image:type\" content=\"image\/png\" \/>\n<meta name=\"author\" content=\"Comunica\u00e7\u00e3o PSOL\" \/>\n<meta name=\"twitter:card\" content=\"summary_large_image\" \/>\n<meta name=\"twitter:creator\" content=\"@psol50\" \/>\n<meta name=\"twitter:site\" content=\"@psol50\" \/>\n<meta name=\"twitter:label1\" content=\"Escrito por\" \/>\n\t<meta name=\"twitter:data1\" content=\"Comunica\u00e7\u00e3o PSOL\" \/>\n\t<meta name=\"twitter:label2\" content=\"Est. tempo de leitura\" \/>\n\t<meta name=\"twitter:data2\" content=\"4 minutos\" \/>\n<script type=\"application\/ld+json\" class=\"yoast-schema-graph\">{\"@context\":\"https:\/\/schema.org\",\"@graph\":[{\"@type\":\"Article\",\"@id\":\"https:\/\/psol50.org.br\/projeto-sobre-terrorismo-mantem-criminalizacao-de-movimentos-e-manifestacoes\/#article\",\"isPartOf\":{\"@id\":\"https:\/\/psol50.org.br\/projeto-sobre-terrorismo-mantem-criminalizacao-de-movimentos-e-manifestacoes\/\"},\"author\":{\"name\":\"Comunica\u00e7\u00e3o PSOL\",\"@id\":\"https:\/\/psol50.org.br\/#\/schema\/person\/475dfa57d0b815993c714c2e96491fcd\"},\"headline\":\"Projeto sobre terrorismo mant\u00e9m criminaliza\u00e7\u00e3o de movimentos e manifesta\u00e7\u00f5es\",\"datePublished\":\"2016-02-24T22:07:56+00:00\",\"mainEntityOfPage\":{\"@id\":\"https:\/\/psol50.org.br\/projeto-sobre-terrorismo-mantem-criminalizacao-de-movimentos-e-manifestacoes\/\"},\"wordCount\":812,\"commentCount\":0,\"publisher\":{\"@id\":\"https:\/\/psol50.org.br\/#organization\"},\"image\":{\"@id\":\"https:\/\/psol50.org.br\/projeto-sobre-terrorismo-mantem-criminalizacao-de-movimentos-e-manifestacoes\/#primaryimage\"},\"thumbnailUrl\":\"\",\"keywords\":[\"Chico Alencar\",\"extremismo pol\u00edtico\",\"Ivan Valente\",\"lei antiterror\",\"movimentos sociais\",\"PL 2016\/2015\",\"terrorismo\"],\"articleSection\":[\"A\u00e7\u00e3o Parlamentar\",\"Brasil\",\"Not\u00edcias\"],\"inLanguage\":\"pt-BR\",\"potentialAction\":[{\"@type\":\"CommentAction\",\"name\":\"Comment\",\"target\":[\"https:\/\/psol50.org.br\/projeto-sobre-terrorismo-mantem-criminalizacao-de-movimentos-e-manifestacoes\/#respond\"]}]},{\"@type\":\"WebPage\",\"@id\":\"https:\/\/psol50.org.br\/projeto-sobre-terrorismo-mantem-criminalizacao-de-movimentos-e-manifestacoes\/\",\"url\":\"https:\/\/psol50.org.br\/projeto-sobre-terrorismo-mantem-criminalizacao-de-movimentos-e-manifestacoes\/\",\"name\":\"Projeto sobre terrorismo mant\u00e9m criminaliza\u00e7\u00e3o de movimentos e manifesta\u00e7\u00f5es - PSOL 50\",\"isPartOf\":{\"@id\":\"https:\/\/psol50.org.br\/#website\"},\"primaryImageOfPage\":{\"@id\":\"https:\/\/psol50.org.br\/projeto-sobre-terrorismo-mantem-criminalizacao-de-movimentos-e-manifestacoes\/#primaryimage\"},\"image\":{\"@id\":\"https:\/\/psol50.org.br\/projeto-sobre-terrorismo-mantem-criminalizacao-de-movimentos-e-manifestacoes\/#primaryimage\"},\"thumbnailUrl\":\"\",\"datePublished\":\"2016-02-24T22:07:56+00:00\",\"breadcrumb\":{\"@id\":\"https:\/\/psol50.org.br\/projeto-sobre-terrorismo-mantem-criminalizacao-de-movimentos-e-manifestacoes\/#breadcrumb\"},\"inLanguage\":\"pt-BR\",\"potentialAction\":[{\"@type\":\"ReadAction\",\"target\":[\"https:\/\/psol50.org.br\/projeto-sobre-terrorismo-mantem-criminalizacao-de-movimentos-e-manifestacoes\/\"]}]},{\"@type\":\"ImageObject\",\"inLanguage\":\"pt-BR\",\"@id\":\"https:\/\/psol50.org.br\/projeto-sobre-terrorismo-mantem-criminalizacao-de-movimentos-e-manifestacoes\/#primaryimage\",\"url\":\"\",\"contentUrl\":\"\"},{\"@type\":\"BreadcrumbList\",\"@id\":\"https:\/\/psol50.org.br\/projeto-sobre-terrorismo-mantem-criminalizacao-de-movimentos-e-manifestacoes\/#breadcrumb\",\"itemListElement\":[{\"@type\":\"ListItem\",\"position\":1,\"name\":\"In\u00edcio\",\"item\":\"https:\/\/psol50.org.br\/\"},{\"@type\":\"ListItem\",\"position\":2,\"name\":\"Projeto sobre terrorismo mant\u00e9m criminaliza\u00e7\u00e3o de movimentos e manifesta\u00e7\u00f5es\"}]},{\"@type\":\"WebSite\",\"@id\":\"https:\/\/psol50.org.br\/#website\",\"url\":\"https:\/\/psol50.org.br\/\",\"name\":\"PSOL 50\",\"description\":\"Site oficial do Partido Socialismo e Liberdade\",\"publisher\":{\"@id\":\"https:\/\/psol50.org.br\/#organization\"},\"alternateName\":\"PSOL50\",\"potentialAction\":[{\"@type\":\"SearchAction\",\"target\":{\"@type\":\"EntryPoint\",\"urlTemplate\":\"https:\/\/psol50.org.br\/?s={search_term_string}\"},\"query-input\":{\"@type\":\"PropertyValueSpecification\",\"valueRequired\":true,\"valueName\":\"search_term_string\"}}],\"inLanguage\":\"pt-BR\"},{\"@type\":\"Organization\",\"@id\":\"https:\/\/psol50.org.br\/#organization\",\"name\":\"PSOL 50\",\"alternateName\":\"PSOL 50\",\"url\":\"https:\/\/psol50.org.br\/\",\"logo\":{\"@type\":\"ImageObject\",\"inLanguage\":\"pt-BR\",\"@id\":\"https:\/\/psol50.org.br\/#\/schema\/logo\/image\/\",\"url\":\"https:\/\/psol50.org.br\/inc\/uploads\/2018\/07\/capa.png\",\"contentUrl\":\"https:\/\/psol50.org.br\/inc\/uploads\/2018\/07\/capa.png\",\"width\":1350,\"height\":900,\"caption\":\"PSOL 50\"},\"image\":{\"@id\":\"https:\/\/psol50.org.br\/#\/schema\/logo\/image\/\"},\"sameAs\":[\"https:\/\/www.facebook.com\/psol50\",\"https:\/\/x.com\/psol50\",\"https:\/\/www.instagram.com\/psol50\/\",\"https:\/\/www.youtube.com\/channel\/UC7SnJS5o1os7a6CaiNabzcg\"]},{\"@type\":\"Person\",\"@id\":\"https:\/\/psol50.org.br\/#\/schema\/person\/475dfa57d0b815993c714c2e96491fcd\",\"name\":\"Comunica\u00e7\u00e3o PSOL\",\"image\":{\"@type\":\"ImageObject\",\"inLanguage\":\"pt-BR\",\"@id\":\"https:\/\/psol50.org.br\/#\/schema\/person\/image\/\",\"url\":\"https:\/\/secure.gravatar.com\/avatar\/b34fc4f4e468a4e51785917065a3db57b841f5c95dba6ad8c73aaf8f66f8f9bf?s=96&d=mm&r=g\",\"contentUrl\":\"https:\/\/secure.gravatar.com\/avatar\/b34fc4f4e468a4e51785917065a3db57b841f5c95dba6ad8c73aaf8f66f8f9bf?s=96&d=mm&r=g\",\"caption\":\"Comunica\u00e7\u00e3o PSOL\"}}]}<\/script>\n<!-- \/ Yoast SEO plugin. -->","yoast_head_json":{"title":"Projeto sobre terrorismo mant\u00e9m criminaliza\u00e7\u00e3o de movimentos e manifesta\u00e7\u00f5es - PSOL 50","robots":{"index":"index","follow":"follow","max-snippet":"max-snippet:-1","max-image-preview":"max-image-preview:large","max-video-preview":"max-video-preview:-1"},"canonical":"https:\/\/psol50.org.br\/projeto-sobre-terrorismo-mantem-criminalizacao-de-movimentos-e-manifestacoes\/","og_locale":"pt_BR","og_type":"article","og_title":"Projeto sobre terrorismo mant\u00e9m criminaliza\u00e7\u00e3o de movimentos e manifesta\u00e7\u00f5es - PSOL 50","og_description":"O plen\u00e1rio da C\u00e2mara dos Deputados aprovou nesta quarta-feira (24) projeto de lei que tipifica o crime de terrorismo no Brasil, com pena que vai de 12 a 30 anos de pris\u00e3o. O texto, de autoria do Poder Executivo, mas alterado pelo Congresso, vai agora para a san\u00e7\u00e3o da presidente Dilma Rousseff. O texto aprovado [&hellip;]","og_url":"https:\/\/psol50.org.br\/projeto-sobre-terrorismo-mantem-criminalizacao-de-movimentos-e-manifestacoes\/","og_site_name":"PSOL 50","article_publisher":"https:\/\/www.facebook.com\/psol50","article_published_time":"2016-02-24T22:07:56+00:00","og_image":[{"width":1350,"height":900,"url":"https:\/\/psol50.org.br\/inc\/uploads\/2018\/07\/capa.png","type":"image\/png"}],"author":"Comunica\u00e7\u00e3o PSOL","twitter_card":"summary_large_image","twitter_creator":"@psol50","twitter_site":"@psol50","twitter_misc":{"Escrito por":"Comunica\u00e7\u00e3o PSOL","Est. tempo de leitura":"4 minutos"},"schema":{"@context":"https:\/\/schema.org","@graph":[{"@type":"Article","@id":"https:\/\/psol50.org.br\/projeto-sobre-terrorismo-mantem-criminalizacao-de-movimentos-e-manifestacoes\/#article","isPartOf":{"@id":"https:\/\/psol50.org.br\/projeto-sobre-terrorismo-mantem-criminalizacao-de-movimentos-e-manifestacoes\/"},"author":{"name":"Comunica\u00e7\u00e3o PSOL","@id":"https:\/\/psol50.org.br\/#\/schema\/person\/475dfa57d0b815993c714c2e96491fcd"},"headline":"Projeto sobre terrorismo mant\u00e9m criminaliza\u00e7\u00e3o de movimentos e manifesta\u00e7\u00f5es","datePublished":"2016-02-24T22:07:56+00:00","mainEntityOfPage":{"@id":"https:\/\/psol50.org.br\/projeto-sobre-terrorismo-mantem-criminalizacao-de-movimentos-e-manifestacoes\/"},"wordCount":812,"commentCount":0,"publisher":{"@id":"https:\/\/psol50.org.br\/#organization"},"image":{"@id":"https:\/\/psol50.org.br\/projeto-sobre-terrorismo-mantem-criminalizacao-de-movimentos-e-manifestacoes\/#primaryimage"},"thumbnailUrl":"","keywords":["Chico Alencar","extremismo pol\u00edtico","Ivan Valente","lei antiterror","movimentos sociais","PL 2016\/2015","terrorismo"],"articleSection":["A\u00e7\u00e3o Parlamentar","Brasil","Not\u00edcias"],"inLanguage":"pt-BR","potentialAction":[{"@type":"CommentAction","name":"Comment","target":["https:\/\/psol50.org.br\/projeto-sobre-terrorismo-mantem-criminalizacao-de-movimentos-e-manifestacoes\/#respond"]}]},{"@type":"WebPage","@id":"https:\/\/psol50.org.br\/projeto-sobre-terrorismo-mantem-criminalizacao-de-movimentos-e-manifestacoes\/","url":"https:\/\/psol50.org.br\/projeto-sobre-terrorismo-mantem-criminalizacao-de-movimentos-e-manifestacoes\/","name":"Projeto sobre terrorismo mant\u00e9m criminaliza\u00e7\u00e3o de movimentos e manifesta\u00e7\u00f5es - PSOL 50","isPartOf":{"@id":"https:\/\/psol50.org.br\/#website"},"primaryImageOfPage":{"@id":"https:\/\/psol50.org.br\/projeto-sobre-terrorismo-mantem-criminalizacao-de-movimentos-e-manifestacoes\/#primaryimage"},"image":{"@id":"https:\/\/psol50.org.br\/projeto-sobre-terrorismo-mantem-criminalizacao-de-movimentos-e-manifestacoes\/#primaryimage"},"thumbnailUrl":"","datePublished":"2016-02-24T22:07:56+00:00","breadcrumb":{"@id":"https:\/\/psol50.org.br\/projeto-sobre-terrorismo-mantem-criminalizacao-de-movimentos-e-manifestacoes\/#breadcrumb"},"inLanguage":"pt-BR","potentialAction":[{"@type":"ReadAction","target":["https:\/\/psol50.org.br\/projeto-sobre-terrorismo-mantem-criminalizacao-de-movimentos-e-manifestacoes\/"]}]},{"@type":"ImageObject","inLanguage":"pt-BR","@id":"https:\/\/psol50.org.br\/projeto-sobre-terrorismo-mantem-criminalizacao-de-movimentos-e-manifestacoes\/#primaryimage","url":"","contentUrl":""},{"@type":"BreadcrumbList","@id":"https:\/\/psol50.org.br\/projeto-sobre-terrorismo-mantem-criminalizacao-de-movimentos-e-manifestacoes\/#breadcrumb","itemListElement":[{"@type":"ListItem","position":1,"name":"In\u00edcio","item":"https:\/\/psol50.org.br\/"},{"@type":"ListItem","position":2,"name":"Projeto sobre terrorismo mant\u00e9m criminaliza\u00e7\u00e3o de movimentos e manifesta\u00e7\u00f5es"}]},{"@type":"WebSite","@id":"https:\/\/psol50.org.br\/#website","url":"https:\/\/psol50.org.br\/","name":"PSOL 50","description":"Site oficial do Partido Socialismo e Liberdade","publisher":{"@id":"https:\/\/psol50.org.br\/#organization"},"alternateName":"PSOL50","potentialAction":[{"@type":"SearchAction","target":{"@type":"EntryPoint","urlTemplate":"https:\/\/psol50.org.br\/?s={search_term_string}"},"query-input":{"@type":"PropertyValueSpecification","valueRequired":true,"valueName":"search_term_string"}}],"inLanguage":"pt-BR"},{"@type":"Organization","@id":"https:\/\/psol50.org.br\/#organization","name":"PSOL 50","alternateName":"PSOL 50","url":"https:\/\/psol50.org.br\/","logo":{"@type":"ImageObject","inLanguage":"pt-BR","@id":"https:\/\/psol50.org.br\/#\/schema\/logo\/image\/","url":"https:\/\/psol50.org.br\/inc\/uploads\/2018\/07\/capa.png","contentUrl":"https:\/\/psol50.org.br\/inc\/uploads\/2018\/07\/capa.png","width":1350,"height":900,"caption":"PSOL 50"},"image":{"@id":"https:\/\/psol50.org.br\/#\/schema\/logo\/image\/"},"sameAs":["https:\/\/www.facebook.com\/psol50","https:\/\/x.com\/psol50","https:\/\/www.instagram.com\/psol50\/","https:\/\/www.youtube.com\/channel\/UC7SnJS5o1os7a6CaiNabzcg"]},{"@type":"Person","@id":"https:\/\/psol50.org.br\/#\/schema\/person\/475dfa57d0b815993c714c2e96491fcd","name":"Comunica\u00e7\u00e3o PSOL","image":{"@type":"ImageObject","inLanguage":"pt-BR","@id":"https:\/\/psol50.org.br\/#\/schema\/person\/image\/","url":"https:\/\/secure.gravatar.com\/avatar\/b34fc4f4e468a4e51785917065a3db57b841f5c95dba6ad8c73aaf8f66f8f9bf?s=96&d=mm&r=g","contentUrl":"https:\/\/secure.gravatar.com\/avatar\/b34fc4f4e468a4e51785917065a3db57b841f5c95dba6ad8c73aaf8f66f8f9bf?s=96&d=mm&r=g","caption":"Comunica\u00e7\u00e3o PSOL"}}]}},"_links":{"self":[{"href":"https:\/\/psol50.org.br\/rest\/wp\/v2\/posts\/11433","targetHints":{"allow":["GET"]}}],"collection":[{"href":"https:\/\/psol50.org.br\/rest\/wp\/v2\/posts"}],"about":[{"href":"https:\/\/psol50.org.br\/rest\/wp\/v2\/types\/post"}],"author":[{"embeddable":true,"href":"https:\/\/psol50.org.br\/rest\/wp\/v2\/users\/2"}],"replies":[{"embeddable":true,"href":"https:\/\/psol50.org.br\/rest\/wp\/v2\/comments?post=11433"}],"version-history":[{"count":0,"href":"https:\/\/psol50.org.br\/rest\/wp\/v2\/posts\/11433\/revisions"}],"wp:featuredmedia":[{"embeddable":true,"href":"https:\/\/psol50.org.br\/rest\/"}],"wp:attachment":[{"href":"https:\/\/psol50.org.br\/rest\/wp\/v2\/media?parent=11433"}],"wp:term":[{"taxonomy":"category","embeddable":true,"href":"https:\/\/psol50.org.br\/rest\/wp\/v2\/categories?post=11433"},{"taxonomy":"post_tag","embeddable":true,"href":"https:\/\/psol50.org.br\/rest\/wp\/v2\/tags?post=11433"}],"curies":[{"name":"wp","href":"https:\/\/api.w.org\/{rel}","templated":true}]}}