{"id":11440,"date":"2016-02-25T17:10:14","date_gmt":"2016-02-25T17:10:14","guid":{"rendered":"http:\/\/www.psol50.org.br\/?p=11440"},"modified":"2016-02-25T17:10:14","modified_gmt":"2016-02-25T17:10:14","slug":"justica-acata-pedido-do-psol-e-determina-reducao-de-passagem-em-porto-alegre","status":"publish","type":"post","link":"https:\/\/psol50.org.br\/justica-acata-pedido-do-psol-e-determina-reducao-de-passagem-em-porto-alegre\/","title":{"rendered":"Justi\u00e7a acata pedido do PSOL e determina redu\u00e7\u00e3o de passagem em Porto Alegre"},"content":{"rendered":"<p>Desde\u00a0esta quinta-feira (25) o pre\u00e7o da passagem de \u00f4nibus e de lota\u00e7\u00f5es em Porto Alegre voltou ao pre\u00e7o antigo: R$ 3,25. Isso porque a ju\u00edza\u00a0Karla Aveline de Oliveira, \u00a0do Foro Central de Porto Alegre, aceitou o pedido protocolado na \u00faltima segunda-feira (22) pelo PSOL, solicitando a suspens\u00e3o do aumento tarif\u00e1rio tanto dos \u00f4nibus quanto das lota\u00e7\u00f5es. Na segunda-feira, o pre\u00e7o havia subido para R$ 3,75. A Justi\u00e7a entendeu que houve erro em reajustar valor sem ter sido analisado pelo Conselho Municipal de Transporte Urbano (Comtu).<\/p>\n<p>O deputado estadual do PSOL no Rio Grande do Sul, <a href=\"https:\/\/www.facebook.com\/vemproruas\/?fref=ts\">Pedro Ruas<\/a>, avalia a decis\u00e3o como uma vit\u00f3ria hist\u00f3rica do partido. Ele lembra que essa \u00e9 a segunda vez que o PSOL consegue diminuir a passagem em Porto Alegre. &#8220;A primeira foi em 2013 e serviu para incendiar o pa\u00eds. Agora vai acontecer a mesma coisa. A volta ao valor anterior vigora a partir das 6h porque n\u00e3o foi ouvido o Conselho Municipal de Transporte Urbano (Comtu) e foi muito acima da infla\u00e7\u00e3o. Esta \u00e9 uma vit\u00f3ria do movimento popular.&#8221;<\/p>\n<p>Em sua senten\u00e7a a ju\u00edza afirmou: \u201cDesta forma, considerando-se, em princ\u00edpio, que o reajuste se deu em desatendimento \u00e0 lei espec\u00edfica do munic\u00edpio, resta evidente a les\u00e3o a justificar a concess\u00e3o da medida pleiteada. Raz\u00f5es expostas, defiro a antecipa\u00e7\u00e3o da tutela para determinar a imediata suspens\u00e3o do reajuste das passagens de \u00f4nibus e lota\u00e7\u00f5es, devendo a cobran\u00e7a se dar pelo valor at\u00e9 ent\u00e3o praticado (\u00f4nibus R$3,25 e lota\u00e7\u00e3o R$4,85) a partir das seis horas da manh\u00e3 do dia 25\/02\/2016\u201d.<\/p>\n<p>Segundo a vereadora <a href=\"https:\/\/www.facebook.com\/fernandapsol\/?fref=ts\">Fernanda Melchionna<\/a>, PSOL, a liminar garante os interesses da popula\u00e7\u00e3o, que foram reconhecidos pela Justi\u00e7a. Ela apela para que os movimentos sociais se mobilizem para a manuten\u00e7\u00e3o da senten\u00e7a. O aumento, enfatizam Ruas e Melchionna, foi muito acima da infla\u00e7\u00e3o. \u201cEsta \u00e9 uma vit\u00f3ria do movimento popular\u201d, concluiu Ruas.<\/p>\n<p>Na a\u00e7\u00e3o protocolada, o PSOL questionou a aus\u00eancia de controle social. \u201cNem o Conselho Municipal de Transporte Urbano (Comtu) foi convidado a aprovar a nova tarifa. Eles argumentam que foi por causa da licita\u00e7\u00e3o, mas n\u00e3o existe licita\u00e7\u00e3o que revogue lei municipal. A lei 7.956 determina que qualquer aumento tem que passar pelo Comtu\u201d, acrescentou a vereadora.<\/p>\n<p><em>Com informa\u00e7\u00f5es do jornal <a href=\"http:\/\/www.correiodopovo.com.br\/Noticias\/Geral\/Transporte%20Publico\/2016\/02\/580334\/Justica-acata-pedido-do-Psol-e-passagem-do-onibus-volta-a-R-3,25-em-Porto-Alegre\">Correio do Povo<\/a><\/em><\/p>\n","protected":false},"excerpt":{"rendered":"<p>Desde\u00a0esta quinta-feira (25) o pre\u00e7o da passagem de \u00f4nibus e de lota\u00e7\u00f5es em Porto Alegre voltou ao pre\u00e7o antigo: R$ 3,25. Isso porque a ju\u00edza\u00a0Karla Aveline de Oliveira, \u00a0do Foro Central de Porto Alegre, aceitou o pedido protocolado na \u00faltima segunda-feira (22) pelo PSOL, solicitando a suspens\u00e3o do aumento tarif\u00e1rio tanto dos \u00f4nibus quanto das [&hellip;]<\/p>\n","protected":false},"author":2,"featured_media":11441,"comment_status":"open","ping_status":"open","sticky":false,"template":"","format":"standard","meta":{"_acf_changed":false,"footnotes":""},"categories":[654,6,14],"tags":[296,4022,1530,3327,748,22,4023,35,1554],"class_list":{"0":"post-11440","1":"post","2":"type-post","3":"status-publish","4":"format-standard","5":"has-post-thumbnail","7":"category-estados","8":"category-noticias","9":"category-partido","10":"tag-fernanda-melchionna","11":"tag-lotacao","12":"tag-onibus","13":"tag-pedro-ruas","14":"tag-porto-alegre","15":"tag-psol","16":"tag-reducao-da-passagem","17":"tag-tarifa","18":"tag-transporte-publico"},"acf":[],"yoast_head":"<!-- This site is optimized with the Yoast SEO plugin v26.5 - https:\/\/yoast.com\/wordpress\/plugins\/seo\/ -->\n<title>Justi\u00e7a acata pedido do PSOL e determina redu\u00e7\u00e3o de passagem em Porto Alegre - PSOL 50<\/title>\n<meta name=\"robots\" content=\"index, follow, max-snippet:-1, max-image-preview:large, max-video-preview:-1\" \/>\n<link rel=\"canonical\" href=\"https:\/\/psol50.org.br\/justica-acata-pedido-do-psol-e-determina-reducao-de-passagem-em-porto-alegre\/\" \/>\n<meta property=\"og:locale\" content=\"pt_BR\" \/>\n<meta property=\"og:type\" content=\"article\" \/>\n<meta property=\"og:title\" content=\"Justi\u00e7a acata pedido do PSOL e determina redu\u00e7\u00e3o de passagem em Porto Alegre - PSOL 50\" \/>\n<meta property=\"og:description\" content=\"Desde\u00a0esta quinta-feira (25) o pre\u00e7o da passagem de \u00f4nibus e de lota\u00e7\u00f5es em Porto Alegre voltou ao pre\u00e7o antigo: R$ 3,25. Isso porque a ju\u00edza\u00a0Karla Aveline de Oliveira, \u00a0do Foro Central de Porto Alegre, aceitou o pedido protocolado na \u00faltima segunda-feira (22) pelo PSOL, solicitando a suspens\u00e3o do aumento tarif\u00e1rio tanto dos \u00f4nibus quanto das [&hellip;]\" \/>\n<meta property=\"og:url\" content=\"https:\/\/psol50.org.br\/justica-acata-pedido-do-psol-e-determina-reducao-de-passagem-em-porto-alegre\/\" \/>\n<meta property=\"og:site_name\" content=\"PSOL 50\" \/>\n<meta property=\"article:publisher\" content=\"https:\/\/www.facebook.com\/psol50\" \/>\n<meta property=\"article:published_time\" content=\"2016-02-25T17:10:14+00:00\" \/>\n<meta property=\"og:image\" content=\"https:\/\/psol50.org.br\/inc\/uploads\/2018\/07\/capa.png\" \/>\n\t<meta property=\"og:image:width\" content=\"1350\" \/>\n\t<meta property=\"og:image:height\" content=\"900\" \/>\n\t<meta property=\"og:image:type\" content=\"image\/png\" \/>\n<meta name=\"author\" content=\"Comunica\u00e7\u00e3o PSOL\" \/>\n<meta name=\"twitter:card\" content=\"summary_large_image\" \/>\n<meta name=\"twitter:creator\" content=\"@psol50\" \/>\n<meta name=\"twitter:site\" content=\"@psol50\" \/>\n<meta name=\"twitter:label1\" content=\"Escrito por\" \/>\n\t<meta name=\"twitter:data1\" content=\"Comunica\u00e7\u00e3o PSOL\" \/>\n\t<meta name=\"twitter:label2\" content=\"Est. tempo de leitura\" \/>\n\t<meta name=\"twitter:data2\" content=\"2 minutos\" \/>\n<script type=\"application\/ld+json\" class=\"yoast-schema-graph\">{\"@context\":\"https:\/\/schema.org\",\"@graph\":[{\"@type\":\"Article\",\"@id\":\"https:\/\/psol50.org.br\/justica-acata-pedido-do-psol-e-determina-reducao-de-passagem-em-porto-alegre\/#article\",\"isPartOf\":{\"@id\":\"https:\/\/psol50.org.br\/justica-acata-pedido-do-psol-e-determina-reducao-de-passagem-em-porto-alegre\/\"},\"author\":{\"name\":\"Comunica\u00e7\u00e3o PSOL\",\"@id\":\"https:\/\/psol50.org.br\/#\/schema\/person\/475dfa57d0b815993c714c2e96491fcd\"},\"headline\":\"Justi\u00e7a acata pedido do PSOL e determina redu\u00e7\u00e3o de passagem em Porto Alegre\",\"datePublished\":\"2016-02-25T17:10:14+00:00\",\"mainEntityOfPage\":{\"@id\":\"https:\/\/psol50.org.br\/justica-acata-pedido-do-psol-e-determina-reducao-de-passagem-em-porto-alegre\/\"},\"wordCount\":418,\"commentCount\":0,\"publisher\":{\"@id\":\"https:\/\/psol50.org.br\/#organization\"},\"image\":{\"@id\":\"https:\/\/psol50.org.br\/justica-acata-pedido-do-psol-e-determina-reducao-de-passagem-em-porto-alegre\/#primaryimage\"},\"thumbnailUrl\":\"\",\"keywords\":[\"Fernanda Melchionna\",\"lota\u00e7\u00e3o\",\"\u00f4nibus\",\"Pedro Ruas\",\"Porto Alegre\",\"PSOL\",\"redu\u00e7\u00e3o da passagem\",\"tarifa\",\"transporte p\u00fablico\"],\"articleSection\":[\"Estados\",\"Not\u00edcias\",\"Partido\"],\"inLanguage\":\"pt-BR\",\"potentialAction\":[{\"@type\":\"CommentAction\",\"name\":\"Comment\",\"target\":[\"https:\/\/psol50.org.br\/justica-acata-pedido-do-psol-e-determina-reducao-de-passagem-em-porto-alegre\/#respond\"]}]},{\"@type\":\"WebPage\",\"@id\":\"https:\/\/psol50.org.br\/justica-acata-pedido-do-psol-e-determina-reducao-de-passagem-em-porto-alegre\/\",\"url\":\"https:\/\/psol50.org.br\/justica-acata-pedido-do-psol-e-determina-reducao-de-passagem-em-porto-alegre\/\",\"name\":\"Justi\u00e7a acata pedido do PSOL e determina redu\u00e7\u00e3o de passagem em Porto Alegre - PSOL 50\",\"isPartOf\":{\"@id\":\"https:\/\/psol50.org.br\/#website\"},\"primaryImageOfPage\":{\"@id\":\"https:\/\/psol50.org.br\/justica-acata-pedido-do-psol-e-determina-reducao-de-passagem-em-porto-alegre\/#primaryimage\"},\"image\":{\"@id\":\"https:\/\/psol50.org.br\/justica-acata-pedido-do-psol-e-determina-reducao-de-passagem-em-porto-alegre\/#primaryimage\"},\"thumbnailUrl\":\"\",\"datePublished\":\"2016-02-25T17:10:14+00:00\",\"breadcrumb\":{\"@id\":\"https:\/\/psol50.org.br\/justica-acata-pedido-do-psol-e-determina-reducao-de-passagem-em-porto-alegre\/#breadcrumb\"},\"inLanguage\":\"pt-BR\",\"potentialAction\":[{\"@type\":\"ReadAction\",\"target\":[\"https:\/\/psol50.org.br\/justica-acata-pedido-do-psol-e-determina-reducao-de-passagem-em-porto-alegre\/\"]}]},{\"@type\":\"ImageObject\",\"inLanguage\":\"pt-BR\",\"@id\":\"https:\/\/psol50.org.br\/justica-acata-pedido-do-psol-e-determina-reducao-de-passagem-em-porto-alegre\/#primaryimage\",\"url\":\"\",\"contentUrl\":\"\"},{\"@type\":\"BreadcrumbList\",\"@id\":\"https:\/\/psol50.org.br\/justica-acata-pedido-do-psol-e-determina-reducao-de-passagem-em-porto-alegre\/#breadcrumb\",\"itemListElement\":[{\"@type\":\"ListItem\",\"position\":1,\"name\":\"In\u00edcio\",\"item\":\"https:\/\/psol50.org.br\/\"},{\"@type\":\"ListItem\",\"position\":2,\"name\":\"Justi\u00e7a acata pedido do PSOL e determina redu\u00e7\u00e3o de passagem em Porto Alegre\"}]},{\"@type\":\"WebSite\",\"@id\":\"https:\/\/psol50.org.br\/#website\",\"url\":\"https:\/\/psol50.org.br\/\",\"name\":\"PSOL 50\",\"description\":\"Site oficial do Partido Socialismo e Liberdade\",\"publisher\":{\"@id\":\"https:\/\/psol50.org.br\/#organization\"},\"alternateName\":\"PSOL50\",\"potentialAction\":[{\"@type\":\"SearchAction\",\"target\":{\"@type\":\"EntryPoint\",\"urlTemplate\":\"https:\/\/psol50.org.br\/?s={search_term_string}\"},\"query-input\":{\"@type\":\"PropertyValueSpecification\",\"valueRequired\":true,\"valueName\":\"search_term_string\"}}],\"inLanguage\":\"pt-BR\"},{\"@type\":\"Organization\",\"@id\":\"https:\/\/psol50.org.br\/#organization\",\"name\":\"PSOL 50\",\"alternateName\":\"PSOL 50\",\"url\":\"https:\/\/psol50.org.br\/\",\"logo\":{\"@type\":\"ImageObject\",\"inLanguage\":\"pt-BR\",\"@id\":\"https:\/\/psol50.org.br\/#\/schema\/logo\/image\/\",\"url\":\"https:\/\/psol50.org.br\/inc\/uploads\/2018\/07\/capa.png\",\"contentUrl\":\"https:\/\/psol50.org.br\/inc\/uploads\/2018\/07\/capa.png\",\"width\":1350,\"height\":900,\"caption\":\"PSOL 50\"},\"image\":{\"@id\":\"https:\/\/psol50.org.br\/#\/schema\/logo\/image\/\"},\"sameAs\":[\"https:\/\/www.facebook.com\/psol50\",\"https:\/\/x.com\/psol50\",\"https:\/\/www.instagram.com\/psol50\/\",\"https:\/\/www.youtube.com\/channel\/UC7SnJS5o1os7a6CaiNabzcg\"]},{\"@type\":\"Person\",\"@id\":\"https:\/\/psol50.org.br\/#\/schema\/person\/475dfa57d0b815993c714c2e96491fcd\",\"name\":\"Comunica\u00e7\u00e3o PSOL\",\"image\":{\"@type\":\"ImageObject\",\"inLanguage\":\"pt-BR\",\"@id\":\"https:\/\/psol50.org.br\/#\/schema\/person\/image\/\",\"url\":\"https:\/\/secure.gravatar.com\/avatar\/b34fc4f4e468a4e51785917065a3db57b841f5c95dba6ad8c73aaf8f66f8f9bf?s=96&d=mm&r=g\",\"contentUrl\":\"https:\/\/secure.gravatar.com\/avatar\/b34fc4f4e468a4e51785917065a3db57b841f5c95dba6ad8c73aaf8f66f8f9bf?s=96&d=mm&r=g\",\"caption\":\"Comunica\u00e7\u00e3o PSOL\"}}]}<\/script>\n<!-- \/ Yoast SEO plugin. -->","yoast_head_json":{"title":"Justi\u00e7a acata pedido do PSOL e determina redu\u00e7\u00e3o de passagem em Porto Alegre - PSOL 50","robots":{"index":"index","follow":"follow","max-snippet":"max-snippet:-1","max-image-preview":"max-image-preview:large","max-video-preview":"max-video-preview:-1"},"canonical":"https:\/\/psol50.org.br\/justica-acata-pedido-do-psol-e-determina-reducao-de-passagem-em-porto-alegre\/","og_locale":"pt_BR","og_type":"article","og_title":"Justi\u00e7a acata pedido do PSOL e determina redu\u00e7\u00e3o de passagem em Porto Alegre - PSOL 50","og_description":"Desde\u00a0esta quinta-feira (25) o pre\u00e7o da passagem de \u00f4nibus e de lota\u00e7\u00f5es em Porto Alegre voltou ao pre\u00e7o antigo: R$ 3,25. Isso porque a ju\u00edza\u00a0Karla Aveline de Oliveira, \u00a0do Foro Central de Porto Alegre, aceitou o pedido protocolado na \u00faltima segunda-feira (22) pelo PSOL, solicitando a suspens\u00e3o do aumento tarif\u00e1rio tanto dos \u00f4nibus quanto das [&hellip;]","og_url":"https:\/\/psol50.org.br\/justica-acata-pedido-do-psol-e-determina-reducao-de-passagem-em-porto-alegre\/","og_site_name":"PSOL 50","article_publisher":"https:\/\/www.facebook.com\/psol50","article_published_time":"2016-02-25T17:10:14+00:00","og_image":[{"width":1350,"height":900,"url":"https:\/\/psol50.org.br\/inc\/uploads\/2018\/07\/capa.png","type":"image\/png"}],"author":"Comunica\u00e7\u00e3o PSOL","twitter_card":"summary_large_image","twitter_creator":"@psol50","twitter_site":"@psol50","twitter_misc":{"Escrito por":"Comunica\u00e7\u00e3o PSOL","Est. tempo de leitura":"2 minutos"},"schema":{"@context":"https:\/\/schema.org","@graph":[{"@type":"Article","@id":"https:\/\/psol50.org.br\/justica-acata-pedido-do-psol-e-determina-reducao-de-passagem-em-porto-alegre\/#article","isPartOf":{"@id":"https:\/\/psol50.org.br\/justica-acata-pedido-do-psol-e-determina-reducao-de-passagem-em-porto-alegre\/"},"author":{"name":"Comunica\u00e7\u00e3o PSOL","@id":"https:\/\/psol50.org.br\/#\/schema\/person\/475dfa57d0b815993c714c2e96491fcd"},"headline":"Justi\u00e7a acata pedido do PSOL e determina redu\u00e7\u00e3o de passagem em Porto Alegre","datePublished":"2016-02-25T17:10:14+00:00","mainEntityOfPage":{"@id":"https:\/\/psol50.org.br\/justica-acata-pedido-do-psol-e-determina-reducao-de-passagem-em-porto-alegre\/"},"wordCount":418,"commentCount":0,"publisher":{"@id":"https:\/\/psol50.org.br\/#organization"},"image":{"@id":"https:\/\/psol50.org.br\/justica-acata-pedido-do-psol-e-determina-reducao-de-passagem-em-porto-alegre\/#primaryimage"},"thumbnailUrl":"","keywords":["Fernanda Melchionna","lota\u00e7\u00e3o","\u00f4nibus","Pedro Ruas","Porto Alegre","PSOL","redu\u00e7\u00e3o da passagem","tarifa","transporte p\u00fablico"],"articleSection":["Estados","Not\u00edcias","Partido"],"inLanguage":"pt-BR","potentialAction":[{"@type":"CommentAction","name":"Comment","target":["https:\/\/psol50.org.br\/justica-acata-pedido-do-psol-e-determina-reducao-de-passagem-em-porto-alegre\/#respond"]}]},{"@type":"WebPage","@id":"https:\/\/psol50.org.br\/justica-acata-pedido-do-psol-e-determina-reducao-de-passagem-em-porto-alegre\/","url":"https:\/\/psol50.org.br\/justica-acata-pedido-do-psol-e-determina-reducao-de-passagem-em-porto-alegre\/","name":"Justi\u00e7a acata pedido do PSOL e determina redu\u00e7\u00e3o de passagem em Porto Alegre - PSOL 50","isPartOf":{"@id":"https:\/\/psol50.org.br\/#website"},"primaryImageOfPage":{"@id":"https:\/\/psol50.org.br\/justica-acata-pedido-do-psol-e-determina-reducao-de-passagem-em-porto-alegre\/#primaryimage"},"image":{"@id":"https:\/\/psol50.org.br\/justica-acata-pedido-do-psol-e-determina-reducao-de-passagem-em-porto-alegre\/#primaryimage"},"thumbnailUrl":"","datePublished":"2016-02-25T17:10:14+00:00","breadcrumb":{"@id":"https:\/\/psol50.org.br\/justica-acata-pedido-do-psol-e-determina-reducao-de-passagem-em-porto-alegre\/#breadcrumb"},"inLanguage":"pt-BR","potentialAction":[{"@type":"ReadAction","target":["https:\/\/psol50.org.br\/justica-acata-pedido-do-psol-e-determina-reducao-de-passagem-em-porto-alegre\/"]}]},{"@type":"ImageObject","inLanguage":"pt-BR","@id":"https:\/\/psol50.org.br\/justica-acata-pedido-do-psol-e-determina-reducao-de-passagem-em-porto-alegre\/#primaryimage","url":"","contentUrl":""},{"@type":"BreadcrumbList","@id":"https:\/\/psol50.org.br\/justica-acata-pedido-do-psol-e-determina-reducao-de-passagem-em-porto-alegre\/#breadcrumb","itemListElement":[{"@type":"ListItem","position":1,"name":"In\u00edcio","item":"https:\/\/psol50.org.br\/"},{"@type":"ListItem","position":2,"name":"Justi\u00e7a acata pedido do PSOL e determina redu\u00e7\u00e3o de passagem em Porto Alegre"}]},{"@type":"WebSite","@id":"https:\/\/psol50.org.br\/#website","url":"https:\/\/psol50.org.br\/","name":"PSOL 50","description":"Site oficial do Partido Socialismo e Liberdade","publisher":{"@id":"https:\/\/psol50.org.br\/#organization"},"alternateName":"PSOL50","potentialAction":[{"@type":"SearchAction","target":{"@type":"EntryPoint","urlTemplate":"https:\/\/psol50.org.br\/?s={search_term_string}"},"query-input":{"@type":"PropertyValueSpecification","valueRequired":true,"valueName":"search_term_string"}}],"inLanguage":"pt-BR"},{"@type":"Organization","@id":"https:\/\/psol50.org.br\/#organization","name":"PSOL 50","alternateName":"PSOL 50","url":"https:\/\/psol50.org.br\/","logo":{"@type":"ImageObject","inLanguage":"pt-BR","@id":"https:\/\/psol50.org.br\/#\/schema\/logo\/image\/","url":"https:\/\/psol50.org.br\/inc\/uploads\/2018\/07\/capa.png","contentUrl":"https:\/\/psol50.org.br\/inc\/uploads\/2018\/07\/capa.png","width":1350,"height":900,"caption":"PSOL 50"},"image":{"@id":"https:\/\/psol50.org.br\/#\/schema\/logo\/image\/"},"sameAs":["https:\/\/www.facebook.com\/psol50","https:\/\/x.com\/psol50","https:\/\/www.instagram.com\/psol50\/","https:\/\/www.youtube.com\/channel\/UC7SnJS5o1os7a6CaiNabzcg"]},{"@type":"Person","@id":"https:\/\/psol50.org.br\/#\/schema\/person\/475dfa57d0b815993c714c2e96491fcd","name":"Comunica\u00e7\u00e3o PSOL","image":{"@type":"ImageObject","inLanguage":"pt-BR","@id":"https:\/\/psol50.org.br\/#\/schema\/person\/image\/","url":"https:\/\/secure.gravatar.com\/avatar\/b34fc4f4e468a4e51785917065a3db57b841f5c95dba6ad8c73aaf8f66f8f9bf?s=96&d=mm&r=g","contentUrl":"https:\/\/secure.gravatar.com\/avatar\/b34fc4f4e468a4e51785917065a3db57b841f5c95dba6ad8c73aaf8f66f8f9bf?s=96&d=mm&r=g","caption":"Comunica\u00e7\u00e3o PSOL"}}]}},"_links":{"self":[{"href":"https:\/\/psol50.org.br\/rest\/wp\/v2\/posts\/11440","targetHints":{"allow":["GET"]}}],"collection":[{"href":"https:\/\/psol50.org.br\/rest\/wp\/v2\/posts"}],"about":[{"href":"https:\/\/psol50.org.br\/rest\/wp\/v2\/types\/post"}],"author":[{"embeddable":true,"href":"https:\/\/psol50.org.br\/rest\/wp\/v2\/users\/2"}],"replies":[{"embeddable":true,"href":"https:\/\/psol50.org.br\/rest\/wp\/v2\/comments?post=11440"}],"version-history":[{"count":0,"href":"https:\/\/psol50.org.br\/rest\/wp\/v2\/posts\/11440\/revisions"}],"wp:featuredmedia":[{"embeddable":true,"href":"https:\/\/psol50.org.br\/rest\/"}],"wp:attachment":[{"href":"https:\/\/psol50.org.br\/rest\/wp\/v2\/media?parent=11440"}],"wp:term":[{"taxonomy":"category","embeddable":true,"href":"https:\/\/psol50.org.br\/rest\/wp\/v2\/categories?post=11440"},{"taxonomy":"post_tag","embeddable":true,"href":"https:\/\/psol50.org.br\/rest\/wp\/v2\/tags?post=11440"}],"curies":[{"name":"wp","href":"https:\/\/api.w.org\/{rel}","templated":true}]}}