{"id":11464,"date":"2016-02-26T18:16:06","date_gmt":"2016-02-26T18:16:06","guid":{"rendered":"http:\/\/www.psol50.org.br\/?p=11464"},"modified":"2016-02-26T18:16:06","modified_gmt":"2016-02-26T18:16:06","slug":"31-de-marco-e-dia-nacional-de-luta-unificada-contra-o-ajuste-fiscal-e-a-reforma-da-previdencia","status":"publish","type":"post","link":"https:\/\/psol50.org.br\/31-de-marco-e-dia-nacional-de-luta-unificada-contra-o-ajuste-fiscal-e-a-reforma-da-previdencia\/","title":{"rendered":"31 de mar\u00e7o \u00e9 dia nacional de luta unificada contra o ajuste fiscal e a reforma da previd\u00eancia"},"content":{"rendered":"<p>No pr\u00f3ximo dia 31 de mar\u00e7o, entidades sindicais e organiza\u00e7\u00f5es sociais que atuam em diversas \u00e1reas realizar\u00e3o, em todo o pa\u00eds, um dia nacional de lutas unificado, com o objetivo de denunciar, para toda a sociedade, as medidas em curso, que penalizam a classe trabalhadora, a juventude e o povo mais pobre do pa\u00eds. Al\u00e9m disso, tamb\u00e9m querem mostrar que n\u00e3o aceitar\u00e3o as investidas conservadoras, que colocam em risco direitos j\u00e1 conquistados e impedem a possibilidade de novos avan\u00e7os sociais. O ajuste fiscal, os cortes nos gastos sociais e a reforma da previd\u00eancia, anunciados pelo governo, est\u00e3o entre os principais pontos da pauta unificada, que tamb\u00e9m engloba\u00a0a\u00a0defesa do emprego e dos direitos dos trabalhadores; fora Cunha; e contra o impeachment de Dilma.<\/p>\n<p>O PSOL, que ao lado de organiza\u00e7\u00f5es como MTST e Intersindical \u2013 Central da Classe Trabalhadora constr\u00f3i a Frente Povo Sem Medo, participar\u00e1 das manifesta\u00e7\u00f5es e, nesse sentido, convoca a sua milit\u00e2ncia a estar presente tanto no evento nacional, que ser\u00e1 em Bras\u00edlia, quanto nos estados.<\/p>\n<p>A posi\u00e7\u00e3o de participar do dia unificado de lutas foi aprovada durante reuni\u00e3o da Executiva Nacional do partido, em 20 de fevereiro, e pode ser conferida na resolu\u00e7\u00e3o que segue abaixo.<\/p>\n<p><strong><em>PSOL convoca milit\u00e2ncia para manifesta\u00e7\u00f5es do dia 31 de mar\u00e7o<br \/>\n<\/em><\/strong><em>A Executiva Nacional do PSOL, de acordo com a articula\u00e7\u00e3o feita pela Frente Povo Sem Medo, conjuntamente com a Brasil\u00a0 Popular, de construir as manifesta\u00e7\u00f5es do pr\u00f3ximo dia 31 de mar\u00e7o, convoca seus militantes e filiados a participarem, com identidade e pol\u00edticas pr\u00f3prias, tanto no evento nacional, convocado para Bras\u00edlia, quanto nos estados em que for poss\u00edvel construir a unidade em torno do programa definido nacionalmente e priorizando os locais em que houver presen\u00e7a de nossos principais aliados no movimento social.<\/em><\/p>\n<p><em>As pautas unit\u00e1rias s\u00e3o: contra a reforma da previd\u00eancia; n\u00e3o ao ajuste fiscal e os cortes nos gastos sociais; em defesa do emprego e dos direitos dos trabalhadores; fora Cunha; e contra o impeachment de Dilma.<\/em><\/p>\n<p><em><strong>Bras\u00edlia, 20 de fevereiro de 2016<\/strong><\/em><br \/>\n<em> <strong>Executiva Nacional do PSOL<\/strong><\/em><\/p>\n<p>Confira tamb\u00e9m a resolu\u00e7\u00e3o de conjuntura, aprovada pela Executiva Nacional do PSOL, na mesma reuni\u00e3o de 20 de fevereiro:\u00a0<a href=\"http:\/\/www.psol50.org.br\/2016\/02\/executiva-nacional-do-psol-convoca-militancia-a-fortalecer-a-luta-contra-o-ajuste-fiscal\/\">Executiva Nacional do PSOL convoca milit\u00e2ncia a fortalecer a luta contra o ajuste fiscal<\/a><\/p>\n<p><em>\u00a0<\/em><\/p>\n<p>&nbsp;<\/p>\n<p>&nbsp;<\/p>\n","protected":false},"excerpt":{"rendered":"<p>No pr\u00f3ximo dia 31 de mar\u00e7o, entidades sindicais e organiza\u00e7\u00f5es sociais que atuam em diversas \u00e1reas realizar\u00e3o, em todo o pa\u00eds, um dia nacional de lutas unificado, com o objetivo de denunciar, para toda a sociedade, as medidas em curso, que penalizam a classe trabalhadora, a juventude e o povo mais pobre do pa\u00eds. Al\u00e9m [&hellip;]<\/p>\n","protected":false},"author":2,"featured_media":11465,"comment_status":"open","ping_status":"open","sticky":false,"template":"","format":"standard","meta":{"_acf_changed":false,"footnotes":""},"categories":[1882,2208,1104,6,14,72],"tags":[1432,4026,3964,242,3962,1878,220,3174,101,39],"class_list":{"0":"post-11464","1":"post","2":"type-post","3":"status-publish","4":"format-standard","5":"has-post-thumbnail","7":"category-brasil","8":"category-educacao","9":"category-movimento","10":"category-noticias","11":"category-partido","12":"category-resolucoes","13":"tag-ajuste-fiscal","14":"tag-dia-nacional-de-luta-unificada","15":"tag-dilma","16":"tag-executiva-nacional-do-psol","17":"tag-fora-cunha","18":"tag-frente-povo-sem-medo","19":"tag-impeachment","20":"tag-intersindical-central-da-classe-trabalhadora","21":"tag-mtst","22":"tag-reforma-da-previdencia"},"acf":[],"yoast_head":"<!-- This site is optimized with the Yoast SEO plugin v26.5 - https:\/\/yoast.com\/wordpress\/plugins\/seo\/ -->\n<title>31 de mar\u00e7o \u00e9 dia nacional de luta unificada contra o ajuste fiscal e a reforma da previd\u00eancia - PSOL 50<\/title>\n<meta name=\"robots\" content=\"index, follow, max-snippet:-1, max-image-preview:large, max-video-preview:-1\" \/>\n<link rel=\"canonical\" href=\"https:\/\/psol50.org.br\/31-de-marco-e-dia-nacional-de-luta-unificada-contra-o-ajuste-fiscal-e-a-reforma-da-previdencia\/\" \/>\n<meta property=\"og:locale\" content=\"pt_BR\" \/>\n<meta property=\"og:type\" content=\"article\" \/>\n<meta property=\"og:title\" content=\"31 de mar\u00e7o \u00e9 dia nacional de luta unificada contra o ajuste fiscal e a reforma da previd\u00eancia - PSOL 50\" \/>\n<meta property=\"og:description\" content=\"No pr\u00f3ximo dia 31 de mar\u00e7o, entidades sindicais e organiza\u00e7\u00f5es sociais que atuam em diversas \u00e1reas realizar\u00e3o, em todo o pa\u00eds, um dia nacional de lutas unificado, com o objetivo de denunciar, para toda a sociedade, as medidas em curso, que penalizam a classe trabalhadora, a juventude e o povo mais pobre do pa\u00eds. Al\u00e9m [&hellip;]\" \/>\n<meta property=\"og:url\" content=\"https:\/\/psol50.org.br\/31-de-marco-e-dia-nacional-de-luta-unificada-contra-o-ajuste-fiscal-e-a-reforma-da-previdencia\/\" \/>\n<meta property=\"og:site_name\" content=\"PSOL 50\" \/>\n<meta property=\"article:publisher\" content=\"https:\/\/www.facebook.com\/psol50\" \/>\n<meta property=\"article:published_time\" content=\"2016-02-26T18:16:06+00:00\" \/>\n<meta property=\"og:image\" content=\"https:\/\/psol50.org.br\/inc\/uploads\/2018\/07\/capa.png\" \/>\n\t<meta property=\"og:image:width\" content=\"1350\" \/>\n\t<meta property=\"og:image:height\" content=\"900\" \/>\n\t<meta property=\"og:image:type\" content=\"image\/png\" \/>\n<meta name=\"author\" content=\"Comunica\u00e7\u00e3o PSOL\" \/>\n<meta name=\"twitter:card\" content=\"summary_large_image\" \/>\n<meta name=\"twitter:creator\" content=\"@psol50\" \/>\n<meta name=\"twitter:site\" content=\"@psol50\" \/>\n<meta name=\"twitter:label1\" content=\"Escrito por\" \/>\n\t<meta name=\"twitter:data1\" content=\"Comunica\u00e7\u00e3o PSOL\" \/>\n\t<meta name=\"twitter:label2\" content=\"Est. tempo de leitura\" \/>\n\t<meta name=\"twitter:data2\" content=\"2 minutos\" \/>\n<script type=\"application\/ld+json\" class=\"yoast-schema-graph\">{\"@context\":\"https:\/\/schema.org\",\"@graph\":[{\"@type\":\"Article\",\"@id\":\"https:\/\/psol50.org.br\/31-de-marco-e-dia-nacional-de-luta-unificada-contra-o-ajuste-fiscal-e-a-reforma-da-previdencia\/#article\",\"isPartOf\":{\"@id\":\"https:\/\/psol50.org.br\/31-de-marco-e-dia-nacional-de-luta-unificada-contra-o-ajuste-fiscal-e-a-reforma-da-previdencia\/\"},\"author\":{\"name\":\"Comunica\u00e7\u00e3o PSOL\",\"@id\":\"https:\/\/psol50.org.br\/#\/schema\/person\/475dfa57d0b815993c714c2e96491fcd\"},\"headline\":\"31 de mar\u00e7o \u00e9 dia nacional de luta unificada contra o ajuste fiscal e a reforma da previd\u00eancia\",\"datePublished\":\"2016-02-26T18:16:06+00:00\",\"mainEntityOfPage\":{\"@id\":\"https:\/\/psol50.org.br\/31-de-marco-e-dia-nacional-de-luta-unificada-contra-o-ajuste-fiscal-e-a-reforma-da-previdencia\/\"},\"wordCount\":426,\"commentCount\":0,\"publisher\":{\"@id\":\"https:\/\/psol50.org.br\/#organization\"},\"image\":{\"@id\":\"https:\/\/psol50.org.br\/31-de-marco-e-dia-nacional-de-luta-unificada-contra-o-ajuste-fiscal-e-a-reforma-da-previdencia\/#primaryimage\"},\"thumbnailUrl\":\"\",\"keywords\":[\"Ajuste Fiscal\",\"dia nacional de luta unificada\",\"Dilma\",\"Executiva Nacional do PSOL\",\"Fora Cunha\",\"Frente Povo Sem Medo\",\"impeachment\",\"Intersindical - Central da Classe Trabalhadora\",\"MTST\",\"reforma da previd\u00eancia\"],\"articleSection\":[\"Brasil\",\"Educa\u00e7\u00e3o\",\"Movimento\",\"Not\u00edcias\",\"Partido\",\"Resolu\u00e7\u00f5es\"],\"inLanguage\":\"pt-BR\",\"potentialAction\":[{\"@type\":\"CommentAction\",\"name\":\"Comment\",\"target\":[\"https:\/\/psol50.org.br\/31-de-marco-e-dia-nacional-de-luta-unificada-contra-o-ajuste-fiscal-e-a-reforma-da-previdencia\/#respond\"]}]},{\"@type\":\"WebPage\",\"@id\":\"https:\/\/psol50.org.br\/31-de-marco-e-dia-nacional-de-luta-unificada-contra-o-ajuste-fiscal-e-a-reforma-da-previdencia\/\",\"url\":\"https:\/\/psol50.org.br\/31-de-marco-e-dia-nacional-de-luta-unificada-contra-o-ajuste-fiscal-e-a-reforma-da-previdencia\/\",\"name\":\"31 de mar\u00e7o \u00e9 dia nacional de luta unificada contra o ajuste fiscal e a reforma da previd\u00eancia - PSOL 50\",\"isPartOf\":{\"@id\":\"https:\/\/psol50.org.br\/#website\"},\"primaryImageOfPage\":{\"@id\":\"https:\/\/psol50.org.br\/31-de-marco-e-dia-nacional-de-luta-unificada-contra-o-ajuste-fiscal-e-a-reforma-da-previdencia\/#primaryimage\"},\"image\":{\"@id\":\"https:\/\/psol50.org.br\/31-de-marco-e-dia-nacional-de-luta-unificada-contra-o-ajuste-fiscal-e-a-reforma-da-previdencia\/#primaryimage\"},\"thumbnailUrl\":\"\",\"datePublished\":\"2016-02-26T18:16:06+00:00\",\"breadcrumb\":{\"@id\":\"https:\/\/psol50.org.br\/31-de-marco-e-dia-nacional-de-luta-unificada-contra-o-ajuste-fiscal-e-a-reforma-da-previdencia\/#breadcrumb\"},\"inLanguage\":\"pt-BR\",\"potentialAction\":[{\"@type\":\"ReadAction\",\"target\":[\"https:\/\/psol50.org.br\/31-de-marco-e-dia-nacional-de-luta-unificada-contra-o-ajuste-fiscal-e-a-reforma-da-previdencia\/\"]}]},{\"@type\":\"ImageObject\",\"inLanguage\":\"pt-BR\",\"@id\":\"https:\/\/psol50.org.br\/31-de-marco-e-dia-nacional-de-luta-unificada-contra-o-ajuste-fiscal-e-a-reforma-da-previdencia\/#primaryimage\",\"url\":\"\",\"contentUrl\":\"\"},{\"@type\":\"BreadcrumbList\",\"@id\":\"https:\/\/psol50.org.br\/31-de-marco-e-dia-nacional-de-luta-unificada-contra-o-ajuste-fiscal-e-a-reforma-da-previdencia\/#breadcrumb\",\"itemListElement\":[{\"@type\":\"ListItem\",\"position\":1,\"name\":\"In\u00edcio\",\"item\":\"https:\/\/psol50.org.br\/\"},{\"@type\":\"ListItem\",\"position\":2,\"name\":\"31 de mar\u00e7o \u00e9 dia nacional de luta unificada contra o ajuste fiscal e a reforma da previd\u00eancia\"}]},{\"@type\":\"WebSite\",\"@id\":\"https:\/\/psol50.org.br\/#website\",\"url\":\"https:\/\/psol50.org.br\/\",\"name\":\"PSOL 50\",\"description\":\"Site oficial do Partido Socialismo e Liberdade\",\"publisher\":{\"@id\":\"https:\/\/psol50.org.br\/#organization\"},\"alternateName\":\"PSOL50\",\"potentialAction\":[{\"@type\":\"SearchAction\",\"target\":{\"@type\":\"EntryPoint\",\"urlTemplate\":\"https:\/\/psol50.org.br\/?s={search_term_string}\"},\"query-input\":{\"@type\":\"PropertyValueSpecification\",\"valueRequired\":true,\"valueName\":\"search_term_string\"}}],\"inLanguage\":\"pt-BR\"},{\"@type\":\"Organization\",\"@id\":\"https:\/\/psol50.org.br\/#organization\",\"name\":\"PSOL 50\",\"alternateName\":\"PSOL 50\",\"url\":\"https:\/\/psol50.org.br\/\",\"logo\":{\"@type\":\"ImageObject\",\"inLanguage\":\"pt-BR\",\"@id\":\"https:\/\/psol50.org.br\/#\/schema\/logo\/image\/\",\"url\":\"https:\/\/psol50.org.br\/inc\/uploads\/2018\/07\/capa.png\",\"contentUrl\":\"https:\/\/psol50.org.br\/inc\/uploads\/2018\/07\/capa.png\",\"width\":1350,\"height\":900,\"caption\":\"PSOL 50\"},\"image\":{\"@id\":\"https:\/\/psol50.org.br\/#\/schema\/logo\/image\/\"},\"sameAs\":[\"https:\/\/www.facebook.com\/psol50\",\"https:\/\/x.com\/psol50\",\"https:\/\/www.instagram.com\/psol50\/\",\"https:\/\/www.youtube.com\/channel\/UC7SnJS5o1os7a6CaiNabzcg\"]},{\"@type\":\"Person\",\"@id\":\"https:\/\/psol50.org.br\/#\/schema\/person\/475dfa57d0b815993c714c2e96491fcd\",\"name\":\"Comunica\u00e7\u00e3o PSOL\",\"image\":{\"@type\":\"ImageObject\",\"inLanguage\":\"pt-BR\",\"@id\":\"https:\/\/psol50.org.br\/#\/schema\/person\/image\/\",\"url\":\"https:\/\/secure.gravatar.com\/avatar\/b34fc4f4e468a4e51785917065a3db57b841f5c95dba6ad8c73aaf8f66f8f9bf?s=96&d=mm&r=g\",\"contentUrl\":\"https:\/\/secure.gravatar.com\/avatar\/b34fc4f4e468a4e51785917065a3db57b841f5c95dba6ad8c73aaf8f66f8f9bf?s=96&d=mm&r=g\",\"caption\":\"Comunica\u00e7\u00e3o PSOL\"}}]}<\/script>\n<!-- \/ Yoast SEO plugin. -->","yoast_head_json":{"title":"31 de mar\u00e7o \u00e9 dia nacional de luta unificada contra o ajuste fiscal e a reforma da previd\u00eancia - PSOL 50","robots":{"index":"index","follow":"follow","max-snippet":"max-snippet:-1","max-image-preview":"max-image-preview:large","max-video-preview":"max-video-preview:-1"},"canonical":"https:\/\/psol50.org.br\/31-de-marco-e-dia-nacional-de-luta-unificada-contra-o-ajuste-fiscal-e-a-reforma-da-previdencia\/","og_locale":"pt_BR","og_type":"article","og_title":"31 de mar\u00e7o \u00e9 dia nacional de luta unificada contra o ajuste fiscal e a reforma da previd\u00eancia - PSOL 50","og_description":"No pr\u00f3ximo dia 31 de mar\u00e7o, entidades sindicais e organiza\u00e7\u00f5es sociais que atuam em diversas \u00e1reas realizar\u00e3o, em todo o pa\u00eds, um dia nacional de lutas unificado, com o objetivo de denunciar, para toda a sociedade, as medidas em curso, que penalizam a classe trabalhadora, a juventude e o povo mais pobre do pa\u00eds. Al\u00e9m [&hellip;]","og_url":"https:\/\/psol50.org.br\/31-de-marco-e-dia-nacional-de-luta-unificada-contra-o-ajuste-fiscal-e-a-reforma-da-previdencia\/","og_site_name":"PSOL 50","article_publisher":"https:\/\/www.facebook.com\/psol50","article_published_time":"2016-02-26T18:16:06+00:00","og_image":[{"width":1350,"height":900,"url":"https:\/\/psol50.org.br\/inc\/uploads\/2018\/07\/capa.png","type":"image\/png"}],"author":"Comunica\u00e7\u00e3o PSOL","twitter_card":"summary_large_image","twitter_creator":"@psol50","twitter_site":"@psol50","twitter_misc":{"Escrito por":"Comunica\u00e7\u00e3o PSOL","Est. tempo de leitura":"2 minutos"},"schema":{"@context":"https:\/\/schema.org","@graph":[{"@type":"Article","@id":"https:\/\/psol50.org.br\/31-de-marco-e-dia-nacional-de-luta-unificada-contra-o-ajuste-fiscal-e-a-reforma-da-previdencia\/#article","isPartOf":{"@id":"https:\/\/psol50.org.br\/31-de-marco-e-dia-nacional-de-luta-unificada-contra-o-ajuste-fiscal-e-a-reforma-da-previdencia\/"},"author":{"name":"Comunica\u00e7\u00e3o PSOL","@id":"https:\/\/psol50.org.br\/#\/schema\/person\/475dfa57d0b815993c714c2e96491fcd"},"headline":"31 de mar\u00e7o \u00e9 dia nacional de luta unificada contra o ajuste fiscal e a reforma da previd\u00eancia","datePublished":"2016-02-26T18:16:06+00:00","mainEntityOfPage":{"@id":"https:\/\/psol50.org.br\/31-de-marco-e-dia-nacional-de-luta-unificada-contra-o-ajuste-fiscal-e-a-reforma-da-previdencia\/"},"wordCount":426,"commentCount":0,"publisher":{"@id":"https:\/\/psol50.org.br\/#organization"},"image":{"@id":"https:\/\/psol50.org.br\/31-de-marco-e-dia-nacional-de-luta-unificada-contra-o-ajuste-fiscal-e-a-reforma-da-previdencia\/#primaryimage"},"thumbnailUrl":"","keywords":["Ajuste Fiscal","dia nacional de luta unificada","Dilma","Executiva Nacional do PSOL","Fora Cunha","Frente Povo Sem Medo","impeachment","Intersindical - Central da Classe Trabalhadora","MTST","reforma da previd\u00eancia"],"articleSection":["Brasil","Educa\u00e7\u00e3o","Movimento","Not\u00edcias","Partido","Resolu\u00e7\u00f5es"],"inLanguage":"pt-BR","potentialAction":[{"@type":"CommentAction","name":"Comment","target":["https:\/\/psol50.org.br\/31-de-marco-e-dia-nacional-de-luta-unificada-contra-o-ajuste-fiscal-e-a-reforma-da-previdencia\/#respond"]}]},{"@type":"WebPage","@id":"https:\/\/psol50.org.br\/31-de-marco-e-dia-nacional-de-luta-unificada-contra-o-ajuste-fiscal-e-a-reforma-da-previdencia\/","url":"https:\/\/psol50.org.br\/31-de-marco-e-dia-nacional-de-luta-unificada-contra-o-ajuste-fiscal-e-a-reforma-da-previdencia\/","name":"31 de mar\u00e7o \u00e9 dia nacional de luta unificada contra o ajuste fiscal e a reforma da previd\u00eancia - PSOL 50","isPartOf":{"@id":"https:\/\/psol50.org.br\/#website"},"primaryImageOfPage":{"@id":"https:\/\/psol50.org.br\/31-de-marco-e-dia-nacional-de-luta-unificada-contra-o-ajuste-fiscal-e-a-reforma-da-previdencia\/#primaryimage"},"image":{"@id":"https:\/\/psol50.org.br\/31-de-marco-e-dia-nacional-de-luta-unificada-contra-o-ajuste-fiscal-e-a-reforma-da-previdencia\/#primaryimage"},"thumbnailUrl":"","datePublished":"2016-02-26T18:16:06+00:00","breadcrumb":{"@id":"https:\/\/psol50.org.br\/31-de-marco-e-dia-nacional-de-luta-unificada-contra-o-ajuste-fiscal-e-a-reforma-da-previdencia\/#breadcrumb"},"inLanguage":"pt-BR","potentialAction":[{"@type":"ReadAction","target":["https:\/\/psol50.org.br\/31-de-marco-e-dia-nacional-de-luta-unificada-contra-o-ajuste-fiscal-e-a-reforma-da-previdencia\/"]}]},{"@type":"ImageObject","inLanguage":"pt-BR","@id":"https:\/\/psol50.org.br\/31-de-marco-e-dia-nacional-de-luta-unificada-contra-o-ajuste-fiscal-e-a-reforma-da-previdencia\/#primaryimage","url":"","contentUrl":""},{"@type":"BreadcrumbList","@id":"https:\/\/psol50.org.br\/31-de-marco-e-dia-nacional-de-luta-unificada-contra-o-ajuste-fiscal-e-a-reforma-da-previdencia\/#breadcrumb","itemListElement":[{"@type":"ListItem","position":1,"name":"In\u00edcio","item":"https:\/\/psol50.org.br\/"},{"@type":"ListItem","position":2,"name":"31 de mar\u00e7o \u00e9 dia nacional de luta unificada contra o ajuste fiscal e a reforma da previd\u00eancia"}]},{"@type":"WebSite","@id":"https:\/\/psol50.org.br\/#website","url":"https:\/\/psol50.org.br\/","name":"PSOL 50","description":"Site oficial do Partido Socialismo e Liberdade","publisher":{"@id":"https:\/\/psol50.org.br\/#organization"},"alternateName":"PSOL50","potentialAction":[{"@type":"SearchAction","target":{"@type":"EntryPoint","urlTemplate":"https:\/\/psol50.org.br\/?s={search_term_string}"},"query-input":{"@type":"PropertyValueSpecification","valueRequired":true,"valueName":"search_term_string"}}],"inLanguage":"pt-BR"},{"@type":"Organization","@id":"https:\/\/psol50.org.br\/#organization","name":"PSOL 50","alternateName":"PSOL 50","url":"https:\/\/psol50.org.br\/","logo":{"@type":"ImageObject","inLanguage":"pt-BR","@id":"https:\/\/psol50.org.br\/#\/schema\/logo\/image\/","url":"https:\/\/psol50.org.br\/inc\/uploads\/2018\/07\/capa.png","contentUrl":"https:\/\/psol50.org.br\/inc\/uploads\/2018\/07\/capa.png","width":1350,"height":900,"caption":"PSOL 50"},"image":{"@id":"https:\/\/psol50.org.br\/#\/schema\/logo\/image\/"},"sameAs":["https:\/\/www.facebook.com\/psol50","https:\/\/x.com\/psol50","https:\/\/www.instagram.com\/psol50\/","https:\/\/www.youtube.com\/channel\/UC7SnJS5o1os7a6CaiNabzcg"]},{"@type":"Person","@id":"https:\/\/psol50.org.br\/#\/schema\/person\/475dfa57d0b815993c714c2e96491fcd","name":"Comunica\u00e7\u00e3o PSOL","image":{"@type":"ImageObject","inLanguage":"pt-BR","@id":"https:\/\/psol50.org.br\/#\/schema\/person\/image\/","url":"https:\/\/secure.gravatar.com\/avatar\/b34fc4f4e468a4e51785917065a3db57b841f5c95dba6ad8c73aaf8f66f8f9bf?s=96&d=mm&r=g","contentUrl":"https:\/\/secure.gravatar.com\/avatar\/b34fc4f4e468a4e51785917065a3db57b841f5c95dba6ad8c73aaf8f66f8f9bf?s=96&d=mm&r=g","caption":"Comunica\u00e7\u00e3o PSOL"}}]}},"_links":{"self":[{"href":"https:\/\/psol50.org.br\/rest\/wp\/v2\/posts\/11464","targetHints":{"allow":["GET"]}}],"collection":[{"href":"https:\/\/psol50.org.br\/rest\/wp\/v2\/posts"}],"about":[{"href":"https:\/\/psol50.org.br\/rest\/wp\/v2\/types\/post"}],"author":[{"embeddable":true,"href":"https:\/\/psol50.org.br\/rest\/wp\/v2\/users\/2"}],"replies":[{"embeddable":true,"href":"https:\/\/psol50.org.br\/rest\/wp\/v2\/comments?post=11464"}],"version-history":[{"count":0,"href":"https:\/\/psol50.org.br\/rest\/wp\/v2\/posts\/11464\/revisions"}],"wp:featuredmedia":[{"embeddable":true,"href":"https:\/\/psol50.org.br\/rest\/"}],"wp:attachment":[{"href":"https:\/\/psol50.org.br\/rest\/wp\/v2\/media?parent=11464"}],"wp:term":[{"taxonomy":"category","embeddable":true,"href":"https:\/\/psol50.org.br\/rest\/wp\/v2\/categories?post=11464"},{"taxonomy":"post_tag","embeddable":true,"href":"https:\/\/psol50.org.br\/rest\/wp\/v2\/tags?post=11464"}],"curies":[{"name":"wp","href":"https:\/\/api.w.org\/{rel}","templated":true}]}}