{"id":11474,"date":"2016-02-26T21:07:18","date_gmt":"2016-02-26T21:07:18","guid":{"rendered":"http:\/\/www.psol50.org.br\/?p=11474"},"modified":"2016-02-26T21:07:18","modified_gmt":"2016-02-26T21:07:18","slug":"frente-povo-sem-medo-e-lancada-no-maranhao-com-a-presenca-do-psol","status":"publish","type":"post","link":"https:\/\/psol50.org.br\/frente-povo-sem-medo-e-lancada-no-maranhao-com-a-presenca-do-psol\/","title":{"rendered":"Frente Povo Sem Medo \u00e9 lan\u00e7ada no Maranh\u00e3o, com a presen\u00e7a do PSOL"},"content":{"rendered":"<p>Nesta quinta-feira (25), militantes sociais e sindicais do Maranh\u00e3o lan\u00e7aram, em S\u00e3o Lu\u00eds, a Frente Povo Sem Medo, com a presen\u00e7a de cerca 600 pessoas, de 28 munic\u00edpios do estado. Realizado no audit\u00f3rio da Fetaema (Federa\u00e7\u00e3o dos Trabalhadores e das Trabalhadoras da Agricultura no Estado do Maranh\u00e3o), o evento contou com ampla participa\u00e7\u00e3o de militantes populares, com destaque para os que lutam por moradia digna. O PSOL esteve presente no ato pol\u00edtico, ao lado de dirigente de outras organiza\u00e7\u00f5es pol\u00edticas e sociais.<\/p>\n<p>A mesa de debates contou com a participa\u00e7\u00e3o de Guilherme Boulos, coordenador do MTST; Matheus Lima, representando a Intersindical-Central da Classe Trabalhadora; Jo\u00e3o Dantas, secret\u00e1rio nacional de movimentos sociais do PSOL e coordenador do MSTBDL (Movimento dos Sem Teto da Bahia Democr\u00e1tico Livre); Enilton, do JSol; Iriomar Teixeira, representando o movimento Redes e F\u00f3runs; Od\u00edvio Resende, dirigente do PSOL de S\u00e3o Lu\u00eds; Lu\u00eds Ant\u00f4nio Pedrosa, do PSOL do Maranh\u00e3o; e Regiane Almeida, do Setorial de Mulheres do PSOL-MA.<\/p>\n<p>Nesta sexta-feira (26), os trabalhos tiveram continuidade, com a realiza\u00e7\u00e3o da primeira reuni\u00e3o de planejamento da Frente Povo Sem Medo do Maranh\u00e3o. A coordena\u00e7\u00e3o provis\u00f3ria est\u00e1 sob a responsabilidade do movimento Redes e F\u00f3runs, que re\u00fane, h\u00e1 mais de dez anos, organiza\u00e7\u00f5es sociais e sindicais do estado, com atua\u00e7\u00e3o destacada na luta por controle social de pol\u00edticas p\u00fablicas e por direitos humanos.<\/p>\n<p>Segundo Lu\u00eds Ant\u00f4nio Pedrosa, a primeira agenda que ser\u00e1 constru\u00edda pela Frente no Maranh\u00e3o \u00e9 o ato unificado no dia 31 de mar\u00e7o, que \u00e9 parte do dia nacional de lutas convocados por diversas entidades e movimentos, incluindo o PSOL.<\/p>\n<p><em>Da reda\u00e7\u00e3o do PSOL Nacional<\/em><\/p>\n<p>&nbsp;<\/p>\n<p>&nbsp;<\/p>\n","protected":false},"excerpt":{"rendered":"<p>Nesta quinta-feira (25), militantes sociais e sindicais do Maranh\u00e3o lan\u00e7aram, em S\u00e3o Lu\u00eds, a Frente Povo Sem Medo, com a presen\u00e7a de cerca 600 pessoas, de 28 munic\u00edpios do estado. Realizado no audit\u00f3rio da Fetaema (Federa\u00e7\u00e3o dos Trabalhadores e das Trabalhadoras da Agricultura no Estado do Maranh\u00e3o), o evento contou com ampla participa\u00e7\u00e3o de militantes [&hellip;]<\/p>\n","protected":false},"author":2,"featured_media":11475,"comment_status":"open","ping_status":"open","sticky":false,"template":"","format":"standard","meta":{"_acf_changed":false,"footnotes":""},"categories":[654,1104,6],"tags":[4030,1878,977,3174,4031,4032,456,4033,101,22],"class_list":{"0":"post-11474","1":"post","2":"type-post","3":"status-publish","4":"format-standard","5":"has-post-thumbnail","7":"category-estados","8":"category-movimento","9":"category-noticias","10":"tag-dia-nacional-de-lutas-unificada","11":"tag-frente-povo-sem-medo","12":"tag-guilherme-boulos","13":"tag-intersindical-central-da-classe-trabalhadora","14":"tag-joao-dantas","15":"tag-luis-antonio-pedrosa","16":"tag-maranhao","17":"tag-movimento-dos-sem-teto-da-bahia-democratico-livre","18":"tag-mtst","19":"tag-psol"},"acf":[],"yoast_head":"<!-- This site is optimized with the Yoast SEO plugin v26.5 - https:\/\/yoast.com\/wordpress\/plugins\/seo\/ -->\n<title>Frente Povo Sem Medo \u00e9 lan\u00e7ada no Maranh\u00e3o, com a presen\u00e7a do PSOL - PSOL 50<\/title>\n<meta name=\"robots\" content=\"index, follow, max-snippet:-1, max-image-preview:large, max-video-preview:-1\" \/>\n<link rel=\"canonical\" href=\"https:\/\/psol50.org.br\/frente-povo-sem-medo-e-lancada-no-maranhao-com-a-presenca-do-psol\/\" \/>\n<meta property=\"og:locale\" content=\"pt_BR\" \/>\n<meta property=\"og:type\" content=\"article\" \/>\n<meta property=\"og:title\" content=\"Frente Povo Sem Medo \u00e9 lan\u00e7ada no Maranh\u00e3o, com a presen\u00e7a do PSOL - PSOL 50\" \/>\n<meta property=\"og:description\" content=\"Nesta quinta-feira (25), militantes sociais e sindicais do Maranh\u00e3o lan\u00e7aram, em S\u00e3o Lu\u00eds, a Frente Povo Sem Medo, com a presen\u00e7a de cerca 600 pessoas, de 28 munic\u00edpios do estado. Realizado no audit\u00f3rio da Fetaema (Federa\u00e7\u00e3o dos Trabalhadores e das Trabalhadoras da Agricultura no Estado do Maranh\u00e3o), o evento contou com ampla participa\u00e7\u00e3o de militantes [&hellip;]\" \/>\n<meta property=\"og:url\" content=\"https:\/\/psol50.org.br\/frente-povo-sem-medo-e-lancada-no-maranhao-com-a-presenca-do-psol\/\" \/>\n<meta property=\"og:site_name\" content=\"PSOL 50\" \/>\n<meta property=\"article:publisher\" content=\"https:\/\/www.facebook.com\/psol50\" \/>\n<meta property=\"article:published_time\" content=\"2016-02-26T21:07:18+00:00\" \/>\n<meta property=\"og:image\" content=\"https:\/\/psol50.org.br\/inc\/uploads\/2016\/02\/Frente-Povo-Sem-Medo-MA-1-1.jpg\" \/>\n\t<meta property=\"og:image:width\" content=\"1600\" \/>\n\t<meta property=\"og:image:height\" content=\"960\" \/>\n\t<meta property=\"og:image:type\" content=\"image\/jpeg\" \/>\n<meta name=\"author\" content=\"Comunica\u00e7\u00e3o PSOL\" \/>\n<meta name=\"twitter:card\" content=\"summary_large_image\" \/>\n<meta name=\"twitter:creator\" content=\"@psol50\" \/>\n<meta name=\"twitter:site\" content=\"@psol50\" \/>\n<meta name=\"twitter:label1\" content=\"Escrito por\" \/>\n\t<meta name=\"twitter:data1\" content=\"Comunica\u00e7\u00e3o PSOL\" \/>\n\t<meta name=\"twitter:label2\" content=\"Est. tempo de leitura\" \/>\n\t<meta name=\"twitter:data2\" content=\"2 minutos\" \/>\n<script type=\"application\/ld+json\" class=\"yoast-schema-graph\">{\"@context\":\"https:\/\/schema.org\",\"@graph\":[{\"@type\":\"Article\",\"@id\":\"https:\/\/psol50.org.br\/frente-povo-sem-medo-e-lancada-no-maranhao-com-a-presenca-do-psol\/#article\",\"isPartOf\":{\"@id\":\"https:\/\/psol50.org.br\/frente-povo-sem-medo-e-lancada-no-maranhao-com-a-presenca-do-psol\/\"},\"author\":{\"name\":\"Comunica\u00e7\u00e3o PSOL\",\"@id\":\"https:\/\/psol50.org.br\/#\/schema\/person\/475dfa57d0b815993c714c2e96491fcd\"},\"headline\":\"Frente Povo Sem Medo \u00e9 lan\u00e7ada no Maranh\u00e3o, com a presen\u00e7a do PSOL\",\"datePublished\":\"2016-02-26T21:07:18+00:00\",\"mainEntityOfPage\":{\"@id\":\"https:\/\/psol50.org.br\/frente-povo-sem-medo-e-lancada-no-maranhao-com-a-presenca-do-psol\/\"},\"wordCount\":318,\"commentCount\":0,\"publisher\":{\"@id\":\"https:\/\/psol50.org.br\/#organization\"},\"image\":{\"@id\":\"https:\/\/psol50.org.br\/frente-povo-sem-medo-e-lancada-no-maranhao-com-a-presenca-do-psol\/#primaryimage\"},\"thumbnailUrl\":\"https:\/\/psol50.org.br\/inc\/uploads\/2016\/02\/Frente-Povo-Sem-Medo-MA-1-1.jpg\",\"keywords\":[\"dia nacional de lutas unificada\",\"Frente Povo Sem Medo\",\"Guilherme Boulos\",\"Intersindical - Central da Classe Trabalhadora\",\"Jo\u00e3o Dantas\",\"Lu\u00eds Ant\u00f4nio Pedrosa\",\"Maranh\u00e3o\",\"Movimento dos Sem Teto da Bahia Democr\u00e1tico Livre\",\"MTST\",\"PSOL\"],\"articleSection\":[\"Estados\",\"Movimento\",\"Not\u00edcias\"],\"inLanguage\":\"pt-BR\",\"potentialAction\":[{\"@type\":\"CommentAction\",\"name\":\"Comment\",\"target\":[\"https:\/\/psol50.org.br\/frente-povo-sem-medo-e-lancada-no-maranhao-com-a-presenca-do-psol\/#respond\"]}]},{\"@type\":\"WebPage\",\"@id\":\"https:\/\/psol50.org.br\/frente-povo-sem-medo-e-lancada-no-maranhao-com-a-presenca-do-psol\/\",\"url\":\"https:\/\/psol50.org.br\/frente-povo-sem-medo-e-lancada-no-maranhao-com-a-presenca-do-psol\/\",\"name\":\"Frente Povo Sem Medo \u00e9 lan\u00e7ada no Maranh\u00e3o, com a presen\u00e7a do PSOL - PSOL 50\",\"isPartOf\":{\"@id\":\"https:\/\/psol50.org.br\/#website\"},\"primaryImageOfPage\":{\"@id\":\"https:\/\/psol50.org.br\/frente-povo-sem-medo-e-lancada-no-maranhao-com-a-presenca-do-psol\/#primaryimage\"},\"image\":{\"@id\":\"https:\/\/psol50.org.br\/frente-povo-sem-medo-e-lancada-no-maranhao-com-a-presenca-do-psol\/#primaryimage\"},\"thumbnailUrl\":\"https:\/\/psol50.org.br\/inc\/uploads\/2016\/02\/Frente-Povo-Sem-Medo-MA-1-1.jpg\",\"datePublished\":\"2016-02-26T21:07:18+00:00\",\"breadcrumb\":{\"@id\":\"https:\/\/psol50.org.br\/frente-povo-sem-medo-e-lancada-no-maranhao-com-a-presenca-do-psol\/#breadcrumb\"},\"inLanguage\":\"pt-BR\",\"potentialAction\":[{\"@type\":\"ReadAction\",\"target\":[\"https:\/\/psol50.org.br\/frente-povo-sem-medo-e-lancada-no-maranhao-com-a-presenca-do-psol\/\"]}]},{\"@type\":\"ImageObject\",\"inLanguage\":\"pt-BR\",\"@id\":\"https:\/\/psol50.org.br\/frente-povo-sem-medo-e-lancada-no-maranhao-com-a-presenca-do-psol\/#primaryimage\",\"url\":\"https:\/\/psol50.org.br\/inc\/uploads\/2016\/02\/Frente-Povo-Sem-Medo-MA-1-1.jpg\",\"contentUrl\":\"https:\/\/psol50.org.br\/inc\/uploads\/2016\/02\/Frente-Povo-Sem-Medo-MA-1-1.jpg\",\"width\":1600,\"height\":960},{\"@type\":\"BreadcrumbList\",\"@id\":\"https:\/\/psol50.org.br\/frente-povo-sem-medo-e-lancada-no-maranhao-com-a-presenca-do-psol\/#breadcrumb\",\"itemListElement\":[{\"@type\":\"ListItem\",\"position\":1,\"name\":\"In\u00edcio\",\"item\":\"https:\/\/psol50.org.br\/\"},{\"@type\":\"ListItem\",\"position\":2,\"name\":\"Frente Povo Sem Medo \u00e9 lan\u00e7ada no Maranh\u00e3o, com a presen\u00e7a do PSOL\"}]},{\"@type\":\"WebSite\",\"@id\":\"https:\/\/psol50.org.br\/#website\",\"url\":\"https:\/\/psol50.org.br\/\",\"name\":\"PSOL 50\",\"description\":\"Site oficial do Partido Socialismo e Liberdade\",\"publisher\":{\"@id\":\"https:\/\/psol50.org.br\/#organization\"},\"alternateName\":\"PSOL50\",\"potentialAction\":[{\"@type\":\"SearchAction\",\"target\":{\"@type\":\"EntryPoint\",\"urlTemplate\":\"https:\/\/psol50.org.br\/?s={search_term_string}\"},\"query-input\":{\"@type\":\"PropertyValueSpecification\",\"valueRequired\":true,\"valueName\":\"search_term_string\"}}],\"inLanguage\":\"pt-BR\"},{\"@type\":\"Organization\",\"@id\":\"https:\/\/psol50.org.br\/#organization\",\"name\":\"PSOL 50\",\"alternateName\":\"PSOL 50\",\"url\":\"https:\/\/psol50.org.br\/\",\"logo\":{\"@type\":\"ImageObject\",\"inLanguage\":\"pt-BR\",\"@id\":\"https:\/\/psol50.org.br\/#\/schema\/logo\/image\/\",\"url\":\"https:\/\/psol50.org.br\/inc\/uploads\/2018\/07\/capa.png\",\"contentUrl\":\"https:\/\/psol50.org.br\/inc\/uploads\/2018\/07\/capa.png\",\"width\":1350,\"height\":900,\"caption\":\"PSOL 50\"},\"image\":{\"@id\":\"https:\/\/psol50.org.br\/#\/schema\/logo\/image\/\"},\"sameAs\":[\"https:\/\/www.facebook.com\/psol50\",\"https:\/\/x.com\/psol50\",\"https:\/\/www.instagram.com\/psol50\/\",\"https:\/\/www.youtube.com\/channel\/UC7SnJS5o1os7a6CaiNabzcg\"]},{\"@type\":\"Person\",\"@id\":\"https:\/\/psol50.org.br\/#\/schema\/person\/475dfa57d0b815993c714c2e96491fcd\",\"name\":\"Comunica\u00e7\u00e3o PSOL\",\"image\":{\"@type\":\"ImageObject\",\"inLanguage\":\"pt-BR\",\"@id\":\"https:\/\/psol50.org.br\/#\/schema\/person\/image\/\",\"url\":\"https:\/\/secure.gravatar.com\/avatar\/b34fc4f4e468a4e51785917065a3db57b841f5c95dba6ad8c73aaf8f66f8f9bf?s=96&d=mm&r=g\",\"contentUrl\":\"https:\/\/secure.gravatar.com\/avatar\/b34fc4f4e468a4e51785917065a3db57b841f5c95dba6ad8c73aaf8f66f8f9bf?s=96&d=mm&r=g\",\"caption\":\"Comunica\u00e7\u00e3o PSOL\"}}]}<\/script>\n<!-- \/ Yoast SEO plugin. -->","yoast_head_json":{"title":"Frente Povo Sem Medo \u00e9 lan\u00e7ada no Maranh\u00e3o, com a presen\u00e7a do PSOL - PSOL 50","robots":{"index":"index","follow":"follow","max-snippet":"max-snippet:-1","max-image-preview":"max-image-preview:large","max-video-preview":"max-video-preview:-1"},"canonical":"https:\/\/psol50.org.br\/frente-povo-sem-medo-e-lancada-no-maranhao-com-a-presenca-do-psol\/","og_locale":"pt_BR","og_type":"article","og_title":"Frente Povo Sem Medo \u00e9 lan\u00e7ada no Maranh\u00e3o, com a presen\u00e7a do PSOL - PSOL 50","og_description":"Nesta quinta-feira (25), militantes sociais e sindicais do Maranh\u00e3o lan\u00e7aram, em S\u00e3o Lu\u00eds, a Frente Povo Sem Medo, com a presen\u00e7a de cerca 600 pessoas, de 28 munic\u00edpios do estado. Realizado no audit\u00f3rio da Fetaema (Federa\u00e7\u00e3o dos Trabalhadores e das Trabalhadoras da Agricultura no Estado do Maranh\u00e3o), o evento contou com ampla participa\u00e7\u00e3o de militantes [&hellip;]","og_url":"https:\/\/psol50.org.br\/frente-povo-sem-medo-e-lancada-no-maranhao-com-a-presenca-do-psol\/","og_site_name":"PSOL 50","article_publisher":"https:\/\/www.facebook.com\/psol50","article_published_time":"2016-02-26T21:07:18+00:00","og_image":[{"width":1600,"height":960,"url":"https:\/\/psol50.org.br\/inc\/uploads\/2016\/02\/Frente-Povo-Sem-Medo-MA-1-1.jpg","type":"image\/jpeg"}],"author":"Comunica\u00e7\u00e3o PSOL","twitter_card":"summary_large_image","twitter_creator":"@psol50","twitter_site":"@psol50","twitter_misc":{"Escrito por":"Comunica\u00e7\u00e3o PSOL","Est. tempo de leitura":"2 minutos"},"schema":{"@context":"https:\/\/schema.org","@graph":[{"@type":"Article","@id":"https:\/\/psol50.org.br\/frente-povo-sem-medo-e-lancada-no-maranhao-com-a-presenca-do-psol\/#article","isPartOf":{"@id":"https:\/\/psol50.org.br\/frente-povo-sem-medo-e-lancada-no-maranhao-com-a-presenca-do-psol\/"},"author":{"name":"Comunica\u00e7\u00e3o PSOL","@id":"https:\/\/psol50.org.br\/#\/schema\/person\/475dfa57d0b815993c714c2e96491fcd"},"headline":"Frente Povo Sem Medo \u00e9 lan\u00e7ada no Maranh\u00e3o, com a presen\u00e7a do PSOL","datePublished":"2016-02-26T21:07:18+00:00","mainEntityOfPage":{"@id":"https:\/\/psol50.org.br\/frente-povo-sem-medo-e-lancada-no-maranhao-com-a-presenca-do-psol\/"},"wordCount":318,"commentCount":0,"publisher":{"@id":"https:\/\/psol50.org.br\/#organization"},"image":{"@id":"https:\/\/psol50.org.br\/frente-povo-sem-medo-e-lancada-no-maranhao-com-a-presenca-do-psol\/#primaryimage"},"thumbnailUrl":"https:\/\/psol50.org.br\/inc\/uploads\/2016\/02\/Frente-Povo-Sem-Medo-MA-1-1.jpg","keywords":["dia nacional de lutas unificada","Frente Povo Sem Medo","Guilherme Boulos","Intersindical - Central da Classe Trabalhadora","Jo\u00e3o Dantas","Lu\u00eds Ant\u00f4nio Pedrosa","Maranh\u00e3o","Movimento dos Sem Teto da Bahia Democr\u00e1tico Livre","MTST","PSOL"],"articleSection":["Estados","Movimento","Not\u00edcias"],"inLanguage":"pt-BR","potentialAction":[{"@type":"CommentAction","name":"Comment","target":["https:\/\/psol50.org.br\/frente-povo-sem-medo-e-lancada-no-maranhao-com-a-presenca-do-psol\/#respond"]}]},{"@type":"WebPage","@id":"https:\/\/psol50.org.br\/frente-povo-sem-medo-e-lancada-no-maranhao-com-a-presenca-do-psol\/","url":"https:\/\/psol50.org.br\/frente-povo-sem-medo-e-lancada-no-maranhao-com-a-presenca-do-psol\/","name":"Frente Povo Sem Medo \u00e9 lan\u00e7ada no Maranh\u00e3o, com a presen\u00e7a do PSOL - PSOL 50","isPartOf":{"@id":"https:\/\/psol50.org.br\/#website"},"primaryImageOfPage":{"@id":"https:\/\/psol50.org.br\/frente-povo-sem-medo-e-lancada-no-maranhao-com-a-presenca-do-psol\/#primaryimage"},"image":{"@id":"https:\/\/psol50.org.br\/frente-povo-sem-medo-e-lancada-no-maranhao-com-a-presenca-do-psol\/#primaryimage"},"thumbnailUrl":"https:\/\/psol50.org.br\/inc\/uploads\/2016\/02\/Frente-Povo-Sem-Medo-MA-1-1.jpg","datePublished":"2016-02-26T21:07:18+00:00","breadcrumb":{"@id":"https:\/\/psol50.org.br\/frente-povo-sem-medo-e-lancada-no-maranhao-com-a-presenca-do-psol\/#breadcrumb"},"inLanguage":"pt-BR","potentialAction":[{"@type":"ReadAction","target":["https:\/\/psol50.org.br\/frente-povo-sem-medo-e-lancada-no-maranhao-com-a-presenca-do-psol\/"]}]},{"@type":"ImageObject","inLanguage":"pt-BR","@id":"https:\/\/psol50.org.br\/frente-povo-sem-medo-e-lancada-no-maranhao-com-a-presenca-do-psol\/#primaryimage","url":"https:\/\/psol50.org.br\/inc\/uploads\/2016\/02\/Frente-Povo-Sem-Medo-MA-1-1.jpg","contentUrl":"https:\/\/psol50.org.br\/inc\/uploads\/2016\/02\/Frente-Povo-Sem-Medo-MA-1-1.jpg","width":1600,"height":960},{"@type":"BreadcrumbList","@id":"https:\/\/psol50.org.br\/frente-povo-sem-medo-e-lancada-no-maranhao-com-a-presenca-do-psol\/#breadcrumb","itemListElement":[{"@type":"ListItem","position":1,"name":"In\u00edcio","item":"https:\/\/psol50.org.br\/"},{"@type":"ListItem","position":2,"name":"Frente Povo Sem Medo \u00e9 lan\u00e7ada no Maranh\u00e3o, com a presen\u00e7a do PSOL"}]},{"@type":"WebSite","@id":"https:\/\/psol50.org.br\/#website","url":"https:\/\/psol50.org.br\/","name":"PSOL 50","description":"Site oficial do Partido Socialismo e Liberdade","publisher":{"@id":"https:\/\/psol50.org.br\/#organization"},"alternateName":"PSOL50","potentialAction":[{"@type":"SearchAction","target":{"@type":"EntryPoint","urlTemplate":"https:\/\/psol50.org.br\/?s={search_term_string}"},"query-input":{"@type":"PropertyValueSpecification","valueRequired":true,"valueName":"search_term_string"}}],"inLanguage":"pt-BR"},{"@type":"Organization","@id":"https:\/\/psol50.org.br\/#organization","name":"PSOL 50","alternateName":"PSOL 50","url":"https:\/\/psol50.org.br\/","logo":{"@type":"ImageObject","inLanguage":"pt-BR","@id":"https:\/\/psol50.org.br\/#\/schema\/logo\/image\/","url":"https:\/\/psol50.org.br\/inc\/uploads\/2018\/07\/capa.png","contentUrl":"https:\/\/psol50.org.br\/inc\/uploads\/2018\/07\/capa.png","width":1350,"height":900,"caption":"PSOL 50"},"image":{"@id":"https:\/\/psol50.org.br\/#\/schema\/logo\/image\/"},"sameAs":["https:\/\/www.facebook.com\/psol50","https:\/\/x.com\/psol50","https:\/\/www.instagram.com\/psol50\/","https:\/\/www.youtube.com\/channel\/UC7SnJS5o1os7a6CaiNabzcg"]},{"@type":"Person","@id":"https:\/\/psol50.org.br\/#\/schema\/person\/475dfa57d0b815993c714c2e96491fcd","name":"Comunica\u00e7\u00e3o PSOL","image":{"@type":"ImageObject","inLanguage":"pt-BR","@id":"https:\/\/psol50.org.br\/#\/schema\/person\/image\/","url":"https:\/\/secure.gravatar.com\/avatar\/b34fc4f4e468a4e51785917065a3db57b841f5c95dba6ad8c73aaf8f66f8f9bf?s=96&d=mm&r=g","contentUrl":"https:\/\/secure.gravatar.com\/avatar\/b34fc4f4e468a4e51785917065a3db57b841f5c95dba6ad8c73aaf8f66f8f9bf?s=96&d=mm&r=g","caption":"Comunica\u00e7\u00e3o PSOL"}}]}},"_links":{"self":[{"href":"https:\/\/psol50.org.br\/rest\/wp\/v2\/posts\/11474","targetHints":{"allow":["GET"]}}],"collection":[{"href":"https:\/\/psol50.org.br\/rest\/wp\/v2\/posts"}],"about":[{"href":"https:\/\/psol50.org.br\/rest\/wp\/v2\/types\/post"}],"author":[{"embeddable":true,"href":"https:\/\/psol50.org.br\/rest\/wp\/v2\/users\/2"}],"replies":[{"embeddable":true,"href":"https:\/\/psol50.org.br\/rest\/wp\/v2\/comments?post=11474"}],"version-history":[{"count":0,"href":"https:\/\/psol50.org.br\/rest\/wp\/v2\/posts\/11474\/revisions"}],"wp:featuredmedia":[{"embeddable":true,"href":"https:\/\/psol50.org.br\/rest\/wp\/v2\/media\/11475"}],"wp:attachment":[{"href":"https:\/\/psol50.org.br\/rest\/wp\/v2\/media?parent=11474"}],"wp:term":[{"taxonomy":"category","embeddable":true,"href":"https:\/\/psol50.org.br\/rest\/wp\/v2\/categories?post=11474"},{"taxonomy":"post_tag","embeddable":true,"href":"https:\/\/psol50.org.br\/rest\/wp\/v2\/tags?post=11474"}],"curies":[{"name":"wp","href":"https:\/\/api.w.org\/{rel}","templated":true}]}}