{"id":11477,"date":"2016-02-29T19:37:10","date_gmt":"2016-02-29T19:37:10","guid":{"rendered":"http:\/\/www.psol50.org.br\/?p=11477"},"modified":"2016-02-29T19:37:10","modified_gmt":"2016-02-29T19:37:10","slug":"chico-alencar-tornar-se-reu-nao-e-normal","status":"publish","type":"post","link":"https:\/\/psol50.org.br\/chico-alencar-tornar-se-reu-nao-e-normal\/","title":{"rendered":"CHICO ALENCAR: Tornar-se r\u00e9u n\u00e3o \u00e9 \u201cnormal\u201d"},"content":{"rendered":"<p>Uma coisa \u00e9 ser acusado, situa\u00e7\u00e3o a que qualquer pessoa est\u00e1 sujeita. Outra \u00e9 ser formalmente investigado &#8211; e quem \u00e9 inocente corre atr\u00e1s para explicar tudo, sem protela\u00e7\u00f5es. Passo adiante (ou atr\u00e1s?) \u00e9 tornar-se R\u00c9U: sinal de que as den\u00fancias t\u00eam robustez, as justificativas foram fracas e o inqu\u00e9rito judicial vai caminhar. Quem \u00e9 r\u00e9u, ainda mais em a\u00e7\u00e3o criminal, deve ficar muito incomodado, se for uma pessoa normal. E n\u00e3o achar que isso \u00e9&#8230; normal!<\/p>\n<p>R\u00e9u criminal que exerce fun\u00e7\u00e3o p\u00fablica devia ter pudor e se afastar. Caso ocupe cargo de mando em \u00f3rg\u00e3o p\u00fablico, h\u00e1 mais raz\u00f5es ainda para sair fora. Pelo menos 80% da popula\u00e7\u00e3o brasileira pensa assim (<a href=\"http:\/\/datafolha.folha.uol.com.br\/opiniaopublica\/2016\/02\/1744571-76-querem-renuncia-de-cunha.shtml\">vide pesquisa Datafolha publicada hoje<\/a>).<\/p>\n<p>Na quarta-feira, 2 de mar\u00e7o, Eduardo Cunha, o deputado que ainda preside a C\u00e2mara, deve tornar-se r\u00e9u, por decis\u00e3o do plen\u00e1rio do Supremo Tribunal Federal. Confirmada essa tend\u00eancia, ser\u00e1 processado pelas acusa\u00e7\u00f5es da pr\u00e1tica dos crimes de corrup\u00e7\u00e3o, recebimento de propina e lavagem de dinheiro, feitas pelo Minist\u00e9rio P\u00fablico Federal. Ele tamb\u00e9m \u00e9 alvo de outro inqu\u00e9rito &#8211; o das contas na Su\u00ed\u00e7a.<\/p>\n<p>Tornando-se r\u00e9u, Cunha dir\u00e1 que &#8220;\u00e9 normal&#8221;. N\u00e3o \u00e9! Que h\u00e1 outros deputados na mesma condi\u00e7\u00e3o de r\u00e9us, e de fato h\u00e1, desgra\u00e7adamente. Mas nenhum preside Comiss\u00e3o, muito menos \u00e9 presidente da C\u00e2mara dos Deputados do Brasil, 3\u00ba na linha de sucess\u00e3o presidencial.<\/p>\n<p>O Parlamento brasileiro \u00e9 muito representativo&#8230; do padr\u00e3o degenerado da pol\u00edtica nacional. E dos grandes grupos corporativos que elegeram sete de cada dez deputados federais. Um empres\u00e1rio, no final de 2014, ap\u00f3s as elei\u00e7\u00f5es, foi sincero: &#8220;este \u00e9 o melhor Congresso que poder\u00edamos comprar&#8221;.<\/p>\n<p>Pense nisso, reaja a isso! Afinal, senadores, deputados, vereadores e todos os governantes do Executivo foram colocados l\u00e1 por sua excel\u00eancia, o(a) eleitor(a).<\/p>\n<p>&nbsp;<\/p>\n","protected":false},"excerpt":{"rendered":"<p>Uma coisa \u00e9 ser acusado, situa\u00e7\u00e3o a que qualquer pessoa est\u00e1 sujeita. Outra \u00e9 ser formalmente investigado &#8211; e quem \u00e9 inocente corre atr\u00e1s para explicar tudo, sem protela\u00e7\u00f5es. Passo adiante (ou atr\u00e1s?) \u00e9 tornar-se R\u00c9U: sinal de que as den\u00fancias t\u00eam robustez, as justificativas foram fracas e o inqu\u00e9rito judicial vai caminhar. Quem \u00e9 [&hellip;]<\/p>\n","protected":false},"author":2,"featured_media":11478,"comment_status":"open","ping_status":"open","sticky":false,"template":"","format":"standard","meta":{"_acf_changed":false,"footnotes":""},"categories":[10,3,1882],"tags":[3453,709,1680,2890,4034,4035,45],"class_list":{"0":"post-11477","1":"post","2":"type-post","3":"status-publish","4":"format-standard","5":"has-post-thumbnail","7":"category-acao-parlamentares","8":"category-artigos-e-entrevistas","9":"category-brasil","10":"tag-acao-criminal","11":"tag-camara-dos-deputados","12":"tag-chico-alencar","13":"tag-eduardo-cunha","14":"tag-pesquisa-datafolha","15":"tag-reu","16":"tag-stf"},"acf":[],"yoast_head":"<!-- This site is optimized with the Yoast SEO plugin v26.5 - https:\/\/yoast.com\/wordpress\/plugins\/seo\/ -->\n<title>CHICO ALENCAR: Tornar-se r\u00e9u n\u00e3o \u00e9 \u201cnormal\u201d - PSOL 50<\/title>\n<meta name=\"robots\" content=\"index, follow, max-snippet:-1, max-image-preview:large, max-video-preview:-1\" \/>\n<link rel=\"canonical\" href=\"https:\/\/psol50.org.br\/chico-alencar-tornar-se-reu-nao-e-normal\/\" \/>\n<meta property=\"og:locale\" content=\"pt_BR\" \/>\n<meta property=\"og:type\" content=\"article\" \/>\n<meta property=\"og:title\" content=\"CHICO ALENCAR: Tornar-se r\u00e9u n\u00e3o \u00e9 \u201cnormal\u201d - PSOL 50\" \/>\n<meta property=\"og:description\" content=\"Uma coisa \u00e9 ser acusado, situa\u00e7\u00e3o a que qualquer pessoa est\u00e1 sujeita. Outra \u00e9 ser formalmente investigado &#8211; e quem \u00e9 inocente corre atr\u00e1s para explicar tudo, sem protela\u00e7\u00f5es. Passo adiante (ou atr\u00e1s?) \u00e9 tornar-se R\u00c9U: sinal de que as den\u00fancias t\u00eam robustez, as justificativas foram fracas e o inqu\u00e9rito judicial vai caminhar. Quem \u00e9 [&hellip;]\" \/>\n<meta property=\"og:url\" content=\"https:\/\/psol50.org.br\/chico-alencar-tornar-se-reu-nao-e-normal\/\" \/>\n<meta property=\"og:site_name\" content=\"PSOL 50\" \/>\n<meta property=\"article:publisher\" content=\"https:\/\/www.facebook.com\/psol50\" \/>\n<meta property=\"article:published_time\" content=\"2016-02-29T19:37:10+00:00\" \/>\n<meta property=\"og:image\" content=\"https:\/\/psol50.org.br\/inc\/uploads\/2018\/07\/capa.png\" \/>\n\t<meta property=\"og:image:width\" content=\"1350\" \/>\n\t<meta property=\"og:image:height\" content=\"900\" \/>\n\t<meta property=\"og:image:type\" content=\"image\/png\" \/>\n<meta name=\"author\" content=\"Comunica\u00e7\u00e3o PSOL\" \/>\n<meta name=\"twitter:card\" content=\"summary_large_image\" \/>\n<meta name=\"twitter:creator\" content=\"@psol50\" \/>\n<meta name=\"twitter:site\" content=\"@psol50\" \/>\n<meta name=\"twitter:label1\" content=\"Escrito por\" \/>\n\t<meta name=\"twitter:data1\" content=\"Comunica\u00e7\u00e3o PSOL\" \/>\n\t<meta name=\"twitter:label2\" content=\"Est. tempo de leitura\" \/>\n\t<meta name=\"twitter:data2\" content=\"2 minutos\" \/>\n<script type=\"application\/ld+json\" class=\"yoast-schema-graph\">{\"@context\":\"https:\/\/schema.org\",\"@graph\":[{\"@type\":\"Article\",\"@id\":\"https:\/\/psol50.org.br\/chico-alencar-tornar-se-reu-nao-e-normal\/#article\",\"isPartOf\":{\"@id\":\"https:\/\/psol50.org.br\/chico-alencar-tornar-se-reu-nao-e-normal\/\"},\"author\":{\"name\":\"Comunica\u00e7\u00e3o PSOL\",\"@id\":\"https:\/\/psol50.org.br\/#\/schema\/person\/475dfa57d0b815993c714c2e96491fcd\"},\"headline\":\"CHICO ALENCAR: Tornar-se r\u00e9u n\u00e3o \u00e9 \u201cnormal\u201d\",\"datePublished\":\"2016-02-29T19:37:10+00:00\",\"mainEntityOfPage\":{\"@id\":\"https:\/\/psol50.org.br\/chico-alencar-tornar-se-reu-nao-e-normal\/\"},\"wordCount\":332,\"commentCount\":0,\"publisher\":{\"@id\":\"https:\/\/psol50.org.br\/#organization\"},\"image\":{\"@id\":\"https:\/\/psol50.org.br\/chico-alencar-tornar-se-reu-nao-e-normal\/#primaryimage\"},\"thumbnailUrl\":\"\",\"keywords\":[\"a\u00e7\u00e3o criminal\",\"C\u00e2mara dos Deputados\",\"Chico Alencar\",\"Eduardo Cunha\",\"pesquisa datafolha\",\"r\u00e9u\",\"STF\"],\"articleSection\":[\"A\u00e7\u00e3o Parlamentar\",\"Artigos\",\"Brasil\"],\"inLanguage\":\"pt-BR\",\"potentialAction\":[{\"@type\":\"CommentAction\",\"name\":\"Comment\",\"target\":[\"https:\/\/psol50.org.br\/chico-alencar-tornar-se-reu-nao-e-normal\/#respond\"]}]},{\"@type\":\"WebPage\",\"@id\":\"https:\/\/psol50.org.br\/chico-alencar-tornar-se-reu-nao-e-normal\/\",\"url\":\"https:\/\/psol50.org.br\/chico-alencar-tornar-se-reu-nao-e-normal\/\",\"name\":\"CHICO ALENCAR: Tornar-se r\u00e9u n\u00e3o \u00e9 \u201cnormal\u201d - PSOL 50\",\"isPartOf\":{\"@id\":\"https:\/\/psol50.org.br\/#website\"},\"primaryImageOfPage\":{\"@id\":\"https:\/\/psol50.org.br\/chico-alencar-tornar-se-reu-nao-e-normal\/#primaryimage\"},\"image\":{\"@id\":\"https:\/\/psol50.org.br\/chico-alencar-tornar-se-reu-nao-e-normal\/#primaryimage\"},\"thumbnailUrl\":\"\",\"datePublished\":\"2016-02-29T19:37:10+00:00\",\"breadcrumb\":{\"@id\":\"https:\/\/psol50.org.br\/chico-alencar-tornar-se-reu-nao-e-normal\/#breadcrumb\"},\"inLanguage\":\"pt-BR\",\"potentialAction\":[{\"@type\":\"ReadAction\",\"target\":[\"https:\/\/psol50.org.br\/chico-alencar-tornar-se-reu-nao-e-normal\/\"]}]},{\"@type\":\"ImageObject\",\"inLanguage\":\"pt-BR\",\"@id\":\"https:\/\/psol50.org.br\/chico-alencar-tornar-se-reu-nao-e-normal\/#primaryimage\",\"url\":\"\",\"contentUrl\":\"\"},{\"@type\":\"BreadcrumbList\",\"@id\":\"https:\/\/psol50.org.br\/chico-alencar-tornar-se-reu-nao-e-normal\/#breadcrumb\",\"itemListElement\":[{\"@type\":\"ListItem\",\"position\":1,\"name\":\"In\u00edcio\",\"item\":\"https:\/\/psol50.org.br\/\"},{\"@type\":\"ListItem\",\"position\":2,\"name\":\"CHICO ALENCAR: Tornar-se r\u00e9u n\u00e3o \u00e9 \u201cnormal\u201d\"}]},{\"@type\":\"WebSite\",\"@id\":\"https:\/\/psol50.org.br\/#website\",\"url\":\"https:\/\/psol50.org.br\/\",\"name\":\"PSOL 50\",\"description\":\"Site oficial do Partido Socialismo e Liberdade\",\"publisher\":{\"@id\":\"https:\/\/psol50.org.br\/#organization\"},\"alternateName\":\"PSOL50\",\"potentialAction\":[{\"@type\":\"SearchAction\",\"target\":{\"@type\":\"EntryPoint\",\"urlTemplate\":\"https:\/\/psol50.org.br\/?s={search_term_string}\"},\"query-input\":{\"@type\":\"PropertyValueSpecification\",\"valueRequired\":true,\"valueName\":\"search_term_string\"}}],\"inLanguage\":\"pt-BR\"},{\"@type\":\"Organization\",\"@id\":\"https:\/\/psol50.org.br\/#organization\",\"name\":\"PSOL 50\",\"alternateName\":\"PSOL 50\",\"url\":\"https:\/\/psol50.org.br\/\",\"logo\":{\"@type\":\"ImageObject\",\"inLanguage\":\"pt-BR\",\"@id\":\"https:\/\/psol50.org.br\/#\/schema\/logo\/image\/\",\"url\":\"https:\/\/psol50.org.br\/inc\/uploads\/2018\/07\/capa.png\",\"contentUrl\":\"https:\/\/psol50.org.br\/inc\/uploads\/2018\/07\/capa.png\",\"width\":1350,\"height\":900,\"caption\":\"PSOL 50\"},\"image\":{\"@id\":\"https:\/\/psol50.org.br\/#\/schema\/logo\/image\/\"},\"sameAs\":[\"https:\/\/www.facebook.com\/psol50\",\"https:\/\/x.com\/psol50\",\"https:\/\/www.instagram.com\/psol50\/\",\"https:\/\/www.youtube.com\/channel\/UC7SnJS5o1os7a6CaiNabzcg\"]},{\"@type\":\"Person\",\"@id\":\"https:\/\/psol50.org.br\/#\/schema\/person\/475dfa57d0b815993c714c2e96491fcd\",\"name\":\"Comunica\u00e7\u00e3o PSOL\",\"image\":{\"@type\":\"ImageObject\",\"inLanguage\":\"pt-BR\",\"@id\":\"https:\/\/psol50.org.br\/#\/schema\/person\/image\/\",\"url\":\"https:\/\/secure.gravatar.com\/avatar\/b34fc4f4e468a4e51785917065a3db57b841f5c95dba6ad8c73aaf8f66f8f9bf?s=96&d=mm&r=g\",\"contentUrl\":\"https:\/\/secure.gravatar.com\/avatar\/b34fc4f4e468a4e51785917065a3db57b841f5c95dba6ad8c73aaf8f66f8f9bf?s=96&d=mm&r=g\",\"caption\":\"Comunica\u00e7\u00e3o PSOL\"}}]}<\/script>\n<!-- \/ Yoast SEO plugin. -->","yoast_head_json":{"title":"CHICO ALENCAR: Tornar-se r\u00e9u n\u00e3o \u00e9 \u201cnormal\u201d - PSOL 50","robots":{"index":"index","follow":"follow","max-snippet":"max-snippet:-1","max-image-preview":"max-image-preview:large","max-video-preview":"max-video-preview:-1"},"canonical":"https:\/\/psol50.org.br\/chico-alencar-tornar-se-reu-nao-e-normal\/","og_locale":"pt_BR","og_type":"article","og_title":"CHICO ALENCAR: Tornar-se r\u00e9u n\u00e3o \u00e9 \u201cnormal\u201d - PSOL 50","og_description":"Uma coisa \u00e9 ser acusado, situa\u00e7\u00e3o a que qualquer pessoa est\u00e1 sujeita. Outra \u00e9 ser formalmente investigado &#8211; e quem \u00e9 inocente corre atr\u00e1s para explicar tudo, sem protela\u00e7\u00f5es. Passo adiante (ou atr\u00e1s?) \u00e9 tornar-se R\u00c9U: sinal de que as den\u00fancias t\u00eam robustez, as justificativas foram fracas e o inqu\u00e9rito judicial vai caminhar. Quem \u00e9 [&hellip;]","og_url":"https:\/\/psol50.org.br\/chico-alencar-tornar-se-reu-nao-e-normal\/","og_site_name":"PSOL 50","article_publisher":"https:\/\/www.facebook.com\/psol50","article_published_time":"2016-02-29T19:37:10+00:00","og_image":[{"width":1350,"height":900,"url":"https:\/\/psol50.org.br\/inc\/uploads\/2018\/07\/capa.png","type":"image\/png"}],"author":"Comunica\u00e7\u00e3o PSOL","twitter_card":"summary_large_image","twitter_creator":"@psol50","twitter_site":"@psol50","twitter_misc":{"Escrito por":"Comunica\u00e7\u00e3o PSOL","Est. tempo de leitura":"2 minutos"},"schema":{"@context":"https:\/\/schema.org","@graph":[{"@type":"Article","@id":"https:\/\/psol50.org.br\/chico-alencar-tornar-se-reu-nao-e-normal\/#article","isPartOf":{"@id":"https:\/\/psol50.org.br\/chico-alencar-tornar-se-reu-nao-e-normal\/"},"author":{"name":"Comunica\u00e7\u00e3o PSOL","@id":"https:\/\/psol50.org.br\/#\/schema\/person\/475dfa57d0b815993c714c2e96491fcd"},"headline":"CHICO ALENCAR: Tornar-se r\u00e9u n\u00e3o \u00e9 \u201cnormal\u201d","datePublished":"2016-02-29T19:37:10+00:00","mainEntityOfPage":{"@id":"https:\/\/psol50.org.br\/chico-alencar-tornar-se-reu-nao-e-normal\/"},"wordCount":332,"commentCount":0,"publisher":{"@id":"https:\/\/psol50.org.br\/#organization"},"image":{"@id":"https:\/\/psol50.org.br\/chico-alencar-tornar-se-reu-nao-e-normal\/#primaryimage"},"thumbnailUrl":"","keywords":["a\u00e7\u00e3o criminal","C\u00e2mara dos Deputados","Chico Alencar","Eduardo Cunha","pesquisa datafolha","r\u00e9u","STF"],"articleSection":["A\u00e7\u00e3o Parlamentar","Artigos","Brasil"],"inLanguage":"pt-BR","potentialAction":[{"@type":"CommentAction","name":"Comment","target":["https:\/\/psol50.org.br\/chico-alencar-tornar-se-reu-nao-e-normal\/#respond"]}]},{"@type":"WebPage","@id":"https:\/\/psol50.org.br\/chico-alencar-tornar-se-reu-nao-e-normal\/","url":"https:\/\/psol50.org.br\/chico-alencar-tornar-se-reu-nao-e-normal\/","name":"CHICO ALENCAR: Tornar-se r\u00e9u n\u00e3o \u00e9 \u201cnormal\u201d - PSOL 50","isPartOf":{"@id":"https:\/\/psol50.org.br\/#website"},"primaryImageOfPage":{"@id":"https:\/\/psol50.org.br\/chico-alencar-tornar-se-reu-nao-e-normal\/#primaryimage"},"image":{"@id":"https:\/\/psol50.org.br\/chico-alencar-tornar-se-reu-nao-e-normal\/#primaryimage"},"thumbnailUrl":"","datePublished":"2016-02-29T19:37:10+00:00","breadcrumb":{"@id":"https:\/\/psol50.org.br\/chico-alencar-tornar-se-reu-nao-e-normal\/#breadcrumb"},"inLanguage":"pt-BR","potentialAction":[{"@type":"ReadAction","target":["https:\/\/psol50.org.br\/chico-alencar-tornar-se-reu-nao-e-normal\/"]}]},{"@type":"ImageObject","inLanguage":"pt-BR","@id":"https:\/\/psol50.org.br\/chico-alencar-tornar-se-reu-nao-e-normal\/#primaryimage","url":"","contentUrl":""},{"@type":"BreadcrumbList","@id":"https:\/\/psol50.org.br\/chico-alencar-tornar-se-reu-nao-e-normal\/#breadcrumb","itemListElement":[{"@type":"ListItem","position":1,"name":"In\u00edcio","item":"https:\/\/psol50.org.br\/"},{"@type":"ListItem","position":2,"name":"CHICO ALENCAR: Tornar-se r\u00e9u n\u00e3o \u00e9 \u201cnormal\u201d"}]},{"@type":"WebSite","@id":"https:\/\/psol50.org.br\/#website","url":"https:\/\/psol50.org.br\/","name":"PSOL 50","description":"Site oficial do Partido Socialismo e Liberdade","publisher":{"@id":"https:\/\/psol50.org.br\/#organization"},"alternateName":"PSOL50","potentialAction":[{"@type":"SearchAction","target":{"@type":"EntryPoint","urlTemplate":"https:\/\/psol50.org.br\/?s={search_term_string}"},"query-input":{"@type":"PropertyValueSpecification","valueRequired":true,"valueName":"search_term_string"}}],"inLanguage":"pt-BR"},{"@type":"Organization","@id":"https:\/\/psol50.org.br\/#organization","name":"PSOL 50","alternateName":"PSOL 50","url":"https:\/\/psol50.org.br\/","logo":{"@type":"ImageObject","inLanguage":"pt-BR","@id":"https:\/\/psol50.org.br\/#\/schema\/logo\/image\/","url":"https:\/\/psol50.org.br\/inc\/uploads\/2018\/07\/capa.png","contentUrl":"https:\/\/psol50.org.br\/inc\/uploads\/2018\/07\/capa.png","width":1350,"height":900,"caption":"PSOL 50"},"image":{"@id":"https:\/\/psol50.org.br\/#\/schema\/logo\/image\/"},"sameAs":["https:\/\/www.facebook.com\/psol50","https:\/\/x.com\/psol50","https:\/\/www.instagram.com\/psol50\/","https:\/\/www.youtube.com\/channel\/UC7SnJS5o1os7a6CaiNabzcg"]},{"@type":"Person","@id":"https:\/\/psol50.org.br\/#\/schema\/person\/475dfa57d0b815993c714c2e96491fcd","name":"Comunica\u00e7\u00e3o PSOL","image":{"@type":"ImageObject","inLanguage":"pt-BR","@id":"https:\/\/psol50.org.br\/#\/schema\/person\/image\/","url":"https:\/\/secure.gravatar.com\/avatar\/b34fc4f4e468a4e51785917065a3db57b841f5c95dba6ad8c73aaf8f66f8f9bf?s=96&d=mm&r=g","contentUrl":"https:\/\/secure.gravatar.com\/avatar\/b34fc4f4e468a4e51785917065a3db57b841f5c95dba6ad8c73aaf8f66f8f9bf?s=96&d=mm&r=g","caption":"Comunica\u00e7\u00e3o PSOL"}}]}},"_links":{"self":[{"href":"https:\/\/psol50.org.br\/rest\/wp\/v2\/posts\/11477","targetHints":{"allow":["GET"]}}],"collection":[{"href":"https:\/\/psol50.org.br\/rest\/wp\/v2\/posts"}],"about":[{"href":"https:\/\/psol50.org.br\/rest\/wp\/v2\/types\/post"}],"author":[{"embeddable":true,"href":"https:\/\/psol50.org.br\/rest\/wp\/v2\/users\/2"}],"replies":[{"embeddable":true,"href":"https:\/\/psol50.org.br\/rest\/wp\/v2\/comments?post=11477"}],"version-history":[{"count":0,"href":"https:\/\/psol50.org.br\/rest\/wp\/v2\/posts\/11477\/revisions"}],"wp:featuredmedia":[{"embeddable":true,"href":"https:\/\/psol50.org.br\/rest\/"}],"wp:attachment":[{"href":"https:\/\/psol50.org.br\/rest\/wp\/v2\/media?parent=11477"}],"wp:term":[{"taxonomy":"category","embeddable":true,"href":"https:\/\/psol50.org.br\/rest\/wp\/v2\/categories?post=11477"},{"taxonomy":"post_tag","embeddable":true,"href":"https:\/\/psol50.org.br\/rest\/wp\/v2\/tags?post=11477"}],"curies":[{"name":"wp","href":"https:\/\/api.w.org\/{rel}","templated":true}]}}