{"id":11486,"date":"2016-03-01T19:35:27","date_gmt":"2016-03-01T19:35:27","guid":{"rendered":"http:\/\/www.psol50.org.br\/?p=11486"},"modified":"2016-03-01T19:35:27","modified_gmt":"2016-03-01T19:35:27","slug":"relatorio-diz-que-presidio-de-pedrinhas-ainda-tem-tortura-e-superlotacao","status":"publish","type":"post","link":"https:\/\/psol50.org.br\/relatorio-diz-que-presidio-de-pedrinhas-ainda-tem-tortura-e-superlotacao\/","title":{"rendered":"Relat\u00f3rio diz que pres\u00eddio de Pedrinhas ainda tem tortura e superlota\u00e7\u00e3o"},"content":{"rendered":"<p>Relat\u00f3rio divulgado nesta ter\u00e7a-feira (01) pela organiza\u00e7\u00e3o n\u00e3o governamental Conectas aponta que o Complexo Penitenci\u00e1rio de Pedrinhas, no Maranh\u00e3o, permanece superlotado e com relatos de tortura. \u201cDois anos depois desse ponto de inflex\u00e3o na hist\u00f3ria de Pedrinhas, \u00e9 poss\u00edvel dizer que os assassinatos diminu\u00edram, mas o quadro de tortura e maus-tratos generalizado se mant\u00e9m\u201d, diz o documento, elaborado a partir de seis visitas ao longo de 2014 e 2015.<\/p>\n<p>A situa\u00e7\u00e3o ca\u00f3tica do pres\u00eddio maranhense ganhou grande repercuss\u00e3o nacional ap\u00f3s ondas de mortes, somando um total de 63, registradas entre janeiro de 2013 e o in\u00edcio de 2014. Em 2015, foram registradas quatro mortes violentas.<\/p>\n<p>O governo federal chegou a enviar a For\u00e7a Nacional para ajudar o governo maranhense a conter a onda de viol\u00eancia. No entanto, o relat\u00f3rio mostra que as medidas adotadas pelo governo estadual ajudaram a diminuir a viol\u00eancia entre os pr\u00f3prios detentos, mas abriram espa\u00e7o para viola\u00e7\u00f5es que partem dos agentes que fazem a seguran\u00e7a do complexo. \u201cSe as a\u00e7\u00f5es e omiss\u00f5es do Estado antes contribu\u00edam com a viol\u00eancia generalizada entre as fac\u00e7\u00f5es rivais, hoje esse mesmo Estado \u00e9 o principal art\u00edfice dessa viol\u00eancia perpetrada diariamente por seus representantes \u2013 diretores de unidades e agentes de seguran\u00e7a p\u00fablicos e privados\u201d, enfatiza o estudo.<\/p>\n<p>Entre os abusos encontrados pela equipe da ONG est\u00e1 o uso excessivo de for\u00e7a pelos carcereiros, com utiliza\u00e7\u00e3o de balas de borracha e spray de pimenta. \u201cServidores de seguran\u00e7a terceirizados, muitas vezes em condi\u00e7\u00f5es prec\u00e1rias de contrata\u00e7\u00e3o, patrulham os pavilh\u00f5es e corredores e reagem com viol\u00eancia a qualquer queixa dos internos. Muitos deles cobrem o rosto com uma esp\u00e9cie de touca ninja, contrariando portaria estadual (563\/2015), que pro\u00edbe m\u00e1scaras ou outros acess\u00f3rios que dificultem a identifica\u00e7\u00e3o do agente\u201d.<\/p>\n<p>Para a diretora-executiva da Conectas, J\u00e9ssica Morris, a terceiriza\u00e7\u00e3o dos servi\u00e7os de seguran\u00e7a penitenci\u00e1ria dificulta o controle e a responsabiliza\u00e7\u00e3o dos agentes. \u201cSe \u00e9 uma empresa privada que est\u00e1 garantindo a seguran\u00e7a, ent\u00e3o a responsabiliza\u00e7\u00e3o n\u00e3o fica mais para o Estado. O Estado n\u00e3o tem como garantir a aplica\u00e7\u00e3o efetiva das suas normas\u201d, ressaltou.<\/p>\n<p>O complexo ainda opera com um excedente de 55% da capacidade, com 3 mil presos em um espa\u00e7o que deveria abrigar at\u00e9 1.945 pessoas. Sendo que 60% dos detentos ainda n\u00e3o foram julgados. \u201cA pol\u00edtica do Estado, tanto federal, quanto do governo maranhense, \u00e9 muito paliativa. As medidas s\u00e3o insatisfat\u00f3rias. N\u00f3s continuamos vendo a falta de higiene e de acesso \u00e0 sa\u00fade. Presos que n\u00e3o tem acesso a medicamentos. N\u00e3o tem profissionais de sa\u00fade competentes. S\u00e3o 12 defensores para um complexo de 3 mil presos\u201d, criticou a diretora da Conectas.<\/p>\n<p>Leia texto completo sobre o caso na <a href=\"http:\/\/agenciabrasil.ebc.com.br\/direitos-humanos\/noticia\/2016-03\/relatorio-diz-que-presidio-de-pedrinhas-ainda-tem-torturas-e\">Ag\u00eancia Brasil<\/a>.<\/p>\n<p>&nbsp;<\/p>\n","protected":false},"excerpt":{"rendered":"<p>Relat\u00f3rio divulgado nesta ter\u00e7a-feira (01) pela organiza\u00e7\u00e3o n\u00e3o governamental Conectas aponta que o Complexo Penitenci\u00e1rio de Pedrinhas, no Maranh\u00e3o, permanece superlotado e com relatos de tortura. \u201cDois anos depois desse ponto de inflex\u00e3o na hist\u00f3ria de Pedrinhas, \u00e9 poss\u00edvel dizer que os assassinatos diminu\u00edram, mas o quadro de tortura e maus-tratos generalizado se mant\u00e9m\u201d, diz [&hellip;]<\/p>\n","protected":false},"author":2,"featured_media":11487,"comment_status":"open","ping_status":"open","sticky":false,"template":"","format":"standard","meta":{"_acf_changed":false,"footnotes":""},"categories":[1882,6],"tags":[4036,4037,534,456,4038,631,2785,1210,233],"class_list":{"0":"post-11486","1":"post","2":"type-post","3":"status-publish","4":"format-standard","5":"has-post-thumbnail","7":"category-brasil","8":"category-noticias","9":"tag-complexo-penitenciario-de-pedrinhas","10":"tag-conectas","11":"tag-direitos-humanos","12":"tag-maranhao","13":"tag-maus-tratos","14":"tag-ong","15":"tag-sistema-carcerario","16":"tag-tortura","17":"tag-violencia"},"acf":[],"yoast_head":"<!-- This site is optimized with the Yoast SEO plugin v26.5 - https:\/\/yoast.com\/wordpress\/plugins\/seo\/ -->\n<title>Relat\u00f3rio diz que pres\u00eddio de Pedrinhas ainda tem tortura e superlota\u00e7\u00e3o - PSOL 50<\/title>\n<meta name=\"robots\" content=\"index, follow, max-snippet:-1, max-image-preview:large, max-video-preview:-1\" \/>\n<link rel=\"canonical\" href=\"https:\/\/psol50.org.br\/relatorio-diz-que-presidio-de-pedrinhas-ainda-tem-tortura-e-superlotacao\/\" \/>\n<meta property=\"og:locale\" content=\"pt_BR\" \/>\n<meta property=\"og:type\" content=\"article\" \/>\n<meta property=\"og:title\" content=\"Relat\u00f3rio diz que pres\u00eddio de Pedrinhas ainda tem tortura e superlota\u00e7\u00e3o - PSOL 50\" \/>\n<meta property=\"og:description\" content=\"Relat\u00f3rio divulgado nesta ter\u00e7a-feira (01) pela organiza\u00e7\u00e3o n\u00e3o governamental Conectas aponta que o Complexo Penitenci\u00e1rio de Pedrinhas, no Maranh\u00e3o, permanece superlotado e com relatos de tortura. \u201cDois anos depois desse ponto de inflex\u00e3o na hist\u00f3ria de Pedrinhas, \u00e9 poss\u00edvel dizer que os assassinatos diminu\u00edram, mas o quadro de tortura e maus-tratos generalizado se mant\u00e9m\u201d, diz [&hellip;]\" \/>\n<meta property=\"og:url\" content=\"https:\/\/psol50.org.br\/relatorio-diz-que-presidio-de-pedrinhas-ainda-tem-tortura-e-superlotacao\/\" \/>\n<meta property=\"og:site_name\" content=\"PSOL 50\" \/>\n<meta property=\"article:publisher\" content=\"https:\/\/www.facebook.com\/psol50\" \/>\n<meta property=\"article:published_time\" content=\"2016-03-01T19:35:27+00:00\" \/>\n<meta property=\"og:image\" content=\"https:\/\/psol50.org.br\/inc\/uploads\/2018\/07\/capa.png\" \/>\n\t<meta property=\"og:image:width\" content=\"1350\" \/>\n\t<meta property=\"og:image:height\" content=\"900\" \/>\n\t<meta property=\"og:image:type\" content=\"image\/png\" \/>\n<meta name=\"author\" content=\"Comunica\u00e7\u00e3o PSOL\" \/>\n<meta name=\"twitter:card\" content=\"summary_large_image\" \/>\n<meta name=\"twitter:creator\" content=\"@psol50\" \/>\n<meta name=\"twitter:site\" content=\"@psol50\" \/>\n<meta name=\"twitter:label1\" content=\"Escrito por\" \/>\n\t<meta name=\"twitter:data1\" content=\"Comunica\u00e7\u00e3o PSOL\" \/>\n\t<meta name=\"twitter:label2\" content=\"Est. tempo de leitura\" \/>\n\t<meta name=\"twitter:data2\" content=\"2 minutos\" \/>\n<script type=\"application\/ld+json\" class=\"yoast-schema-graph\">{\"@context\":\"https:\/\/schema.org\",\"@graph\":[{\"@type\":\"Article\",\"@id\":\"https:\/\/psol50.org.br\/relatorio-diz-que-presidio-de-pedrinhas-ainda-tem-tortura-e-superlotacao\/#article\",\"isPartOf\":{\"@id\":\"https:\/\/psol50.org.br\/relatorio-diz-que-presidio-de-pedrinhas-ainda-tem-tortura-e-superlotacao\/\"},\"author\":{\"name\":\"Comunica\u00e7\u00e3o PSOL\",\"@id\":\"https:\/\/psol50.org.br\/#\/schema\/person\/475dfa57d0b815993c714c2e96491fcd\"},\"headline\":\"Relat\u00f3rio diz que pres\u00eddio de Pedrinhas ainda tem tortura e superlota\u00e7\u00e3o\",\"datePublished\":\"2016-03-01T19:35:27+00:00\",\"mainEntityOfPage\":{\"@id\":\"https:\/\/psol50.org.br\/relatorio-diz-que-presidio-de-pedrinhas-ainda-tem-tortura-e-superlotacao\/\"},\"wordCount\":504,\"commentCount\":0,\"publisher\":{\"@id\":\"https:\/\/psol50.org.br\/#organization\"},\"image\":{\"@id\":\"https:\/\/psol50.org.br\/relatorio-diz-que-presidio-de-pedrinhas-ainda-tem-tortura-e-superlotacao\/#primaryimage\"},\"thumbnailUrl\":\"\",\"keywords\":[\"complexo penitenci\u00e1rio de Pedrinhas\",\"Conectas\",\"direitos humanos\",\"Maranh\u00e3o\",\"maus-tratos\",\"OnG\",\"sistema carcer\u00e1rio\",\"tortura\",\"viol\u00eancia\"],\"articleSection\":[\"Brasil\",\"Not\u00edcias\"],\"inLanguage\":\"pt-BR\",\"potentialAction\":[{\"@type\":\"CommentAction\",\"name\":\"Comment\",\"target\":[\"https:\/\/psol50.org.br\/relatorio-diz-que-presidio-de-pedrinhas-ainda-tem-tortura-e-superlotacao\/#respond\"]}]},{\"@type\":\"WebPage\",\"@id\":\"https:\/\/psol50.org.br\/relatorio-diz-que-presidio-de-pedrinhas-ainda-tem-tortura-e-superlotacao\/\",\"url\":\"https:\/\/psol50.org.br\/relatorio-diz-que-presidio-de-pedrinhas-ainda-tem-tortura-e-superlotacao\/\",\"name\":\"Relat\u00f3rio diz que pres\u00eddio de Pedrinhas ainda tem tortura e superlota\u00e7\u00e3o - PSOL 50\",\"isPartOf\":{\"@id\":\"https:\/\/psol50.org.br\/#website\"},\"primaryImageOfPage\":{\"@id\":\"https:\/\/psol50.org.br\/relatorio-diz-que-presidio-de-pedrinhas-ainda-tem-tortura-e-superlotacao\/#primaryimage\"},\"image\":{\"@id\":\"https:\/\/psol50.org.br\/relatorio-diz-que-presidio-de-pedrinhas-ainda-tem-tortura-e-superlotacao\/#primaryimage\"},\"thumbnailUrl\":\"\",\"datePublished\":\"2016-03-01T19:35:27+00:00\",\"breadcrumb\":{\"@id\":\"https:\/\/psol50.org.br\/relatorio-diz-que-presidio-de-pedrinhas-ainda-tem-tortura-e-superlotacao\/#breadcrumb\"},\"inLanguage\":\"pt-BR\",\"potentialAction\":[{\"@type\":\"ReadAction\",\"target\":[\"https:\/\/psol50.org.br\/relatorio-diz-que-presidio-de-pedrinhas-ainda-tem-tortura-e-superlotacao\/\"]}]},{\"@type\":\"ImageObject\",\"inLanguage\":\"pt-BR\",\"@id\":\"https:\/\/psol50.org.br\/relatorio-diz-que-presidio-de-pedrinhas-ainda-tem-tortura-e-superlotacao\/#primaryimage\",\"url\":\"\",\"contentUrl\":\"\"},{\"@type\":\"BreadcrumbList\",\"@id\":\"https:\/\/psol50.org.br\/relatorio-diz-que-presidio-de-pedrinhas-ainda-tem-tortura-e-superlotacao\/#breadcrumb\",\"itemListElement\":[{\"@type\":\"ListItem\",\"position\":1,\"name\":\"In\u00edcio\",\"item\":\"https:\/\/psol50.org.br\/\"},{\"@type\":\"ListItem\",\"position\":2,\"name\":\"Relat\u00f3rio diz que pres\u00eddio de Pedrinhas ainda tem tortura e superlota\u00e7\u00e3o\"}]},{\"@type\":\"WebSite\",\"@id\":\"https:\/\/psol50.org.br\/#website\",\"url\":\"https:\/\/psol50.org.br\/\",\"name\":\"PSOL 50\",\"description\":\"Site oficial do Partido Socialismo e Liberdade\",\"publisher\":{\"@id\":\"https:\/\/psol50.org.br\/#organization\"},\"alternateName\":\"PSOL50\",\"potentialAction\":[{\"@type\":\"SearchAction\",\"target\":{\"@type\":\"EntryPoint\",\"urlTemplate\":\"https:\/\/psol50.org.br\/?s={search_term_string}\"},\"query-input\":{\"@type\":\"PropertyValueSpecification\",\"valueRequired\":true,\"valueName\":\"search_term_string\"}}],\"inLanguage\":\"pt-BR\"},{\"@type\":\"Organization\",\"@id\":\"https:\/\/psol50.org.br\/#organization\",\"name\":\"PSOL 50\",\"alternateName\":\"PSOL 50\",\"url\":\"https:\/\/psol50.org.br\/\",\"logo\":{\"@type\":\"ImageObject\",\"inLanguage\":\"pt-BR\",\"@id\":\"https:\/\/psol50.org.br\/#\/schema\/logo\/image\/\",\"url\":\"https:\/\/psol50.org.br\/inc\/uploads\/2018\/07\/capa.png\",\"contentUrl\":\"https:\/\/psol50.org.br\/inc\/uploads\/2018\/07\/capa.png\",\"width\":1350,\"height\":900,\"caption\":\"PSOL 50\"},\"image\":{\"@id\":\"https:\/\/psol50.org.br\/#\/schema\/logo\/image\/\"},\"sameAs\":[\"https:\/\/www.facebook.com\/psol50\",\"https:\/\/x.com\/psol50\",\"https:\/\/www.instagram.com\/psol50\/\",\"https:\/\/www.youtube.com\/channel\/UC7SnJS5o1os7a6CaiNabzcg\"]},{\"@type\":\"Person\",\"@id\":\"https:\/\/psol50.org.br\/#\/schema\/person\/475dfa57d0b815993c714c2e96491fcd\",\"name\":\"Comunica\u00e7\u00e3o PSOL\",\"image\":{\"@type\":\"ImageObject\",\"inLanguage\":\"pt-BR\",\"@id\":\"https:\/\/psol50.org.br\/#\/schema\/person\/image\/\",\"url\":\"https:\/\/secure.gravatar.com\/avatar\/b34fc4f4e468a4e51785917065a3db57b841f5c95dba6ad8c73aaf8f66f8f9bf?s=96&d=mm&r=g\",\"contentUrl\":\"https:\/\/secure.gravatar.com\/avatar\/b34fc4f4e468a4e51785917065a3db57b841f5c95dba6ad8c73aaf8f66f8f9bf?s=96&d=mm&r=g\",\"caption\":\"Comunica\u00e7\u00e3o PSOL\"}}]}<\/script>\n<!-- \/ Yoast SEO plugin. -->","yoast_head_json":{"title":"Relat\u00f3rio diz que pres\u00eddio de Pedrinhas ainda tem tortura e superlota\u00e7\u00e3o - PSOL 50","robots":{"index":"index","follow":"follow","max-snippet":"max-snippet:-1","max-image-preview":"max-image-preview:large","max-video-preview":"max-video-preview:-1"},"canonical":"https:\/\/psol50.org.br\/relatorio-diz-que-presidio-de-pedrinhas-ainda-tem-tortura-e-superlotacao\/","og_locale":"pt_BR","og_type":"article","og_title":"Relat\u00f3rio diz que pres\u00eddio de Pedrinhas ainda tem tortura e superlota\u00e7\u00e3o - PSOL 50","og_description":"Relat\u00f3rio divulgado nesta ter\u00e7a-feira (01) pela organiza\u00e7\u00e3o n\u00e3o governamental Conectas aponta que o Complexo Penitenci\u00e1rio de Pedrinhas, no Maranh\u00e3o, permanece superlotado e com relatos de tortura. \u201cDois anos depois desse ponto de inflex\u00e3o na hist\u00f3ria de Pedrinhas, \u00e9 poss\u00edvel dizer que os assassinatos diminu\u00edram, mas o quadro de tortura e maus-tratos generalizado se mant\u00e9m\u201d, diz [&hellip;]","og_url":"https:\/\/psol50.org.br\/relatorio-diz-que-presidio-de-pedrinhas-ainda-tem-tortura-e-superlotacao\/","og_site_name":"PSOL 50","article_publisher":"https:\/\/www.facebook.com\/psol50","article_published_time":"2016-03-01T19:35:27+00:00","og_image":[{"width":1350,"height":900,"url":"https:\/\/psol50.org.br\/inc\/uploads\/2018\/07\/capa.png","type":"image\/png"}],"author":"Comunica\u00e7\u00e3o PSOL","twitter_card":"summary_large_image","twitter_creator":"@psol50","twitter_site":"@psol50","twitter_misc":{"Escrito por":"Comunica\u00e7\u00e3o PSOL","Est. tempo de leitura":"2 minutos"},"schema":{"@context":"https:\/\/schema.org","@graph":[{"@type":"Article","@id":"https:\/\/psol50.org.br\/relatorio-diz-que-presidio-de-pedrinhas-ainda-tem-tortura-e-superlotacao\/#article","isPartOf":{"@id":"https:\/\/psol50.org.br\/relatorio-diz-que-presidio-de-pedrinhas-ainda-tem-tortura-e-superlotacao\/"},"author":{"name":"Comunica\u00e7\u00e3o PSOL","@id":"https:\/\/psol50.org.br\/#\/schema\/person\/475dfa57d0b815993c714c2e96491fcd"},"headline":"Relat\u00f3rio diz que pres\u00eddio de Pedrinhas ainda tem tortura e superlota\u00e7\u00e3o","datePublished":"2016-03-01T19:35:27+00:00","mainEntityOfPage":{"@id":"https:\/\/psol50.org.br\/relatorio-diz-que-presidio-de-pedrinhas-ainda-tem-tortura-e-superlotacao\/"},"wordCount":504,"commentCount":0,"publisher":{"@id":"https:\/\/psol50.org.br\/#organization"},"image":{"@id":"https:\/\/psol50.org.br\/relatorio-diz-que-presidio-de-pedrinhas-ainda-tem-tortura-e-superlotacao\/#primaryimage"},"thumbnailUrl":"","keywords":["complexo penitenci\u00e1rio de Pedrinhas","Conectas","direitos humanos","Maranh\u00e3o","maus-tratos","OnG","sistema carcer\u00e1rio","tortura","viol\u00eancia"],"articleSection":["Brasil","Not\u00edcias"],"inLanguage":"pt-BR","potentialAction":[{"@type":"CommentAction","name":"Comment","target":["https:\/\/psol50.org.br\/relatorio-diz-que-presidio-de-pedrinhas-ainda-tem-tortura-e-superlotacao\/#respond"]}]},{"@type":"WebPage","@id":"https:\/\/psol50.org.br\/relatorio-diz-que-presidio-de-pedrinhas-ainda-tem-tortura-e-superlotacao\/","url":"https:\/\/psol50.org.br\/relatorio-diz-que-presidio-de-pedrinhas-ainda-tem-tortura-e-superlotacao\/","name":"Relat\u00f3rio diz que pres\u00eddio de Pedrinhas ainda tem tortura e superlota\u00e7\u00e3o - PSOL 50","isPartOf":{"@id":"https:\/\/psol50.org.br\/#website"},"primaryImageOfPage":{"@id":"https:\/\/psol50.org.br\/relatorio-diz-que-presidio-de-pedrinhas-ainda-tem-tortura-e-superlotacao\/#primaryimage"},"image":{"@id":"https:\/\/psol50.org.br\/relatorio-diz-que-presidio-de-pedrinhas-ainda-tem-tortura-e-superlotacao\/#primaryimage"},"thumbnailUrl":"","datePublished":"2016-03-01T19:35:27+00:00","breadcrumb":{"@id":"https:\/\/psol50.org.br\/relatorio-diz-que-presidio-de-pedrinhas-ainda-tem-tortura-e-superlotacao\/#breadcrumb"},"inLanguage":"pt-BR","potentialAction":[{"@type":"ReadAction","target":["https:\/\/psol50.org.br\/relatorio-diz-que-presidio-de-pedrinhas-ainda-tem-tortura-e-superlotacao\/"]}]},{"@type":"ImageObject","inLanguage":"pt-BR","@id":"https:\/\/psol50.org.br\/relatorio-diz-que-presidio-de-pedrinhas-ainda-tem-tortura-e-superlotacao\/#primaryimage","url":"","contentUrl":""},{"@type":"BreadcrumbList","@id":"https:\/\/psol50.org.br\/relatorio-diz-que-presidio-de-pedrinhas-ainda-tem-tortura-e-superlotacao\/#breadcrumb","itemListElement":[{"@type":"ListItem","position":1,"name":"In\u00edcio","item":"https:\/\/psol50.org.br\/"},{"@type":"ListItem","position":2,"name":"Relat\u00f3rio diz que pres\u00eddio de Pedrinhas ainda tem tortura e superlota\u00e7\u00e3o"}]},{"@type":"WebSite","@id":"https:\/\/psol50.org.br\/#website","url":"https:\/\/psol50.org.br\/","name":"PSOL 50","description":"Site oficial do Partido Socialismo e Liberdade","publisher":{"@id":"https:\/\/psol50.org.br\/#organization"},"alternateName":"PSOL50","potentialAction":[{"@type":"SearchAction","target":{"@type":"EntryPoint","urlTemplate":"https:\/\/psol50.org.br\/?s={search_term_string}"},"query-input":{"@type":"PropertyValueSpecification","valueRequired":true,"valueName":"search_term_string"}}],"inLanguage":"pt-BR"},{"@type":"Organization","@id":"https:\/\/psol50.org.br\/#organization","name":"PSOL 50","alternateName":"PSOL 50","url":"https:\/\/psol50.org.br\/","logo":{"@type":"ImageObject","inLanguage":"pt-BR","@id":"https:\/\/psol50.org.br\/#\/schema\/logo\/image\/","url":"https:\/\/psol50.org.br\/inc\/uploads\/2018\/07\/capa.png","contentUrl":"https:\/\/psol50.org.br\/inc\/uploads\/2018\/07\/capa.png","width":1350,"height":900,"caption":"PSOL 50"},"image":{"@id":"https:\/\/psol50.org.br\/#\/schema\/logo\/image\/"},"sameAs":["https:\/\/www.facebook.com\/psol50","https:\/\/x.com\/psol50","https:\/\/www.instagram.com\/psol50\/","https:\/\/www.youtube.com\/channel\/UC7SnJS5o1os7a6CaiNabzcg"]},{"@type":"Person","@id":"https:\/\/psol50.org.br\/#\/schema\/person\/475dfa57d0b815993c714c2e96491fcd","name":"Comunica\u00e7\u00e3o PSOL","image":{"@type":"ImageObject","inLanguage":"pt-BR","@id":"https:\/\/psol50.org.br\/#\/schema\/person\/image\/","url":"https:\/\/secure.gravatar.com\/avatar\/b34fc4f4e468a4e51785917065a3db57b841f5c95dba6ad8c73aaf8f66f8f9bf?s=96&d=mm&r=g","contentUrl":"https:\/\/secure.gravatar.com\/avatar\/b34fc4f4e468a4e51785917065a3db57b841f5c95dba6ad8c73aaf8f66f8f9bf?s=96&d=mm&r=g","caption":"Comunica\u00e7\u00e3o PSOL"}}]}},"_links":{"self":[{"href":"https:\/\/psol50.org.br\/rest\/wp\/v2\/posts\/11486","targetHints":{"allow":["GET"]}}],"collection":[{"href":"https:\/\/psol50.org.br\/rest\/wp\/v2\/posts"}],"about":[{"href":"https:\/\/psol50.org.br\/rest\/wp\/v2\/types\/post"}],"author":[{"embeddable":true,"href":"https:\/\/psol50.org.br\/rest\/wp\/v2\/users\/2"}],"replies":[{"embeddable":true,"href":"https:\/\/psol50.org.br\/rest\/wp\/v2\/comments?post=11486"}],"version-history":[{"count":0,"href":"https:\/\/psol50.org.br\/rest\/wp\/v2\/posts\/11486\/revisions"}],"wp:featuredmedia":[{"embeddable":true,"href":"https:\/\/psol50.org.br\/rest\/"}],"wp:attachment":[{"href":"https:\/\/psol50.org.br\/rest\/wp\/v2\/media?parent=11486"}],"wp:term":[{"taxonomy":"category","embeddable":true,"href":"https:\/\/psol50.org.br\/rest\/wp\/v2\/categories?post=11486"},{"taxonomy":"post_tag","embeddable":true,"href":"https:\/\/psol50.org.br\/rest\/wp\/v2\/tags?post=11486"}],"curies":[{"name":"wp","href":"https:\/\/api.w.org\/{rel}","templated":true}]}}