{"id":11491,"date":"2016-03-01T21:16:14","date_gmt":"2016-03-01T21:16:14","guid":{"rendered":"http:\/\/www.psol50.org.br\/?p=11491"},"modified":"2016-03-01T21:16:14","modified_gmt":"2016-03-01T21:16:14","slug":"psol-lanca-edmilson-rodrigues-pre-candidato-a-prefeitura-de-belem","status":"publish","type":"post","link":"https:\/\/psol50.org.br\/psol-lanca-edmilson-rodrigues-pre-candidato-a-prefeitura-de-belem\/","title":{"rendered":"PSOL lan\u00e7a Edmilson Rodrigues pr\u00e9-candidato \u00e0 Prefeitura de Bel\u00e9m"},"content":{"rendered":"<p>Na noite desta segunda-feira (29), o audit\u00f3rio do Hotel Sagres, em Bel\u00e9m, foi tomado por militantes do PSOL e apoiadores do deputado federal Edmilson Rodrigues. Em um evento marcado por emo\u00e7\u00e3o, alegria e esperan\u00e7a, o parlamentar foi indicado pr\u00e9-candidato do partido \u00e0 Prefeitura de Bel\u00e9m, nas elei\u00e7\u00f5es que ocorrem em outubro deste ano. Foi um momento marcante para aqueles e aquelas que querem um novo rumo, de verdadeiras mudan\u00e7as, para a capital do povo cabano. E a expectativa dos que l\u00e1 estiveram confirmou que Edmilson \u00e9 a melhor alternativa!<\/p>\n<p>Cerca de 1.500 pessoas participaram do evento, que foi marcado pela diversidade dos apoiadores do psolista: representantes de associa\u00e7\u00f5es de moradores, movimentos sociais diversos, como juventude e LGBT, l\u00edderes de diferentes religi\u00f5es, sindicalistas, representantes de outros partidos do campo da esquerda, intelectuais, artistas, professores, jornalistas e advogados, entre outros profissionais. &#8220;H\u00e1 muito tempo venho recebendo pedidos de pessoas nas ruas para que eu venha candidato, pois a cidade est\u00e1 abandonada. Decidi aceitar o desafio. Tenho a honra de merecer a confian\u00e7a. Vamos tornar Bel\u00e9m uma cidade mais justa, com distribui\u00e7\u00e3o de renda, mais emprego combate \u00e0 pobreza e \u00e0 mis\u00e9ria. Quero fazer um programa de governo com a participa\u00e7\u00e3o popular. Vou dialogar com o povo que sofre, e tamb\u00e9m com os profissionais que queiram contribuir. Todo mundo est\u00e1 sendo chamado&#8221;, disse Edmilson.<\/p>\n<p>O pr\u00e9-candidato foi recebido com festa pelos militantes e demais apoiadores. A apresenta\u00e7\u00e3o ocorreu ao som da m\u00fasica &#8220;Nunca Pare de Sonhar&#8221;, de Gonzaguinha, interpretada pela cantora paraense Nat\u00e1lia Matos. &#8220;A riqueza deste momento \u00e9 a uni\u00e3o dos que n\u00e3o abrem m\u00e3o de uma cidade movida pelo amor, fraternidade e a busca pela justi\u00e7a social&#8221;, comemorou o pr\u00e9-candidato.<\/p>\n<p><img loading=\"lazy\" decoding=\"async\" class=\" wp-image-11493 alignleft\" src=\"http:\/\/www.psol50.org.br\/inc\/uploads\/2016\/03\/CSC_0431.jpg\" alt=\"CSC_0431\" width=\"502\" height=\"334\" \/>Coube ao presidente nacional do PSOL, Luiz Ara\u00fajo &#8211; conterr\u00e2neo de Edmilson -, apresentar os desafios do partido ao lan\u00e7ar a sua pr\u00e9-candidatura. \u201cTemos a necessidade de construir uma alternativa ao avan\u00e7o conservador. E os militantes de esquerda est\u00e3o de olho no que vai acontecer em Bel\u00e9m, querendo reacender a esperan\u00e7a por novos rumos\u201d, disse. Ao companheiro de partido e pr\u00e9-candidato a prefeito da capital paraense, o dirigente nacional reafirmou a expectativa: \u201cEdmilson, tua campanha \u00e9 a possibilidade de superar, de unir todos que querem mudan\u00e7as. Eles t\u00eam dinheiro, t\u00eam tempo de TV, v\u00e3o usar a m\u00e1quina. N\u00f3s temos o sonho e a vontade de mudar. E temos que partilhar este sonho com os que viveram o governo do povo e para juventude que nasceu depois\u201d, finalizou, se referindo ao per\u00edodo em que Edmilson foi prefeito de Bel\u00e9m, entre 1996 e 2004.<\/p>\n<p>J\u00e1 a presidente do diret\u00f3rio municipal do partido, Araceli Lemos, conclamou a milit\u00e2ncia da legenda e de outros partidos, al\u00e9m de pessoas sem partido, a somarem com a campanha de Edmilson, na busca de votos e na realiza\u00e7\u00e3o de uma campanha limpa e de combate \u00e0 corrup\u00e7\u00e3o.<\/p>\n<p>Tamb\u00e9m compareceram os vereadores do PSOL, Marinor Brito, Fernando Carneiro e Doutor Chiquinho, o deputado estadual do Amap\u00e1, Paulo Lemos (PSOL), o ex-senador Jos\u00e9 Nery (PSOL), o vice-prefeito de S\u00e3o Miguel do Guam\u00e1, Carlos Vaz, e o presidente da Funda\u00e7\u00e3o Lauro Campos, Juliano Medeiros.<\/p>\n<p>As conven\u00e7\u00f5es partid\u00e1rias &#8211; quando as alian\u00e7as e candidaturas para prefeito, vice e vereadores ser\u00e3o confirmadas &#8211; ocorrer\u00e3o at\u00e9 o dia 5 de agosto, de acordo com o calend\u00e1rio eleitoral definido pelo Tribunal Superior Eleitoral (TSE).<\/p>\n<p><strong>Curr\u00edculo<br \/>\n<\/strong>Edmilson \u00e9\u00a0arquiteto formado pela UFPA e professor concursado do Estado e da Universidade Federal Rural da Amaz\u00f4nia (UFRA).\u00a0Fez Mestrado em Desenvolvimento Urbano e Doutorado em Geografia pela Universidade de S\u00e3o Paulo (USP).\u00a0Atualmente com mandato de deputado federal, foi o mais votado em Bel\u00e9m na elei\u00e7\u00e3o de 2014 e, no primeiro ano de mandato, em 2015, foi eleito o 5\u00ba melhor deputado do Brasil pela publica\u00e7\u00e3o especializada Congresso em Foco. Ele\u00a0foi, ainda, deputado estadual por tr\u00eas mandatos, eleito nos anos de 1986, 1990 e 2010, tendo sido, neste \u00faltimo, o mais votado da hist\u00f3ria da Assembleia Legislativa do Par\u00e1, com 180 mil votos.<\/p>\n<p>Mas foi nos dois mandatos consecutivos de prefeito\u00a0de Bel\u00e9m, entre os anos de 1997 e 2004, que Edmilson foi reconhecido como o melhor prefeito que a cidade j\u00e1 teve. Ele\u00a0recebeu mais de 50 pr\u00eamios de gest\u00e3o, incluindo condecora\u00e7\u00f5es internacionais, como o de Prefeito Crian\u00e7a, concedido tr\u00eas vezes pela Organiza\u00e7\u00e3o das Na\u00e7\u00f5es Unidas (ONU). A maioria dos pr\u00eamios foi concedida em raz\u00e3o de projetos sociais que cuidaram e resgataram crian\u00e7as e jovens, como Bolsa Escola, Escola Circo e Sementes do Amanh\u00e3; cr\u00e9dito e capacita\u00e7\u00e3o a microempreendedores pelo Banco do Povo; a reforma do Ver-o-Peso; e importantes investimentos na sa\u00fade com a expans\u00e3o do n\u00famero unidades de atendimento, a constru\u00e7\u00e3o do Pronto Socorro do Guam\u00e1 e a implanta\u00e7\u00e3o do Programa Fam\u00edlia Saud\u00e1vel.<\/p>\n<p>Confira abaixo alguns momentos mais emocionantes do ato de lan\u00e7amento.<\/p>\n<div id=\"fb-root\"><\/div>\n<p><script>(function(d, s, id) {  var js, fjs = d.getElementsByTagName(s)[0];  if (d.getElementById(id)) return;  js = d.createElement(s); js.id = id;  js.src = \"\/\/connect.facebook.net\/pt_BR\/sdk.js#xfbml=1&version=v2.3\";  fjs.parentNode.insertBefore(js, fjs);}(document, 'script', 'facebook-jssdk'));<\/script><\/p>\n<div class=\"fb-post\" data-href=\"https:\/\/www.facebook.com\/edmilsonpsol\/videos\/1096619010378572\/\" data-width=\"500\">\n<div class=\"fb-xfbml-parse-ignore\">\n<blockquote cite=\"https:\/\/www.facebook.com\/edmilsonpsol\/videos\/1096619010378572\/\">\n<p>Dividimos com os amigos e amigas um pedacinho da enorme emo&#xe7;&#xe3;o que tomou conta do lan&#xe7;amento da pr&#xe9;-candidatura na noite&#8230;<\/p>\n<p>Publicado por <a href=\"https:\/\/www.facebook.com\/edmilsonpsol\/\">Edmilson Rodrigues<\/a> em&nbsp;<a href=\"https:\/\/www.facebook.com\/edmilsonpsol\/videos\/1096619010378572\/\">Ter\u00e7a, 1 de mar\u00e7o de 2016<\/a><\/p><\/blockquote>\n<\/div>\n<\/div>\n","protected":false},"excerpt":{"rendered":"<p>Na noite desta segunda-feira (29), o audit\u00f3rio do Hotel Sagres, em Bel\u00e9m, foi tomado por militantes do PSOL e apoiadores do deputado federal Edmilson Rodrigues. Em um evento marcado por emo\u00e7\u00e3o, alegria e esperan\u00e7a, o parlamentar foi indicado pr\u00e9-candidato do partido \u00e0 Prefeitura de Bel\u00e9m, nas elei\u00e7\u00f5es que ocorrem em outubro deste ano. Foi um [&hellip;]<\/p>\n","protected":false},"author":2,"featured_media":11492,"comment_status":"open","ping_status":"open","sticky":false,"template":"","format":"standard","meta":{"_acf_changed":false,"footnotes":""},"categories":[654,6,14],"tags":[643,973,1801,50,2524,1187,2837,22],"class_list":{"0":"post-11491","1":"post","2":"type-post","3":"status-publish","4":"format-standard","5":"has-post-thumbnail","7":"category-estados","8":"category-noticias","9":"category-partido","10":"tag-belem","11":"tag-edmilson-rodrigues","12":"tag-luiz-araujo","13":"tag-para","14":"tag-pre-candidatura","15":"tag-prefeito","16":"tag-prefeitura-de-belem","17":"tag-psol"},"acf":[],"yoast_head":"<!-- This site is optimized with the Yoast SEO plugin v26.5 - https:\/\/yoast.com\/wordpress\/plugins\/seo\/ -->\n<title>PSOL lan\u00e7a Edmilson Rodrigues pr\u00e9-candidato \u00e0 Prefeitura de Bel\u00e9m - PSOL 50<\/title>\n<meta name=\"robots\" content=\"index, follow, max-snippet:-1, max-image-preview:large, max-video-preview:-1\" \/>\n<link rel=\"canonical\" href=\"https:\/\/psol50.org.br\/psol-lanca-edmilson-rodrigues-pre-candidato-a-prefeitura-de-belem\/\" \/>\n<meta property=\"og:locale\" content=\"pt_BR\" \/>\n<meta property=\"og:type\" content=\"article\" \/>\n<meta property=\"og:title\" content=\"PSOL lan\u00e7a Edmilson Rodrigues pr\u00e9-candidato \u00e0 Prefeitura de Bel\u00e9m - PSOL 50\" \/>\n<meta property=\"og:description\" content=\"Na noite desta segunda-feira (29), o audit\u00f3rio do Hotel Sagres, em Bel\u00e9m, foi tomado por militantes do PSOL e apoiadores do deputado federal Edmilson Rodrigues. Em um evento marcado por emo\u00e7\u00e3o, alegria e esperan\u00e7a, o parlamentar foi indicado pr\u00e9-candidato do partido \u00e0 Prefeitura de Bel\u00e9m, nas elei\u00e7\u00f5es que ocorrem em outubro deste ano. Foi um [&hellip;]\" \/>\n<meta property=\"og:url\" content=\"https:\/\/psol50.org.br\/psol-lanca-edmilson-rodrigues-pre-candidato-a-prefeitura-de-belem\/\" \/>\n<meta property=\"og:site_name\" content=\"PSOL 50\" \/>\n<meta property=\"article:publisher\" content=\"https:\/\/www.facebook.com\/psol50\" \/>\n<meta property=\"article:published_time\" content=\"2016-03-01T21:16:14+00:00\" \/>\n<meta property=\"og:image\" content=\"https:\/\/psol50.org.br\/inc\/uploads\/2018\/07\/capa.png\" \/>\n\t<meta property=\"og:image:width\" content=\"1350\" \/>\n\t<meta property=\"og:image:height\" content=\"900\" \/>\n\t<meta property=\"og:image:type\" content=\"image\/png\" \/>\n<meta name=\"author\" content=\"Comunica\u00e7\u00e3o PSOL\" \/>\n<meta name=\"twitter:card\" content=\"summary_large_image\" \/>\n<meta name=\"twitter:creator\" content=\"@psol50\" \/>\n<meta name=\"twitter:site\" content=\"@psol50\" \/>\n<meta name=\"twitter:label1\" content=\"Escrito por\" \/>\n\t<meta name=\"twitter:data1\" content=\"Comunica\u00e7\u00e3o PSOL\" \/>\n\t<meta name=\"twitter:label2\" content=\"Est. tempo de leitura\" \/>\n\t<meta name=\"twitter:data2\" content=\"4 minutos\" \/>\n<script type=\"application\/ld+json\" class=\"yoast-schema-graph\">{\"@context\":\"https:\/\/schema.org\",\"@graph\":[{\"@type\":\"Article\",\"@id\":\"https:\/\/psol50.org.br\/psol-lanca-edmilson-rodrigues-pre-candidato-a-prefeitura-de-belem\/#article\",\"isPartOf\":{\"@id\":\"https:\/\/psol50.org.br\/psol-lanca-edmilson-rodrigues-pre-candidato-a-prefeitura-de-belem\/\"},\"author\":{\"name\":\"Comunica\u00e7\u00e3o PSOL\",\"@id\":\"https:\/\/psol50.org.br\/#\/schema\/person\/475dfa57d0b815993c714c2e96491fcd\"},\"headline\":\"PSOL lan\u00e7a Edmilson Rodrigues pr\u00e9-candidato \u00e0 Prefeitura de Bel\u00e9m\",\"datePublished\":\"2016-03-01T21:16:14+00:00\",\"mainEntityOfPage\":{\"@id\":\"https:\/\/psol50.org.br\/psol-lanca-edmilson-rodrigues-pre-candidato-a-prefeitura-de-belem\/\"},\"wordCount\":900,\"commentCount\":0,\"publisher\":{\"@id\":\"https:\/\/psol50.org.br\/#organization\"},\"image\":{\"@id\":\"https:\/\/psol50.org.br\/psol-lanca-edmilson-rodrigues-pre-candidato-a-prefeitura-de-belem\/#primaryimage\"},\"thumbnailUrl\":\"\",\"keywords\":[\"Bel\u00e9m\",\"Edmilson Rodrigues\",\"Luiz Ara\u00fajo\",\"Par\u00e1\",\"pr\u00e9-candidatura\",\"prefeito\",\"prefeitura de Bel\u00e9m\",\"PSOL\"],\"articleSection\":[\"Estados\",\"Not\u00edcias\",\"Partido\"],\"inLanguage\":\"pt-BR\",\"potentialAction\":[{\"@type\":\"CommentAction\",\"name\":\"Comment\",\"target\":[\"https:\/\/psol50.org.br\/psol-lanca-edmilson-rodrigues-pre-candidato-a-prefeitura-de-belem\/#respond\"]}]},{\"@type\":\"WebPage\",\"@id\":\"https:\/\/psol50.org.br\/psol-lanca-edmilson-rodrigues-pre-candidato-a-prefeitura-de-belem\/\",\"url\":\"https:\/\/psol50.org.br\/psol-lanca-edmilson-rodrigues-pre-candidato-a-prefeitura-de-belem\/\",\"name\":\"PSOL lan\u00e7a Edmilson Rodrigues pr\u00e9-candidato \u00e0 Prefeitura de Bel\u00e9m - PSOL 50\",\"isPartOf\":{\"@id\":\"https:\/\/psol50.org.br\/#website\"},\"primaryImageOfPage\":{\"@id\":\"https:\/\/psol50.org.br\/psol-lanca-edmilson-rodrigues-pre-candidato-a-prefeitura-de-belem\/#primaryimage\"},\"image\":{\"@id\":\"https:\/\/psol50.org.br\/psol-lanca-edmilson-rodrigues-pre-candidato-a-prefeitura-de-belem\/#primaryimage\"},\"thumbnailUrl\":\"\",\"datePublished\":\"2016-03-01T21:16:14+00:00\",\"breadcrumb\":{\"@id\":\"https:\/\/psol50.org.br\/psol-lanca-edmilson-rodrigues-pre-candidato-a-prefeitura-de-belem\/#breadcrumb\"},\"inLanguage\":\"pt-BR\",\"potentialAction\":[{\"@type\":\"ReadAction\",\"target\":[\"https:\/\/psol50.org.br\/psol-lanca-edmilson-rodrigues-pre-candidato-a-prefeitura-de-belem\/\"]}]},{\"@type\":\"ImageObject\",\"inLanguage\":\"pt-BR\",\"@id\":\"https:\/\/psol50.org.br\/psol-lanca-edmilson-rodrigues-pre-candidato-a-prefeitura-de-belem\/#primaryimage\",\"url\":\"\",\"contentUrl\":\"\"},{\"@type\":\"BreadcrumbList\",\"@id\":\"https:\/\/psol50.org.br\/psol-lanca-edmilson-rodrigues-pre-candidato-a-prefeitura-de-belem\/#breadcrumb\",\"itemListElement\":[{\"@type\":\"ListItem\",\"position\":1,\"name\":\"In\u00edcio\",\"item\":\"https:\/\/psol50.org.br\/\"},{\"@type\":\"ListItem\",\"position\":2,\"name\":\"PSOL lan\u00e7a Edmilson Rodrigues pr\u00e9-candidato \u00e0 Prefeitura de Bel\u00e9m\"}]},{\"@type\":\"WebSite\",\"@id\":\"https:\/\/psol50.org.br\/#website\",\"url\":\"https:\/\/psol50.org.br\/\",\"name\":\"PSOL 50\",\"description\":\"Site oficial do Partido Socialismo e Liberdade\",\"publisher\":{\"@id\":\"https:\/\/psol50.org.br\/#organization\"},\"alternateName\":\"PSOL50\",\"potentialAction\":[{\"@type\":\"SearchAction\",\"target\":{\"@type\":\"EntryPoint\",\"urlTemplate\":\"https:\/\/psol50.org.br\/?s={search_term_string}\"},\"query-input\":{\"@type\":\"PropertyValueSpecification\",\"valueRequired\":true,\"valueName\":\"search_term_string\"}}],\"inLanguage\":\"pt-BR\"},{\"@type\":\"Organization\",\"@id\":\"https:\/\/psol50.org.br\/#organization\",\"name\":\"PSOL 50\",\"alternateName\":\"PSOL 50\",\"url\":\"https:\/\/psol50.org.br\/\",\"logo\":{\"@type\":\"ImageObject\",\"inLanguage\":\"pt-BR\",\"@id\":\"https:\/\/psol50.org.br\/#\/schema\/logo\/image\/\",\"url\":\"https:\/\/psol50.org.br\/inc\/uploads\/2018\/07\/capa.png\",\"contentUrl\":\"https:\/\/psol50.org.br\/inc\/uploads\/2018\/07\/capa.png\",\"width\":1350,\"height\":900,\"caption\":\"PSOL 50\"},\"image\":{\"@id\":\"https:\/\/psol50.org.br\/#\/schema\/logo\/image\/\"},\"sameAs\":[\"https:\/\/www.facebook.com\/psol50\",\"https:\/\/x.com\/psol50\",\"https:\/\/www.instagram.com\/psol50\/\",\"https:\/\/www.youtube.com\/channel\/UC7SnJS5o1os7a6CaiNabzcg\"]},{\"@type\":\"Person\",\"@id\":\"https:\/\/psol50.org.br\/#\/schema\/person\/475dfa57d0b815993c714c2e96491fcd\",\"name\":\"Comunica\u00e7\u00e3o PSOL\",\"image\":{\"@type\":\"ImageObject\",\"inLanguage\":\"pt-BR\",\"@id\":\"https:\/\/psol50.org.br\/#\/schema\/person\/image\/\",\"url\":\"https:\/\/secure.gravatar.com\/avatar\/b34fc4f4e468a4e51785917065a3db57b841f5c95dba6ad8c73aaf8f66f8f9bf?s=96&d=mm&r=g\",\"contentUrl\":\"https:\/\/secure.gravatar.com\/avatar\/b34fc4f4e468a4e51785917065a3db57b841f5c95dba6ad8c73aaf8f66f8f9bf?s=96&d=mm&r=g\",\"caption\":\"Comunica\u00e7\u00e3o PSOL\"}}]}<\/script>\n<!-- \/ Yoast SEO plugin. -->","yoast_head_json":{"title":"PSOL lan\u00e7a Edmilson Rodrigues pr\u00e9-candidato \u00e0 Prefeitura de Bel\u00e9m - PSOL 50","robots":{"index":"index","follow":"follow","max-snippet":"max-snippet:-1","max-image-preview":"max-image-preview:large","max-video-preview":"max-video-preview:-1"},"canonical":"https:\/\/psol50.org.br\/psol-lanca-edmilson-rodrigues-pre-candidato-a-prefeitura-de-belem\/","og_locale":"pt_BR","og_type":"article","og_title":"PSOL lan\u00e7a Edmilson Rodrigues pr\u00e9-candidato \u00e0 Prefeitura de Bel\u00e9m - PSOL 50","og_description":"Na noite desta segunda-feira (29), o audit\u00f3rio do Hotel Sagres, em Bel\u00e9m, foi tomado por militantes do PSOL e apoiadores do deputado federal Edmilson Rodrigues. Em um evento marcado por emo\u00e7\u00e3o, alegria e esperan\u00e7a, o parlamentar foi indicado pr\u00e9-candidato do partido \u00e0 Prefeitura de Bel\u00e9m, nas elei\u00e7\u00f5es que ocorrem em outubro deste ano. Foi um [&hellip;]","og_url":"https:\/\/psol50.org.br\/psol-lanca-edmilson-rodrigues-pre-candidato-a-prefeitura-de-belem\/","og_site_name":"PSOL 50","article_publisher":"https:\/\/www.facebook.com\/psol50","article_published_time":"2016-03-01T21:16:14+00:00","og_image":[{"width":1350,"height":900,"url":"https:\/\/psol50.org.br\/inc\/uploads\/2018\/07\/capa.png","type":"image\/png"}],"author":"Comunica\u00e7\u00e3o PSOL","twitter_card":"summary_large_image","twitter_creator":"@psol50","twitter_site":"@psol50","twitter_misc":{"Escrito por":"Comunica\u00e7\u00e3o PSOL","Est. tempo de leitura":"4 minutos"},"schema":{"@context":"https:\/\/schema.org","@graph":[{"@type":"Article","@id":"https:\/\/psol50.org.br\/psol-lanca-edmilson-rodrigues-pre-candidato-a-prefeitura-de-belem\/#article","isPartOf":{"@id":"https:\/\/psol50.org.br\/psol-lanca-edmilson-rodrigues-pre-candidato-a-prefeitura-de-belem\/"},"author":{"name":"Comunica\u00e7\u00e3o PSOL","@id":"https:\/\/psol50.org.br\/#\/schema\/person\/475dfa57d0b815993c714c2e96491fcd"},"headline":"PSOL lan\u00e7a Edmilson Rodrigues pr\u00e9-candidato \u00e0 Prefeitura de Bel\u00e9m","datePublished":"2016-03-01T21:16:14+00:00","mainEntityOfPage":{"@id":"https:\/\/psol50.org.br\/psol-lanca-edmilson-rodrigues-pre-candidato-a-prefeitura-de-belem\/"},"wordCount":900,"commentCount":0,"publisher":{"@id":"https:\/\/psol50.org.br\/#organization"},"image":{"@id":"https:\/\/psol50.org.br\/psol-lanca-edmilson-rodrigues-pre-candidato-a-prefeitura-de-belem\/#primaryimage"},"thumbnailUrl":"","keywords":["Bel\u00e9m","Edmilson Rodrigues","Luiz Ara\u00fajo","Par\u00e1","pr\u00e9-candidatura","prefeito","prefeitura de Bel\u00e9m","PSOL"],"articleSection":["Estados","Not\u00edcias","Partido"],"inLanguage":"pt-BR","potentialAction":[{"@type":"CommentAction","name":"Comment","target":["https:\/\/psol50.org.br\/psol-lanca-edmilson-rodrigues-pre-candidato-a-prefeitura-de-belem\/#respond"]}]},{"@type":"WebPage","@id":"https:\/\/psol50.org.br\/psol-lanca-edmilson-rodrigues-pre-candidato-a-prefeitura-de-belem\/","url":"https:\/\/psol50.org.br\/psol-lanca-edmilson-rodrigues-pre-candidato-a-prefeitura-de-belem\/","name":"PSOL lan\u00e7a Edmilson Rodrigues pr\u00e9-candidato \u00e0 Prefeitura de Bel\u00e9m - PSOL 50","isPartOf":{"@id":"https:\/\/psol50.org.br\/#website"},"primaryImageOfPage":{"@id":"https:\/\/psol50.org.br\/psol-lanca-edmilson-rodrigues-pre-candidato-a-prefeitura-de-belem\/#primaryimage"},"image":{"@id":"https:\/\/psol50.org.br\/psol-lanca-edmilson-rodrigues-pre-candidato-a-prefeitura-de-belem\/#primaryimage"},"thumbnailUrl":"","datePublished":"2016-03-01T21:16:14+00:00","breadcrumb":{"@id":"https:\/\/psol50.org.br\/psol-lanca-edmilson-rodrigues-pre-candidato-a-prefeitura-de-belem\/#breadcrumb"},"inLanguage":"pt-BR","potentialAction":[{"@type":"ReadAction","target":["https:\/\/psol50.org.br\/psol-lanca-edmilson-rodrigues-pre-candidato-a-prefeitura-de-belem\/"]}]},{"@type":"ImageObject","inLanguage":"pt-BR","@id":"https:\/\/psol50.org.br\/psol-lanca-edmilson-rodrigues-pre-candidato-a-prefeitura-de-belem\/#primaryimage","url":"","contentUrl":""},{"@type":"BreadcrumbList","@id":"https:\/\/psol50.org.br\/psol-lanca-edmilson-rodrigues-pre-candidato-a-prefeitura-de-belem\/#breadcrumb","itemListElement":[{"@type":"ListItem","position":1,"name":"In\u00edcio","item":"https:\/\/psol50.org.br\/"},{"@type":"ListItem","position":2,"name":"PSOL lan\u00e7a Edmilson Rodrigues pr\u00e9-candidato \u00e0 Prefeitura de Bel\u00e9m"}]},{"@type":"WebSite","@id":"https:\/\/psol50.org.br\/#website","url":"https:\/\/psol50.org.br\/","name":"PSOL 50","description":"Site oficial do Partido Socialismo e Liberdade","publisher":{"@id":"https:\/\/psol50.org.br\/#organization"},"alternateName":"PSOL50","potentialAction":[{"@type":"SearchAction","target":{"@type":"EntryPoint","urlTemplate":"https:\/\/psol50.org.br\/?s={search_term_string}"},"query-input":{"@type":"PropertyValueSpecification","valueRequired":true,"valueName":"search_term_string"}}],"inLanguage":"pt-BR"},{"@type":"Organization","@id":"https:\/\/psol50.org.br\/#organization","name":"PSOL 50","alternateName":"PSOL 50","url":"https:\/\/psol50.org.br\/","logo":{"@type":"ImageObject","inLanguage":"pt-BR","@id":"https:\/\/psol50.org.br\/#\/schema\/logo\/image\/","url":"https:\/\/psol50.org.br\/inc\/uploads\/2018\/07\/capa.png","contentUrl":"https:\/\/psol50.org.br\/inc\/uploads\/2018\/07\/capa.png","width":1350,"height":900,"caption":"PSOL 50"},"image":{"@id":"https:\/\/psol50.org.br\/#\/schema\/logo\/image\/"},"sameAs":["https:\/\/www.facebook.com\/psol50","https:\/\/x.com\/psol50","https:\/\/www.instagram.com\/psol50\/","https:\/\/www.youtube.com\/channel\/UC7SnJS5o1os7a6CaiNabzcg"]},{"@type":"Person","@id":"https:\/\/psol50.org.br\/#\/schema\/person\/475dfa57d0b815993c714c2e96491fcd","name":"Comunica\u00e7\u00e3o PSOL","image":{"@type":"ImageObject","inLanguage":"pt-BR","@id":"https:\/\/psol50.org.br\/#\/schema\/person\/image\/","url":"https:\/\/secure.gravatar.com\/avatar\/b34fc4f4e468a4e51785917065a3db57b841f5c95dba6ad8c73aaf8f66f8f9bf?s=96&d=mm&r=g","contentUrl":"https:\/\/secure.gravatar.com\/avatar\/b34fc4f4e468a4e51785917065a3db57b841f5c95dba6ad8c73aaf8f66f8f9bf?s=96&d=mm&r=g","caption":"Comunica\u00e7\u00e3o PSOL"}}]}},"_links":{"self":[{"href":"https:\/\/psol50.org.br\/rest\/wp\/v2\/posts\/11491","targetHints":{"allow":["GET"]}}],"collection":[{"href":"https:\/\/psol50.org.br\/rest\/wp\/v2\/posts"}],"about":[{"href":"https:\/\/psol50.org.br\/rest\/wp\/v2\/types\/post"}],"author":[{"embeddable":true,"href":"https:\/\/psol50.org.br\/rest\/wp\/v2\/users\/2"}],"replies":[{"embeddable":true,"href":"https:\/\/psol50.org.br\/rest\/wp\/v2\/comments?post=11491"}],"version-history":[{"count":0,"href":"https:\/\/psol50.org.br\/rest\/wp\/v2\/posts\/11491\/revisions"}],"wp:featuredmedia":[{"embeddable":true,"href":"https:\/\/psol50.org.br\/rest\/"}],"wp:attachment":[{"href":"https:\/\/psol50.org.br\/rest\/wp\/v2\/media?parent=11491"}],"wp:term":[{"taxonomy":"category","embeddable":true,"href":"https:\/\/psol50.org.br\/rest\/wp\/v2\/categories?post=11491"},{"taxonomy":"post_tag","embeddable":true,"href":"https:\/\/psol50.org.br\/rest\/wp\/v2\/tags?post=11491"}],"curies":[{"name":"wp","href":"https:\/\/api.w.org\/{rel}","templated":true}]}}