{"id":11495,"date":"2016-03-01T22:30:33","date_gmt":"2016-03-01T22:30:33","guid":{"rendered":"http:\/\/www.psol50.org.br\/?p=11495"},"modified":"2016-03-01T22:30:33","modified_gmt":"2016-03-01T22:30:33","slug":"stf-nega-pedido-de-cunha-para-adiar-julgamento","status":"publish","type":"post","link":"https:\/\/psol50.org.br\/stf-nega-pedido-de-cunha-para-adiar-julgamento\/","title":{"rendered":"STF nega pedido de Cunha para adiar julgamento"},"content":{"rendered":"<p>O ministro Teori Zavascki, do Supremo Tribunal Federal (STF), negou nesta ter\u00e7a-feira (1\u00ba) o pedido feito pela defesa de Eduardo Cunha para que fosse adiada a sess\u00e3o que ir\u00e1 analisar o recebimento da den\u00fancia no Inqu\u00e9rito (Inq) 3983, instaurado contra o presidente da C\u00e2mara dos Deputados. O julgamento est\u00e1 marcado para a sess\u00e3o plen\u00e1ria desta quarta-feira (2), a partir das 14h.<\/p>\n<p>Segundo informa\u00e7\u00f5es do pr\u00f3prio STF, a defesa do parlamentar alegou, na peti\u00e7\u00e3o, que o curto espa\u00e7o de tempo entre a publica\u00e7\u00e3o da pauta de julgamentos e a data da sess\u00e3o teria limitado a prepara\u00e7\u00e3o da defesa oral e a entrega de memoriais aos ministros da Corte.<\/p>\n<p>Em sua decis\u00e3o, o ministro Teori explicou que a inclus\u00e3o em pauta do Inqu\u00e9rito contra o presidente da C\u00e2mara foi publicada no Di\u00e1rio de Justi\u00e7a Eletr\u00f4nico de 26 de fevereiro e observou o prazo previsto no artigo 83 do Regimento Interno do STF, que determina a publica\u00e7\u00e3o com anteced\u00eancia m\u00ednima de 48 horas. E a apresenta\u00e7\u00e3o de memoriais, conforme o ministro, pode ser promovida no prazo que antecede o julgamento. Al\u00e9m disso, o inqu\u00e9rito em quest\u00e3o tramita h\u00e1 aproximadamente um ano, salientou o relator, e tem recebido atento e constante acompanhamento dos representantes do acusado.<\/p>\n<p>O ministro ressaltou ainda que os agravos interpostos pela defesa, requerendo acesso a provas nos autos e abertura de prazo para manifesta\u00e7\u00e3o da defesa, ser\u00e3o examinados na sess\u00e3o que ir\u00e1 analisar a den\u00fancia e, portanto, tamb\u00e9m n\u00e3o justificam o adiamento do processo.<\/p>\n<p><strong>Den\u00fancia<\/strong><br \/>\nDe acordo com o procurador geral da Rep\u00fablica, Rodrigo Janot, o deputado recebeu US$ 5 milh\u00f5es para viabilizar a contrata\u00e7\u00e3o de dois navios-sonda do estaleiro Samsung Heavy Industries em 2006 e 2007. O neg\u00f3cio foi feito sem licita\u00e7\u00e3o e ocorreu por intermedia\u00e7\u00e3o do empres\u00e1rio Fernando Soares e o ex-diretor da \u00e1rea internacional da Petrobras Nestor Cerver\u00f3.<\/p>\n<p>O caso foi descoberto a partir do acordo de dela\u00e7\u00e3o premiada firmado pelo consultor J\u00falio Camargo, que tamb\u00e9m participou do neg\u00f3cio e recebeu US$ 40,3 milh\u00f5es da Samsung Heavy Industries para concretizar a contrata\u00e7\u00e3o, segundo a den\u00fancia.<\/p>\n<p>Em outra acusa\u00e7\u00e3o, Janot afirma que Eduardo Cunha pediu, em 2011, \u00e0 ex-deputada e atual prefeita de Rio Bonito, no Rio de Janeiro, Solange Almeida, a apresenta\u00e7\u00e3o de requerimentos \u00e0 Comiss\u00e3o de Fiscaliza\u00e7\u00e3o e Controle da C\u00e2mara para pressionar o estaleiro, que parou de pagar as parcelas da propina.<\/p>\n<p>Segundo Janot, n\u00e3o h\u00e1 d\u00favida de que Cunha foi o verdadeiro autor dos requerimentos. A prefeita foi inclu\u00edda no processo. Cunha nega todas as acusa\u00e7\u00f5es r afirma que n\u00e3o vai deixar a presid\u00eancia da C\u00e2mara.<\/p>\n<p>Ontem (29), os advogados de Cunha alegaram que o Supremo n\u00e3o pode julgar se abre a\u00e7\u00e3o penal contra o parlamentar sem julgar dois recursos protocolados pela defesa, nos quais os advogados pedem mais prazo para contesta\u00e7\u00e3o.<\/p>\n<p>Fonte: <em><a href=\"http:\/\/www.stf.jus.br\/portal\/cms\/verNoticiaDetalhe.asp?idConteudo=311089\">STF<\/a> e <a href=\"http:\/\/agenciabrasil.ebc.com.br\/politica\/noticia\/2016-03\/stf-nega-pedido-para-adiar-julgamento-de-denuncia-sobre-cunha\">Ag\u00eancia Brasil<\/a><\/em><\/p>\n","protected":false},"excerpt":{"rendered":"<p>O ministro Teori Zavascki, do Supremo Tribunal Federal (STF), negou nesta ter\u00e7a-feira (1\u00ba) o pedido feito pela defesa de Eduardo Cunha para que fosse adiada a sess\u00e3o que ir\u00e1 analisar o recebimento da den\u00fancia no Inqu\u00e9rito (Inq) 3983, instaurado contra o presidente da C\u00e2mara dos Deputados. O julgamento est\u00e1 marcado para a sess\u00e3o plen\u00e1ria desta [&hellip;]<\/p>\n","protected":false},"author":2,"featured_media":10643,"comment_status":"open","ping_status":"open","sticky":false,"template":"","format":"standard","meta":{"_acf_changed":false,"footnotes":""},"categories":[6],"tags":[79,2890,4039,77,3093,45,4040],"class_list":{"0":"post-11495","1":"post","2":"type-post","3":"status-publish","4":"format-standard","5":"has-post-thumbnail","7":"category-noticias","8":"tag-denuncia","9":"tag-eduardo-cunha","10":"tag-inquerito-3983","11":"tag-pgr","12":"tag-rodrigo-janot","13":"tag-stf","14":"tag-teori-zavasck"},"acf":[],"yoast_head":"<!-- This site is optimized with the Yoast SEO plugin v26.5 - https:\/\/yoast.com\/wordpress\/plugins\/seo\/ -->\n<title>STF nega pedido de Cunha para adiar julgamento - PSOL 50<\/title>\n<meta name=\"robots\" content=\"index, follow, max-snippet:-1, max-image-preview:large, max-video-preview:-1\" \/>\n<link rel=\"canonical\" href=\"https:\/\/psol50.org.br\/stf-nega-pedido-de-cunha-para-adiar-julgamento\/\" \/>\n<meta property=\"og:locale\" content=\"pt_BR\" \/>\n<meta property=\"og:type\" content=\"article\" \/>\n<meta property=\"og:title\" content=\"STF nega pedido de Cunha para adiar julgamento - PSOL 50\" \/>\n<meta property=\"og:description\" content=\"O ministro Teori Zavascki, do Supremo Tribunal Federal (STF), negou nesta ter\u00e7a-feira (1\u00ba) o pedido feito pela defesa de Eduardo Cunha para que fosse adiada a sess\u00e3o que ir\u00e1 analisar o recebimento da den\u00fancia no Inqu\u00e9rito (Inq) 3983, instaurado contra o presidente da C\u00e2mara dos Deputados. O julgamento est\u00e1 marcado para a sess\u00e3o plen\u00e1ria desta [&hellip;]\" \/>\n<meta property=\"og:url\" content=\"https:\/\/psol50.org.br\/stf-nega-pedido-de-cunha-para-adiar-julgamento\/\" \/>\n<meta property=\"og:site_name\" content=\"PSOL 50\" \/>\n<meta property=\"article:publisher\" content=\"https:\/\/www.facebook.com\/psol50\" \/>\n<meta property=\"article:published_time\" content=\"2016-03-01T22:30:33+00:00\" \/>\n<meta property=\"og:image\" content=\"https:\/\/psol50.org.br\/inc\/uploads\/2015\/11\/Eduardo-Cunha-19-11-15-Alex-Ferreira-CD-e1448893464203.jpg\" \/>\n\t<meta property=\"og:image:width\" content=\"1000\" \/>\n\t<meta property=\"og:image:height\" content=\"655\" \/>\n\t<meta property=\"og:image:type\" content=\"image\/jpeg\" \/>\n<meta name=\"author\" content=\"Comunica\u00e7\u00e3o PSOL\" \/>\n<meta name=\"twitter:card\" content=\"summary_large_image\" \/>\n<meta name=\"twitter:creator\" content=\"@psol50\" \/>\n<meta name=\"twitter:site\" content=\"@psol50\" \/>\n<meta name=\"twitter:label1\" content=\"Escrito por\" \/>\n\t<meta name=\"twitter:data1\" content=\"Comunica\u00e7\u00e3o PSOL\" \/>\n\t<meta name=\"twitter:label2\" content=\"Est. tempo de leitura\" \/>\n\t<meta name=\"twitter:data2\" content=\"3 minutos\" \/>\n<script type=\"application\/ld+json\" class=\"yoast-schema-graph\">{\"@context\":\"https:\/\/schema.org\",\"@graph\":[{\"@type\":\"Article\",\"@id\":\"https:\/\/psol50.org.br\/stf-nega-pedido-de-cunha-para-adiar-julgamento\/#article\",\"isPartOf\":{\"@id\":\"https:\/\/psol50.org.br\/stf-nega-pedido-de-cunha-para-adiar-julgamento\/\"},\"author\":{\"name\":\"Comunica\u00e7\u00e3o PSOL\",\"@id\":\"https:\/\/psol50.org.br\/#\/schema\/person\/475dfa57d0b815993c714c2e96491fcd\"},\"headline\":\"STF nega pedido de Cunha para adiar julgamento\",\"datePublished\":\"2016-03-01T22:30:33+00:00\",\"mainEntityOfPage\":{\"@id\":\"https:\/\/psol50.org.br\/stf-nega-pedido-de-cunha-para-adiar-julgamento\/\"},\"wordCount\":522,\"commentCount\":0,\"publisher\":{\"@id\":\"https:\/\/psol50.org.br\/#organization\"},\"image\":{\"@id\":\"https:\/\/psol50.org.br\/stf-nega-pedido-de-cunha-para-adiar-julgamento\/#primaryimage\"},\"thumbnailUrl\":\"https:\/\/psol50.org.br\/inc\/uploads\/2015\/11\/Eduardo-Cunha-19-11-15-Alex-Ferreira-CD-e1448893464203.jpg\",\"keywords\":[\"den\u00fancia\",\"Eduardo Cunha\",\"inqu\u00e9rito 3983\",\"PGR\",\"Rodrigo Janot\",\"STF\",\"Teori Zavasck\"],\"articleSection\":[\"Not\u00edcias\"],\"inLanguage\":\"pt-BR\",\"potentialAction\":[{\"@type\":\"CommentAction\",\"name\":\"Comment\",\"target\":[\"https:\/\/psol50.org.br\/stf-nega-pedido-de-cunha-para-adiar-julgamento\/#respond\"]}]},{\"@type\":\"WebPage\",\"@id\":\"https:\/\/psol50.org.br\/stf-nega-pedido-de-cunha-para-adiar-julgamento\/\",\"url\":\"https:\/\/psol50.org.br\/stf-nega-pedido-de-cunha-para-adiar-julgamento\/\",\"name\":\"STF nega pedido de Cunha para adiar julgamento - PSOL 50\",\"isPartOf\":{\"@id\":\"https:\/\/psol50.org.br\/#website\"},\"primaryImageOfPage\":{\"@id\":\"https:\/\/psol50.org.br\/stf-nega-pedido-de-cunha-para-adiar-julgamento\/#primaryimage\"},\"image\":{\"@id\":\"https:\/\/psol50.org.br\/stf-nega-pedido-de-cunha-para-adiar-julgamento\/#primaryimage\"},\"thumbnailUrl\":\"https:\/\/psol50.org.br\/inc\/uploads\/2015\/11\/Eduardo-Cunha-19-11-15-Alex-Ferreira-CD-e1448893464203.jpg\",\"datePublished\":\"2016-03-01T22:30:33+00:00\",\"breadcrumb\":{\"@id\":\"https:\/\/psol50.org.br\/stf-nega-pedido-de-cunha-para-adiar-julgamento\/#breadcrumb\"},\"inLanguage\":\"pt-BR\",\"potentialAction\":[{\"@type\":\"ReadAction\",\"target\":[\"https:\/\/psol50.org.br\/stf-nega-pedido-de-cunha-para-adiar-julgamento\/\"]}]},{\"@type\":\"ImageObject\",\"inLanguage\":\"pt-BR\",\"@id\":\"https:\/\/psol50.org.br\/stf-nega-pedido-de-cunha-para-adiar-julgamento\/#primaryimage\",\"url\":\"https:\/\/psol50.org.br\/inc\/uploads\/2015\/11\/Eduardo-Cunha-19-11-15-Alex-Ferreira-CD-e1448893464203.jpg\",\"contentUrl\":\"https:\/\/psol50.org.br\/inc\/uploads\/2015\/11\/Eduardo-Cunha-19-11-15-Alex-Ferreira-CD-e1448893464203.jpg\",\"width\":1000,\"height\":655},{\"@type\":\"BreadcrumbList\",\"@id\":\"https:\/\/psol50.org.br\/stf-nega-pedido-de-cunha-para-adiar-julgamento\/#breadcrumb\",\"itemListElement\":[{\"@type\":\"ListItem\",\"position\":1,\"name\":\"In\u00edcio\",\"item\":\"https:\/\/psol50.org.br\/\"},{\"@type\":\"ListItem\",\"position\":2,\"name\":\"STF nega pedido de Cunha para adiar julgamento\"}]},{\"@type\":\"WebSite\",\"@id\":\"https:\/\/psol50.org.br\/#website\",\"url\":\"https:\/\/psol50.org.br\/\",\"name\":\"PSOL 50\",\"description\":\"Site oficial do Partido Socialismo e Liberdade\",\"publisher\":{\"@id\":\"https:\/\/psol50.org.br\/#organization\"},\"alternateName\":\"PSOL50\",\"potentialAction\":[{\"@type\":\"SearchAction\",\"target\":{\"@type\":\"EntryPoint\",\"urlTemplate\":\"https:\/\/psol50.org.br\/?s={search_term_string}\"},\"query-input\":{\"@type\":\"PropertyValueSpecification\",\"valueRequired\":true,\"valueName\":\"search_term_string\"}}],\"inLanguage\":\"pt-BR\"},{\"@type\":\"Organization\",\"@id\":\"https:\/\/psol50.org.br\/#organization\",\"name\":\"PSOL 50\",\"alternateName\":\"PSOL 50\",\"url\":\"https:\/\/psol50.org.br\/\",\"logo\":{\"@type\":\"ImageObject\",\"inLanguage\":\"pt-BR\",\"@id\":\"https:\/\/psol50.org.br\/#\/schema\/logo\/image\/\",\"url\":\"https:\/\/psol50.org.br\/inc\/uploads\/2018\/07\/capa.png\",\"contentUrl\":\"https:\/\/psol50.org.br\/inc\/uploads\/2018\/07\/capa.png\",\"width\":1350,\"height\":900,\"caption\":\"PSOL 50\"},\"image\":{\"@id\":\"https:\/\/psol50.org.br\/#\/schema\/logo\/image\/\"},\"sameAs\":[\"https:\/\/www.facebook.com\/psol50\",\"https:\/\/x.com\/psol50\",\"https:\/\/www.instagram.com\/psol50\/\",\"https:\/\/www.youtube.com\/channel\/UC7SnJS5o1os7a6CaiNabzcg\"]},{\"@type\":\"Person\",\"@id\":\"https:\/\/psol50.org.br\/#\/schema\/person\/475dfa57d0b815993c714c2e96491fcd\",\"name\":\"Comunica\u00e7\u00e3o PSOL\",\"image\":{\"@type\":\"ImageObject\",\"inLanguage\":\"pt-BR\",\"@id\":\"https:\/\/psol50.org.br\/#\/schema\/person\/image\/\",\"url\":\"https:\/\/secure.gravatar.com\/avatar\/b34fc4f4e468a4e51785917065a3db57b841f5c95dba6ad8c73aaf8f66f8f9bf?s=96&d=mm&r=g\",\"contentUrl\":\"https:\/\/secure.gravatar.com\/avatar\/b34fc4f4e468a4e51785917065a3db57b841f5c95dba6ad8c73aaf8f66f8f9bf?s=96&d=mm&r=g\",\"caption\":\"Comunica\u00e7\u00e3o PSOL\"}}]}<\/script>\n<!-- \/ Yoast SEO plugin. -->","yoast_head_json":{"title":"STF nega pedido de Cunha para adiar julgamento - PSOL 50","robots":{"index":"index","follow":"follow","max-snippet":"max-snippet:-1","max-image-preview":"max-image-preview:large","max-video-preview":"max-video-preview:-1"},"canonical":"https:\/\/psol50.org.br\/stf-nega-pedido-de-cunha-para-adiar-julgamento\/","og_locale":"pt_BR","og_type":"article","og_title":"STF nega pedido de Cunha para adiar julgamento - PSOL 50","og_description":"O ministro Teori Zavascki, do Supremo Tribunal Federal (STF), negou nesta ter\u00e7a-feira (1\u00ba) o pedido feito pela defesa de Eduardo Cunha para que fosse adiada a sess\u00e3o que ir\u00e1 analisar o recebimento da den\u00fancia no Inqu\u00e9rito (Inq) 3983, instaurado contra o presidente da C\u00e2mara dos Deputados. O julgamento est\u00e1 marcado para a sess\u00e3o plen\u00e1ria desta [&hellip;]","og_url":"https:\/\/psol50.org.br\/stf-nega-pedido-de-cunha-para-adiar-julgamento\/","og_site_name":"PSOL 50","article_publisher":"https:\/\/www.facebook.com\/psol50","article_published_time":"2016-03-01T22:30:33+00:00","og_image":[{"width":1000,"height":655,"url":"https:\/\/psol50.org.br\/inc\/uploads\/2015\/11\/Eduardo-Cunha-19-11-15-Alex-Ferreira-CD-e1448893464203.jpg","type":"image\/jpeg"}],"author":"Comunica\u00e7\u00e3o PSOL","twitter_card":"summary_large_image","twitter_creator":"@psol50","twitter_site":"@psol50","twitter_misc":{"Escrito por":"Comunica\u00e7\u00e3o PSOL","Est. tempo de leitura":"3 minutos"},"schema":{"@context":"https:\/\/schema.org","@graph":[{"@type":"Article","@id":"https:\/\/psol50.org.br\/stf-nega-pedido-de-cunha-para-adiar-julgamento\/#article","isPartOf":{"@id":"https:\/\/psol50.org.br\/stf-nega-pedido-de-cunha-para-adiar-julgamento\/"},"author":{"name":"Comunica\u00e7\u00e3o PSOL","@id":"https:\/\/psol50.org.br\/#\/schema\/person\/475dfa57d0b815993c714c2e96491fcd"},"headline":"STF nega pedido de Cunha para adiar julgamento","datePublished":"2016-03-01T22:30:33+00:00","mainEntityOfPage":{"@id":"https:\/\/psol50.org.br\/stf-nega-pedido-de-cunha-para-adiar-julgamento\/"},"wordCount":522,"commentCount":0,"publisher":{"@id":"https:\/\/psol50.org.br\/#organization"},"image":{"@id":"https:\/\/psol50.org.br\/stf-nega-pedido-de-cunha-para-adiar-julgamento\/#primaryimage"},"thumbnailUrl":"https:\/\/psol50.org.br\/inc\/uploads\/2015\/11\/Eduardo-Cunha-19-11-15-Alex-Ferreira-CD-e1448893464203.jpg","keywords":["den\u00fancia","Eduardo Cunha","inqu\u00e9rito 3983","PGR","Rodrigo Janot","STF","Teori Zavasck"],"articleSection":["Not\u00edcias"],"inLanguage":"pt-BR","potentialAction":[{"@type":"CommentAction","name":"Comment","target":["https:\/\/psol50.org.br\/stf-nega-pedido-de-cunha-para-adiar-julgamento\/#respond"]}]},{"@type":"WebPage","@id":"https:\/\/psol50.org.br\/stf-nega-pedido-de-cunha-para-adiar-julgamento\/","url":"https:\/\/psol50.org.br\/stf-nega-pedido-de-cunha-para-adiar-julgamento\/","name":"STF nega pedido de Cunha para adiar julgamento - PSOL 50","isPartOf":{"@id":"https:\/\/psol50.org.br\/#website"},"primaryImageOfPage":{"@id":"https:\/\/psol50.org.br\/stf-nega-pedido-de-cunha-para-adiar-julgamento\/#primaryimage"},"image":{"@id":"https:\/\/psol50.org.br\/stf-nega-pedido-de-cunha-para-adiar-julgamento\/#primaryimage"},"thumbnailUrl":"https:\/\/psol50.org.br\/inc\/uploads\/2015\/11\/Eduardo-Cunha-19-11-15-Alex-Ferreira-CD-e1448893464203.jpg","datePublished":"2016-03-01T22:30:33+00:00","breadcrumb":{"@id":"https:\/\/psol50.org.br\/stf-nega-pedido-de-cunha-para-adiar-julgamento\/#breadcrumb"},"inLanguage":"pt-BR","potentialAction":[{"@type":"ReadAction","target":["https:\/\/psol50.org.br\/stf-nega-pedido-de-cunha-para-adiar-julgamento\/"]}]},{"@type":"ImageObject","inLanguage":"pt-BR","@id":"https:\/\/psol50.org.br\/stf-nega-pedido-de-cunha-para-adiar-julgamento\/#primaryimage","url":"https:\/\/psol50.org.br\/inc\/uploads\/2015\/11\/Eduardo-Cunha-19-11-15-Alex-Ferreira-CD-e1448893464203.jpg","contentUrl":"https:\/\/psol50.org.br\/inc\/uploads\/2015\/11\/Eduardo-Cunha-19-11-15-Alex-Ferreira-CD-e1448893464203.jpg","width":1000,"height":655},{"@type":"BreadcrumbList","@id":"https:\/\/psol50.org.br\/stf-nega-pedido-de-cunha-para-adiar-julgamento\/#breadcrumb","itemListElement":[{"@type":"ListItem","position":1,"name":"In\u00edcio","item":"https:\/\/psol50.org.br\/"},{"@type":"ListItem","position":2,"name":"STF nega pedido de Cunha para adiar julgamento"}]},{"@type":"WebSite","@id":"https:\/\/psol50.org.br\/#website","url":"https:\/\/psol50.org.br\/","name":"PSOL 50","description":"Site oficial do Partido Socialismo e Liberdade","publisher":{"@id":"https:\/\/psol50.org.br\/#organization"},"alternateName":"PSOL50","potentialAction":[{"@type":"SearchAction","target":{"@type":"EntryPoint","urlTemplate":"https:\/\/psol50.org.br\/?s={search_term_string}"},"query-input":{"@type":"PropertyValueSpecification","valueRequired":true,"valueName":"search_term_string"}}],"inLanguage":"pt-BR"},{"@type":"Organization","@id":"https:\/\/psol50.org.br\/#organization","name":"PSOL 50","alternateName":"PSOL 50","url":"https:\/\/psol50.org.br\/","logo":{"@type":"ImageObject","inLanguage":"pt-BR","@id":"https:\/\/psol50.org.br\/#\/schema\/logo\/image\/","url":"https:\/\/psol50.org.br\/inc\/uploads\/2018\/07\/capa.png","contentUrl":"https:\/\/psol50.org.br\/inc\/uploads\/2018\/07\/capa.png","width":1350,"height":900,"caption":"PSOL 50"},"image":{"@id":"https:\/\/psol50.org.br\/#\/schema\/logo\/image\/"},"sameAs":["https:\/\/www.facebook.com\/psol50","https:\/\/x.com\/psol50","https:\/\/www.instagram.com\/psol50\/","https:\/\/www.youtube.com\/channel\/UC7SnJS5o1os7a6CaiNabzcg"]},{"@type":"Person","@id":"https:\/\/psol50.org.br\/#\/schema\/person\/475dfa57d0b815993c714c2e96491fcd","name":"Comunica\u00e7\u00e3o PSOL","image":{"@type":"ImageObject","inLanguage":"pt-BR","@id":"https:\/\/psol50.org.br\/#\/schema\/person\/image\/","url":"https:\/\/secure.gravatar.com\/avatar\/b34fc4f4e468a4e51785917065a3db57b841f5c95dba6ad8c73aaf8f66f8f9bf?s=96&d=mm&r=g","contentUrl":"https:\/\/secure.gravatar.com\/avatar\/b34fc4f4e468a4e51785917065a3db57b841f5c95dba6ad8c73aaf8f66f8f9bf?s=96&d=mm&r=g","caption":"Comunica\u00e7\u00e3o PSOL"}}]}},"_links":{"self":[{"href":"https:\/\/psol50.org.br\/rest\/wp\/v2\/posts\/11495","targetHints":{"allow":["GET"]}}],"collection":[{"href":"https:\/\/psol50.org.br\/rest\/wp\/v2\/posts"}],"about":[{"href":"https:\/\/psol50.org.br\/rest\/wp\/v2\/types\/post"}],"author":[{"embeddable":true,"href":"https:\/\/psol50.org.br\/rest\/wp\/v2\/users\/2"}],"replies":[{"embeddable":true,"href":"https:\/\/psol50.org.br\/rest\/wp\/v2\/comments?post=11495"}],"version-history":[{"count":0,"href":"https:\/\/psol50.org.br\/rest\/wp\/v2\/posts\/11495\/revisions"}],"wp:featuredmedia":[{"embeddable":true,"href":"https:\/\/psol50.org.br\/rest\/wp\/v2\/media\/10643"}],"wp:attachment":[{"href":"https:\/\/psol50.org.br\/rest\/wp\/v2\/media?parent=11495"}],"wp:term":[{"taxonomy":"category","embeddable":true,"href":"https:\/\/psol50.org.br\/rest\/wp\/v2\/categories?post=11495"},{"taxonomy":"post_tag","embeddable":true,"href":"https:\/\/psol50.org.br\/rest\/wp\/v2\/tags?post=11495"}],"curies":[{"name":"wp","href":"https:\/\/api.w.org\/{rel}","templated":true}]}}