{"id":1151,"date":"2006-02-06T00:00:00","date_gmt":"2006-02-06T00:00:00","guid":{"rendered":"http:\/\/psol50.org.br\/arquivo\/2006\/02\/06\/lancada-a-frente-pela-anulacao-da-privatizacao-da-vale-do-rio-doce\/"},"modified":"2006-02-06T00:00:00","modified_gmt":"2006-02-06T00:00:00","slug":"lancada-a-frente-pela-anulacao-da-privatizacao-da-vale-do-rio-doce","status":"publish","type":"post","link":"https:\/\/psol50.org.br\/lancada-a-frente-pela-anulacao-da-privatizacao-da-vale-do-rio-doce\/","title":{"rendered":"Lan\u00e7ada a Frente pela Anula\u00e7\u00e3o da Privatiza\u00e7\u00e3o da Vale do Rio Doce"},"content":{"rendered":"<p><img loading=\"lazy\" decoding=\"async\" width=\"60\" vspace=\"5\" hspace=\"5\" height=\"70\" border=\"0\" align=\"left\" src=\"images\/stories\/fotos\/060206cvrd.jpg\" \/>O deputado Bab\u00e1 participou no dia 2 de fevereiro da reuni&atilde;o que lan&ccedil;ou a Frente Parlamentar em Defesa do Patrim&ocirc;nio P\u00fablico e pela revis&atilde;o do processo de privatiza&ccedil;&atilde;o da Companhia Vale do Rio Doce. A Frente tem por objetivo mobilizar a sociedade e questionar a<br \/>\nprivatiza&ccedil;&atilde;o, que representou um<br \/>\ndos maiores golpes ao patrim&ocirc;nio p\u00fablico do pa\u00eds.<\/p>\n<p><!--more--><\/p>\n<p>Inicialmente a Frente unificar\u00e1 for&ccedil;as para exigir a revoga&ccedil;&atilde;o da<br \/>\nprivatiza&ccedil;&atilde;o da Vale, sem deixar de investigar todas as privatiza&ccedil;&otilde;es<br \/>\nque auferiram o patrim&ocirc;nio p\u00fablico brasileiro.<\/p>\n<p>A id\u00e9ia \u00e9 organizar atos em v\u00e1rias capitais, come&ccedil;ando j\u00e1 no dia<br \/>\n06\/02-segunda-feira em S&atilde;o Paulo para denunciar a privatiza&ccedil;&atilde;o da<br \/>\nCompanhia, chamando a aten&ccedil;&atilde;o da sociedade para a ilegalidade do<br \/>\nprocesso.<\/p>\n<p>A privatiza&ccedil;&atilde;o da Companhia foi uma das maiores entrega do Patrim&ocirc;nio<br \/>\nP\u00fablico e ignorou a import&acirc;ncia estrat\u00e9gica que a empresa tinha no<br \/>\nsentido do desenvolvimento do pa\u00eds, sendo que a mesma foi entregue a<br \/>\ngrandes conglomerados internacionais, por um valor n&atilde;o condizente com<br \/>\nseu&nbsp;&nbsp; real pre&ccedil;o.<\/p>\n<p>A import&acirc;ncia dessa Frente reside no questionamento da pol\u00edtica de<br \/>\ndesmonte do Estado e na constata&ccedil;&atilde;o de que as pol\u00edticas de privatiza&ccedil;&atilde;o<br \/>\nda d\u00e9cada de 90, continuadas pelo governo Lula aumentam a<br \/>\ndesnacionaliza&ccedil;&atilde;o da economia, a perda de nossa soberania e de<br \/>\nimportantes recursos que v&atilde;o parar nas m&atilde;os das multinacionais. No caso<br \/>\ndo governo Lula, vemos isto no projeto que&nbsp;&nbsp; acaba de aprovar de<br \/>\nconcess&otilde;es&nbsp; florestais,&nbsp; que entrega a explora&ccedil;&atilde;o da Amaz&ocirc;nia aos&nbsp;<br \/>\nconglomerados internacionais por mais de 40 anos;&nbsp; no processo de<br \/>\nlicita&ccedil;&otilde;es das Bacias Petrol\u00edferas, nas privatiza&ccedil;&otilde;es dos Bancos do<br \/>\nCear\u00e1 e do Maranh&atilde;o, assim como nas parcerias&nbsp;&nbsp;<br \/>\nP\u00fablico-Privadas-PPP&#8217;S,&nbsp; que, mais uma vez, prejudicam a maioria do<br \/>\npovo brasileiro.<\/p>\n<p>Temos que defender com unhas e dentes o patrim&ocirc;nio p\u00fablico que pertence<br \/>\na popula&ccedil;&atilde;o e n&atilde;o transformarmos o Brasil em uma Argentina que vendeu<br \/>\n100% do seu patrim&ocirc;nio, ocasionando demiss&otilde;es e massa e o&nbsp;&nbsp;<br \/>\nempobrecimento geral&nbsp; da popula&ccedil;&atilde;o, bem como fez tamb\u00e9m a Bol\u00edvia<br \/>\nprivatizando a \u00e1gua e o G\u00e1s daquele pa\u00eds. Queremos fortalecer a Frente<br \/>\ne colocar na ordem do dia a luta pela revis&atilde;o das privatiza&ccedil;&otilde;es e<br \/>\ndenunciar o desmonte do estado Brasileiro. <\/p>\n","protected":false},"excerpt":{"rendered":"<p>O deputado Bab\u00e1 participou no dia 2 de fevereiro da reuni&atilde;o que lan&ccedil;ou a Frente Parlamentar em Defesa do Patrim&ocirc;nio P\u00fablico e pela revis&atilde;o do processo de privatiza&ccedil;&atilde;o da Companhia Vale do Rio Doce. A Frente tem por objetivo mobilizar a sociedade e questionar a privatiza&ccedil;&atilde;o, que representou um dos maiores golpes ao patrim&ocirc;nio p\u00fablico [&hellip;]<\/p>\n","protected":false},"author":2,"featured_media":0,"comment_status":"open","ping_status":"open","sticky":false,"template":"","format":"standard","meta":{"_acf_changed":false,"footnotes":""},"categories":[4766],"tags":[],"class_list":{"0":"post-1151","1":"post","2":"type-post","3":"status-publish","4":"format-standard","6":"category-arquivo"},"acf":[],"yoast_head":"<!-- This site is optimized with the Yoast SEO plugin v26.5 - https:\/\/yoast.com\/wordpress\/plugins\/seo\/ -->\n<title>Lan\u00e7ada a Frente pela Anula\u00e7\u00e3o da Privatiza\u00e7\u00e3o da Vale do Rio Doce - PSOL 50<\/title>\n<meta name=\"robots\" content=\"index, follow, max-snippet:-1, max-image-preview:large, max-video-preview:-1\" \/>\n<link rel=\"canonical\" href=\"https:\/\/psol50.org.br\/lancada-a-frente-pela-anulacao-da-privatizacao-da-vale-do-rio-doce\/\" \/>\n<meta property=\"og:locale\" content=\"pt_BR\" \/>\n<meta property=\"og:type\" content=\"article\" \/>\n<meta property=\"og:title\" content=\"Lan\u00e7ada a Frente pela Anula\u00e7\u00e3o da Privatiza\u00e7\u00e3o da Vale do Rio Doce - PSOL 50\" \/>\n<meta property=\"og:description\" content=\"O deputado Bab\u00e1 participou no dia 2 de fevereiro da reuni&atilde;o que lan&ccedil;ou a Frente Parlamentar em Defesa do Patrim&ocirc;nio P\u00fablico e pela revis&atilde;o do processo de privatiza&ccedil;&atilde;o da Companhia Vale do Rio Doce. A Frente tem por objetivo mobilizar a sociedade e questionar a privatiza&ccedil;&atilde;o, que representou um dos maiores golpes ao patrim&ocirc;nio p\u00fablico [&hellip;]\" \/>\n<meta property=\"og:url\" content=\"https:\/\/psol50.org.br\/lancada-a-frente-pela-anulacao-da-privatizacao-da-vale-do-rio-doce\/\" \/>\n<meta property=\"og:site_name\" content=\"PSOL 50\" \/>\n<meta property=\"article:publisher\" content=\"https:\/\/www.facebook.com\/psol50\" \/>\n<meta property=\"article:published_time\" content=\"2006-02-06T00:00:00+00:00\" \/>\n<meta property=\"og:image\" content=\"http:\/\/images\/stories\/fotos\/060206cvrd.jpg\" \/>\n<meta name=\"author\" content=\"Comunica\u00e7\u00e3o PSOL\" \/>\n<meta name=\"twitter:card\" content=\"summary_large_image\" \/>\n<meta name=\"twitter:creator\" content=\"@psol50\" \/>\n<meta name=\"twitter:site\" content=\"@psol50\" \/>\n<meta name=\"twitter:label1\" content=\"Escrito por\" \/>\n\t<meta name=\"twitter:data1\" content=\"Comunica\u00e7\u00e3o PSOL\" \/>\n\t<meta name=\"twitter:label2\" content=\"Est. tempo de leitura\" \/>\n\t<meta name=\"twitter:data2\" content=\"2 minutos\" \/>\n<script type=\"application\/ld+json\" class=\"yoast-schema-graph\">{\"@context\":\"https:\/\/schema.org\",\"@graph\":[{\"@type\":\"Article\",\"@id\":\"https:\/\/psol50.org.br\/lancada-a-frente-pela-anulacao-da-privatizacao-da-vale-do-rio-doce\/#article\",\"isPartOf\":{\"@id\":\"https:\/\/psol50.org.br\/lancada-a-frente-pela-anulacao-da-privatizacao-da-vale-do-rio-doce\/\"},\"author\":{\"name\":\"Comunica\u00e7\u00e3o PSOL\",\"@id\":\"https:\/\/psol50.org.br\/#\/schema\/person\/475dfa57d0b815993c714c2e96491fcd\"},\"headline\":\"Lan\u00e7ada a Frente pela Anula\u00e7\u00e3o da Privatiza\u00e7\u00e3o da Vale do Rio Doce\",\"datePublished\":\"2006-02-06T00:00:00+00:00\",\"mainEntityOfPage\":{\"@id\":\"https:\/\/psol50.org.br\/lancada-a-frente-pela-anulacao-da-privatizacao-da-vale-do-rio-doce\/\"},\"wordCount\":491,\"commentCount\":0,\"publisher\":{\"@id\":\"https:\/\/psol50.org.br\/#organization\"},\"articleSection\":[\"Arquivo\"],\"inLanguage\":\"pt-BR\",\"potentialAction\":[{\"@type\":\"CommentAction\",\"name\":\"Comment\",\"target\":[\"https:\/\/psol50.org.br\/lancada-a-frente-pela-anulacao-da-privatizacao-da-vale-do-rio-doce\/#respond\"]}]},{\"@type\":\"WebPage\",\"@id\":\"https:\/\/psol50.org.br\/lancada-a-frente-pela-anulacao-da-privatizacao-da-vale-do-rio-doce\/\",\"url\":\"https:\/\/psol50.org.br\/lancada-a-frente-pela-anulacao-da-privatizacao-da-vale-do-rio-doce\/\",\"name\":\"Lan\u00e7ada a Frente pela Anula\u00e7\u00e3o da Privatiza\u00e7\u00e3o da Vale do Rio Doce - PSOL 50\",\"isPartOf\":{\"@id\":\"https:\/\/psol50.org.br\/#website\"},\"datePublished\":\"2006-02-06T00:00:00+00:00\",\"breadcrumb\":{\"@id\":\"https:\/\/psol50.org.br\/lancada-a-frente-pela-anulacao-da-privatizacao-da-vale-do-rio-doce\/#breadcrumb\"},\"inLanguage\":\"pt-BR\",\"potentialAction\":[{\"@type\":\"ReadAction\",\"target\":[\"https:\/\/psol50.org.br\/lancada-a-frente-pela-anulacao-da-privatizacao-da-vale-do-rio-doce\/\"]}]},{\"@type\":\"BreadcrumbList\",\"@id\":\"https:\/\/psol50.org.br\/lancada-a-frente-pela-anulacao-da-privatizacao-da-vale-do-rio-doce\/#breadcrumb\",\"itemListElement\":[{\"@type\":\"ListItem\",\"position\":1,\"name\":\"In\u00edcio\",\"item\":\"https:\/\/psol50.org.br\/\"},{\"@type\":\"ListItem\",\"position\":2,\"name\":\"Lan\u00e7ada a Frente pela Anula\u00e7\u00e3o da Privatiza\u00e7\u00e3o da Vale do Rio Doce\"}]},{\"@type\":\"WebSite\",\"@id\":\"https:\/\/psol50.org.br\/#website\",\"url\":\"https:\/\/psol50.org.br\/\",\"name\":\"PSOL 50\",\"description\":\"Site oficial do Partido Socialismo e Liberdade\",\"publisher\":{\"@id\":\"https:\/\/psol50.org.br\/#organization\"},\"alternateName\":\"PSOL50\",\"potentialAction\":[{\"@type\":\"SearchAction\",\"target\":{\"@type\":\"EntryPoint\",\"urlTemplate\":\"https:\/\/psol50.org.br\/?s={search_term_string}\"},\"query-input\":{\"@type\":\"PropertyValueSpecification\",\"valueRequired\":true,\"valueName\":\"search_term_string\"}}],\"inLanguage\":\"pt-BR\"},{\"@type\":\"Organization\",\"@id\":\"https:\/\/psol50.org.br\/#organization\",\"name\":\"PSOL 50\",\"alternateName\":\"PSOL 50\",\"url\":\"https:\/\/psol50.org.br\/\",\"logo\":{\"@type\":\"ImageObject\",\"inLanguage\":\"pt-BR\",\"@id\":\"https:\/\/psol50.org.br\/#\/schema\/logo\/image\/\",\"url\":\"https:\/\/psol50.org.br\/inc\/uploads\/2018\/07\/capa.png\",\"contentUrl\":\"https:\/\/psol50.org.br\/inc\/uploads\/2018\/07\/capa.png\",\"width\":1350,\"height\":900,\"caption\":\"PSOL 50\"},\"image\":{\"@id\":\"https:\/\/psol50.org.br\/#\/schema\/logo\/image\/\"},\"sameAs\":[\"https:\/\/www.facebook.com\/psol50\",\"https:\/\/x.com\/psol50\",\"https:\/\/www.instagram.com\/psol50\/\",\"https:\/\/www.youtube.com\/channel\/UC7SnJS5o1os7a6CaiNabzcg\"]},{\"@type\":\"Person\",\"@id\":\"https:\/\/psol50.org.br\/#\/schema\/person\/475dfa57d0b815993c714c2e96491fcd\",\"name\":\"Comunica\u00e7\u00e3o PSOL\",\"image\":{\"@type\":\"ImageObject\",\"inLanguage\":\"pt-BR\",\"@id\":\"https:\/\/psol50.org.br\/#\/schema\/person\/image\/\",\"url\":\"https:\/\/secure.gravatar.com\/avatar\/b34fc4f4e468a4e51785917065a3db57b841f5c95dba6ad8c73aaf8f66f8f9bf?s=96&d=mm&r=g\",\"contentUrl\":\"https:\/\/secure.gravatar.com\/avatar\/b34fc4f4e468a4e51785917065a3db57b841f5c95dba6ad8c73aaf8f66f8f9bf?s=96&d=mm&r=g\",\"caption\":\"Comunica\u00e7\u00e3o PSOL\"}}]}<\/script>\n<!-- \/ Yoast SEO plugin. -->","yoast_head_json":{"title":"Lan\u00e7ada a Frente pela Anula\u00e7\u00e3o da Privatiza\u00e7\u00e3o da Vale do Rio Doce - PSOL 50","robots":{"index":"index","follow":"follow","max-snippet":"max-snippet:-1","max-image-preview":"max-image-preview:large","max-video-preview":"max-video-preview:-1"},"canonical":"https:\/\/psol50.org.br\/lancada-a-frente-pela-anulacao-da-privatizacao-da-vale-do-rio-doce\/","og_locale":"pt_BR","og_type":"article","og_title":"Lan\u00e7ada a Frente pela Anula\u00e7\u00e3o da Privatiza\u00e7\u00e3o da Vale do Rio Doce - PSOL 50","og_description":"O deputado Bab\u00e1 participou no dia 2 de fevereiro da reuni&atilde;o que lan&ccedil;ou a Frente Parlamentar em Defesa do Patrim&ocirc;nio P\u00fablico e pela revis&atilde;o do processo de privatiza&ccedil;&atilde;o da Companhia Vale do Rio Doce. A Frente tem por objetivo mobilizar a sociedade e questionar a privatiza&ccedil;&atilde;o, que representou um dos maiores golpes ao patrim&ocirc;nio p\u00fablico [&hellip;]","og_url":"https:\/\/psol50.org.br\/lancada-a-frente-pela-anulacao-da-privatizacao-da-vale-do-rio-doce\/","og_site_name":"PSOL 50","article_publisher":"https:\/\/www.facebook.com\/psol50","article_published_time":"2006-02-06T00:00:00+00:00","og_image":[{"url":"images\/stories\/fotos\/060206cvrd.jpg","type":"","width":"","height":""}],"author":"Comunica\u00e7\u00e3o PSOL","twitter_card":"summary_large_image","twitter_creator":"@psol50","twitter_site":"@psol50","twitter_misc":{"Escrito por":"Comunica\u00e7\u00e3o PSOL","Est. tempo de leitura":"2 minutos"},"schema":{"@context":"https:\/\/schema.org","@graph":[{"@type":"Article","@id":"https:\/\/psol50.org.br\/lancada-a-frente-pela-anulacao-da-privatizacao-da-vale-do-rio-doce\/#article","isPartOf":{"@id":"https:\/\/psol50.org.br\/lancada-a-frente-pela-anulacao-da-privatizacao-da-vale-do-rio-doce\/"},"author":{"name":"Comunica\u00e7\u00e3o PSOL","@id":"https:\/\/psol50.org.br\/#\/schema\/person\/475dfa57d0b815993c714c2e96491fcd"},"headline":"Lan\u00e7ada a Frente pela Anula\u00e7\u00e3o da Privatiza\u00e7\u00e3o da Vale do Rio Doce","datePublished":"2006-02-06T00:00:00+00:00","mainEntityOfPage":{"@id":"https:\/\/psol50.org.br\/lancada-a-frente-pela-anulacao-da-privatizacao-da-vale-do-rio-doce\/"},"wordCount":491,"commentCount":0,"publisher":{"@id":"https:\/\/psol50.org.br\/#organization"},"articleSection":["Arquivo"],"inLanguage":"pt-BR","potentialAction":[{"@type":"CommentAction","name":"Comment","target":["https:\/\/psol50.org.br\/lancada-a-frente-pela-anulacao-da-privatizacao-da-vale-do-rio-doce\/#respond"]}]},{"@type":"WebPage","@id":"https:\/\/psol50.org.br\/lancada-a-frente-pela-anulacao-da-privatizacao-da-vale-do-rio-doce\/","url":"https:\/\/psol50.org.br\/lancada-a-frente-pela-anulacao-da-privatizacao-da-vale-do-rio-doce\/","name":"Lan\u00e7ada a Frente pela Anula\u00e7\u00e3o da Privatiza\u00e7\u00e3o da Vale do Rio Doce - PSOL 50","isPartOf":{"@id":"https:\/\/psol50.org.br\/#website"},"datePublished":"2006-02-06T00:00:00+00:00","breadcrumb":{"@id":"https:\/\/psol50.org.br\/lancada-a-frente-pela-anulacao-da-privatizacao-da-vale-do-rio-doce\/#breadcrumb"},"inLanguage":"pt-BR","potentialAction":[{"@type":"ReadAction","target":["https:\/\/psol50.org.br\/lancada-a-frente-pela-anulacao-da-privatizacao-da-vale-do-rio-doce\/"]}]},{"@type":"BreadcrumbList","@id":"https:\/\/psol50.org.br\/lancada-a-frente-pela-anulacao-da-privatizacao-da-vale-do-rio-doce\/#breadcrumb","itemListElement":[{"@type":"ListItem","position":1,"name":"In\u00edcio","item":"https:\/\/psol50.org.br\/"},{"@type":"ListItem","position":2,"name":"Lan\u00e7ada a Frente pela Anula\u00e7\u00e3o da Privatiza\u00e7\u00e3o da Vale do Rio Doce"}]},{"@type":"WebSite","@id":"https:\/\/psol50.org.br\/#website","url":"https:\/\/psol50.org.br\/","name":"PSOL 50","description":"Site oficial do Partido Socialismo e Liberdade","publisher":{"@id":"https:\/\/psol50.org.br\/#organization"},"alternateName":"PSOL50","potentialAction":[{"@type":"SearchAction","target":{"@type":"EntryPoint","urlTemplate":"https:\/\/psol50.org.br\/?s={search_term_string}"},"query-input":{"@type":"PropertyValueSpecification","valueRequired":true,"valueName":"search_term_string"}}],"inLanguage":"pt-BR"},{"@type":"Organization","@id":"https:\/\/psol50.org.br\/#organization","name":"PSOL 50","alternateName":"PSOL 50","url":"https:\/\/psol50.org.br\/","logo":{"@type":"ImageObject","inLanguage":"pt-BR","@id":"https:\/\/psol50.org.br\/#\/schema\/logo\/image\/","url":"https:\/\/psol50.org.br\/inc\/uploads\/2018\/07\/capa.png","contentUrl":"https:\/\/psol50.org.br\/inc\/uploads\/2018\/07\/capa.png","width":1350,"height":900,"caption":"PSOL 50"},"image":{"@id":"https:\/\/psol50.org.br\/#\/schema\/logo\/image\/"},"sameAs":["https:\/\/www.facebook.com\/psol50","https:\/\/x.com\/psol50","https:\/\/www.instagram.com\/psol50\/","https:\/\/www.youtube.com\/channel\/UC7SnJS5o1os7a6CaiNabzcg"]},{"@type":"Person","@id":"https:\/\/psol50.org.br\/#\/schema\/person\/475dfa57d0b815993c714c2e96491fcd","name":"Comunica\u00e7\u00e3o PSOL","image":{"@type":"ImageObject","inLanguage":"pt-BR","@id":"https:\/\/psol50.org.br\/#\/schema\/person\/image\/","url":"https:\/\/secure.gravatar.com\/avatar\/b34fc4f4e468a4e51785917065a3db57b841f5c95dba6ad8c73aaf8f66f8f9bf?s=96&d=mm&r=g","contentUrl":"https:\/\/secure.gravatar.com\/avatar\/b34fc4f4e468a4e51785917065a3db57b841f5c95dba6ad8c73aaf8f66f8f9bf?s=96&d=mm&r=g","caption":"Comunica\u00e7\u00e3o PSOL"}}]}},"_links":{"self":[{"href":"https:\/\/psol50.org.br\/rest\/wp\/v2\/posts\/1151","targetHints":{"allow":["GET"]}}],"collection":[{"href":"https:\/\/psol50.org.br\/rest\/wp\/v2\/posts"}],"about":[{"href":"https:\/\/psol50.org.br\/rest\/wp\/v2\/types\/post"}],"author":[{"embeddable":true,"href":"https:\/\/psol50.org.br\/rest\/wp\/v2\/users\/2"}],"replies":[{"embeddable":true,"href":"https:\/\/psol50.org.br\/rest\/wp\/v2\/comments?post=1151"}],"version-history":[{"count":0,"href":"https:\/\/psol50.org.br\/rest\/wp\/v2\/posts\/1151\/revisions"}],"wp:attachment":[{"href":"https:\/\/psol50.org.br\/rest\/wp\/v2\/media?parent=1151"}],"wp:term":[{"taxonomy":"category","embeddable":true,"href":"https:\/\/psol50.org.br\/rest\/wp\/v2\/categories?post=1151"},{"taxonomy":"post_tag","embeddable":true,"href":"https:\/\/psol50.org.br\/rest\/wp\/v2\/tags?post=1151"}],"curies":[{"name":"wp","href":"https:\/\/api.w.org\/{rel}","templated":true}]}}