{"id":11545,"date":"2016-03-03T20:15:04","date_gmt":"2016-03-03T20:15:04","guid":{"rendered":"http:\/\/www.psol50.org.br\/?p=11545"},"modified":"2016-03-03T20:15:04","modified_gmt":"2016-03-03T20:15:04","slug":"por-unanimidade-stf-decide-que-eduardo-cunha-e-reu-na-lava-jato","status":"publish","type":"post","link":"https:\/\/psol50.org.br\/por-unanimidade-stf-decide-que-eduardo-cunha-e-reu-na-lava-jato\/","title":{"rendered":"Por unanimidade, STF decide que Eduardo Cunha \u00e9 r\u00e9u na Lava Jato"},"content":{"rendered":"<p>O presidente da C\u00e2mara dos Deputados, Eduardo Cunha (PMDB-RJ), finalmente tornou-se se r\u00e9u por crimes de corrup\u00e7\u00e3o passiva e lavagem de dinheiro investigados na Opera\u00e7\u00e3o Lava Jato. Com 10 votos a zero, o Supremo Tribunal Federal (STF) encerrou, na tarde desta quinta-feira (03), o julgamento do Inqu\u00e9rito 3983, ajuizado pelo Procurador Geral da Rep\u00fablica, Rodrigo Janot, com den\u00fancias contra o presidente da C\u00e2mara e a ex-deputada federal e atual prefeita de Rio Bonito (RJ), Solange Almeida, que tamb\u00e9m ser\u00e1 investigada em a\u00e7\u00e3o penal. Cunha passa a ser o primeiro parlamentar no exerc\u00edcio do mandato a se tornar r\u00e9u a partir das investiga\u00e7\u00f5es da Opera\u00e7\u00e3o Lava Jato, que apura um esquema de corrup\u00e7\u00e3o na Petrobras. Outros 37 deputados e senadores s\u00e3o investigados.<\/p>\n<p>Desde ontem (02), que a abertura de a\u00e7\u00e3o penal contra o presidente da C\u00e2mara era dada como certa. Isso porque na primeira parte da sess\u00e3o a maioria dos ministros j\u00e1 havia se pronunciado a favor do recebimento parcial da den\u00fancia contra Cunha. J\u00e1 na sess\u00e3o de hoje, os ministros Gilmar Mendes e Dias Toffoli, al\u00e9m de acatar a den\u00fancia contra o presidente da C\u00e2mara, votaram pela rejei\u00e7\u00e3o da den\u00fancia contra Solange Almeida (8 votos a 2). Os ministros Edson Fachin, Lu\u00eds Roberto Barroso, Marco Aur\u00e9lio, Carmen L\u00facia, Rosa Weber, Dias Toffoli, Gilmar Mendes, Celso de Mello e Ricardo Lewandowski seguiram o relator, Teori Zavascki, pelo recebimento das acusa\u00e7\u00f5es contra Cunha e Solange. Luiz Fux n\u00e3o participou do julgamento por estar fora de Bras\u00edlia.<\/p>\n<p>Com a decis\u00e3o do STF, o processo criminal passa para fase de oitivas de testemunhas de defesa e de acusa\u00e7\u00e3o. Ainda n\u00e3o h\u00e1 data para o julgamento da a\u00e7\u00e3o penal. Ap\u00f3s ouvir as testemunhas, ser\u00e1 iniciada uma nova etapa de coletas de provas e questionamentos dos elementos do processo. Cunha ser\u00e1 interrogado e, depois, o Minist\u00e9rio P\u00fablico far\u00e1 suas alega\u00e7\u00f5es finais, repassando o caso para o ministro Teori Zavascki fechar seu voto. Outro integrante do Supremo ser\u00e1 encarregado de revisar o processo liberando o caso para vota\u00e7\u00e3o. Se condenado no Supremo, Cunha poder\u00e1 perder o mandato. O processo de cassa\u00e7\u00e3o, no entanto, precisa ser aprovado pela maioria dos votos dos 513 deputados federais.<\/p>\n<p>A den\u00fancia aceita pelo STF \u00e9 a de recebimento de US$5 milh\u00f5es de propina em contratos da Petrobras. A acusa\u00e7\u00e3o foi feita pela Procuradoria-Geral da Rep\u00fablica e indica que Cunha recebeu o dinheiro\u00a0para \u201cfacilitar e viabilizar\u201d a compra dos navios-sonda. O relator, ministro Teori Zavascki, acolheu a parte da den\u00fancia que afirma que o presidente da C\u00e2mara\u00a0pressionou um ex-consultor da Samsung pela retomada do pagamento de propinas, que havia sido interrompido.<\/p>\n<p><strong>Posi\u00e7\u00e3o do PSOL<br \/>\n<\/strong>O PSOL tem atuando incansavelmente para que o presidente da C\u00e2mara\u00a0seja afastado do cargo e investigado pelas den\u00fancias feitas contra ele. O partido \u00e9 autor, ao lado da Rede, da representa\u00e7\u00e3o que tramita no Conselho de \u00c9tica da C\u00e2mara. Na madrugada desta quarta-feira (02), ap\u00f3s quase cinco meses desde que os dois partidos protocolaram o processo de cassa\u00e7\u00e3o do mandato de Eduardo Cunha por quebra de decoro parlamentar, finalmente o Conselho de \u00c9tica aprovou a admissibilidade da mat\u00e9ria. A decis\u00e3o quer dizer que, a partir de agora, o processo ser\u00e1 analisado e julgado no \u00f3rg\u00e3o.<\/p>\n<p>Leia mais:\u00a0<em><strong><a href=\"http:\/\/www.psol50.org.br\/2016\/03\/processo-de-cassacao-movido-por-psol-contra-cunha-sera-analisado-no-conselho-de-etica\/\">Processo de cassa\u00e7\u00e3o movido por PSOL contra Cunha ser\u00e1 analisado no Conselho de \u00c9tica<\/a><\/strong><\/em><\/p>\n<p>Para o l\u00edder do PSOL, deputado Ivan Valente (SP), Eduardo Cunha, agora no banco dos r\u00e9us, est\u00e1 no lugar que j\u00e1 devia estar ocupando faz tempo. Ele avalia, com boa expectativa, que a situa\u00e7\u00e3o do parlamentar peemedebista se agrava a cada dia. \u201cFinalmente. A situa\u00e7\u00e3o de Cunha se aperta. Se na C\u00e2mara dos Deputados, onde o mesmo tem um poder inacredit\u00e1vel de influ\u00eancia e conta com uma tropa de choque capaz de manobras indecentes, no STF n\u00e3o foi bem assim. \u00c0 luz de toda sociedade, Cunha n\u00e3o pode manobrar. Aceita a den\u00fancia, o pr\u00f3ximo passo \u00e9 afast\u00e1-lo da presid\u00eancia da Casa\u201d, pontua Valente.<\/p>\n<p>O presidente nacional do partido, Luiz Ara\u00fajo, tamb\u00e9m comemora a decis\u00e3o un\u00e2nime dos ministros do Supremo. \u201cA decis\u00e3o do STF nos alegra. Com isso se torna ainda mais absurda a perman\u00eancia deste senhor na presid\u00eancia da C\u00e2mara, agindo todos os dias como patrocinador do atraso e conservadorismo\u201d, afirmou Ara\u00fajo, para quem Cunha deve ser afastado imediatamento de seu cargo.<\/p>\n<p>Chico Alencar, do PSOL do Rio de Janeiro, acompanhou a sess\u00e3o do Supremo nesta tarde e comentou os rumos das press\u00f5es daqui pra frente, para que Eduardo Cunha finalmente seja punido. \u201cN\u00f3s temos que continuar fazendo a nossa parte l\u00e1 (na C\u00e2mara). O conjunto de partidos e de bancadas insistindo para que Cunha saia da Presid\u00eancia, fun\u00e7\u00e3o que ele n\u00e3o tem mais a menor condi\u00e7\u00e3o de ocupar\u201d, disse.<\/p>\n<p><em>Da reda\u00e7\u00e3o do PSOL Nacional<\/em><\/p>\n<p>&nbsp;<\/p>\n<p>&nbsp;<\/p>\n","protected":false},"excerpt":{"rendered":"<p>O presidente da C\u00e2mara dos Deputados, Eduardo Cunha (PMDB-RJ), finalmente tornou-se se r\u00e9u por crimes de corrup\u00e7\u00e3o passiva e lavagem de dinheiro investigados na Opera\u00e7\u00e3o Lava Jato. Com 10 votos a zero, o Supremo Tribunal Federal (STF) encerrou, na tarde desta quinta-feira (03), o julgamento do Inqu\u00e9rito 3983, ajuizado pelo Procurador Geral da Rep\u00fablica, Rodrigo [&hellip;]<\/p>\n","protected":false},"author":2,"featured_media":11626,"comment_status":"open","ping_status":"open","sticky":false,"template":"","format":"standard","meta":{"_acf_changed":false,"footnotes":""},"categories":[1882,6,14],"tags":[2890,1749,202,77,3093,4044,45,2817],"class_list":{"0":"post-11545","1":"post","2":"type-post","3":"status-publish","4":"format-standard","5":"has-post-thumbnail","7":"category-brasil","8":"category-noticias","9":"category-partido","10":"tag-eduardo-cunha","11":"tag-operacao-lava-jato","12":"tag-petrobras","13":"tag-pgr","14":"tag-rodrigo-janot","15":"tag-solange-almeida","16":"tag-stf","17":"tag-teori-zavascki"},"acf":[],"yoast_head":"<!-- This site is optimized with the Yoast SEO plugin v26.5 - https:\/\/yoast.com\/wordpress\/plugins\/seo\/ -->\n<title>Por unanimidade, STF decide que Eduardo Cunha \u00e9 r\u00e9u na Lava Jato - PSOL 50<\/title>\n<meta name=\"robots\" content=\"index, follow, max-snippet:-1, max-image-preview:large, max-video-preview:-1\" \/>\n<link rel=\"canonical\" href=\"https:\/\/psol50.org.br\/por-unanimidade-stf-decide-que-eduardo-cunha-e-reu-na-lava-jato\/\" \/>\n<meta property=\"og:locale\" content=\"pt_BR\" \/>\n<meta property=\"og:type\" content=\"article\" \/>\n<meta property=\"og:title\" content=\"Por unanimidade, STF decide que Eduardo Cunha \u00e9 r\u00e9u na Lava Jato - PSOL 50\" \/>\n<meta property=\"og:description\" content=\"O presidente da C\u00e2mara dos Deputados, Eduardo Cunha (PMDB-RJ), finalmente tornou-se se r\u00e9u por crimes de corrup\u00e7\u00e3o passiva e lavagem de dinheiro investigados na Opera\u00e7\u00e3o Lava Jato. Com 10 votos a zero, o Supremo Tribunal Federal (STF) encerrou, na tarde desta quinta-feira (03), o julgamento do Inqu\u00e9rito 3983, ajuizado pelo Procurador Geral da Rep\u00fablica, Rodrigo [&hellip;]\" \/>\n<meta property=\"og:url\" content=\"https:\/\/psol50.org.br\/por-unanimidade-stf-decide-que-eduardo-cunha-e-reu-na-lava-jato\/\" \/>\n<meta property=\"og:site_name\" content=\"PSOL 50\" \/>\n<meta property=\"article:publisher\" content=\"https:\/\/www.facebook.com\/psol50\" \/>\n<meta property=\"article:published_time\" content=\"2016-03-03T20:15:04+00:00\" \/>\n<meta property=\"og:image\" content=\"https:\/\/psol50.org.br\/inc\/uploads\/2018\/07\/capa.png\" \/>\n\t<meta property=\"og:image:width\" content=\"1350\" \/>\n\t<meta property=\"og:image:height\" content=\"900\" \/>\n\t<meta property=\"og:image:type\" content=\"image\/png\" \/>\n<meta name=\"author\" content=\"Comunica\u00e7\u00e3o PSOL\" \/>\n<meta name=\"twitter:card\" content=\"summary_large_image\" \/>\n<meta name=\"twitter:creator\" content=\"@psol50\" \/>\n<meta name=\"twitter:site\" content=\"@psol50\" \/>\n<meta name=\"twitter:label1\" content=\"Escrito por\" \/>\n\t<meta name=\"twitter:data1\" content=\"Comunica\u00e7\u00e3o PSOL\" \/>\n\t<meta name=\"twitter:label2\" content=\"Est. tempo de leitura\" \/>\n\t<meta name=\"twitter:data2\" content=\"4 minutos\" \/>\n<script type=\"application\/ld+json\" class=\"yoast-schema-graph\">{\"@context\":\"https:\/\/schema.org\",\"@graph\":[{\"@type\":\"Article\",\"@id\":\"https:\/\/psol50.org.br\/por-unanimidade-stf-decide-que-eduardo-cunha-e-reu-na-lava-jato\/#article\",\"isPartOf\":{\"@id\":\"https:\/\/psol50.org.br\/por-unanimidade-stf-decide-que-eduardo-cunha-e-reu-na-lava-jato\/\"},\"author\":{\"name\":\"Comunica\u00e7\u00e3o PSOL\",\"@id\":\"https:\/\/psol50.org.br\/#\/schema\/person\/475dfa57d0b815993c714c2e96491fcd\"},\"headline\":\"Por unanimidade, STF decide que Eduardo Cunha \u00e9 r\u00e9u na Lava Jato\",\"datePublished\":\"2016-03-03T20:15:04+00:00\",\"mainEntityOfPage\":{\"@id\":\"https:\/\/psol50.org.br\/por-unanimidade-stf-decide-que-eduardo-cunha-e-reu-na-lava-jato\/\"},\"wordCount\":871,\"commentCount\":0,\"publisher\":{\"@id\":\"https:\/\/psol50.org.br\/#organization\"},\"image\":{\"@id\":\"https:\/\/psol50.org.br\/por-unanimidade-stf-decide-que-eduardo-cunha-e-reu-na-lava-jato\/#primaryimage\"},\"thumbnailUrl\":\"\",\"keywords\":[\"Eduardo Cunha\",\"Opera\u00e7\u00e3o Lava-Jato\",\"Petrobras\",\"PGR\",\"Rodrigo Janot\",\"Solange Almeida\",\"STF\",\"Teori Zavascki\"],\"articleSection\":[\"Brasil\",\"Not\u00edcias\",\"Partido\"],\"inLanguage\":\"pt-BR\",\"potentialAction\":[{\"@type\":\"CommentAction\",\"name\":\"Comment\",\"target\":[\"https:\/\/psol50.org.br\/por-unanimidade-stf-decide-que-eduardo-cunha-e-reu-na-lava-jato\/#respond\"]}]},{\"@type\":\"WebPage\",\"@id\":\"https:\/\/psol50.org.br\/por-unanimidade-stf-decide-que-eduardo-cunha-e-reu-na-lava-jato\/\",\"url\":\"https:\/\/psol50.org.br\/por-unanimidade-stf-decide-que-eduardo-cunha-e-reu-na-lava-jato\/\",\"name\":\"Por unanimidade, STF decide que Eduardo Cunha \u00e9 r\u00e9u na Lava Jato - PSOL 50\",\"isPartOf\":{\"@id\":\"https:\/\/psol50.org.br\/#website\"},\"primaryImageOfPage\":{\"@id\":\"https:\/\/psol50.org.br\/por-unanimidade-stf-decide-que-eduardo-cunha-e-reu-na-lava-jato\/#primaryimage\"},\"image\":{\"@id\":\"https:\/\/psol50.org.br\/por-unanimidade-stf-decide-que-eduardo-cunha-e-reu-na-lava-jato\/#primaryimage\"},\"thumbnailUrl\":\"\",\"datePublished\":\"2016-03-03T20:15:04+00:00\",\"breadcrumb\":{\"@id\":\"https:\/\/psol50.org.br\/por-unanimidade-stf-decide-que-eduardo-cunha-e-reu-na-lava-jato\/#breadcrumb\"},\"inLanguage\":\"pt-BR\",\"potentialAction\":[{\"@type\":\"ReadAction\",\"target\":[\"https:\/\/psol50.org.br\/por-unanimidade-stf-decide-que-eduardo-cunha-e-reu-na-lava-jato\/\"]}]},{\"@type\":\"ImageObject\",\"inLanguage\":\"pt-BR\",\"@id\":\"https:\/\/psol50.org.br\/por-unanimidade-stf-decide-que-eduardo-cunha-e-reu-na-lava-jato\/#primaryimage\",\"url\":\"\",\"contentUrl\":\"\"},{\"@type\":\"BreadcrumbList\",\"@id\":\"https:\/\/psol50.org.br\/por-unanimidade-stf-decide-que-eduardo-cunha-e-reu-na-lava-jato\/#breadcrumb\",\"itemListElement\":[{\"@type\":\"ListItem\",\"position\":1,\"name\":\"In\u00edcio\",\"item\":\"https:\/\/psol50.org.br\/\"},{\"@type\":\"ListItem\",\"position\":2,\"name\":\"Por unanimidade, STF decide que Eduardo Cunha \u00e9 r\u00e9u na Lava Jato\"}]},{\"@type\":\"WebSite\",\"@id\":\"https:\/\/psol50.org.br\/#website\",\"url\":\"https:\/\/psol50.org.br\/\",\"name\":\"PSOL 50\",\"description\":\"Site oficial do Partido Socialismo e Liberdade\",\"publisher\":{\"@id\":\"https:\/\/psol50.org.br\/#organization\"},\"alternateName\":\"PSOL50\",\"potentialAction\":[{\"@type\":\"SearchAction\",\"target\":{\"@type\":\"EntryPoint\",\"urlTemplate\":\"https:\/\/psol50.org.br\/?s={search_term_string}\"},\"query-input\":{\"@type\":\"PropertyValueSpecification\",\"valueRequired\":true,\"valueName\":\"search_term_string\"}}],\"inLanguage\":\"pt-BR\"},{\"@type\":\"Organization\",\"@id\":\"https:\/\/psol50.org.br\/#organization\",\"name\":\"PSOL 50\",\"alternateName\":\"PSOL 50\",\"url\":\"https:\/\/psol50.org.br\/\",\"logo\":{\"@type\":\"ImageObject\",\"inLanguage\":\"pt-BR\",\"@id\":\"https:\/\/psol50.org.br\/#\/schema\/logo\/image\/\",\"url\":\"https:\/\/psol50.org.br\/inc\/uploads\/2018\/07\/capa.png\",\"contentUrl\":\"https:\/\/psol50.org.br\/inc\/uploads\/2018\/07\/capa.png\",\"width\":1350,\"height\":900,\"caption\":\"PSOL 50\"},\"image\":{\"@id\":\"https:\/\/psol50.org.br\/#\/schema\/logo\/image\/\"},\"sameAs\":[\"https:\/\/www.facebook.com\/psol50\",\"https:\/\/x.com\/psol50\",\"https:\/\/www.instagram.com\/psol50\/\",\"https:\/\/www.youtube.com\/channel\/UC7SnJS5o1os7a6CaiNabzcg\"]},{\"@type\":\"Person\",\"@id\":\"https:\/\/psol50.org.br\/#\/schema\/person\/475dfa57d0b815993c714c2e96491fcd\",\"name\":\"Comunica\u00e7\u00e3o PSOL\",\"image\":{\"@type\":\"ImageObject\",\"inLanguage\":\"pt-BR\",\"@id\":\"https:\/\/psol50.org.br\/#\/schema\/person\/image\/\",\"url\":\"https:\/\/secure.gravatar.com\/avatar\/b34fc4f4e468a4e51785917065a3db57b841f5c95dba6ad8c73aaf8f66f8f9bf?s=96&d=mm&r=g\",\"contentUrl\":\"https:\/\/secure.gravatar.com\/avatar\/b34fc4f4e468a4e51785917065a3db57b841f5c95dba6ad8c73aaf8f66f8f9bf?s=96&d=mm&r=g\",\"caption\":\"Comunica\u00e7\u00e3o PSOL\"}}]}<\/script>\n<!-- \/ Yoast SEO plugin. -->","yoast_head_json":{"title":"Por unanimidade, STF decide que Eduardo Cunha \u00e9 r\u00e9u na Lava Jato - PSOL 50","robots":{"index":"index","follow":"follow","max-snippet":"max-snippet:-1","max-image-preview":"max-image-preview:large","max-video-preview":"max-video-preview:-1"},"canonical":"https:\/\/psol50.org.br\/por-unanimidade-stf-decide-que-eduardo-cunha-e-reu-na-lava-jato\/","og_locale":"pt_BR","og_type":"article","og_title":"Por unanimidade, STF decide que Eduardo Cunha \u00e9 r\u00e9u na Lava Jato - PSOL 50","og_description":"O presidente da C\u00e2mara dos Deputados, Eduardo Cunha (PMDB-RJ), finalmente tornou-se se r\u00e9u por crimes de corrup\u00e7\u00e3o passiva e lavagem de dinheiro investigados na Opera\u00e7\u00e3o Lava Jato. Com 10 votos a zero, o Supremo Tribunal Federal (STF) encerrou, na tarde desta quinta-feira (03), o julgamento do Inqu\u00e9rito 3983, ajuizado pelo Procurador Geral da Rep\u00fablica, Rodrigo [&hellip;]","og_url":"https:\/\/psol50.org.br\/por-unanimidade-stf-decide-que-eduardo-cunha-e-reu-na-lava-jato\/","og_site_name":"PSOL 50","article_publisher":"https:\/\/www.facebook.com\/psol50","article_published_time":"2016-03-03T20:15:04+00:00","og_image":[{"width":1350,"height":900,"url":"https:\/\/psol50.org.br\/inc\/uploads\/2018\/07\/capa.png","type":"image\/png"}],"author":"Comunica\u00e7\u00e3o PSOL","twitter_card":"summary_large_image","twitter_creator":"@psol50","twitter_site":"@psol50","twitter_misc":{"Escrito por":"Comunica\u00e7\u00e3o PSOL","Est. tempo de leitura":"4 minutos"},"schema":{"@context":"https:\/\/schema.org","@graph":[{"@type":"Article","@id":"https:\/\/psol50.org.br\/por-unanimidade-stf-decide-que-eduardo-cunha-e-reu-na-lava-jato\/#article","isPartOf":{"@id":"https:\/\/psol50.org.br\/por-unanimidade-stf-decide-que-eduardo-cunha-e-reu-na-lava-jato\/"},"author":{"name":"Comunica\u00e7\u00e3o PSOL","@id":"https:\/\/psol50.org.br\/#\/schema\/person\/475dfa57d0b815993c714c2e96491fcd"},"headline":"Por unanimidade, STF decide que Eduardo Cunha \u00e9 r\u00e9u na Lava Jato","datePublished":"2016-03-03T20:15:04+00:00","mainEntityOfPage":{"@id":"https:\/\/psol50.org.br\/por-unanimidade-stf-decide-que-eduardo-cunha-e-reu-na-lava-jato\/"},"wordCount":871,"commentCount":0,"publisher":{"@id":"https:\/\/psol50.org.br\/#organization"},"image":{"@id":"https:\/\/psol50.org.br\/por-unanimidade-stf-decide-que-eduardo-cunha-e-reu-na-lava-jato\/#primaryimage"},"thumbnailUrl":"","keywords":["Eduardo Cunha","Opera\u00e7\u00e3o Lava-Jato","Petrobras","PGR","Rodrigo Janot","Solange Almeida","STF","Teori Zavascki"],"articleSection":["Brasil","Not\u00edcias","Partido"],"inLanguage":"pt-BR","potentialAction":[{"@type":"CommentAction","name":"Comment","target":["https:\/\/psol50.org.br\/por-unanimidade-stf-decide-que-eduardo-cunha-e-reu-na-lava-jato\/#respond"]}]},{"@type":"WebPage","@id":"https:\/\/psol50.org.br\/por-unanimidade-stf-decide-que-eduardo-cunha-e-reu-na-lava-jato\/","url":"https:\/\/psol50.org.br\/por-unanimidade-stf-decide-que-eduardo-cunha-e-reu-na-lava-jato\/","name":"Por unanimidade, STF decide que Eduardo Cunha \u00e9 r\u00e9u na Lava Jato - PSOL 50","isPartOf":{"@id":"https:\/\/psol50.org.br\/#website"},"primaryImageOfPage":{"@id":"https:\/\/psol50.org.br\/por-unanimidade-stf-decide-que-eduardo-cunha-e-reu-na-lava-jato\/#primaryimage"},"image":{"@id":"https:\/\/psol50.org.br\/por-unanimidade-stf-decide-que-eduardo-cunha-e-reu-na-lava-jato\/#primaryimage"},"thumbnailUrl":"","datePublished":"2016-03-03T20:15:04+00:00","breadcrumb":{"@id":"https:\/\/psol50.org.br\/por-unanimidade-stf-decide-que-eduardo-cunha-e-reu-na-lava-jato\/#breadcrumb"},"inLanguage":"pt-BR","potentialAction":[{"@type":"ReadAction","target":["https:\/\/psol50.org.br\/por-unanimidade-stf-decide-que-eduardo-cunha-e-reu-na-lava-jato\/"]}]},{"@type":"ImageObject","inLanguage":"pt-BR","@id":"https:\/\/psol50.org.br\/por-unanimidade-stf-decide-que-eduardo-cunha-e-reu-na-lava-jato\/#primaryimage","url":"","contentUrl":""},{"@type":"BreadcrumbList","@id":"https:\/\/psol50.org.br\/por-unanimidade-stf-decide-que-eduardo-cunha-e-reu-na-lava-jato\/#breadcrumb","itemListElement":[{"@type":"ListItem","position":1,"name":"In\u00edcio","item":"https:\/\/psol50.org.br\/"},{"@type":"ListItem","position":2,"name":"Por unanimidade, STF decide que Eduardo Cunha \u00e9 r\u00e9u na Lava Jato"}]},{"@type":"WebSite","@id":"https:\/\/psol50.org.br\/#website","url":"https:\/\/psol50.org.br\/","name":"PSOL 50","description":"Site oficial do Partido Socialismo e Liberdade","publisher":{"@id":"https:\/\/psol50.org.br\/#organization"},"alternateName":"PSOL50","potentialAction":[{"@type":"SearchAction","target":{"@type":"EntryPoint","urlTemplate":"https:\/\/psol50.org.br\/?s={search_term_string}"},"query-input":{"@type":"PropertyValueSpecification","valueRequired":true,"valueName":"search_term_string"}}],"inLanguage":"pt-BR"},{"@type":"Organization","@id":"https:\/\/psol50.org.br\/#organization","name":"PSOL 50","alternateName":"PSOL 50","url":"https:\/\/psol50.org.br\/","logo":{"@type":"ImageObject","inLanguage":"pt-BR","@id":"https:\/\/psol50.org.br\/#\/schema\/logo\/image\/","url":"https:\/\/psol50.org.br\/inc\/uploads\/2018\/07\/capa.png","contentUrl":"https:\/\/psol50.org.br\/inc\/uploads\/2018\/07\/capa.png","width":1350,"height":900,"caption":"PSOL 50"},"image":{"@id":"https:\/\/psol50.org.br\/#\/schema\/logo\/image\/"},"sameAs":["https:\/\/www.facebook.com\/psol50","https:\/\/x.com\/psol50","https:\/\/www.instagram.com\/psol50\/","https:\/\/www.youtube.com\/channel\/UC7SnJS5o1os7a6CaiNabzcg"]},{"@type":"Person","@id":"https:\/\/psol50.org.br\/#\/schema\/person\/475dfa57d0b815993c714c2e96491fcd","name":"Comunica\u00e7\u00e3o PSOL","image":{"@type":"ImageObject","inLanguage":"pt-BR","@id":"https:\/\/psol50.org.br\/#\/schema\/person\/image\/","url":"https:\/\/secure.gravatar.com\/avatar\/b34fc4f4e468a4e51785917065a3db57b841f5c95dba6ad8c73aaf8f66f8f9bf?s=96&d=mm&r=g","contentUrl":"https:\/\/secure.gravatar.com\/avatar\/b34fc4f4e468a4e51785917065a3db57b841f5c95dba6ad8c73aaf8f66f8f9bf?s=96&d=mm&r=g","caption":"Comunica\u00e7\u00e3o PSOL"}}]}},"_links":{"self":[{"href":"https:\/\/psol50.org.br\/rest\/wp\/v2\/posts\/11545","targetHints":{"allow":["GET"]}}],"collection":[{"href":"https:\/\/psol50.org.br\/rest\/wp\/v2\/posts"}],"about":[{"href":"https:\/\/psol50.org.br\/rest\/wp\/v2\/types\/post"}],"author":[{"embeddable":true,"href":"https:\/\/psol50.org.br\/rest\/wp\/v2\/users\/2"}],"replies":[{"embeddable":true,"href":"https:\/\/psol50.org.br\/rest\/wp\/v2\/comments?post=11545"}],"version-history":[{"count":0,"href":"https:\/\/psol50.org.br\/rest\/wp\/v2\/posts\/11545\/revisions"}],"wp:featuredmedia":[{"embeddable":true,"href":"https:\/\/psol50.org.br\/rest\/"}],"wp:attachment":[{"href":"https:\/\/psol50.org.br\/rest\/wp\/v2\/media?parent=11545"}],"wp:term":[{"taxonomy":"category","embeddable":true,"href":"https:\/\/psol50.org.br\/rest\/wp\/v2\/categories?post=11545"},{"taxonomy":"post_tag","embeddable":true,"href":"https:\/\/psol50.org.br\/rest\/wp\/v2\/tags?post=11545"}],"curies":[{"name":"wp","href":"https:\/\/api.w.org\/{rel}","templated":true}]}}