{"id":11550,"date":"2016-03-04T13:41:27","date_gmt":"2016-03-04T13:41:27","guid":{"rendered":"http:\/\/www.psol50.org.br\/?p=11550"},"modified":"2016-03-04T13:41:27","modified_gmt":"2016-03-04T13:41:27","slug":"transnacionais-e-governo-sao-acusados-de-responsabilidade-no-assassinato-de-ativista-hondurenha","status":"publish","type":"post","link":"https:\/\/psol50.org.br\/transnacionais-e-governo-sao-acusados-de-responsabilidade-no-assassinato-de-ativista-hondurenha\/","title":{"rendered":"Transnacionais e governo s\u00e3o acusados de responsabilidade no assassinato de ativista hondurenha"},"content":{"rendered":"<p><span style=\"font-size: 12px;\"><em>Da Ag\u00eancia Adital, Cristina Fontenele<\/em><\/span><\/p>\n<p>A l\u00edder ind\u00edgena Berta C\u00e1ceres, uma das maiores ativistas sociais de Honduras, conhecida internacionalmente, foi assassinada na madrugada desta quinta-feira, 3 de mar\u00e7o, quando homens desconhecidos invadiram sua casa, em La Esperanza, no Departamento de Intibuc\u00e1. A ativista, que lutava principalmente pelas causas ambientais e era coordenadora do Conselho dos Povos Ind\u00edgenas de Honduras (Copinh), havia denunciado, semanas antes, que vinha sofrendo graves amea\u00e7as. &#8220;Este \u00e9 um ato que ocorre em um governo desp\u00f3tico porque ela tinha se mudado para uma casa segura, tentando proteger-se dos militares e dos capangas dos investidores das barragens dos rios, que a buscavam para mat\u00e1-la, por sua luta em defesa da vida, dos povos ind\u00edgenas e das mulheres\u201d, denuncia a m\u00e3e de Berta, Austra Bertha Flores.<\/p>\n<p>&#8220;Mataram minha irm\u00e3 pela sua luta \u00e0 queima roupa, ap\u00f3s suas den\u00fancias de amea\u00e7as de morte por esses malditos (pistoleiros), da Desa e Synohidro, que assassinaram uma lutadora sem guarda-costas, e que vivia sem riquezas nem ostenta\u00e7\u00f5es, por isso, hoje, n\u00f3s reclamamos de um Estado incapaz de cumprir as medidas de prote\u00e7\u00e3o que \u2018Bertita\u2019 tinha como recomenda\u00e7\u00e3o da OEA (Organiza\u00e7\u00e3o de Estados Americanos) e da ONU (Organiza\u00e7\u00e3o das Na\u00e7\u00f5es Unidas)\u201d, relata o irm\u00e3o, Gustavo C\u00e1ceres.<\/p>\n<p>Em comunicado, o Observat\u00f3rio Ecum\u00eanico Internacional de Direitos Humanos (OEIDH) denuncia o governo de Honduras e as empresas transnacionais, que exploram os recursos naturais do pa\u00eds. A entidade exige que os organismos internacionais demandem do Estado uma resposta r\u00e1pida pelo assassinato da l\u00edder ind\u00edgena.<\/p>\n<p>A Uni\u00e3o de Escritores e Artistas de Honduras tamb\u00e9m se manifesta sobre o assunto, afirmando que o assassinato de Berta constitui um dos atos mais vergonhosos de repress\u00e3o que o regime do presidente hondurenho, Juan Orlando Hern\u00e1ndez, realizou contra as lutas pela defesa dos direitos do meio ambiente.<\/p>\n<p>&#8220;Uma vez mais, os matadores (sicarios) do lucro insaci\u00e1vel nos arrebatam fisicamente uma das imprescind\u00edveis\u201d, expressa a Articula\u00e7\u00e3o Continental dos Movimentos Sociais para a Alba (Alian\u00e7a Bolivariana para os Povos da Nossa Am\u00e9rica). O Comit\u00ea de Familiares de Detidos-Desaparecidos tamb\u00e9m condena o assassinato pol\u00edtico da l\u00edder ind\u00edgena.<\/p>\n<p>Em 2015, Berta recebeu o pr\u00eamio internacional Goldman, por sua luta em prol do meio ambiente e em defesa das comunidades rurais de Honduras. Quase 30% das terras do pa\u00eds est\u00e3o concedidas a atividades de minera\u00e7\u00e3o, e t\u00eam crescido os megaprojetos hidrel\u00e9tricos, com o governo aprovando centenas de barragens em todo o pa\u00eds, privatizando rios e deslocando comunidades. Em 2006, os membros da comunidade de R\u00edo Blanco pediram ajuda ao Copinh para defenderem-se das agress\u00f5es contra o seu territ\u00f3rio ancestral.<\/p>\n<p>Veja abaixo v\u00eddeo em ingl\u00eas retratando a luta de Berta C\u00e1ceres em defesa do territ\u00f3rio da comunidade R\u00edo Blanco.<\/p>\n<div class=\"youtube-embed\" data-video_id=\"zh9Sn9oJR94\"><iframe loading=\"lazy\" title=\"Berta C\u00e1ceres, 2015 Goldman Environmental Prize, Honduras\" width=\"696\" height=\"392\" src=\"https:\/\/www.youtube.com\/embed\/zh9Sn9oJR94?feature=oembed&#038;enablejsapi=1\" frameborder=\"0\" allow=\"accelerometer; autoplay; clipboard-write; encrypted-media; gyroscope; picture-in-picture\" allowfullscreen><\/iframe><\/div>\n","protected":false},"excerpt":{"rendered":"<p>Da Ag\u00eancia Adital, Cristina Fontenele A l\u00edder ind\u00edgena Berta C\u00e1ceres, uma das maiores ativistas sociais de Honduras, conhecida internacionalmente, foi assassinada na madrugada desta quinta-feira, 3 de mar\u00e7o, quando homens desconhecidos invadiram sua casa, em La Esperanza, no Departamento de Intibuc\u00e1. A ativista, que lutava principalmente pelas causas ambientais e era coordenadora do Conselho dos [&hellip;]<\/p>\n","protected":false},"author":2,"featured_media":11551,"comment_status":"open","ping_status":"open","sticky":false,"template":"","format":"standard","meta":{"_acf_changed":false,"footnotes":""},"categories":[836],"tags":[36,4045,4046,1036,4047,4048,965,232,4049],"class_list":{"0":"post-11550","1":"post","2":"type-post","3":"status-publish","4":"format-standard","5":"has-post-thumbnail","7":"category-internacional","8":"tag-alba","9":"tag-berta-caceres","10":"tag-governo-de-honduras","11":"tag-honduras","12":"tag-la-esperanza","13":"tag-lider-indigena","14":"tag-oea","15":"tag-onu","16":"tag-transnacionais"},"acf":[],"yoast_head":"<!-- This site is optimized with the Yoast SEO plugin v26.5 - https:\/\/yoast.com\/wordpress\/plugins\/seo\/ -->\n<title>Transnacionais e governo s\u00e3o acusados de responsabilidade no assassinato de ativista hondurenha - PSOL 50<\/title>\n<meta name=\"robots\" content=\"index, follow, max-snippet:-1, max-image-preview:large, max-video-preview:-1\" \/>\n<link rel=\"canonical\" href=\"https:\/\/psol50.org.br\/transnacionais-e-governo-sao-acusados-de-responsabilidade-no-assassinato-de-ativista-hondurenha\/\" \/>\n<meta property=\"og:locale\" content=\"pt_BR\" \/>\n<meta property=\"og:type\" content=\"article\" \/>\n<meta property=\"og:title\" content=\"Transnacionais e governo s\u00e3o acusados de responsabilidade no assassinato de ativista hondurenha - PSOL 50\" \/>\n<meta property=\"og:description\" content=\"Da Ag\u00eancia Adital, Cristina Fontenele A l\u00edder ind\u00edgena Berta C\u00e1ceres, uma das maiores ativistas sociais de Honduras, conhecida internacionalmente, foi assassinada na madrugada desta quinta-feira, 3 de mar\u00e7o, quando homens desconhecidos invadiram sua casa, em La Esperanza, no Departamento de Intibuc\u00e1. A ativista, que lutava principalmente pelas causas ambientais e era coordenadora do Conselho dos [&hellip;]\" \/>\n<meta property=\"og:url\" content=\"https:\/\/psol50.org.br\/transnacionais-e-governo-sao-acusados-de-responsabilidade-no-assassinato-de-ativista-hondurenha\/\" \/>\n<meta property=\"og:site_name\" content=\"PSOL 50\" \/>\n<meta property=\"article:publisher\" content=\"https:\/\/www.facebook.com\/psol50\" \/>\n<meta property=\"article:published_time\" content=\"2016-03-04T13:41:27+00:00\" \/>\n<meta property=\"og:image\" content=\"https:\/\/psol50.org.br\/inc\/uploads\/2018\/07\/capa.png\" \/>\n\t<meta property=\"og:image:width\" content=\"1350\" \/>\n\t<meta property=\"og:image:height\" content=\"900\" \/>\n\t<meta property=\"og:image:type\" content=\"image\/png\" \/>\n<meta name=\"author\" content=\"Comunica\u00e7\u00e3o PSOL\" \/>\n<meta name=\"twitter:card\" content=\"summary_large_image\" \/>\n<meta name=\"twitter:creator\" content=\"@psol50\" \/>\n<meta name=\"twitter:site\" content=\"@psol50\" \/>\n<meta name=\"twitter:label1\" content=\"Escrito por\" \/>\n\t<meta name=\"twitter:data1\" content=\"Comunica\u00e7\u00e3o PSOL\" \/>\n\t<meta name=\"twitter:label2\" content=\"Est. tempo de leitura\" \/>\n\t<meta name=\"twitter:data2\" content=\"3 minutos\" \/>\n<script type=\"application\/ld+json\" class=\"yoast-schema-graph\">{\"@context\":\"https:\/\/schema.org\",\"@graph\":[{\"@type\":\"Article\",\"@id\":\"https:\/\/psol50.org.br\/transnacionais-e-governo-sao-acusados-de-responsabilidade-no-assassinato-de-ativista-hondurenha\/#article\",\"isPartOf\":{\"@id\":\"https:\/\/psol50.org.br\/transnacionais-e-governo-sao-acusados-de-responsabilidade-no-assassinato-de-ativista-hondurenha\/\"},\"author\":{\"name\":\"Comunica\u00e7\u00e3o PSOL\",\"@id\":\"https:\/\/psol50.org.br\/#\/schema\/person\/475dfa57d0b815993c714c2e96491fcd\"},\"headline\":\"Transnacionais e governo s\u00e3o acusados de responsabilidade no assassinato de ativista hondurenha\",\"datePublished\":\"2016-03-04T13:41:27+00:00\",\"mainEntityOfPage\":{\"@id\":\"https:\/\/psol50.org.br\/transnacionais-e-governo-sao-acusados-de-responsabilidade-no-assassinato-de-ativista-hondurenha\/\"},\"wordCount\":515,\"commentCount\":0,\"publisher\":{\"@id\":\"https:\/\/psol50.org.br\/#organization\"},\"image\":{\"@id\":\"https:\/\/psol50.org.br\/transnacionais-e-governo-sao-acusados-de-responsabilidade-no-assassinato-de-ativista-hondurenha\/#primaryimage\"},\"thumbnailUrl\":\"\",\"keywords\":[\"Alba\",\"Berta C\u00e1ceres\",\"governo de Honduras\",\"Honduras\",\"La Esperanza\",\"l\u00edder ind\u00edgena\",\"OEA\",\"ONU\",\"transnacionais\"],\"articleSection\":[\"Internacional\"],\"inLanguage\":\"pt-BR\",\"potentialAction\":[{\"@type\":\"CommentAction\",\"name\":\"Comment\",\"target\":[\"https:\/\/psol50.org.br\/transnacionais-e-governo-sao-acusados-de-responsabilidade-no-assassinato-de-ativista-hondurenha\/#respond\"]}]},{\"@type\":\"WebPage\",\"@id\":\"https:\/\/psol50.org.br\/transnacionais-e-governo-sao-acusados-de-responsabilidade-no-assassinato-de-ativista-hondurenha\/\",\"url\":\"https:\/\/psol50.org.br\/transnacionais-e-governo-sao-acusados-de-responsabilidade-no-assassinato-de-ativista-hondurenha\/\",\"name\":\"Transnacionais e governo s\u00e3o acusados de responsabilidade no assassinato de ativista hondurenha - PSOL 50\",\"isPartOf\":{\"@id\":\"https:\/\/psol50.org.br\/#website\"},\"primaryImageOfPage\":{\"@id\":\"https:\/\/psol50.org.br\/transnacionais-e-governo-sao-acusados-de-responsabilidade-no-assassinato-de-ativista-hondurenha\/#primaryimage\"},\"image\":{\"@id\":\"https:\/\/psol50.org.br\/transnacionais-e-governo-sao-acusados-de-responsabilidade-no-assassinato-de-ativista-hondurenha\/#primaryimage\"},\"thumbnailUrl\":\"\",\"datePublished\":\"2016-03-04T13:41:27+00:00\",\"breadcrumb\":{\"@id\":\"https:\/\/psol50.org.br\/transnacionais-e-governo-sao-acusados-de-responsabilidade-no-assassinato-de-ativista-hondurenha\/#breadcrumb\"},\"inLanguage\":\"pt-BR\",\"potentialAction\":[{\"@type\":\"ReadAction\",\"target\":[\"https:\/\/psol50.org.br\/transnacionais-e-governo-sao-acusados-de-responsabilidade-no-assassinato-de-ativista-hondurenha\/\"]}]},{\"@type\":\"ImageObject\",\"inLanguage\":\"pt-BR\",\"@id\":\"https:\/\/psol50.org.br\/transnacionais-e-governo-sao-acusados-de-responsabilidade-no-assassinato-de-ativista-hondurenha\/#primaryimage\",\"url\":\"\",\"contentUrl\":\"\"},{\"@type\":\"BreadcrumbList\",\"@id\":\"https:\/\/psol50.org.br\/transnacionais-e-governo-sao-acusados-de-responsabilidade-no-assassinato-de-ativista-hondurenha\/#breadcrumb\",\"itemListElement\":[{\"@type\":\"ListItem\",\"position\":1,\"name\":\"In\u00edcio\",\"item\":\"https:\/\/psol50.org.br\/\"},{\"@type\":\"ListItem\",\"position\":2,\"name\":\"Transnacionais e governo s\u00e3o acusados de responsabilidade no assassinato de ativista hondurenha\"}]},{\"@type\":\"WebSite\",\"@id\":\"https:\/\/psol50.org.br\/#website\",\"url\":\"https:\/\/psol50.org.br\/\",\"name\":\"PSOL 50\",\"description\":\"Site oficial do Partido Socialismo e Liberdade\",\"publisher\":{\"@id\":\"https:\/\/psol50.org.br\/#organization\"},\"alternateName\":\"PSOL50\",\"potentialAction\":[{\"@type\":\"SearchAction\",\"target\":{\"@type\":\"EntryPoint\",\"urlTemplate\":\"https:\/\/psol50.org.br\/?s={search_term_string}\"},\"query-input\":{\"@type\":\"PropertyValueSpecification\",\"valueRequired\":true,\"valueName\":\"search_term_string\"}}],\"inLanguage\":\"pt-BR\"},{\"@type\":\"Organization\",\"@id\":\"https:\/\/psol50.org.br\/#organization\",\"name\":\"PSOL 50\",\"alternateName\":\"PSOL 50\",\"url\":\"https:\/\/psol50.org.br\/\",\"logo\":{\"@type\":\"ImageObject\",\"inLanguage\":\"pt-BR\",\"@id\":\"https:\/\/psol50.org.br\/#\/schema\/logo\/image\/\",\"url\":\"https:\/\/psol50.org.br\/inc\/uploads\/2018\/07\/capa.png\",\"contentUrl\":\"https:\/\/psol50.org.br\/inc\/uploads\/2018\/07\/capa.png\",\"width\":1350,\"height\":900,\"caption\":\"PSOL 50\"},\"image\":{\"@id\":\"https:\/\/psol50.org.br\/#\/schema\/logo\/image\/\"},\"sameAs\":[\"https:\/\/www.facebook.com\/psol50\",\"https:\/\/x.com\/psol50\",\"https:\/\/www.instagram.com\/psol50\/\",\"https:\/\/www.youtube.com\/channel\/UC7SnJS5o1os7a6CaiNabzcg\"]},{\"@type\":\"Person\",\"@id\":\"https:\/\/psol50.org.br\/#\/schema\/person\/475dfa57d0b815993c714c2e96491fcd\",\"name\":\"Comunica\u00e7\u00e3o PSOL\",\"image\":{\"@type\":\"ImageObject\",\"inLanguage\":\"pt-BR\",\"@id\":\"https:\/\/psol50.org.br\/#\/schema\/person\/image\/\",\"url\":\"https:\/\/secure.gravatar.com\/avatar\/b34fc4f4e468a4e51785917065a3db57b841f5c95dba6ad8c73aaf8f66f8f9bf?s=96&d=mm&r=g\",\"contentUrl\":\"https:\/\/secure.gravatar.com\/avatar\/b34fc4f4e468a4e51785917065a3db57b841f5c95dba6ad8c73aaf8f66f8f9bf?s=96&d=mm&r=g\",\"caption\":\"Comunica\u00e7\u00e3o PSOL\"}}]}<\/script>\n<!-- \/ Yoast SEO plugin. -->","yoast_head_json":{"title":"Transnacionais e governo s\u00e3o acusados de responsabilidade no assassinato de ativista hondurenha - PSOL 50","robots":{"index":"index","follow":"follow","max-snippet":"max-snippet:-1","max-image-preview":"max-image-preview:large","max-video-preview":"max-video-preview:-1"},"canonical":"https:\/\/psol50.org.br\/transnacionais-e-governo-sao-acusados-de-responsabilidade-no-assassinato-de-ativista-hondurenha\/","og_locale":"pt_BR","og_type":"article","og_title":"Transnacionais e governo s\u00e3o acusados de responsabilidade no assassinato de ativista hondurenha - PSOL 50","og_description":"Da Ag\u00eancia Adital, Cristina Fontenele A l\u00edder ind\u00edgena Berta C\u00e1ceres, uma das maiores ativistas sociais de Honduras, conhecida internacionalmente, foi assassinada na madrugada desta quinta-feira, 3 de mar\u00e7o, quando homens desconhecidos invadiram sua casa, em La Esperanza, no Departamento de Intibuc\u00e1. A ativista, que lutava principalmente pelas causas ambientais e era coordenadora do Conselho dos [&hellip;]","og_url":"https:\/\/psol50.org.br\/transnacionais-e-governo-sao-acusados-de-responsabilidade-no-assassinato-de-ativista-hondurenha\/","og_site_name":"PSOL 50","article_publisher":"https:\/\/www.facebook.com\/psol50","article_published_time":"2016-03-04T13:41:27+00:00","og_image":[{"width":1350,"height":900,"url":"https:\/\/psol50.org.br\/inc\/uploads\/2018\/07\/capa.png","type":"image\/png"}],"author":"Comunica\u00e7\u00e3o PSOL","twitter_card":"summary_large_image","twitter_creator":"@psol50","twitter_site":"@psol50","twitter_misc":{"Escrito por":"Comunica\u00e7\u00e3o PSOL","Est. tempo de leitura":"3 minutos"},"schema":{"@context":"https:\/\/schema.org","@graph":[{"@type":"Article","@id":"https:\/\/psol50.org.br\/transnacionais-e-governo-sao-acusados-de-responsabilidade-no-assassinato-de-ativista-hondurenha\/#article","isPartOf":{"@id":"https:\/\/psol50.org.br\/transnacionais-e-governo-sao-acusados-de-responsabilidade-no-assassinato-de-ativista-hondurenha\/"},"author":{"name":"Comunica\u00e7\u00e3o PSOL","@id":"https:\/\/psol50.org.br\/#\/schema\/person\/475dfa57d0b815993c714c2e96491fcd"},"headline":"Transnacionais e governo s\u00e3o acusados de responsabilidade no assassinato de ativista hondurenha","datePublished":"2016-03-04T13:41:27+00:00","mainEntityOfPage":{"@id":"https:\/\/psol50.org.br\/transnacionais-e-governo-sao-acusados-de-responsabilidade-no-assassinato-de-ativista-hondurenha\/"},"wordCount":515,"commentCount":0,"publisher":{"@id":"https:\/\/psol50.org.br\/#organization"},"image":{"@id":"https:\/\/psol50.org.br\/transnacionais-e-governo-sao-acusados-de-responsabilidade-no-assassinato-de-ativista-hondurenha\/#primaryimage"},"thumbnailUrl":"","keywords":["Alba","Berta C\u00e1ceres","governo de Honduras","Honduras","La Esperanza","l\u00edder ind\u00edgena","OEA","ONU","transnacionais"],"articleSection":["Internacional"],"inLanguage":"pt-BR","potentialAction":[{"@type":"CommentAction","name":"Comment","target":["https:\/\/psol50.org.br\/transnacionais-e-governo-sao-acusados-de-responsabilidade-no-assassinato-de-ativista-hondurenha\/#respond"]}]},{"@type":"WebPage","@id":"https:\/\/psol50.org.br\/transnacionais-e-governo-sao-acusados-de-responsabilidade-no-assassinato-de-ativista-hondurenha\/","url":"https:\/\/psol50.org.br\/transnacionais-e-governo-sao-acusados-de-responsabilidade-no-assassinato-de-ativista-hondurenha\/","name":"Transnacionais e governo s\u00e3o acusados de responsabilidade no assassinato de ativista hondurenha - PSOL 50","isPartOf":{"@id":"https:\/\/psol50.org.br\/#website"},"primaryImageOfPage":{"@id":"https:\/\/psol50.org.br\/transnacionais-e-governo-sao-acusados-de-responsabilidade-no-assassinato-de-ativista-hondurenha\/#primaryimage"},"image":{"@id":"https:\/\/psol50.org.br\/transnacionais-e-governo-sao-acusados-de-responsabilidade-no-assassinato-de-ativista-hondurenha\/#primaryimage"},"thumbnailUrl":"","datePublished":"2016-03-04T13:41:27+00:00","breadcrumb":{"@id":"https:\/\/psol50.org.br\/transnacionais-e-governo-sao-acusados-de-responsabilidade-no-assassinato-de-ativista-hondurenha\/#breadcrumb"},"inLanguage":"pt-BR","potentialAction":[{"@type":"ReadAction","target":["https:\/\/psol50.org.br\/transnacionais-e-governo-sao-acusados-de-responsabilidade-no-assassinato-de-ativista-hondurenha\/"]}]},{"@type":"ImageObject","inLanguage":"pt-BR","@id":"https:\/\/psol50.org.br\/transnacionais-e-governo-sao-acusados-de-responsabilidade-no-assassinato-de-ativista-hondurenha\/#primaryimage","url":"","contentUrl":""},{"@type":"BreadcrumbList","@id":"https:\/\/psol50.org.br\/transnacionais-e-governo-sao-acusados-de-responsabilidade-no-assassinato-de-ativista-hondurenha\/#breadcrumb","itemListElement":[{"@type":"ListItem","position":1,"name":"In\u00edcio","item":"https:\/\/psol50.org.br\/"},{"@type":"ListItem","position":2,"name":"Transnacionais e governo s\u00e3o acusados de responsabilidade no assassinato de ativista hondurenha"}]},{"@type":"WebSite","@id":"https:\/\/psol50.org.br\/#website","url":"https:\/\/psol50.org.br\/","name":"PSOL 50","description":"Site oficial do Partido Socialismo e Liberdade","publisher":{"@id":"https:\/\/psol50.org.br\/#organization"},"alternateName":"PSOL50","potentialAction":[{"@type":"SearchAction","target":{"@type":"EntryPoint","urlTemplate":"https:\/\/psol50.org.br\/?s={search_term_string}"},"query-input":{"@type":"PropertyValueSpecification","valueRequired":true,"valueName":"search_term_string"}}],"inLanguage":"pt-BR"},{"@type":"Organization","@id":"https:\/\/psol50.org.br\/#organization","name":"PSOL 50","alternateName":"PSOL 50","url":"https:\/\/psol50.org.br\/","logo":{"@type":"ImageObject","inLanguage":"pt-BR","@id":"https:\/\/psol50.org.br\/#\/schema\/logo\/image\/","url":"https:\/\/psol50.org.br\/inc\/uploads\/2018\/07\/capa.png","contentUrl":"https:\/\/psol50.org.br\/inc\/uploads\/2018\/07\/capa.png","width":1350,"height":900,"caption":"PSOL 50"},"image":{"@id":"https:\/\/psol50.org.br\/#\/schema\/logo\/image\/"},"sameAs":["https:\/\/www.facebook.com\/psol50","https:\/\/x.com\/psol50","https:\/\/www.instagram.com\/psol50\/","https:\/\/www.youtube.com\/channel\/UC7SnJS5o1os7a6CaiNabzcg"]},{"@type":"Person","@id":"https:\/\/psol50.org.br\/#\/schema\/person\/475dfa57d0b815993c714c2e96491fcd","name":"Comunica\u00e7\u00e3o PSOL","image":{"@type":"ImageObject","inLanguage":"pt-BR","@id":"https:\/\/psol50.org.br\/#\/schema\/person\/image\/","url":"https:\/\/secure.gravatar.com\/avatar\/b34fc4f4e468a4e51785917065a3db57b841f5c95dba6ad8c73aaf8f66f8f9bf?s=96&d=mm&r=g","contentUrl":"https:\/\/secure.gravatar.com\/avatar\/b34fc4f4e468a4e51785917065a3db57b841f5c95dba6ad8c73aaf8f66f8f9bf?s=96&d=mm&r=g","caption":"Comunica\u00e7\u00e3o PSOL"}}]}},"_links":{"self":[{"href":"https:\/\/psol50.org.br\/rest\/wp\/v2\/posts\/11550","targetHints":{"allow":["GET"]}}],"collection":[{"href":"https:\/\/psol50.org.br\/rest\/wp\/v2\/posts"}],"about":[{"href":"https:\/\/psol50.org.br\/rest\/wp\/v2\/types\/post"}],"author":[{"embeddable":true,"href":"https:\/\/psol50.org.br\/rest\/wp\/v2\/users\/2"}],"replies":[{"embeddable":true,"href":"https:\/\/psol50.org.br\/rest\/wp\/v2\/comments?post=11550"}],"version-history":[{"count":0,"href":"https:\/\/psol50.org.br\/rest\/wp\/v2\/posts\/11550\/revisions"}],"wp:featuredmedia":[{"embeddable":true,"href":"https:\/\/psol50.org.br\/rest\/"}],"wp:attachment":[{"href":"https:\/\/psol50.org.br\/rest\/wp\/v2\/media?parent=11550"}],"wp:term":[{"taxonomy":"category","embeddable":true,"href":"https:\/\/psol50.org.br\/rest\/wp\/v2\/categories?post=11550"},{"taxonomy":"post_tag","embeddable":true,"href":"https:\/\/psol50.org.br\/rest\/wp\/v2\/tags?post=11550"}],"curies":[{"name":"wp","href":"https:\/\/api.w.org\/{rel}","templated":true}]}}