{"id":11557,"date":"2016-03-07T20:42:17","date_gmt":"2016-03-07T20:42:17","guid":{"rendered":"http:\/\/www.psol50.org.br\/?p=11557"},"modified":"2016-03-07T20:42:17","modified_gmt":"2016-03-07T20:42:17","slug":"conselho-de-etica-notifica-eduardo-cunha-sobre-processo-por-quebra-de-decoro-parlamentar","status":"publish","type":"post","link":"https:\/\/psol50.org.br\/conselho-de-etica-notifica-eduardo-cunha-sobre-processo-por-quebra-de-decoro-parlamentar\/","title":{"rendered":"Conselho de \u00c9tica notifica Eduardo Cunha sobre processo por quebra de decoro parlamentar"},"content":{"rendered":"<p><em>Deputado tem prazo de dez dias para apresentar defesa<\/em><\/p>\n<p>O Conselho de \u00c9tica da C\u00e2mara dos Deputados notificou, na tarde desta segunda-feira (07), o presidente da Casa, deputado Eduardo Cunha (PMDB-RJ), sobre o prazo de dez dias \u00fateis para que ele possa apresentar defesa no processo que tramita contra ele por quebra de decoro parlamentar. A notifica\u00e7\u00e3o foi feita ap\u00f3s o Conselho tentar, sem sucesso na \u00faltima quinta-feira (03), entregar o documento ao deputado. Na ocasi\u00e3o, segundo informa\u00e7\u00f5es da Ag\u00eancia Brasil, um funcion\u00e1rio do colegiado n\u00e3o foi recebido sob a alega\u00e7\u00e3o de que Cunha estaria em reuni\u00e3o naquele momento.<\/p>\n<p>O prazo de dez dias para o presidente da C\u00e2mara entregar a sua defesa no Conselho de \u00c9tica come\u00e7a a contar a partir desta ter\u00e7a-feira (08). Ap\u00f3s ouvir Eduardo Cunha, o relator do processo, deputado Marcos Rog\u00e9rio (PDT-RR), come\u00e7a a fase de coleta de provas e depoimentos de testemunhas.<\/p>\n<p>Na madrugada da \u00faltima quarta-feira (02), ap\u00f3s quase cinco meses desde que o PSOL e a Rede protocolaram o processo de cassa\u00e7\u00e3o do mandato de Eduardo Cunha, o Conselho de \u00c9tica finalmente conseguiu aprovar a admissibilidade do processo. A decis\u00e3o foi tomada por 11 votos a 10. Durante aquele dia, no entanto, Cunha manteve a pr\u00e1tica \u2013 j\u00e1 constante \u2013 de realizar diversas manobras visando atrasar ou impedir a realiza\u00e7\u00e3o das reuni\u00f5es do Conselho, como a substitui\u00e7\u00e3o de membros, pedidos de vista, anula\u00e7\u00e3o de vota\u00e7\u00f5es, entre outras.<\/p>\n<p>A a\u00e7\u00e3o contra o presidente da C\u00e2mara \u00e9 motivada por ele ter mentido \u00e0 CPI da Petrobras sobre a exist\u00eancia de contas em seu nome no exterior, especialmente na Su\u00ed\u00e7a. Al\u00e9m disso, diversas dela\u00e7\u00f5es premiadas no \u00e2mbito da Lava-Jato colocaram o deputado como destinat\u00e1rio de propinas oriundas de corrup\u00e7\u00e3o e caixa dois.<\/p>\n<p>O l\u00edder do PSOL, deputado Ivan Valente (SP), espera que agora, com a notifica\u00e7\u00e3o do Conselho de \u00c9tica, o processo contra Cunha finalmente ande e que o mesmo seja afastado da presid\u00eancia da Casa. \u201cFinalmente Eduardo Cunha foi notificado pelo Conselho de \u00c9tica e o seu processo ter\u00e1 prosseguimento. Ou seja, ouvidos agora o pr\u00f3prio Eduardo Cunha, as testemunhas de acusa\u00e7\u00e3o e de defesa e depois feito o relat\u00f3rio final, ele ser\u00e1 submetido ao Conselho de \u00c9tica. E eu espero que isso se fa\u00e7a no menor prazo poss\u00edvel. Est\u00e3o falando em 20 de maio, mas eu espero que antes disso o Supremo Tribunal Federal afaste Eduardo Cunha da presid\u00eancia, porque ele \u00e9 campe\u00e3o de manipula\u00e7\u00f5es, de protela\u00e7\u00f5es, de intimida\u00e7\u00f5es para impedir o aprofundamento das investiga\u00e7\u00f5es\u201d.<\/p>\n<p>Leia mais<br \/>\n<strong><em><a href=\"http:\/\/www.psol50.org.br\/2016\/03\/por-unanimidade-stf-decide-que-eduardo-cunha-e-reu-na-lava-jato\/\">Por unanimidade, STF decide que Eduardo Cunha \u00e9 r\u00e9u na Lava Jato<\/a><br \/>\n<\/em><em><a href=\"http:\/\/www.psol50.org.br\/2016\/03\/processo-de-cassacao-movido-por-psol-contra-cunha-sera-analisado-no-conselho-de-etica\/\">Conselho de \u00c9tica aprova continuidade de investiga\u00e7\u00e3o contra Eduardo Cunha<\/a><br \/>\n<\/em><em><a href=\"http:\/\/www.psol50.org.br\/2015\/10\/linha-de-frente-do-foracunha-psol-pede-abertura-de-investigacao-contra-presidente-da-camara\/\">PSOL pede abertura de investiga\u00e7\u00e3o contra presidente da C\u00e2mara<\/a><\/em><\/strong><\/p>\n<p>Assista, abaixo, o v\u00eddeo do deputado Ivan Valente em que comenta o andamento do processo contra Eduardo Cunha.<\/p>\n<div id=\"fb-root\"><\/div>\n<p><script>\/\/ <![CDATA[\n(function(d, s, id) { \u00a0var js, fjs = d.getElementsByTagName(s)[0]; \u00a0if (d.getElementById(id)) return; \u00a0js = d.createElement(s); js.id = id; \u00a0js.src = \"\/\/connect.facebook.net\/pt_BR\/sdk.js#xfbml=1&#038;version=v2.3\"; \u00a0fjs.parentNode.insertBefore(js, fjs);}(document, 'script', 'facebook-jssdk'));\n\/\/ ]]><\/script><\/p>\n<div class=\"fb-post\" data-href=\"https:\/\/www.facebook.com\/psolnacamara\/videos\/789152841188949\/\" data-width=\"500\">\n<div class=\"fb-xfbml-parse-ignore\">\n<blockquote cite=\"https:\/\/www.facebook.com\/psolnacamara\/videos\/789152841188949\/\"><p>&#8220;ELE \u00c9 CAMPE\u00c3O DE MANIPULA\u00c7\u00d5ES E INTIMIDA\u00c7\u00d5ES PARA IMPEDIR AS INVESTIGA\u00c7\u00d5ES&#8221;Nesta segunda-feira (07\/03), o deputado&#8230;<\/p>\n<p>Publicado por <a href=\"https:\/\/www.facebook.com\/psolnacamara\/\">PSOL na C\u00e2mara<\/a> em\u00a0<a href=\"https:\/\/www.facebook.com\/psolnacamara\/videos\/789152841188949\/\">Segunda, 7 de mar\u00e7o de 2016<\/a><\/p><\/blockquote>\n<\/div>\n<\/div>\n<p>Da reda\u00e7\u00e3o do PSOL Nacional<\/p>\n","protected":false},"excerpt":{"rendered":"<p>Deputado tem prazo de dez dias para apresentar defesa O Conselho de \u00c9tica da C\u00e2mara dos Deputados notificou, na tarde desta segunda-feira (07), o presidente da Casa, deputado Eduardo Cunha (PMDB-RJ), sobre o prazo de dez dias \u00fateis para que ele possa apresentar defesa no processo que tramita contra ele por quebra de decoro parlamentar. [&hellip;]<\/p>\n","protected":false},"author":2,"featured_media":11565,"comment_status":"open","ping_status":"open","sticky":false,"template":"","format":"standard","meta":{"_acf_changed":false,"footnotes":""},"categories":[10,1882,6],"tags":[2344,2345,2890,22,924],"class_list":{"0":"post-11557","1":"post","2":"type-post","3":"status-publish","4":"format-standard","5":"has-post-thumbnail","7":"category-acao-parlamentares","8":"category-brasil","9":"category-noticias","10":"tag-conselho-de-etica-da-camara","11":"tag-decoro-parlamentar","12":"tag-eduardo-cunha","13":"tag-psol","14":"tag-rede"},"acf":[],"yoast_head":"<!-- This site is optimized with the Yoast SEO plugin v26.5 - https:\/\/yoast.com\/wordpress\/plugins\/seo\/ -->\n<title>Conselho de \u00c9tica notifica Eduardo Cunha sobre processo por quebra de decoro parlamentar - PSOL 50<\/title>\n<meta name=\"robots\" content=\"index, follow, max-snippet:-1, max-image-preview:large, max-video-preview:-1\" \/>\n<link rel=\"canonical\" href=\"https:\/\/psol50.org.br\/conselho-de-etica-notifica-eduardo-cunha-sobre-processo-por-quebra-de-decoro-parlamentar\/\" \/>\n<meta property=\"og:locale\" content=\"pt_BR\" \/>\n<meta property=\"og:type\" content=\"article\" \/>\n<meta property=\"og:title\" content=\"Conselho de \u00c9tica notifica Eduardo Cunha sobre processo por quebra de decoro parlamentar - PSOL 50\" \/>\n<meta property=\"og:description\" content=\"Deputado tem prazo de dez dias para apresentar defesa O Conselho de \u00c9tica da C\u00e2mara dos Deputados notificou, na tarde desta segunda-feira (07), o presidente da Casa, deputado Eduardo Cunha (PMDB-RJ), sobre o prazo de dez dias \u00fateis para que ele possa apresentar defesa no processo que tramita contra ele por quebra de decoro parlamentar. [&hellip;]\" \/>\n<meta property=\"og:url\" content=\"https:\/\/psol50.org.br\/conselho-de-etica-notifica-eduardo-cunha-sobre-processo-por-quebra-de-decoro-parlamentar\/\" \/>\n<meta property=\"og:site_name\" content=\"PSOL 50\" \/>\n<meta property=\"article:publisher\" content=\"https:\/\/www.facebook.com\/psol50\" \/>\n<meta property=\"article:published_time\" content=\"2016-03-07T20:42:17+00:00\" \/>\n<meta property=\"og:image\" content=\"https:\/\/psol50.org.br\/inc\/uploads\/2016\/03\/Nilson-Bastian-CD-1-e1458103859951.jpg\" \/>\n\t<meta property=\"og:image:width\" content=\"1000\" \/>\n\t<meta property=\"og:image:height\" content=\"667\" \/>\n\t<meta property=\"og:image:type\" content=\"image\/jpeg\" \/>\n<meta name=\"author\" content=\"Comunica\u00e7\u00e3o PSOL\" \/>\n<meta name=\"twitter:card\" content=\"summary_large_image\" \/>\n<meta name=\"twitter:creator\" content=\"@psol50\" \/>\n<meta name=\"twitter:site\" content=\"@psol50\" \/>\n<meta name=\"twitter:label1\" content=\"Escrito por\" \/>\n\t<meta name=\"twitter:data1\" content=\"Comunica\u00e7\u00e3o PSOL\" \/>\n\t<meta name=\"twitter:label2\" content=\"Est. tempo de leitura\" \/>\n\t<meta name=\"twitter:data2\" content=\"3 minutos\" \/>\n<script type=\"application\/ld+json\" class=\"yoast-schema-graph\">{\"@context\":\"https:\/\/schema.org\",\"@graph\":[{\"@type\":\"Article\",\"@id\":\"https:\/\/psol50.org.br\/conselho-de-etica-notifica-eduardo-cunha-sobre-processo-por-quebra-de-decoro-parlamentar\/#article\",\"isPartOf\":{\"@id\":\"https:\/\/psol50.org.br\/conselho-de-etica-notifica-eduardo-cunha-sobre-processo-por-quebra-de-decoro-parlamentar\/\"},\"author\":{\"name\":\"Comunica\u00e7\u00e3o PSOL\",\"@id\":\"https:\/\/psol50.org.br\/#\/schema\/person\/475dfa57d0b815993c714c2e96491fcd\"},\"headline\":\"Conselho de \u00c9tica notifica Eduardo Cunha sobre processo por quebra de decoro parlamentar\",\"datePublished\":\"2016-03-07T20:42:17+00:00\",\"mainEntityOfPage\":{\"@id\":\"https:\/\/psol50.org.br\/conselho-de-etica-notifica-eduardo-cunha-sobre-processo-por-quebra-de-decoro-parlamentar\/\"},\"wordCount\":552,\"commentCount\":0,\"publisher\":{\"@id\":\"https:\/\/psol50.org.br\/#organization\"},\"image\":{\"@id\":\"https:\/\/psol50.org.br\/conselho-de-etica-notifica-eduardo-cunha-sobre-processo-por-quebra-de-decoro-parlamentar\/#primaryimage\"},\"thumbnailUrl\":\"https:\/\/psol50.org.br\/inc\/uploads\/2016\/03\/Nilson-Bastian-CD-1-e1458103859951.jpg\",\"keywords\":[\"Conselho de \u00c9tica da C\u00e2mara\",\"decoro parlamentar\",\"Eduardo Cunha\",\"PSOL\",\"Rede\"],\"articleSection\":[\"A\u00e7\u00e3o Parlamentar\",\"Brasil\",\"Not\u00edcias\"],\"inLanguage\":\"pt-BR\",\"potentialAction\":[{\"@type\":\"CommentAction\",\"name\":\"Comment\",\"target\":[\"https:\/\/psol50.org.br\/conselho-de-etica-notifica-eduardo-cunha-sobre-processo-por-quebra-de-decoro-parlamentar\/#respond\"]}]},{\"@type\":\"WebPage\",\"@id\":\"https:\/\/psol50.org.br\/conselho-de-etica-notifica-eduardo-cunha-sobre-processo-por-quebra-de-decoro-parlamentar\/\",\"url\":\"https:\/\/psol50.org.br\/conselho-de-etica-notifica-eduardo-cunha-sobre-processo-por-quebra-de-decoro-parlamentar\/\",\"name\":\"Conselho de \u00c9tica notifica Eduardo Cunha sobre processo por quebra de decoro parlamentar - PSOL 50\",\"isPartOf\":{\"@id\":\"https:\/\/psol50.org.br\/#website\"},\"primaryImageOfPage\":{\"@id\":\"https:\/\/psol50.org.br\/conselho-de-etica-notifica-eduardo-cunha-sobre-processo-por-quebra-de-decoro-parlamentar\/#primaryimage\"},\"image\":{\"@id\":\"https:\/\/psol50.org.br\/conselho-de-etica-notifica-eduardo-cunha-sobre-processo-por-quebra-de-decoro-parlamentar\/#primaryimage\"},\"thumbnailUrl\":\"https:\/\/psol50.org.br\/inc\/uploads\/2016\/03\/Nilson-Bastian-CD-1-e1458103859951.jpg\",\"datePublished\":\"2016-03-07T20:42:17+00:00\",\"breadcrumb\":{\"@id\":\"https:\/\/psol50.org.br\/conselho-de-etica-notifica-eduardo-cunha-sobre-processo-por-quebra-de-decoro-parlamentar\/#breadcrumb\"},\"inLanguage\":\"pt-BR\",\"potentialAction\":[{\"@type\":\"ReadAction\",\"target\":[\"https:\/\/psol50.org.br\/conselho-de-etica-notifica-eduardo-cunha-sobre-processo-por-quebra-de-decoro-parlamentar\/\"]}]},{\"@type\":\"ImageObject\",\"inLanguage\":\"pt-BR\",\"@id\":\"https:\/\/psol50.org.br\/conselho-de-etica-notifica-eduardo-cunha-sobre-processo-por-quebra-de-decoro-parlamentar\/#primaryimage\",\"url\":\"https:\/\/psol50.org.br\/inc\/uploads\/2016\/03\/Nilson-Bastian-CD-1-e1458103859951.jpg\",\"contentUrl\":\"https:\/\/psol50.org.br\/inc\/uploads\/2016\/03\/Nilson-Bastian-CD-1-e1458103859951.jpg\",\"width\":1000,\"height\":667},{\"@type\":\"BreadcrumbList\",\"@id\":\"https:\/\/psol50.org.br\/conselho-de-etica-notifica-eduardo-cunha-sobre-processo-por-quebra-de-decoro-parlamentar\/#breadcrumb\",\"itemListElement\":[{\"@type\":\"ListItem\",\"position\":1,\"name\":\"In\u00edcio\",\"item\":\"https:\/\/psol50.org.br\/\"},{\"@type\":\"ListItem\",\"position\":2,\"name\":\"Conselho de \u00c9tica notifica Eduardo Cunha sobre processo por quebra de decoro parlamentar\"}]},{\"@type\":\"WebSite\",\"@id\":\"https:\/\/psol50.org.br\/#website\",\"url\":\"https:\/\/psol50.org.br\/\",\"name\":\"PSOL 50\",\"description\":\"Site oficial do Partido Socialismo e Liberdade\",\"publisher\":{\"@id\":\"https:\/\/psol50.org.br\/#organization\"},\"alternateName\":\"PSOL50\",\"potentialAction\":[{\"@type\":\"SearchAction\",\"target\":{\"@type\":\"EntryPoint\",\"urlTemplate\":\"https:\/\/psol50.org.br\/?s={search_term_string}\"},\"query-input\":{\"@type\":\"PropertyValueSpecification\",\"valueRequired\":true,\"valueName\":\"search_term_string\"}}],\"inLanguage\":\"pt-BR\"},{\"@type\":\"Organization\",\"@id\":\"https:\/\/psol50.org.br\/#organization\",\"name\":\"PSOL 50\",\"alternateName\":\"PSOL 50\",\"url\":\"https:\/\/psol50.org.br\/\",\"logo\":{\"@type\":\"ImageObject\",\"inLanguage\":\"pt-BR\",\"@id\":\"https:\/\/psol50.org.br\/#\/schema\/logo\/image\/\",\"url\":\"https:\/\/psol50.org.br\/inc\/uploads\/2018\/07\/capa.png\",\"contentUrl\":\"https:\/\/psol50.org.br\/inc\/uploads\/2018\/07\/capa.png\",\"width\":1350,\"height\":900,\"caption\":\"PSOL 50\"},\"image\":{\"@id\":\"https:\/\/psol50.org.br\/#\/schema\/logo\/image\/\"},\"sameAs\":[\"https:\/\/www.facebook.com\/psol50\",\"https:\/\/x.com\/psol50\",\"https:\/\/www.instagram.com\/psol50\/\",\"https:\/\/www.youtube.com\/channel\/UC7SnJS5o1os7a6CaiNabzcg\"]},{\"@type\":\"Person\",\"@id\":\"https:\/\/psol50.org.br\/#\/schema\/person\/475dfa57d0b815993c714c2e96491fcd\",\"name\":\"Comunica\u00e7\u00e3o PSOL\",\"image\":{\"@type\":\"ImageObject\",\"inLanguage\":\"pt-BR\",\"@id\":\"https:\/\/psol50.org.br\/#\/schema\/person\/image\/\",\"url\":\"https:\/\/secure.gravatar.com\/avatar\/b34fc4f4e468a4e51785917065a3db57b841f5c95dba6ad8c73aaf8f66f8f9bf?s=96&d=mm&r=g\",\"contentUrl\":\"https:\/\/secure.gravatar.com\/avatar\/b34fc4f4e468a4e51785917065a3db57b841f5c95dba6ad8c73aaf8f66f8f9bf?s=96&d=mm&r=g\",\"caption\":\"Comunica\u00e7\u00e3o PSOL\"}}]}<\/script>\n<!-- \/ Yoast SEO plugin. -->","yoast_head_json":{"title":"Conselho de \u00c9tica notifica Eduardo Cunha sobre processo por quebra de decoro parlamentar - PSOL 50","robots":{"index":"index","follow":"follow","max-snippet":"max-snippet:-1","max-image-preview":"max-image-preview:large","max-video-preview":"max-video-preview:-1"},"canonical":"https:\/\/psol50.org.br\/conselho-de-etica-notifica-eduardo-cunha-sobre-processo-por-quebra-de-decoro-parlamentar\/","og_locale":"pt_BR","og_type":"article","og_title":"Conselho de \u00c9tica notifica Eduardo Cunha sobre processo por quebra de decoro parlamentar - PSOL 50","og_description":"Deputado tem prazo de dez dias para apresentar defesa O Conselho de \u00c9tica da C\u00e2mara dos Deputados notificou, na tarde desta segunda-feira (07), o presidente da Casa, deputado Eduardo Cunha (PMDB-RJ), sobre o prazo de dez dias \u00fateis para que ele possa apresentar defesa no processo que tramita contra ele por quebra de decoro parlamentar. [&hellip;]","og_url":"https:\/\/psol50.org.br\/conselho-de-etica-notifica-eduardo-cunha-sobre-processo-por-quebra-de-decoro-parlamentar\/","og_site_name":"PSOL 50","article_publisher":"https:\/\/www.facebook.com\/psol50","article_published_time":"2016-03-07T20:42:17+00:00","og_image":[{"width":1000,"height":667,"url":"https:\/\/psol50.org.br\/inc\/uploads\/2016\/03\/Nilson-Bastian-CD-1-e1458103859951.jpg","type":"image\/jpeg"}],"author":"Comunica\u00e7\u00e3o PSOL","twitter_card":"summary_large_image","twitter_creator":"@psol50","twitter_site":"@psol50","twitter_misc":{"Escrito por":"Comunica\u00e7\u00e3o PSOL","Est. tempo de leitura":"3 minutos"},"schema":{"@context":"https:\/\/schema.org","@graph":[{"@type":"Article","@id":"https:\/\/psol50.org.br\/conselho-de-etica-notifica-eduardo-cunha-sobre-processo-por-quebra-de-decoro-parlamentar\/#article","isPartOf":{"@id":"https:\/\/psol50.org.br\/conselho-de-etica-notifica-eduardo-cunha-sobre-processo-por-quebra-de-decoro-parlamentar\/"},"author":{"name":"Comunica\u00e7\u00e3o PSOL","@id":"https:\/\/psol50.org.br\/#\/schema\/person\/475dfa57d0b815993c714c2e96491fcd"},"headline":"Conselho de \u00c9tica notifica Eduardo Cunha sobre processo por quebra de decoro parlamentar","datePublished":"2016-03-07T20:42:17+00:00","mainEntityOfPage":{"@id":"https:\/\/psol50.org.br\/conselho-de-etica-notifica-eduardo-cunha-sobre-processo-por-quebra-de-decoro-parlamentar\/"},"wordCount":552,"commentCount":0,"publisher":{"@id":"https:\/\/psol50.org.br\/#organization"},"image":{"@id":"https:\/\/psol50.org.br\/conselho-de-etica-notifica-eduardo-cunha-sobre-processo-por-quebra-de-decoro-parlamentar\/#primaryimage"},"thumbnailUrl":"https:\/\/psol50.org.br\/inc\/uploads\/2016\/03\/Nilson-Bastian-CD-1-e1458103859951.jpg","keywords":["Conselho de \u00c9tica da C\u00e2mara","decoro parlamentar","Eduardo Cunha","PSOL","Rede"],"articleSection":["A\u00e7\u00e3o Parlamentar","Brasil","Not\u00edcias"],"inLanguage":"pt-BR","potentialAction":[{"@type":"CommentAction","name":"Comment","target":["https:\/\/psol50.org.br\/conselho-de-etica-notifica-eduardo-cunha-sobre-processo-por-quebra-de-decoro-parlamentar\/#respond"]}]},{"@type":"WebPage","@id":"https:\/\/psol50.org.br\/conselho-de-etica-notifica-eduardo-cunha-sobre-processo-por-quebra-de-decoro-parlamentar\/","url":"https:\/\/psol50.org.br\/conselho-de-etica-notifica-eduardo-cunha-sobre-processo-por-quebra-de-decoro-parlamentar\/","name":"Conselho de \u00c9tica notifica Eduardo Cunha sobre processo por quebra de decoro parlamentar - PSOL 50","isPartOf":{"@id":"https:\/\/psol50.org.br\/#website"},"primaryImageOfPage":{"@id":"https:\/\/psol50.org.br\/conselho-de-etica-notifica-eduardo-cunha-sobre-processo-por-quebra-de-decoro-parlamentar\/#primaryimage"},"image":{"@id":"https:\/\/psol50.org.br\/conselho-de-etica-notifica-eduardo-cunha-sobre-processo-por-quebra-de-decoro-parlamentar\/#primaryimage"},"thumbnailUrl":"https:\/\/psol50.org.br\/inc\/uploads\/2016\/03\/Nilson-Bastian-CD-1-e1458103859951.jpg","datePublished":"2016-03-07T20:42:17+00:00","breadcrumb":{"@id":"https:\/\/psol50.org.br\/conselho-de-etica-notifica-eduardo-cunha-sobre-processo-por-quebra-de-decoro-parlamentar\/#breadcrumb"},"inLanguage":"pt-BR","potentialAction":[{"@type":"ReadAction","target":["https:\/\/psol50.org.br\/conselho-de-etica-notifica-eduardo-cunha-sobre-processo-por-quebra-de-decoro-parlamentar\/"]}]},{"@type":"ImageObject","inLanguage":"pt-BR","@id":"https:\/\/psol50.org.br\/conselho-de-etica-notifica-eduardo-cunha-sobre-processo-por-quebra-de-decoro-parlamentar\/#primaryimage","url":"https:\/\/psol50.org.br\/inc\/uploads\/2016\/03\/Nilson-Bastian-CD-1-e1458103859951.jpg","contentUrl":"https:\/\/psol50.org.br\/inc\/uploads\/2016\/03\/Nilson-Bastian-CD-1-e1458103859951.jpg","width":1000,"height":667},{"@type":"BreadcrumbList","@id":"https:\/\/psol50.org.br\/conselho-de-etica-notifica-eduardo-cunha-sobre-processo-por-quebra-de-decoro-parlamentar\/#breadcrumb","itemListElement":[{"@type":"ListItem","position":1,"name":"In\u00edcio","item":"https:\/\/psol50.org.br\/"},{"@type":"ListItem","position":2,"name":"Conselho de \u00c9tica notifica Eduardo Cunha sobre processo por quebra de decoro parlamentar"}]},{"@type":"WebSite","@id":"https:\/\/psol50.org.br\/#website","url":"https:\/\/psol50.org.br\/","name":"PSOL 50","description":"Site oficial do Partido Socialismo e Liberdade","publisher":{"@id":"https:\/\/psol50.org.br\/#organization"},"alternateName":"PSOL50","potentialAction":[{"@type":"SearchAction","target":{"@type":"EntryPoint","urlTemplate":"https:\/\/psol50.org.br\/?s={search_term_string}"},"query-input":{"@type":"PropertyValueSpecification","valueRequired":true,"valueName":"search_term_string"}}],"inLanguage":"pt-BR"},{"@type":"Organization","@id":"https:\/\/psol50.org.br\/#organization","name":"PSOL 50","alternateName":"PSOL 50","url":"https:\/\/psol50.org.br\/","logo":{"@type":"ImageObject","inLanguage":"pt-BR","@id":"https:\/\/psol50.org.br\/#\/schema\/logo\/image\/","url":"https:\/\/psol50.org.br\/inc\/uploads\/2018\/07\/capa.png","contentUrl":"https:\/\/psol50.org.br\/inc\/uploads\/2018\/07\/capa.png","width":1350,"height":900,"caption":"PSOL 50"},"image":{"@id":"https:\/\/psol50.org.br\/#\/schema\/logo\/image\/"},"sameAs":["https:\/\/www.facebook.com\/psol50","https:\/\/x.com\/psol50","https:\/\/www.instagram.com\/psol50\/","https:\/\/www.youtube.com\/channel\/UC7SnJS5o1os7a6CaiNabzcg"]},{"@type":"Person","@id":"https:\/\/psol50.org.br\/#\/schema\/person\/475dfa57d0b815993c714c2e96491fcd","name":"Comunica\u00e7\u00e3o PSOL","image":{"@type":"ImageObject","inLanguage":"pt-BR","@id":"https:\/\/psol50.org.br\/#\/schema\/person\/image\/","url":"https:\/\/secure.gravatar.com\/avatar\/b34fc4f4e468a4e51785917065a3db57b841f5c95dba6ad8c73aaf8f66f8f9bf?s=96&d=mm&r=g","contentUrl":"https:\/\/secure.gravatar.com\/avatar\/b34fc4f4e468a4e51785917065a3db57b841f5c95dba6ad8c73aaf8f66f8f9bf?s=96&d=mm&r=g","caption":"Comunica\u00e7\u00e3o PSOL"}}]}},"_links":{"self":[{"href":"https:\/\/psol50.org.br\/rest\/wp\/v2\/posts\/11557","targetHints":{"allow":["GET"]}}],"collection":[{"href":"https:\/\/psol50.org.br\/rest\/wp\/v2\/posts"}],"about":[{"href":"https:\/\/psol50.org.br\/rest\/wp\/v2\/types\/post"}],"author":[{"embeddable":true,"href":"https:\/\/psol50.org.br\/rest\/wp\/v2\/users\/2"}],"replies":[{"embeddable":true,"href":"https:\/\/psol50.org.br\/rest\/wp\/v2\/comments?post=11557"}],"version-history":[{"count":0,"href":"https:\/\/psol50.org.br\/rest\/wp\/v2\/posts\/11557\/revisions"}],"wp:featuredmedia":[{"embeddable":true,"href":"https:\/\/psol50.org.br\/rest\/wp\/v2\/media\/11565"}],"wp:attachment":[{"href":"https:\/\/psol50.org.br\/rest\/wp\/v2\/media?parent=11557"}],"wp:term":[{"taxonomy":"category","embeddable":true,"href":"https:\/\/psol50.org.br\/rest\/wp\/v2\/categories?post=11557"},{"taxonomy":"post_tag","embeddable":true,"href":"https:\/\/psol50.org.br\/rest\/wp\/v2\/tags?post=11557"}],"curies":[{"name":"wp","href":"https:\/\/api.w.org\/{rel}","templated":true}]}}