{"id":11584,"date":"2016-03-09T19:51:56","date_gmt":"2016-03-09T19:51:56","guid":{"rendered":"http:\/\/www.psol50.org.br\/?p=11584"},"modified":"2016-03-09T19:51:56","modified_gmt":"2016-03-09T19:51:56","slug":"por-unanimidade-conselho-de-etica-da-camara-arquiva-representacao-contra-jean-wyllys","status":"publish","type":"post","link":"https:\/\/psol50.org.br\/por-unanimidade-conselho-de-etica-da-camara-arquiva-representacao-contra-jean-wyllys\/","title":{"rendered":"Conselho de \u00c9tica da C\u00e2mara arquiva representa\u00e7\u00e3o contra Jean Wyllys"},"content":{"rendered":"<p>Na tarde desta ter\u00e7a-feira (08\/03), o Conselho de \u00c9tica da C\u00e2mara aprovou, por unanimidade, o parecer pedindo o arquivamento da representa\u00e7\u00e3o contra o deputado <span data-offset-key=\"7glcn-1-0\"><span data-offset-key=\"7glcn-1-0\"><span data-text=\"true\"><a href=\"https:\/\/www.facebook.com\/jean.wyllys\/?fref=ts\">Jean Wyllys<\/a><\/span><\/span><\/span><span data-text=\"true\"><span data-offset-key=\"7glcn-2-0\"> (RJ) por suposta cal\u00fania e difama\u00e7\u00e3o. A a\u00e7\u00e3o se baseia em uma discuss\u00e3o entre Jean e o deputado Jo\u00e3o Rodrigues (PSD-SC) em outubro de 2015 no Plen\u00e1rio da C\u00e2mara.<\/span><\/span><\/p>\n<p>Durante a reuni\u00e3o do Conselho que votou a representa\u00e7\u00e3o, o deputado\u00a0<a href=\"https:\/\/www.facebook.com\/glauber.braga1\/\" data-hovercard=\"\/ajax\/hovercard\/page.php?id=158198544337175&amp;extragetparams=%7B%22directed_target_id%22%3A0%7D\">Glauber Braga<\/a>\u00a0(PSOL-RJ) defendeu que n\u00e3o havia proced\u00eancia para outra iniciativa que n\u00e3o fosse o arquivamento do processo. Glauber afirmou, ainda, que Jean merece respeito pelo seu trabalho e que, no entanto, \u00e9 alvo de agress\u00f5es por parte de outros deputados. \u201cO deputado Jean Wyllys sofre, cotidianamente, um conjunto de agress\u00f5es que devem ser tamb\u00e9m repelidas e que n\u00f3s n\u00e3o podemos aceitar como naturais. Eu j\u00e1 tive a oportunidade de ver o que deputado sofre em determinadas comiss\u00f5es quando ele est\u00e1 tendo a oportunidade de falar ao microfone. E existe parlamentar nesta Casa que fica atr\u00e1s do deputado Jean Wyllys, num processo, inclusive, de tortura, falando coisas que n\u00e3o deveriam ser faladas a ningu\u00e9m, a qualquer ser humano\u201d, denunciou Glauber, afirmando, ainda, que Jean \u00e9 um \u201cdeputado de luta\u201d, que merece todo respeito.<\/p>\n<p>Ap\u00f3s o resultado da vota\u00e7\u00e3o no Conselho de \u00c9tica, Jean comentou que a representa\u00e7\u00e3o contra ele \u00e9 parte de uma orquestra\u00e7\u00e3o de setores conservadores contra a atua\u00e7\u00e3o combativa da bancada do PSOL. \u201cComo voc\u00eas sabem, depois de PSOL ter protocolado o pedido de cassa\u00e7\u00e3o do mandato do deputado Eduardo Cunha, r\u00e9u da justi\u00e7a por decis\u00e3o un\u00e2nime do Supremo Tribunal Federal pelos crimes de corrup\u00e7\u00e3o e lavagem de dinheiro, seus aliados apresentaram, como forma de retalia\u00e7\u00e3o e amea\u00e7a contra n\u00f3s, pedidos de cassa\u00e7\u00e3o do mandato contra Glauber Braga, contra\u00a0<a href=\"https:\/\/www.facebook.com\/chicoalencar\/\">Chico Alencar<\/a>\u00a0e contra mim. Em todos os casos, tratavam-se de representa\u00e7\u00f5es absurdas, sem fundamentos, assinadas por parlamentares aliados a Cunha\u201d, explicou.<\/p>\n<p>Segundo o pr\u00f3prio Jean Wyllys, alguns deputados da \u201cultradireita\u201d optaram por se ausentar da reuni\u00e3o do Conselho. O deputado considerou o relat\u00f3rio do deputado Nelson Marchezan J\u00fanior \u201cmuito claro, honesto e bem fundamentado, que provou que eu n\u00e3o fiz nada errado\u201d.<\/p>\n<p>Confira a fala do deputado Glauber Braga.<\/p>\n<div id=\"fb-root\"><\/div>\n<p><script>(function(d, s, id) {  var js, fjs = d.getElementsByTagName(s)[0];  if (d.getElementById(id)) return;  js = d.createElement(s); js.id = id;  js.src = \"\/\/connect.facebook.net\/pt_BR\/sdk.js#xfbml=1&version=v2.3\";  fjs.parentNode.insertBefore(js, fjs);}(document, 'script', 'facebook-jssdk'));<\/script><\/p>\n<div class=\"fb-post\" data-href=\"https:\/\/www.facebook.com\/psolnacamara\/videos\/789561721148061\/\" data-width=\"500\">\n<div class=\"fb-xfbml-parse-ignore\">\n<blockquote cite=\"https:\/\/www.facebook.com\/psolnacamara\/videos\/789561721148061\/\">\n<p>&quot;JEAN WYLLYS SOFRE AGRESS&#xd5;ES QUE N&#xc3;O PODEMOS ACEITAR COMO NATURAIS&quot;Na tarde desta ter&#xe7;a-feira (08\/03), o Conselho de &#xc9;&#8230;<\/p>\n<p>Publicado por <a href=\"https:\/\/www.facebook.com\/psolnacamara\/\">PSOL na C\u00e2mara<\/a> em&nbsp;<a href=\"https:\/\/www.facebook.com\/psolnacamara\/videos\/789561721148061\/\">Ter\u00e7a, 8 de mar\u00e7o de 2016<\/a><\/p><\/blockquote>\n<\/div>\n<\/div>\n<p>Leia tamb\u00e9m o coment\u00e1rio do deputado Jean Wyllys, logo ap\u00f3s o resultado da reuni\u00e3o do Conselho de \u00c9tica.<\/p>\n<div id=\"fb-root\"><\/div>\n<p><script>(function(d, s, id) {  var js, fjs = d.getElementsByTagName(s)[0];  if (d.getElementById(id)) return;  js = d.createElement(s); js.id = id;  js.src = \"\/\/connect.facebook.net\/pt_BR\/sdk.js#xfbml=1&version=v2.3\";  fjs.parentNode.insertBefore(js, fjs);}(document, 'script', 'facebook-jssdk'));<\/script><\/p>\n<div class=\"fb-post\" data-href=\"https:\/\/www.facebook.com\/jean.wyllys\/posts\/1043822288999111:0\" data-width=\"500\">\n<div class=\"fb-xfbml-parse-ignore\">\n<blockquote cite=\"https:\/\/www.facebook.com\/jean.wyllys\/posts\/1043822288999111:0\">\n<p>Como voc&#xea;s sabem, depois de o PSOL 50 &#8211; Partido Socialismo e Liberdade ter protocolado o pedido de cassa&#xe7;&#xe3;o do mandato&#8230;<\/p>\n<p>Publicado por <a href=\"https:\/\/www.facebook.com\/jean.wyllys\/\">Jean Wyllys<\/a> em&nbsp;<a href=\"https:\/\/www.facebook.com\/jean.wyllys\/posts\/1043822288999111:0\">Ter\u00e7a, 8 de mar\u00e7o de 2016<\/a><\/p><\/blockquote>\n<\/div>\n<\/div>\n<p><i>Da reda\u00e7\u00e3o do PSOL Nacional<i><\/p>\n","protected":false},"excerpt":{"rendered":"<p>Na tarde desta ter\u00e7a-feira (08\/03), o Conselho de \u00c9tica da C\u00e2mara aprovou, por unanimidade, o parecer pedindo o arquivamento da representa\u00e7\u00e3o contra o deputado Jean Wyllys (RJ) por suposta cal\u00fania e difama\u00e7\u00e3o. A a\u00e7\u00e3o se baseia em uma discuss\u00e3o entre Jean e o deputado Jo\u00e3o Rodrigues (PSD-SC) em outubro de 2015 no Plen\u00e1rio da C\u00e2mara. [&hellip;]<\/p>\n","protected":false},"author":2,"featured_media":11585,"comment_status":"open","ping_status":"open","sticky":false,"template":"","format":"standard","meta":{"_acf_changed":false,"footnotes":""},"categories":[10,1882,6,14],"tags":[1680,4055,4056,1191,663,22,1606],"class_list":{"0":"post-11584","1":"post","2":"type-post","3":"status-publish","4":"format-standard","5":"has-post-thumbnail","7":"category-acao-parlamentares","8":"category-brasil","9":"category-noticias","10":"category-partido","11":"tag-chico-alencar","12":"tag-conselho-de-etica-da-camara-dos-deputados","13":"tag-deputado-joao-rodrigues","14":"tag-glauber-braga","15":"tag-jean-wyllys","16":"tag-psol","17":"tag-representacao"},"acf":[],"yoast_head":"<!-- This site is optimized with the Yoast SEO plugin v26.5 - https:\/\/yoast.com\/wordpress\/plugins\/seo\/ -->\n<title>Conselho de \u00c9tica da C\u00e2mara arquiva representa\u00e7\u00e3o contra Jean Wyllys - PSOL 50<\/title>\n<meta name=\"robots\" content=\"index, follow, max-snippet:-1, max-image-preview:large, max-video-preview:-1\" \/>\n<link rel=\"canonical\" href=\"https:\/\/psol50.org.br\/por-unanimidade-conselho-de-etica-da-camara-arquiva-representacao-contra-jean-wyllys\/\" \/>\n<meta property=\"og:locale\" content=\"pt_BR\" \/>\n<meta property=\"og:type\" content=\"article\" \/>\n<meta property=\"og:title\" content=\"Conselho de \u00c9tica da C\u00e2mara arquiva representa\u00e7\u00e3o contra Jean Wyllys - PSOL 50\" \/>\n<meta property=\"og:description\" content=\"Na tarde desta ter\u00e7a-feira (08\/03), o Conselho de \u00c9tica da C\u00e2mara aprovou, por unanimidade, o parecer pedindo o arquivamento da representa\u00e7\u00e3o contra o deputado Jean Wyllys (RJ) por suposta cal\u00fania e difama\u00e7\u00e3o. A a\u00e7\u00e3o se baseia em uma discuss\u00e3o entre Jean e o deputado Jo\u00e3o Rodrigues (PSD-SC) em outubro de 2015 no Plen\u00e1rio da C\u00e2mara. [&hellip;]\" \/>\n<meta property=\"og:url\" content=\"https:\/\/psol50.org.br\/por-unanimidade-conselho-de-etica-da-camara-arquiva-representacao-contra-jean-wyllys\/\" \/>\n<meta property=\"og:site_name\" content=\"PSOL 50\" \/>\n<meta property=\"article:publisher\" content=\"https:\/\/www.facebook.com\/psol50\" \/>\n<meta property=\"article:published_time\" content=\"2016-03-09T19:51:56+00:00\" \/>\n<meta property=\"og:image\" content=\"https:\/\/psol50.org.br\/inc\/uploads\/2018\/07\/capa.png\" \/>\n\t<meta property=\"og:image:width\" content=\"1350\" \/>\n\t<meta property=\"og:image:height\" content=\"900\" \/>\n\t<meta property=\"og:image:type\" content=\"image\/png\" \/>\n<meta name=\"author\" content=\"Comunica\u00e7\u00e3o PSOL\" \/>\n<meta name=\"twitter:card\" content=\"summary_large_image\" \/>\n<meta name=\"twitter:creator\" content=\"@psol50\" \/>\n<meta name=\"twitter:site\" content=\"@psol50\" \/>\n<meta name=\"twitter:label1\" content=\"Escrito por\" \/>\n\t<meta name=\"twitter:data1\" content=\"Comunica\u00e7\u00e3o PSOL\" \/>\n\t<meta name=\"twitter:label2\" content=\"Est. tempo de leitura\" \/>\n\t<meta name=\"twitter:data2\" content=\"3 minutos\" \/>\n<script type=\"application\/ld+json\" class=\"yoast-schema-graph\">{\"@context\":\"https:\/\/schema.org\",\"@graph\":[{\"@type\":\"Article\",\"@id\":\"https:\/\/psol50.org.br\/por-unanimidade-conselho-de-etica-da-camara-arquiva-representacao-contra-jean-wyllys\/#article\",\"isPartOf\":{\"@id\":\"https:\/\/psol50.org.br\/por-unanimidade-conselho-de-etica-da-camara-arquiva-representacao-contra-jean-wyllys\/\"},\"author\":{\"name\":\"Comunica\u00e7\u00e3o PSOL\",\"@id\":\"https:\/\/psol50.org.br\/#\/schema\/person\/475dfa57d0b815993c714c2e96491fcd\"},\"headline\":\"Conselho de \u00c9tica da C\u00e2mara arquiva representa\u00e7\u00e3o contra Jean Wyllys\",\"datePublished\":\"2016-03-09T19:51:56+00:00\",\"mainEntityOfPage\":{\"@id\":\"https:\/\/psol50.org.br\/por-unanimidade-conselho-de-etica-da-camara-arquiva-representacao-contra-jean-wyllys\/\"},\"wordCount\":515,\"commentCount\":0,\"publisher\":{\"@id\":\"https:\/\/psol50.org.br\/#organization\"},\"image\":{\"@id\":\"https:\/\/psol50.org.br\/por-unanimidade-conselho-de-etica-da-camara-arquiva-representacao-contra-jean-wyllys\/#primaryimage\"},\"thumbnailUrl\":\"\",\"keywords\":[\"Chico Alencar\",\"conselho de \u00e9tica da C\u00e2mara dos Deputados\",\"Deputado Jo\u00e3o Rodrigues\",\"Glauber Braga\",\"Jean Wyllys\",\"PSOL\",\"representa\u00e7\u00e3o\"],\"articleSection\":[\"A\u00e7\u00e3o Parlamentar\",\"Brasil\",\"Not\u00edcias\",\"Partido\"],\"inLanguage\":\"pt-BR\",\"potentialAction\":[{\"@type\":\"CommentAction\",\"name\":\"Comment\",\"target\":[\"https:\/\/psol50.org.br\/por-unanimidade-conselho-de-etica-da-camara-arquiva-representacao-contra-jean-wyllys\/#respond\"]}]},{\"@type\":\"WebPage\",\"@id\":\"https:\/\/psol50.org.br\/por-unanimidade-conselho-de-etica-da-camara-arquiva-representacao-contra-jean-wyllys\/\",\"url\":\"https:\/\/psol50.org.br\/por-unanimidade-conselho-de-etica-da-camara-arquiva-representacao-contra-jean-wyllys\/\",\"name\":\"Conselho de \u00c9tica da C\u00e2mara arquiva representa\u00e7\u00e3o contra Jean Wyllys - PSOL 50\",\"isPartOf\":{\"@id\":\"https:\/\/psol50.org.br\/#website\"},\"primaryImageOfPage\":{\"@id\":\"https:\/\/psol50.org.br\/por-unanimidade-conselho-de-etica-da-camara-arquiva-representacao-contra-jean-wyllys\/#primaryimage\"},\"image\":{\"@id\":\"https:\/\/psol50.org.br\/por-unanimidade-conselho-de-etica-da-camara-arquiva-representacao-contra-jean-wyllys\/#primaryimage\"},\"thumbnailUrl\":\"\",\"datePublished\":\"2016-03-09T19:51:56+00:00\",\"breadcrumb\":{\"@id\":\"https:\/\/psol50.org.br\/por-unanimidade-conselho-de-etica-da-camara-arquiva-representacao-contra-jean-wyllys\/#breadcrumb\"},\"inLanguage\":\"pt-BR\",\"potentialAction\":[{\"@type\":\"ReadAction\",\"target\":[\"https:\/\/psol50.org.br\/por-unanimidade-conselho-de-etica-da-camara-arquiva-representacao-contra-jean-wyllys\/\"]}]},{\"@type\":\"ImageObject\",\"inLanguage\":\"pt-BR\",\"@id\":\"https:\/\/psol50.org.br\/por-unanimidade-conselho-de-etica-da-camara-arquiva-representacao-contra-jean-wyllys\/#primaryimage\",\"url\":\"\",\"contentUrl\":\"\"},{\"@type\":\"BreadcrumbList\",\"@id\":\"https:\/\/psol50.org.br\/por-unanimidade-conselho-de-etica-da-camara-arquiva-representacao-contra-jean-wyllys\/#breadcrumb\",\"itemListElement\":[{\"@type\":\"ListItem\",\"position\":1,\"name\":\"In\u00edcio\",\"item\":\"https:\/\/psol50.org.br\/\"},{\"@type\":\"ListItem\",\"position\":2,\"name\":\"Conselho de \u00c9tica da C\u00e2mara arquiva representa\u00e7\u00e3o contra Jean Wyllys\"}]},{\"@type\":\"WebSite\",\"@id\":\"https:\/\/psol50.org.br\/#website\",\"url\":\"https:\/\/psol50.org.br\/\",\"name\":\"PSOL 50\",\"description\":\"Site oficial do Partido Socialismo e Liberdade\",\"publisher\":{\"@id\":\"https:\/\/psol50.org.br\/#organization\"},\"alternateName\":\"PSOL50\",\"potentialAction\":[{\"@type\":\"SearchAction\",\"target\":{\"@type\":\"EntryPoint\",\"urlTemplate\":\"https:\/\/psol50.org.br\/?s={search_term_string}\"},\"query-input\":{\"@type\":\"PropertyValueSpecification\",\"valueRequired\":true,\"valueName\":\"search_term_string\"}}],\"inLanguage\":\"pt-BR\"},{\"@type\":\"Organization\",\"@id\":\"https:\/\/psol50.org.br\/#organization\",\"name\":\"PSOL 50\",\"alternateName\":\"PSOL 50\",\"url\":\"https:\/\/psol50.org.br\/\",\"logo\":{\"@type\":\"ImageObject\",\"inLanguage\":\"pt-BR\",\"@id\":\"https:\/\/psol50.org.br\/#\/schema\/logo\/image\/\",\"url\":\"https:\/\/psol50.org.br\/inc\/uploads\/2018\/07\/capa.png\",\"contentUrl\":\"https:\/\/psol50.org.br\/inc\/uploads\/2018\/07\/capa.png\",\"width\":1350,\"height\":900,\"caption\":\"PSOL 50\"},\"image\":{\"@id\":\"https:\/\/psol50.org.br\/#\/schema\/logo\/image\/\"},\"sameAs\":[\"https:\/\/www.facebook.com\/psol50\",\"https:\/\/x.com\/psol50\",\"https:\/\/www.instagram.com\/psol50\/\",\"https:\/\/www.youtube.com\/channel\/UC7SnJS5o1os7a6CaiNabzcg\"]},{\"@type\":\"Person\",\"@id\":\"https:\/\/psol50.org.br\/#\/schema\/person\/475dfa57d0b815993c714c2e96491fcd\",\"name\":\"Comunica\u00e7\u00e3o PSOL\",\"image\":{\"@type\":\"ImageObject\",\"inLanguage\":\"pt-BR\",\"@id\":\"https:\/\/psol50.org.br\/#\/schema\/person\/image\/\",\"url\":\"https:\/\/secure.gravatar.com\/avatar\/b34fc4f4e468a4e51785917065a3db57b841f5c95dba6ad8c73aaf8f66f8f9bf?s=96&d=mm&r=g\",\"contentUrl\":\"https:\/\/secure.gravatar.com\/avatar\/b34fc4f4e468a4e51785917065a3db57b841f5c95dba6ad8c73aaf8f66f8f9bf?s=96&d=mm&r=g\",\"caption\":\"Comunica\u00e7\u00e3o PSOL\"}}]}<\/script>\n<!-- \/ Yoast SEO plugin. -->","yoast_head_json":{"title":"Conselho de \u00c9tica da C\u00e2mara arquiva representa\u00e7\u00e3o contra Jean Wyllys - PSOL 50","robots":{"index":"index","follow":"follow","max-snippet":"max-snippet:-1","max-image-preview":"max-image-preview:large","max-video-preview":"max-video-preview:-1"},"canonical":"https:\/\/psol50.org.br\/por-unanimidade-conselho-de-etica-da-camara-arquiva-representacao-contra-jean-wyllys\/","og_locale":"pt_BR","og_type":"article","og_title":"Conselho de \u00c9tica da C\u00e2mara arquiva representa\u00e7\u00e3o contra Jean Wyllys - PSOL 50","og_description":"Na tarde desta ter\u00e7a-feira (08\/03), o Conselho de \u00c9tica da C\u00e2mara aprovou, por unanimidade, o parecer pedindo o arquivamento da representa\u00e7\u00e3o contra o deputado Jean Wyllys (RJ) por suposta cal\u00fania e difama\u00e7\u00e3o. A a\u00e7\u00e3o se baseia em uma discuss\u00e3o entre Jean e o deputado Jo\u00e3o Rodrigues (PSD-SC) em outubro de 2015 no Plen\u00e1rio da C\u00e2mara. [&hellip;]","og_url":"https:\/\/psol50.org.br\/por-unanimidade-conselho-de-etica-da-camara-arquiva-representacao-contra-jean-wyllys\/","og_site_name":"PSOL 50","article_publisher":"https:\/\/www.facebook.com\/psol50","article_published_time":"2016-03-09T19:51:56+00:00","og_image":[{"width":1350,"height":900,"url":"https:\/\/psol50.org.br\/inc\/uploads\/2018\/07\/capa.png","type":"image\/png"}],"author":"Comunica\u00e7\u00e3o PSOL","twitter_card":"summary_large_image","twitter_creator":"@psol50","twitter_site":"@psol50","twitter_misc":{"Escrito por":"Comunica\u00e7\u00e3o PSOL","Est. tempo de leitura":"3 minutos"},"schema":{"@context":"https:\/\/schema.org","@graph":[{"@type":"Article","@id":"https:\/\/psol50.org.br\/por-unanimidade-conselho-de-etica-da-camara-arquiva-representacao-contra-jean-wyllys\/#article","isPartOf":{"@id":"https:\/\/psol50.org.br\/por-unanimidade-conselho-de-etica-da-camara-arquiva-representacao-contra-jean-wyllys\/"},"author":{"name":"Comunica\u00e7\u00e3o PSOL","@id":"https:\/\/psol50.org.br\/#\/schema\/person\/475dfa57d0b815993c714c2e96491fcd"},"headline":"Conselho de \u00c9tica da C\u00e2mara arquiva representa\u00e7\u00e3o contra Jean Wyllys","datePublished":"2016-03-09T19:51:56+00:00","mainEntityOfPage":{"@id":"https:\/\/psol50.org.br\/por-unanimidade-conselho-de-etica-da-camara-arquiva-representacao-contra-jean-wyllys\/"},"wordCount":515,"commentCount":0,"publisher":{"@id":"https:\/\/psol50.org.br\/#organization"},"image":{"@id":"https:\/\/psol50.org.br\/por-unanimidade-conselho-de-etica-da-camara-arquiva-representacao-contra-jean-wyllys\/#primaryimage"},"thumbnailUrl":"","keywords":["Chico Alencar","conselho de \u00e9tica da C\u00e2mara dos Deputados","Deputado Jo\u00e3o Rodrigues","Glauber Braga","Jean Wyllys","PSOL","representa\u00e7\u00e3o"],"articleSection":["A\u00e7\u00e3o Parlamentar","Brasil","Not\u00edcias","Partido"],"inLanguage":"pt-BR","potentialAction":[{"@type":"CommentAction","name":"Comment","target":["https:\/\/psol50.org.br\/por-unanimidade-conselho-de-etica-da-camara-arquiva-representacao-contra-jean-wyllys\/#respond"]}]},{"@type":"WebPage","@id":"https:\/\/psol50.org.br\/por-unanimidade-conselho-de-etica-da-camara-arquiva-representacao-contra-jean-wyllys\/","url":"https:\/\/psol50.org.br\/por-unanimidade-conselho-de-etica-da-camara-arquiva-representacao-contra-jean-wyllys\/","name":"Conselho de \u00c9tica da C\u00e2mara arquiva representa\u00e7\u00e3o contra Jean Wyllys - PSOL 50","isPartOf":{"@id":"https:\/\/psol50.org.br\/#website"},"primaryImageOfPage":{"@id":"https:\/\/psol50.org.br\/por-unanimidade-conselho-de-etica-da-camara-arquiva-representacao-contra-jean-wyllys\/#primaryimage"},"image":{"@id":"https:\/\/psol50.org.br\/por-unanimidade-conselho-de-etica-da-camara-arquiva-representacao-contra-jean-wyllys\/#primaryimage"},"thumbnailUrl":"","datePublished":"2016-03-09T19:51:56+00:00","breadcrumb":{"@id":"https:\/\/psol50.org.br\/por-unanimidade-conselho-de-etica-da-camara-arquiva-representacao-contra-jean-wyllys\/#breadcrumb"},"inLanguage":"pt-BR","potentialAction":[{"@type":"ReadAction","target":["https:\/\/psol50.org.br\/por-unanimidade-conselho-de-etica-da-camara-arquiva-representacao-contra-jean-wyllys\/"]}]},{"@type":"ImageObject","inLanguage":"pt-BR","@id":"https:\/\/psol50.org.br\/por-unanimidade-conselho-de-etica-da-camara-arquiva-representacao-contra-jean-wyllys\/#primaryimage","url":"","contentUrl":""},{"@type":"BreadcrumbList","@id":"https:\/\/psol50.org.br\/por-unanimidade-conselho-de-etica-da-camara-arquiva-representacao-contra-jean-wyllys\/#breadcrumb","itemListElement":[{"@type":"ListItem","position":1,"name":"In\u00edcio","item":"https:\/\/psol50.org.br\/"},{"@type":"ListItem","position":2,"name":"Conselho de \u00c9tica da C\u00e2mara arquiva representa\u00e7\u00e3o contra Jean Wyllys"}]},{"@type":"WebSite","@id":"https:\/\/psol50.org.br\/#website","url":"https:\/\/psol50.org.br\/","name":"PSOL 50","description":"Site oficial do Partido Socialismo e Liberdade","publisher":{"@id":"https:\/\/psol50.org.br\/#organization"},"alternateName":"PSOL50","potentialAction":[{"@type":"SearchAction","target":{"@type":"EntryPoint","urlTemplate":"https:\/\/psol50.org.br\/?s={search_term_string}"},"query-input":{"@type":"PropertyValueSpecification","valueRequired":true,"valueName":"search_term_string"}}],"inLanguage":"pt-BR"},{"@type":"Organization","@id":"https:\/\/psol50.org.br\/#organization","name":"PSOL 50","alternateName":"PSOL 50","url":"https:\/\/psol50.org.br\/","logo":{"@type":"ImageObject","inLanguage":"pt-BR","@id":"https:\/\/psol50.org.br\/#\/schema\/logo\/image\/","url":"https:\/\/psol50.org.br\/inc\/uploads\/2018\/07\/capa.png","contentUrl":"https:\/\/psol50.org.br\/inc\/uploads\/2018\/07\/capa.png","width":1350,"height":900,"caption":"PSOL 50"},"image":{"@id":"https:\/\/psol50.org.br\/#\/schema\/logo\/image\/"},"sameAs":["https:\/\/www.facebook.com\/psol50","https:\/\/x.com\/psol50","https:\/\/www.instagram.com\/psol50\/","https:\/\/www.youtube.com\/channel\/UC7SnJS5o1os7a6CaiNabzcg"]},{"@type":"Person","@id":"https:\/\/psol50.org.br\/#\/schema\/person\/475dfa57d0b815993c714c2e96491fcd","name":"Comunica\u00e7\u00e3o PSOL","image":{"@type":"ImageObject","inLanguage":"pt-BR","@id":"https:\/\/psol50.org.br\/#\/schema\/person\/image\/","url":"https:\/\/secure.gravatar.com\/avatar\/b34fc4f4e468a4e51785917065a3db57b841f5c95dba6ad8c73aaf8f66f8f9bf?s=96&d=mm&r=g","contentUrl":"https:\/\/secure.gravatar.com\/avatar\/b34fc4f4e468a4e51785917065a3db57b841f5c95dba6ad8c73aaf8f66f8f9bf?s=96&d=mm&r=g","caption":"Comunica\u00e7\u00e3o PSOL"}}]}},"_links":{"self":[{"href":"https:\/\/psol50.org.br\/rest\/wp\/v2\/posts\/11584","targetHints":{"allow":["GET"]}}],"collection":[{"href":"https:\/\/psol50.org.br\/rest\/wp\/v2\/posts"}],"about":[{"href":"https:\/\/psol50.org.br\/rest\/wp\/v2\/types\/post"}],"author":[{"embeddable":true,"href":"https:\/\/psol50.org.br\/rest\/wp\/v2\/users\/2"}],"replies":[{"embeddable":true,"href":"https:\/\/psol50.org.br\/rest\/wp\/v2\/comments?post=11584"}],"version-history":[{"count":0,"href":"https:\/\/psol50.org.br\/rest\/wp\/v2\/posts\/11584\/revisions"}],"wp:featuredmedia":[{"embeddable":true,"href":"https:\/\/psol50.org.br\/rest\/"}],"wp:attachment":[{"href":"https:\/\/psol50.org.br\/rest\/wp\/v2\/media?parent=11584"}],"wp:term":[{"taxonomy":"category","embeddable":true,"href":"https:\/\/psol50.org.br\/rest\/wp\/v2\/categories?post=11584"},{"taxonomy":"post_tag","embeddable":true,"href":"https:\/\/psol50.org.br\/rest\/wp\/v2\/tags?post=11584"}],"curies":[{"name":"wp","href":"https:\/\/api.w.org\/{rel}","templated":true}]}}