{"id":11589,"date":"2016-03-09T20:42:48","date_gmt":"2016-03-09T20:42:48","guid":{"rendered":"http:\/\/www.psol50.org.br\/?p=11589"},"modified":"2016-03-09T20:42:48","modified_gmt":"2016-03-09T20:42:48","slug":"chico-alencar-delcidio-homicidio-e-suicidio-politicos","status":"publish","type":"post","link":"https:\/\/psol50.org.br\/chico-alencar-delcidio-homicidio-e-suicidio-politicos\/","title":{"rendered":"CHICO ALENCAR: Delc\u00eddio, homic\u00eddio e suic\u00eddio (pol\u00edticos)"},"content":{"rendered":"<p><span style=\"font-size: 12px;\"><em>*Publicado originalmente no Blog do Noblat<\/p>\n<p><\/em><\/span>A rima n\u00e3o \u00e9 solu\u00e7\u00e3o para a elite pol\u00edtica brasileira. O que saiu na imprensa sobre a dela\u00e7\u00e3o do senador Delc\u00eddio do Amaral (PT\/MS), a ser homologada, foi a ponta do iceberg.\u00a0 Vazaram \u2013 e n\u00e3o se v\u00ea a PF, o MP ou a Justi\u00e7a preocupados com esse vazamento \u2013 umas 60 linhas de um depoimento que teria quase 400 p\u00e1ginas.<\/p>\n<p>S\u00e9 nesses trechos h\u00e1 22 nomes que Delc\u00eddio, o \u2018bem relacionado\u2019 ex-l\u00edder do governo, citou como part\u00edcipes de a\u00e7\u00f5es nefastas: agentes p\u00fablicos (do Executivo, do Legislativo e do Judici\u00e1rio), empres\u00e1rios, operadores financeiros, l\u00edderes partid\u00e1rios. Tudo o que vertebra nosso modelo pol\u00edtico decr\u00e9pito.<\/p>\n<p>Delc\u00eddio, no af\u00e3 de sair da pris\u00e3o, teria feito depoimento extenso, desde os tempos em que foi diretor de g\u00e1s e energia da Petrobras no governo FHC. Ali\u00e1s, j\u00e1 ali ele teria sido acusado \u2013 por Nestor Cerver\u00f3 \u2013 de ter recebido US$ 10 milh\u00f5es da Alstom.<\/p>\n<p>O temor de muitos da c\u00fapula de quase todos os partidos com representa\u00e7\u00e3o no Congresso Nacional \u00e9 que Delc\u00eddio tenha detalhado esquemas de corrup\u00e7\u00e3o desde os anos 90. Propina, acertos para obstru\u00e7\u00e3o de CPIs e tr\u00e1fico de influ\u00eancia atingiriam tanto o governo, inclu\u00eddo o amb\u00edguo PMDB, quanto parte da oposi\u00e7\u00e3o, em especial PSDB, DEM e Solidariedade. Poucos sobrariam.<\/p>\n<p>N\u00e3o havendo \u2018pula esta parte\u2019 orientada por advogado ou inquiridor, as revela\u00e7\u00f5es do senador atingiriam o n\u00facleo do sistema. E a ele pr\u00f3prio, r\u00e9u confesso. Delc\u00eddio teria o poder que se atribui tamb\u00e9m a Eduardo Cunha: levado ao \u2018corredor da morte\u2019 pol\u00edtica, carregaria um monte.<\/p>\n<p>Ambos investigados na Lava Jato, Delc\u00eddio e Cunha (que sempre cobrou do Minist\u00e9rio P\u00fablico que, \u201cpara ser justo, tratasse Delc\u00eddio da mesma maneira\u201d), simbolizam os tempos degradantes que estamos vivendo. Promovem com efic\u00e1cia a aproxima\u00e7\u00e3o da inst\u00e2ncia p\u00fablica com neg\u00f3cios privados, fundada na promiscuidade entre grandes interesses empresariais e a pol\u00edtica. Esta, mercantilizada, se apequena.<\/p>\n<p>Cunha j\u00e1 se tornou r\u00e9u, em decis\u00e3o un\u00e2nime do Supremo, por corrup\u00e7\u00e3o e lavagem de dinheiro, mas prossegue na presid\u00eancia da C\u00e2mara, enquanto Delc\u00eddio perdeu a condi\u00e7\u00e3o de l\u00edder do governo. E, agora, tem amplas chances de ter seu mandato cassado, de maneira r\u00e1pida, ao contr\u00e1rio de Cunha, que manobra at\u00e9 para n\u00e3o receber notifica\u00e7\u00e3o da abertura do processo disciplinar contra ele.<\/p>\n<p>N\u00e3o h\u00e1 verdade oculta que n\u00e3o venha a ser revelada, inclusive pelos pr\u00f3prios protagonistas das tenebrosas transa\u00e7\u00f5es. Delc\u00eddio n\u00e3o ter\u00e1 o escudo da licen\u00e7a m\u00e9dica (estaria af\u00f4nico?) por muito tempo, e ter\u00e1 que provar tudo. Cunha n\u00e3o poder\u00e1 ficar alheio, no seu costumeiro cinismo: tornou-se pedra no caminho, estorvo, de quase todos.<\/p>\n","protected":false},"excerpt":{"rendered":"<p>*Publicado originalmente no Blog do Noblat A rima n\u00e3o \u00e9 solu\u00e7\u00e3o para a elite pol\u00edtica brasileira. O que saiu na imprensa sobre a dela\u00e7\u00e3o do senador Delc\u00eddio do Amaral (PT\/MS), a ser homologada, foi a ponta do iceberg.\u00a0 Vazaram \u2013 e n\u00e3o se v\u00ea a PF, o MP ou a Justi\u00e7a preocupados com esse vazamento [&hellip;]<\/p>\n","protected":false},"author":2,"featured_media":11590,"comment_status":"open","ping_status":"open","sticky":false,"template":"","format":"standard","meta":{"_acf_changed":false,"footnotes":""},"categories":[10,3,1882],"tags":[1680,58,4057,2890,1298,1749,202],"class_list":{"0":"post-11589","1":"post","2":"type-post","3":"status-publish","4":"format-standard","5":"has-post-thumbnail","7":"category-acao-parlamentares","8":"category-artigos-e-entrevistas","9":"category-brasil","10":"tag-chico-alencar","11":"tag-corrupcao","12":"tag-delcidio-do-amaral","13":"tag-eduardo-cunha","14":"tag-lavagem-de-dinheiro","15":"tag-operacao-lava-jato","16":"tag-petrobras"},"acf":[],"yoast_head":"<!-- This site is optimized with the Yoast SEO plugin v26.5 - https:\/\/yoast.com\/wordpress\/plugins\/seo\/ -->\n<title>CHICO ALENCAR: Delc\u00eddio, homic\u00eddio e suic\u00eddio (pol\u00edticos) - PSOL 50<\/title>\n<meta name=\"robots\" content=\"index, follow, max-snippet:-1, max-image-preview:large, max-video-preview:-1\" \/>\n<link rel=\"canonical\" href=\"https:\/\/psol50.org.br\/chico-alencar-delcidio-homicidio-e-suicidio-politicos\/\" \/>\n<meta property=\"og:locale\" content=\"pt_BR\" \/>\n<meta property=\"og:type\" content=\"article\" \/>\n<meta property=\"og:title\" content=\"CHICO ALENCAR: Delc\u00eddio, homic\u00eddio e suic\u00eddio (pol\u00edticos) - PSOL 50\" \/>\n<meta property=\"og:description\" content=\"*Publicado originalmente no Blog do Noblat A rima n\u00e3o \u00e9 solu\u00e7\u00e3o para a elite pol\u00edtica brasileira. O que saiu na imprensa sobre a dela\u00e7\u00e3o do senador Delc\u00eddio do Amaral (PT\/MS), a ser homologada, foi a ponta do iceberg.\u00a0 Vazaram \u2013 e n\u00e3o se v\u00ea a PF, o MP ou a Justi\u00e7a preocupados com esse vazamento [&hellip;]\" \/>\n<meta property=\"og:url\" content=\"https:\/\/psol50.org.br\/chico-alencar-delcidio-homicidio-e-suicidio-politicos\/\" \/>\n<meta property=\"og:site_name\" content=\"PSOL 50\" \/>\n<meta property=\"article:publisher\" content=\"https:\/\/www.facebook.com\/psol50\" \/>\n<meta property=\"article:published_time\" content=\"2016-03-09T20:42:48+00:00\" \/>\n<meta property=\"og:image\" content=\"https:\/\/psol50.org.br\/inc\/uploads\/2016\/03\/Senador_Delcidio-Jose-Cruz-ABr-e1458103756366.jpg\" \/>\n\t<meta property=\"og:image:width\" content=\"850\" \/>\n\t<meta property=\"og:image:height\" content=\"566\" \/>\n\t<meta property=\"og:image:type\" content=\"image\/jpeg\" \/>\n<meta name=\"author\" content=\"Comunica\u00e7\u00e3o PSOL\" \/>\n<meta name=\"twitter:card\" content=\"summary_large_image\" \/>\n<meta name=\"twitter:creator\" content=\"@psol50\" \/>\n<meta name=\"twitter:site\" content=\"@psol50\" \/>\n<meta name=\"twitter:label1\" content=\"Escrito por\" \/>\n\t<meta name=\"twitter:data1\" content=\"Comunica\u00e7\u00e3o PSOL\" \/>\n\t<meta name=\"twitter:label2\" content=\"Est. tempo de leitura\" \/>\n\t<meta name=\"twitter:data2\" content=\"2 minutos\" \/>\n<script type=\"application\/ld+json\" class=\"yoast-schema-graph\">{\"@context\":\"https:\/\/schema.org\",\"@graph\":[{\"@type\":\"Article\",\"@id\":\"https:\/\/psol50.org.br\/chico-alencar-delcidio-homicidio-e-suicidio-politicos\/#article\",\"isPartOf\":{\"@id\":\"https:\/\/psol50.org.br\/chico-alencar-delcidio-homicidio-e-suicidio-politicos\/\"},\"author\":{\"name\":\"Comunica\u00e7\u00e3o PSOL\",\"@id\":\"https:\/\/psol50.org.br\/#\/schema\/person\/475dfa57d0b815993c714c2e96491fcd\"},\"headline\":\"CHICO ALENCAR: Delc\u00eddio, homic\u00eddio e suic\u00eddio (pol\u00edticos)\",\"datePublished\":\"2016-03-09T20:42:48+00:00\",\"mainEntityOfPage\":{\"@id\":\"https:\/\/psol50.org.br\/chico-alencar-delcidio-homicidio-e-suicidio-politicos\/\"},\"wordCount\":504,\"commentCount\":0,\"publisher\":{\"@id\":\"https:\/\/psol50.org.br\/#organization\"},\"image\":{\"@id\":\"https:\/\/psol50.org.br\/chico-alencar-delcidio-homicidio-e-suicidio-politicos\/#primaryimage\"},\"thumbnailUrl\":\"https:\/\/psol50.org.br\/inc\/uploads\/2016\/03\/Senador_Delcidio-Jose-Cruz-ABr-e1458103756366.jpg\",\"keywords\":[\"Chico Alencar\",\"corrup\u00e7\u00e3o\",\"Delc\u00eddio do Amaral\",\"Eduardo Cunha\",\"lavagem de dinheiro\",\"Opera\u00e7\u00e3o Lava-Jato\",\"Petrobras\"],\"articleSection\":[\"A\u00e7\u00e3o Parlamentar\",\"Artigos\",\"Brasil\"],\"inLanguage\":\"pt-BR\",\"potentialAction\":[{\"@type\":\"CommentAction\",\"name\":\"Comment\",\"target\":[\"https:\/\/psol50.org.br\/chico-alencar-delcidio-homicidio-e-suicidio-politicos\/#respond\"]}]},{\"@type\":\"WebPage\",\"@id\":\"https:\/\/psol50.org.br\/chico-alencar-delcidio-homicidio-e-suicidio-politicos\/\",\"url\":\"https:\/\/psol50.org.br\/chico-alencar-delcidio-homicidio-e-suicidio-politicos\/\",\"name\":\"CHICO ALENCAR: Delc\u00eddio, homic\u00eddio e suic\u00eddio (pol\u00edticos) - PSOL 50\",\"isPartOf\":{\"@id\":\"https:\/\/psol50.org.br\/#website\"},\"primaryImageOfPage\":{\"@id\":\"https:\/\/psol50.org.br\/chico-alencar-delcidio-homicidio-e-suicidio-politicos\/#primaryimage\"},\"image\":{\"@id\":\"https:\/\/psol50.org.br\/chico-alencar-delcidio-homicidio-e-suicidio-politicos\/#primaryimage\"},\"thumbnailUrl\":\"https:\/\/psol50.org.br\/inc\/uploads\/2016\/03\/Senador_Delcidio-Jose-Cruz-ABr-e1458103756366.jpg\",\"datePublished\":\"2016-03-09T20:42:48+00:00\",\"breadcrumb\":{\"@id\":\"https:\/\/psol50.org.br\/chico-alencar-delcidio-homicidio-e-suicidio-politicos\/#breadcrumb\"},\"inLanguage\":\"pt-BR\",\"potentialAction\":[{\"@type\":\"ReadAction\",\"target\":[\"https:\/\/psol50.org.br\/chico-alencar-delcidio-homicidio-e-suicidio-politicos\/\"]}]},{\"@type\":\"ImageObject\",\"inLanguage\":\"pt-BR\",\"@id\":\"https:\/\/psol50.org.br\/chico-alencar-delcidio-homicidio-e-suicidio-politicos\/#primaryimage\",\"url\":\"https:\/\/psol50.org.br\/inc\/uploads\/2016\/03\/Senador_Delcidio-Jose-Cruz-ABr-e1458103756366.jpg\",\"contentUrl\":\"https:\/\/psol50.org.br\/inc\/uploads\/2016\/03\/Senador_Delcidio-Jose-Cruz-ABr-e1458103756366.jpg\",\"width\":850,\"height\":566,\"caption\":\"Bras\u00edlia - Senador Delc\u00eddio do Amaral coordena o 1\u00ba F\u00f3rum Nacional de Infraestrutura. Em debate, transporte, energia el\u00e9trica, combust\u00edveis, minera\u00e7\u00e3o, telecomunica\u00e7\u00f5es, saneamento, entre outros(Jos\u00e9 Cruz\/Ag\u00eancia Brasil)\"},{\"@type\":\"BreadcrumbList\",\"@id\":\"https:\/\/psol50.org.br\/chico-alencar-delcidio-homicidio-e-suicidio-politicos\/#breadcrumb\",\"itemListElement\":[{\"@type\":\"ListItem\",\"position\":1,\"name\":\"In\u00edcio\",\"item\":\"https:\/\/psol50.org.br\/\"},{\"@type\":\"ListItem\",\"position\":2,\"name\":\"CHICO ALENCAR: Delc\u00eddio, homic\u00eddio e suic\u00eddio (pol\u00edticos)\"}]},{\"@type\":\"WebSite\",\"@id\":\"https:\/\/psol50.org.br\/#website\",\"url\":\"https:\/\/psol50.org.br\/\",\"name\":\"PSOL 50\",\"description\":\"Site oficial do Partido Socialismo e Liberdade\",\"publisher\":{\"@id\":\"https:\/\/psol50.org.br\/#organization\"},\"alternateName\":\"PSOL50\",\"potentialAction\":[{\"@type\":\"SearchAction\",\"target\":{\"@type\":\"EntryPoint\",\"urlTemplate\":\"https:\/\/psol50.org.br\/?s={search_term_string}\"},\"query-input\":{\"@type\":\"PropertyValueSpecification\",\"valueRequired\":true,\"valueName\":\"search_term_string\"}}],\"inLanguage\":\"pt-BR\"},{\"@type\":\"Organization\",\"@id\":\"https:\/\/psol50.org.br\/#organization\",\"name\":\"PSOL 50\",\"alternateName\":\"PSOL 50\",\"url\":\"https:\/\/psol50.org.br\/\",\"logo\":{\"@type\":\"ImageObject\",\"inLanguage\":\"pt-BR\",\"@id\":\"https:\/\/psol50.org.br\/#\/schema\/logo\/image\/\",\"url\":\"https:\/\/psol50.org.br\/inc\/uploads\/2018\/07\/capa.png\",\"contentUrl\":\"https:\/\/psol50.org.br\/inc\/uploads\/2018\/07\/capa.png\",\"width\":1350,\"height\":900,\"caption\":\"PSOL 50\"},\"image\":{\"@id\":\"https:\/\/psol50.org.br\/#\/schema\/logo\/image\/\"},\"sameAs\":[\"https:\/\/www.facebook.com\/psol50\",\"https:\/\/x.com\/psol50\",\"https:\/\/www.instagram.com\/psol50\/\",\"https:\/\/www.youtube.com\/channel\/UC7SnJS5o1os7a6CaiNabzcg\"]},{\"@type\":\"Person\",\"@id\":\"https:\/\/psol50.org.br\/#\/schema\/person\/475dfa57d0b815993c714c2e96491fcd\",\"name\":\"Comunica\u00e7\u00e3o PSOL\",\"image\":{\"@type\":\"ImageObject\",\"inLanguage\":\"pt-BR\",\"@id\":\"https:\/\/psol50.org.br\/#\/schema\/person\/image\/\",\"url\":\"https:\/\/secure.gravatar.com\/avatar\/b34fc4f4e468a4e51785917065a3db57b841f5c95dba6ad8c73aaf8f66f8f9bf?s=96&d=mm&r=g\",\"contentUrl\":\"https:\/\/secure.gravatar.com\/avatar\/b34fc4f4e468a4e51785917065a3db57b841f5c95dba6ad8c73aaf8f66f8f9bf?s=96&d=mm&r=g\",\"caption\":\"Comunica\u00e7\u00e3o PSOL\"}}]}<\/script>\n<!-- \/ Yoast SEO plugin. -->","yoast_head_json":{"title":"CHICO ALENCAR: Delc\u00eddio, homic\u00eddio e suic\u00eddio (pol\u00edticos) - PSOL 50","robots":{"index":"index","follow":"follow","max-snippet":"max-snippet:-1","max-image-preview":"max-image-preview:large","max-video-preview":"max-video-preview:-1"},"canonical":"https:\/\/psol50.org.br\/chico-alencar-delcidio-homicidio-e-suicidio-politicos\/","og_locale":"pt_BR","og_type":"article","og_title":"CHICO ALENCAR: Delc\u00eddio, homic\u00eddio e suic\u00eddio (pol\u00edticos) - PSOL 50","og_description":"*Publicado originalmente no Blog do Noblat A rima n\u00e3o \u00e9 solu\u00e7\u00e3o para a elite pol\u00edtica brasileira. O que saiu na imprensa sobre a dela\u00e7\u00e3o do senador Delc\u00eddio do Amaral (PT\/MS), a ser homologada, foi a ponta do iceberg.\u00a0 Vazaram \u2013 e n\u00e3o se v\u00ea a PF, o MP ou a Justi\u00e7a preocupados com esse vazamento [&hellip;]","og_url":"https:\/\/psol50.org.br\/chico-alencar-delcidio-homicidio-e-suicidio-politicos\/","og_site_name":"PSOL 50","article_publisher":"https:\/\/www.facebook.com\/psol50","article_published_time":"2016-03-09T20:42:48+00:00","og_image":[{"width":850,"height":566,"url":"https:\/\/psol50.org.br\/inc\/uploads\/2016\/03\/Senador_Delcidio-Jose-Cruz-ABr-e1458103756366.jpg","type":"image\/jpeg"}],"author":"Comunica\u00e7\u00e3o PSOL","twitter_card":"summary_large_image","twitter_creator":"@psol50","twitter_site":"@psol50","twitter_misc":{"Escrito por":"Comunica\u00e7\u00e3o PSOL","Est. tempo de leitura":"2 minutos"},"schema":{"@context":"https:\/\/schema.org","@graph":[{"@type":"Article","@id":"https:\/\/psol50.org.br\/chico-alencar-delcidio-homicidio-e-suicidio-politicos\/#article","isPartOf":{"@id":"https:\/\/psol50.org.br\/chico-alencar-delcidio-homicidio-e-suicidio-politicos\/"},"author":{"name":"Comunica\u00e7\u00e3o PSOL","@id":"https:\/\/psol50.org.br\/#\/schema\/person\/475dfa57d0b815993c714c2e96491fcd"},"headline":"CHICO ALENCAR: Delc\u00eddio, homic\u00eddio e suic\u00eddio (pol\u00edticos)","datePublished":"2016-03-09T20:42:48+00:00","mainEntityOfPage":{"@id":"https:\/\/psol50.org.br\/chico-alencar-delcidio-homicidio-e-suicidio-politicos\/"},"wordCount":504,"commentCount":0,"publisher":{"@id":"https:\/\/psol50.org.br\/#organization"},"image":{"@id":"https:\/\/psol50.org.br\/chico-alencar-delcidio-homicidio-e-suicidio-politicos\/#primaryimage"},"thumbnailUrl":"https:\/\/psol50.org.br\/inc\/uploads\/2016\/03\/Senador_Delcidio-Jose-Cruz-ABr-e1458103756366.jpg","keywords":["Chico Alencar","corrup\u00e7\u00e3o","Delc\u00eddio do Amaral","Eduardo Cunha","lavagem de dinheiro","Opera\u00e7\u00e3o Lava-Jato","Petrobras"],"articleSection":["A\u00e7\u00e3o Parlamentar","Artigos","Brasil"],"inLanguage":"pt-BR","potentialAction":[{"@type":"CommentAction","name":"Comment","target":["https:\/\/psol50.org.br\/chico-alencar-delcidio-homicidio-e-suicidio-politicos\/#respond"]}]},{"@type":"WebPage","@id":"https:\/\/psol50.org.br\/chico-alencar-delcidio-homicidio-e-suicidio-politicos\/","url":"https:\/\/psol50.org.br\/chico-alencar-delcidio-homicidio-e-suicidio-politicos\/","name":"CHICO ALENCAR: Delc\u00eddio, homic\u00eddio e suic\u00eddio (pol\u00edticos) - PSOL 50","isPartOf":{"@id":"https:\/\/psol50.org.br\/#website"},"primaryImageOfPage":{"@id":"https:\/\/psol50.org.br\/chico-alencar-delcidio-homicidio-e-suicidio-politicos\/#primaryimage"},"image":{"@id":"https:\/\/psol50.org.br\/chico-alencar-delcidio-homicidio-e-suicidio-politicos\/#primaryimage"},"thumbnailUrl":"https:\/\/psol50.org.br\/inc\/uploads\/2016\/03\/Senador_Delcidio-Jose-Cruz-ABr-e1458103756366.jpg","datePublished":"2016-03-09T20:42:48+00:00","breadcrumb":{"@id":"https:\/\/psol50.org.br\/chico-alencar-delcidio-homicidio-e-suicidio-politicos\/#breadcrumb"},"inLanguage":"pt-BR","potentialAction":[{"@type":"ReadAction","target":["https:\/\/psol50.org.br\/chico-alencar-delcidio-homicidio-e-suicidio-politicos\/"]}]},{"@type":"ImageObject","inLanguage":"pt-BR","@id":"https:\/\/psol50.org.br\/chico-alencar-delcidio-homicidio-e-suicidio-politicos\/#primaryimage","url":"https:\/\/psol50.org.br\/inc\/uploads\/2016\/03\/Senador_Delcidio-Jose-Cruz-ABr-e1458103756366.jpg","contentUrl":"https:\/\/psol50.org.br\/inc\/uploads\/2016\/03\/Senador_Delcidio-Jose-Cruz-ABr-e1458103756366.jpg","width":850,"height":566,"caption":"Bras\u00edlia - Senador Delc\u00eddio do Amaral coordena o 1\u00ba F\u00f3rum Nacional de Infraestrutura. Em debate, transporte, energia el\u00e9trica, combust\u00edveis, minera\u00e7\u00e3o, telecomunica\u00e7\u00f5es, saneamento, entre outros(Jos\u00e9 Cruz\/Ag\u00eancia Brasil)"},{"@type":"BreadcrumbList","@id":"https:\/\/psol50.org.br\/chico-alencar-delcidio-homicidio-e-suicidio-politicos\/#breadcrumb","itemListElement":[{"@type":"ListItem","position":1,"name":"In\u00edcio","item":"https:\/\/psol50.org.br\/"},{"@type":"ListItem","position":2,"name":"CHICO ALENCAR: Delc\u00eddio, homic\u00eddio e suic\u00eddio (pol\u00edticos)"}]},{"@type":"WebSite","@id":"https:\/\/psol50.org.br\/#website","url":"https:\/\/psol50.org.br\/","name":"PSOL 50","description":"Site oficial do Partido Socialismo e Liberdade","publisher":{"@id":"https:\/\/psol50.org.br\/#organization"},"alternateName":"PSOL50","potentialAction":[{"@type":"SearchAction","target":{"@type":"EntryPoint","urlTemplate":"https:\/\/psol50.org.br\/?s={search_term_string}"},"query-input":{"@type":"PropertyValueSpecification","valueRequired":true,"valueName":"search_term_string"}}],"inLanguage":"pt-BR"},{"@type":"Organization","@id":"https:\/\/psol50.org.br\/#organization","name":"PSOL 50","alternateName":"PSOL 50","url":"https:\/\/psol50.org.br\/","logo":{"@type":"ImageObject","inLanguage":"pt-BR","@id":"https:\/\/psol50.org.br\/#\/schema\/logo\/image\/","url":"https:\/\/psol50.org.br\/inc\/uploads\/2018\/07\/capa.png","contentUrl":"https:\/\/psol50.org.br\/inc\/uploads\/2018\/07\/capa.png","width":1350,"height":900,"caption":"PSOL 50"},"image":{"@id":"https:\/\/psol50.org.br\/#\/schema\/logo\/image\/"},"sameAs":["https:\/\/www.facebook.com\/psol50","https:\/\/x.com\/psol50","https:\/\/www.instagram.com\/psol50\/","https:\/\/www.youtube.com\/channel\/UC7SnJS5o1os7a6CaiNabzcg"]},{"@type":"Person","@id":"https:\/\/psol50.org.br\/#\/schema\/person\/475dfa57d0b815993c714c2e96491fcd","name":"Comunica\u00e7\u00e3o PSOL","image":{"@type":"ImageObject","inLanguage":"pt-BR","@id":"https:\/\/psol50.org.br\/#\/schema\/person\/image\/","url":"https:\/\/secure.gravatar.com\/avatar\/b34fc4f4e468a4e51785917065a3db57b841f5c95dba6ad8c73aaf8f66f8f9bf?s=96&d=mm&r=g","contentUrl":"https:\/\/secure.gravatar.com\/avatar\/b34fc4f4e468a4e51785917065a3db57b841f5c95dba6ad8c73aaf8f66f8f9bf?s=96&d=mm&r=g","caption":"Comunica\u00e7\u00e3o PSOL"}}]}},"_links":{"self":[{"href":"https:\/\/psol50.org.br\/rest\/wp\/v2\/posts\/11589","targetHints":{"allow":["GET"]}}],"collection":[{"href":"https:\/\/psol50.org.br\/rest\/wp\/v2\/posts"}],"about":[{"href":"https:\/\/psol50.org.br\/rest\/wp\/v2\/types\/post"}],"author":[{"embeddable":true,"href":"https:\/\/psol50.org.br\/rest\/wp\/v2\/users\/2"}],"replies":[{"embeddable":true,"href":"https:\/\/psol50.org.br\/rest\/wp\/v2\/comments?post=11589"}],"version-history":[{"count":0,"href":"https:\/\/psol50.org.br\/rest\/wp\/v2\/posts\/11589\/revisions"}],"wp:featuredmedia":[{"embeddable":true,"href":"https:\/\/psol50.org.br\/rest\/wp\/v2\/media\/11590"}],"wp:attachment":[{"href":"https:\/\/psol50.org.br\/rest\/wp\/v2\/media?parent=11589"}],"wp:term":[{"taxonomy":"category","embeddable":true,"href":"https:\/\/psol50.org.br\/rest\/wp\/v2\/categories?post=11589"},{"taxonomy":"post_tag","embeddable":true,"href":"https:\/\/psol50.org.br\/rest\/wp\/v2\/tags?post=11589"}],"curies":[{"name":"wp","href":"https:\/\/api.w.org\/{rel}","templated":true}]}}