{"id":11614,"date":"2016-03-11T14:09:13","date_gmt":"2016-03-11T14:09:13","guid":{"rendered":"http:\/\/www.psol50.org.br\/?p=11614"},"modified":"2016-03-11T14:09:13","modified_gmt":"2016-03-11T14:09:13","slug":"pedido-de-prisao-de-lula-pelo-mp-paulista-agride-o-estado-democratico-de-direito-e-e-ideologico-fragil-e-partidario","status":"publish","type":"post","link":"https:\/\/psol50.org.br\/pedido-de-prisao-de-lula-pelo-mp-paulista-agride-o-estado-democratico-de-direito-e-e-ideologico-fragil-e-partidario\/","title":{"rendered":"Pedido de pris\u00e3o de Lula agride o Estado Democr\u00e1tico de Direito"},"content":{"rendered":"<p>*<em>Ivan Valente<\/em><\/p>\n<p>O pedido de pris\u00e3o preventiva do ex-presidente Lula representa a transposi\u00e7\u00e3o de uma barreira. Ao sustentar seu pedido em pressupostos ideol\u00f3gicos conservadores, onde movimentos sociais s\u00e3o vistos como agressores a serem criminalizados, onde cr\u00edticas justas feitas ao Judici\u00e1rio (inclusive por juristas reconhecidos) s\u00e3o tomadas por conspira\u00e7\u00e3o e onde o direito de se defender \u00e9 considerado insufla\u00e7\u00e3o \u00e0 luta de classes, aqueles promotores d\u00e3o mostras de partidarismo e despreparo. O agravante \u00e9 que com esta atitude desmoraliza investiga\u00e7\u00f5es que deveriam ser s\u00e9rias e punir doa a quem doer.<\/p>\n<p>Mas o que sobrou evidente \u00e9 que a manifesta\u00e7\u00e3o deles mostra-se absolutamente imprudente porque fingem desconhecer calend\u00e1rios pol\u00edticos e com sua fr\u00e1gil base legal desconhecer consequ\u00eancias sociais dos seus atos.<\/p>\n<p>Temos apoiado todas as a\u00e7\u00f5es de combate \u00e0 corrup\u00e7\u00e3o. Na opera\u00e7\u00e3o Lava Jato, na CPI da Petrobras, no combate ao financiamento empresarial de campanha, raiz da corrup\u00e7\u00e3o, como est\u00e1 demonstrado. Mas, n\u00e3o podemos concordar com atos arbitr\u00e1rios e facciosos que politizam investiga\u00e7\u00f5es. E nesse caso n\u00e3o passou despercebido que o objetivo dessa proposta \u00e9 insuflar as manifesta\u00e7\u00f5es do dia 13 de mar\u00e7o, s\u00f3 que trazendo consigo os componentes do \u00f3dio, da intoler\u00e2ncia e da radicaliza\u00e7\u00e3o.<\/p>\n<p><em><strong>Leia mais<\/strong><br \/>\n<\/em><strong><a href=\"http:\/\/www.psol50.org.br\/2016\/03\/nota-do-psol-sobre-a-operacao-aletheia\/\">Nota do PSOL sobre a Opera\u00e7\u00e3o Aletheia<br \/>\n<\/a><a href=\"http:\/\/www.psol50.org.br\/2016\/03\/contra-a-seletividade-investigar-com-rigor-e-defender-o-estado-democratico-de-direito\/\">Contra a seletividade, investigar com rigor e defender o Estado Democr\u00e1tico de Direito<\/a><\/strong><\/p>\n<p>Promotores, magistrados e policiais devem zelar pelo devido processo legal, evitar a espetaculariza\u00e7\u00e3o midi\u00e1tica nos processos e garantir o direito de defesa. \u00c9 isso que confere legitimidade \u00e0s investiga\u00e7\u00f5es e um apoio popular incontest\u00e1vel.<\/p>\n<p>A entrevista e a decis\u00e3o dos promotores de S\u00e3o Paulo \u00e9 um desservi\u00e7o \u00e0 pr\u00f3pria justi\u00e7a, um incentivo \u00e0 polariza\u00e7\u00e3o pol\u00edtica e um preju\u00edzo \u00e0 apura\u00e7\u00e3o imparcial dos fatos. Defendemos a total liberdade de manifesta\u00e7\u00e3o e organiza\u00e7\u00e3o e um pa\u00eds em que predomine a \u00e9tica na pol\u00edtica, tudo dentro do Estado Democr\u00e1tico de Direito.<\/p>\n<p>*<em>Deputado Federal do PSOL\/SP e l\u00edder da bancada na C\u00e2mara dos Deputados.<\/p>\n<p><\/em><\/p>\n<p>&nbsp;<\/p>\n","protected":false},"excerpt":{"rendered":"<p>*Ivan Valente O pedido de pris\u00e3o preventiva do ex-presidente Lula representa a transposi\u00e7\u00e3o de uma barreira. Ao sustentar seu pedido em pressupostos ideol\u00f3gicos conservadores, onde movimentos sociais s\u00e3o vistos como agressores a serem criminalizados, onde cr\u00edticas justas feitas ao Judici\u00e1rio (inclusive por juristas reconhecidos) s\u00e3o tomadas por conspira\u00e7\u00e3o e onde o direito de se defender [&hellip;]<\/p>\n","protected":false},"author":2,"featured_media":11615,"comment_status":"open","ping_status":"open","sticky":false,"template":"","format":"standard","meta":{"_acf_changed":false,"footnotes":""},"categories":[1882,6,14],"tags":[3955,552,4065,1763,2814,3985,4066],"class_list":{"0":"post-11614","1":"post","2":"type-post","3":"status-publish","4":"format-standard","5":"has-post-thumbnail","7":"category-brasil","8":"category-noticias","9":"category-partido","10":"tag-cpi-da-petrobras","11":"tag-ivan-valente","12":"tag-judiciario","13":"tag-lula","14":"tag-ministerio-publico-de-sao-paulo","15":"tag-operacao-lavo-jato","16":"tag-prisao-preventiva"},"acf":[],"yoast_head":"<!-- This site is optimized with the Yoast SEO plugin v26.5 - https:\/\/yoast.com\/wordpress\/plugins\/seo\/ -->\n<title>Pedido de pris\u00e3o de Lula agride o Estado Democr\u00e1tico de Direito - PSOL 50<\/title>\n<meta name=\"robots\" content=\"index, follow, max-snippet:-1, max-image-preview:large, max-video-preview:-1\" \/>\n<link rel=\"canonical\" href=\"https:\/\/psol50.org.br\/pedido-de-prisao-de-lula-pelo-mp-paulista-agride-o-estado-democratico-de-direito-e-e-ideologico-fragil-e-partidario\/\" \/>\n<meta property=\"og:locale\" content=\"pt_BR\" \/>\n<meta property=\"og:type\" content=\"article\" \/>\n<meta property=\"og:title\" content=\"Pedido de pris\u00e3o de Lula agride o Estado Democr\u00e1tico de Direito - PSOL 50\" \/>\n<meta property=\"og:description\" content=\"*Ivan Valente O pedido de pris\u00e3o preventiva do ex-presidente Lula representa a transposi\u00e7\u00e3o de uma barreira. Ao sustentar seu pedido em pressupostos ideol\u00f3gicos conservadores, onde movimentos sociais s\u00e3o vistos como agressores a serem criminalizados, onde cr\u00edticas justas feitas ao Judici\u00e1rio (inclusive por juristas reconhecidos) s\u00e3o tomadas por conspira\u00e7\u00e3o e onde o direito de se defender [&hellip;]\" \/>\n<meta property=\"og:url\" content=\"https:\/\/psol50.org.br\/pedido-de-prisao-de-lula-pelo-mp-paulista-agride-o-estado-democratico-de-direito-e-e-ideologico-fragil-e-partidario\/\" \/>\n<meta property=\"og:site_name\" content=\"PSOL 50\" \/>\n<meta property=\"article:publisher\" content=\"https:\/\/www.facebook.com\/psol50\" \/>\n<meta property=\"article:published_time\" content=\"2016-03-11T14:09:13+00:00\" \/>\n<meta property=\"og:image\" content=\"https:\/\/psol50.org.br\/inc\/uploads\/2018\/07\/capa.png\" \/>\n\t<meta property=\"og:image:width\" content=\"1350\" \/>\n\t<meta property=\"og:image:height\" content=\"900\" \/>\n\t<meta property=\"og:image:type\" content=\"image\/png\" \/>\n<meta name=\"author\" content=\"Comunica\u00e7\u00e3o PSOL\" \/>\n<meta name=\"twitter:card\" content=\"summary_large_image\" \/>\n<meta name=\"twitter:creator\" content=\"@psol50\" \/>\n<meta name=\"twitter:site\" content=\"@psol50\" \/>\n<meta name=\"twitter:label1\" content=\"Escrito por\" \/>\n\t<meta name=\"twitter:data1\" content=\"Comunica\u00e7\u00e3o PSOL\" \/>\n\t<meta name=\"twitter:label2\" content=\"Est. tempo de leitura\" \/>\n\t<meta name=\"twitter:data2\" content=\"2 minutos\" \/>\n<script type=\"application\/ld+json\" class=\"yoast-schema-graph\">{\"@context\":\"https:\/\/schema.org\",\"@graph\":[{\"@type\":\"Article\",\"@id\":\"https:\/\/psol50.org.br\/pedido-de-prisao-de-lula-pelo-mp-paulista-agride-o-estado-democratico-de-direito-e-e-ideologico-fragil-e-partidario\/#article\",\"isPartOf\":{\"@id\":\"https:\/\/psol50.org.br\/pedido-de-prisao-de-lula-pelo-mp-paulista-agride-o-estado-democratico-de-direito-e-e-ideologico-fragil-e-partidario\/\"},\"author\":{\"name\":\"Comunica\u00e7\u00e3o PSOL\",\"@id\":\"https:\/\/psol50.org.br\/#\/schema\/person\/475dfa57d0b815993c714c2e96491fcd\"},\"headline\":\"Pedido de pris\u00e3o de Lula agride o Estado Democr\u00e1tico de Direito\",\"datePublished\":\"2016-03-11T14:09:13+00:00\",\"mainEntityOfPage\":{\"@id\":\"https:\/\/psol50.org.br\/pedido-de-prisao-de-lula-pelo-mp-paulista-agride-o-estado-democratico-de-direito-e-e-ideologico-fragil-e-partidario\/\"},\"wordCount\":370,\"commentCount\":0,\"publisher\":{\"@id\":\"https:\/\/psol50.org.br\/#organization\"},\"image\":{\"@id\":\"https:\/\/psol50.org.br\/pedido-de-prisao-de-lula-pelo-mp-paulista-agride-o-estado-democratico-de-direito-e-e-ideologico-fragil-e-partidario\/#primaryimage\"},\"thumbnailUrl\":\"\",\"keywords\":[\"CPI da Petrobras\",\"Ivan Valente\",\"Judici\u00e1rio\",\"Lula\",\"Minist\u00e9rio P\u00fablico de S\u00e3o Paulo\",\"Opera\u00e7\u00e3o Lavo Jato\",\"pris\u00e3o preventiva\"],\"articleSection\":[\"Brasil\",\"Not\u00edcias\",\"Partido\"],\"inLanguage\":\"pt-BR\",\"potentialAction\":[{\"@type\":\"CommentAction\",\"name\":\"Comment\",\"target\":[\"https:\/\/psol50.org.br\/pedido-de-prisao-de-lula-pelo-mp-paulista-agride-o-estado-democratico-de-direito-e-e-ideologico-fragil-e-partidario\/#respond\"]}]},{\"@type\":\"WebPage\",\"@id\":\"https:\/\/psol50.org.br\/pedido-de-prisao-de-lula-pelo-mp-paulista-agride-o-estado-democratico-de-direito-e-e-ideologico-fragil-e-partidario\/\",\"url\":\"https:\/\/psol50.org.br\/pedido-de-prisao-de-lula-pelo-mp-paulista-agride-o-estado-democratico-de-direito-e-e-ideologico-fragil-e-partidario\/\",\"name\":\"Pedido de pris\u00e3o de Lula agride o Estado Democr\u00e1tico de Direito - PSOL 50\",\"isPartOf\":{\"@id\":\"https:\/\/psol50.org.br\/#website\"},\"primaryImageOfPage\":{\"@id\":\"https:\/\/psol50.org.br\/pedido-de-prisao-de-lula-pelo-mp-paulista-agride-o-estado-democratico-de-direito-e-e-ideologico-fragil-e-partidario\/#primaryimage\"},\"image\":{\"@id\":\"https:\/\/psol50.org.br\/pedido-de-prisao-de-lula-pelo-mp-paulista-agride-o-estado-democratico-de-direito-e-e-ideologico-fragil-e-partidario\/#primaryimage\"},\"thumbnailUrl\":\"\",\"datePublished\":\"2016-03-11T14:09:13+00:00\",\"breadcrumb\":{\"@id\":\"https:\/\/psol50.org.br\/pedido-de-prisao-de-lula-pelo-mp-paulista-agride-o-estado-democratico-de-direito-e-e-ideologico-fragil-e-partidario\/#breadcrumb\"},\"inLanguage\":\"pt-BR\",\"potentialAction\":[{\"@type\":\"ReadAction\",\"target\":[\"https:\/\/psol50.org.br\/pedido-de-prisao-de-lula-pelo-mp-paulista-agride-o-estado-democratico-de-direito-e-e-ideologico-fragil-e-partidario\/\"]}]},{\"@type\":\"ImageObject\",\"inLanguage\":\"pt-BR\",\"@id\":\"https:\/\/psol50.org.br\/pedido-de-prisao-de-lula-pelo-mp-paulista-agride-o-estado-democratico-de-direito-e-e-ideologico-fragil-e-partidario\/#primaryimage\",\"url\":\"\",\"contentUrl\":\"\"},{\"@type\":\"BreadcrumbList\",\"@id\":\"https:\/\/psol50.org.br\/pedido-de-prisao-de-lula-pelo-mp-paulista-agride-o-estado-democratico-de-direito-e-e-ideologico-fragil-e-partidario\/#breadcrumb\",\"itemListElement\":[{\"@type\":\"ListItem\",\"position\":1,\"name\":\"In\u00edcio\",\"item\":\"https:\/\/psol50.org.br\/\"},{\"@type\":\"ListItem\",\"position\":2,\"name\":\"Pedido de pris\u00e3o de Lula agride o Estado Democr\u00e1tico de Direito\"}]},{\"@type\":\"WebSite\",\"@id\":\"https:\/\/psol50.org.br\/#website\",\"url\":\"https:\/\/psol50.org.br\/\",\"name\":\"PSOL 50\",\"description\":\"Site oficial do Partido Socialismo e Liberdade\",\"publisher\":{\"@id\":\"https:\/\/psol50.org.br\/#organization\"},\"alternateName\":\"PSOL50\",\"potentialAction\":[{\"@type\":\"SearchAction\",\"target\":{\"@type\":\"EntryPoint\",\"urlTemplate\":\"https:\/\/psol50.org.br\/?s={search_term_string}\"},\"query-input\":{\"@type\":\"PropertyValueSpecification\",\"valueRequired\":true,\"valueName\":\"search_term_string\"}}],\"inLanguage\":\"pt-BR\"},{\"@type\":\"Organization\",\"@id\":\"https:\/\/psol50.org.br\/#organization\",\"name\":\"PSOL 50\",\"alternateName\":\"PSOL 50\",\"url\":\"https:\/\/psol50.org.br\/\",\"logo\":{\"@type\":\"ImageObject\",\"inLanguage\":\"pt-BR\",\"@id\":\"https:\/\/psol50.org.br\/#\/schema\/logo\/image\/\",\"url\":\"https:\/\/psol50.org.br\/inc\/uploads\/2018\/07\/capa.png\",\"contentUrl\":\"https:\/\/psol50.org.br\/inc\/uploads\/2018\/07\/capa.png\",\"width\":1350,\"height\":900,\"caption\":\"PSOL 50\"},\"image\":{\"@id\":\"https:\/\/psol50.org.br\/#\/schema\/logo\/image\/\"},\"sameAs\":[\"https:\/\/www.facebook.com\/psol50\",\"https:\/\/x.com\/psol50\",\"https:\/\/www.instagram.com\/psol50\/\",\"https:\/\/www.youtube.com\/channel\/UC7SnJS5o1os7a6CaiNabzcg\"]},{\"@type\":\"Person\",\"@id\":\"https:\/\/psol50.org.br\/#\/schema\/person\/475dfa57d0b815993c714c2e96491fcd\",\"name\":\"Comunica\u00e7\u00e3o PSOL\",\"image\":{\"@type\":\"ImageObject\",\"inLanguage\":\"pt-BR\",\"@id\":\"https:\/\/psol50.org.br\/#\/schema\/person\/image\/\",\"url\":\"https:\/\/secure.gravatar.com\/avatar\/b34fc4f4e468a4e51785917065a3db57b841f5c95dba6ad8c73aaf8f66f8f9bf?s=96&d=mm&r=g\",\"contentUrl\":\"https:\/\/secure.gravatar.com\/avatar\/b34fc4f4e468a4e51785917065a3db57b841f5c95dba6ad8c73aaf8f66f8f9bf?s=96&d=mm&r=g\",\"caption\":\"Comunica\u00e7\u00e3o PSOL\"}}]}<\/script>\n<!-- \/ Yoast SEO plugin. -->","yoast_head_json":{"title":"Pedido de pris\u00e3o de Lula agride o Estado Democr\u00e1tico de Direito - PSOL 50","robots":{"index":"index","follow":"follow","max-snippet":"max-snippet:-1","max-image-preview":"max-image-preview:large","max-video-preview":"max-video-preview:-1"},"canonical":"https:\/\/psol50.org.br\/pedido-de-prisao-de-lula-pelo-mp-paulista-agride-o-estado-democratico-de-direito-e-e-ideologico-fragil-e-partidario\/","og_locale":"pt_BR","og_type":"article","og_title":"Pedido de pris\u00e3o de Lula agride o Estado Democr\u00e1tico de Direito - PSOL 50","og_description":"*Ivan Valente O pedido de pris\u00e3o preventiva do ex-presidente Lula representa a transposi\u00e7\u00e3o de uma barreira. Ao sustentar seu pedido em pressupostos ideol\u00f3gicos conservadores, onde movimentos sociais s\u00e3o vistos como agressores a serem criminalizados, onde cr\u00edticas justas feitas ao Judici\u00e1rio (inclusive por juristas reconhecidos) s\u00e3o tomadas por conspira\u00e7\u00e3o e onde o direito de se defender [&hellip;]","og_url":"https:\/\/psol50.org.br\/pedido-de-prisao-de-lula-pelo-mp-paulista-agride-o-estado-democratico-de-direito-e-e-ideologico-fragil-e-partidario\/","og_site_name":"PSOL 50","article_publisher":"https:\/\/www.facebook.com\/psol50","article_published_time":"2016-03-11T14:09:13+00:00","og_image":[{"width":1350,"height":900,"url":"https:\/\/psol50.org.br\/inc\/uploads\/2018\/07\/capa.png","type":"image\/png"}],"author":"Comunica\u00e7\u00e3o PSOL","twitter_card":"summary_large_image","twitter_creator":"@psol50","twitter_site":"@psol50","twitter_misc":{"Escrito por":"Comunica\u00e7\u00e3o PSOL","Est. tempo de leitura":"2 minutos"},"schema":{"@context":"https:\/\/schema.org","@graph":[{"@type":"Article","@id":"https:\/\/psol50.org.br\/pedido-de-prisao-de-lula-pelo-mp-paulista-agride-o-estado-democratico-de-direito-e-e-ideologico-fragil-e-partidario\/#article","isPartOf":{"@id":"https:\/\/psol50.org.br\/pedido-de-prisao-de-lula-pelo-mp-paulista-agride-o-estado-democratico-de-direito-e-e-ideologico-fragil-e-partidario\/"},"author":{"name":"Comunica\u00e7\u00e3o PSOL","@id":"https:\/\/psol50.org.br\/#\/schema\/person\/475dfa57d0b815993c714c2e96491fcd"},"headline":"Pedido de pris\u00e3o de Lula agride o Estado Democr\u00e1tico de Direito","datePublished":"2016-03-11T14:09:13+00:00","mainEntityOfPage":{"@id":"https:\/\/psol50.org.br\/pedido-de-prisao-de-lula-pelo-mp-paulista-agride-o-estado-democratico-de-direito-e-e-ideologico-fragil-e-partidario\/"},"wordCount":370,"commentCount":0,"publisher":{"@id":"https:\/\/psol50.org.br\/#organization"},"image":{"@id":"https:\/\/psol50.org.br\/pedido-de-prisao-de-lula-pelo-mp-paulista-agride-o-estado-democratico-de-direito-e-e-ideologico-fragil-e-partidario\/#primaryimage"},"thumbnailUrl":"","keywords":["CPI da Petrobras","Ivan Valente","Judici\u00e1rio","Lula","Minist\u00e9rio P\u00fablico de S\u00e3o Paulo","Opera\u00e7\u00e3o Lavo Jato","pris\u00e3o preventiva"],"articleSection":["Brasil","Not\u00edcias","Partido"],"inLanguage":"pt-BR","potentialAction":[{"@type":"CommentAction","name":"Comment","target":["https:\/\/psol50.org.br\/pedido-de-prisao-de-lula-pelo-mp-paulista-agride-o-estado-democratico-de-direito-e-e-ideologico-fragil-e-partidario\/#respond"]}]},{"@type":"WebPage","@id":"https:\/\/psol50.org.br\/pedido-de-prisao-de-lula-pelo-mp-paulista-agride-o-estado-democratico-de-direito-e-e-ideologico-fragil-e-partidario\/","url":"https:\/\/psol50.org.br\/pedido-de-prisao-de-lula-pelo-mp-paulista-agride-o-estado-democratico-de-direito-e-e-ideologico-fragil-e-partidario\/","name":"Pedido de pris\u00e3o de Lula agride o Estado Democr\u00e1tico de Direito - PSOL 50","isPartOf":{"@id":"https:\/\/psol50.org.br\/#website"},"primaryImageOfPage":{"@id":"https:\/\/psol50.org.br\/pedido-de-prisao-de-lula-pelo-mp-paulista-agride-o-estado-democratico-de-direito-e-e-ideologico-fragil-e-partidario\/#primaryimage"},"image":{"@id":"https:\/\/psol50.org.br\/pedido-de-prisao-de-lula-pelo-mp-paulista-agride-o-estado-democratico-de-direito-e-e-ideologico-fragil-e-partidario\/#primaryimage"},"thumbnailUrl":"","datePublished":"2016-03-11T14:09:13+00:00","breadcrumb":{"@id":"https:\/\/psol50.org.br\/pedido-de-prisao-de-lula-pelo-mp-paulista-agride-o-estado-democratico-de-direito-e-e-ideologico-fragil-e-partidario\/#breadcrumb"},"inLanguage":"pt-BR","potentialAction":[{"@type":"ReadAction","target":["https:\/\/psol50.org.br\/pedido-de-prisao-de-lula-pelo-mp-paulista-agride-o-estado-democratico-de-direito-e-e-ideologico-fragil-e-partidario\/"]}]},{"@type":"ImageObject","inLanguage":"pt-BR","@id":"https:\/\/psol50.org.br\/pedido-de-prisao-de-lula-pelo-mp-paulista-agride-o-estado-democratico-de-direito-e-e-ideologico-fragil-e-partidario\/#primaryimage","url":"","contentUrl":""},{"@type":"BreadcrumbList","@id":"https:\/\/psol50.org.br\/pedido-de-prisao-de-lula-pelo-mp-paulista-agride-o-estado-democratico-de-direito-e-e-ideologico-fragil-e-partidario\/#breadcrumb","itemListElement":[{"@type":"ListItem","position":1,"name":"In\u00edcio","item":"https:\/\/psol50.org.br\/"},{"@type":"ListItem","position":2,"name":"Pedido de pris\u00e3o de Lula agride o Estado Democr\u00e1tico de Direito"}]},{"@type":"WebSite","@id":"https:\/\/psol50.org.br\/#website","url":"https:\/\/psol50.org.br\/","name":"PSOL 50","description":"Site oficial do Partido Socialismo e Liberdade","publisher":{"@id":"https:\/\/psol50.org.br\/#organization"},"alternateName":"PSOL50","potentialAction":[{"@type":"SearchAction","target":{"@type":"EntryPoint","urlTemplate":"https:\/\/psol50.org.br\/?s={search_term_string}"},"query-input":{"@type":"PropertyValueSpecification","valueRequired":true,"valueName":"search_term_string"}}],"inLanguage":"pt-BR"},{"@type":"Organization","@id":"https:\/\/psol50.org.br\/#organization","name":"PSOL 50","alternateName":"PSOL 50","url":"https:\/\/psol50.org.br\/","logo":{"@type":"ImageObject","inLanguage":"pt-BR","@id":"https:\/\/psol50.org.br\/#\/schema\/logo\/image\/","url":"https:\/\/psol50.org.br\/inc\/uploads\/2018\/07\/capa.png","contentUrl":"https:\/\/psol50.org.br\/inc\/uploads\/2018\/07\/capa.png","width":1350,"height":900,"caption":"PSOL 50"},"image":{"@id":"https:\/\/psol50.org.br\/#\/schema\/logo\/image\/"},"sameAs":["https:\/\/www.facebook.com\/psol50","https:\/\/x.com\/psol50","https:\/\/www.instagram.com\/psol50\/","https:\/\/www.youtube.com\/channel\/UC7SnJS5o1os7a6CaiNabzcg"]},{"@type":"Person","@id":"https:\/\/psol50.org.br\/#\/schema\/person\/475dfa57d0b815993c714c2e96491fcd","name":"Comunica\u00e7\u00e3o PSOL","image":{"@type":"ImageObject","inLanguage":"pt-BR","@id":"https:\/\/psol50.org.br\/#\/schema\/person\/image\/","url":"https:\/\/secure.gravatar.com\/avatar\/b34fc4f4e468a4e51785917065a3db57b841f5c95dba6ad8c73aaf8f66f8f9bf?s=96&d=mm&r=g","contentUrl":"https:\/\/secure.gravatar.com\/avatar\/b34fc4f4e468a4e51785917065a3db57b841f5c95dba6ad8c73aaf8f66f8f9bf?s=96&d=mm&r=g","caption":"Comunica\u00e7\u00e3o PSOL"}}]}},"_links":{"self":[{"href":"https:\/\/psol50.org.br\/rest\/wp\/v2\/posts\/11614","targetHints":{"allow":["GET"]}}],"collection":[{"href":"https:\/\/psol50.org.br\/rest\/wp\/v2\/posts"}],"about":[{"href":"https:\/\/psol50.org.br\/rest\/wp\/v2\/types\/post"}],"author":[{"embeddable":true,"href":"https:\/\/psol50.org.br\/rest\/wp\/v2\/users\/2"}],"replies":[{"embeddable":true,"href":"https:\/\/psol50.org.br\/rest\/wp\/v2\/comments?post=11614"}],"version-history":[{"count":0,"href":"https:\/\/psol50.org.br\/rest\/wp\/v2\/posts\/11614\/revisions"}],"wp:featuredmedia":[{"embeddable":true,"href":"https:\/\/psol50.org.br\/rest\/"}],"wp:attachment":[{"href":"https:\/\/psol50.org.br\/rest\/wp\/v2\/media?parent=11614"}],"wp:term":[{"taxonomy":"category","embeddable":true,"href":"https:\/\/psol50.org.br\/rest\/wp\/v2\/categories?post=11614"},{"taxonomy":"post_tag","embeddable":true,"href":"https:\/\/psol50.org.br\/rest\/wp\/v2\/tags?post=11614"}],"curies":[{"name":"wp","href":"https:\/\/api.w.org\/{rel}","templated":true}]}}