{"id":11624,"date":"2016-03-11T18:53:22","date_gmt":"2016-03-11T18:53:22","guid":{"rendered":"http:\/\/www.psol50.org.br\/?p=11624"},"modified":"2016-03-11T18:53:22","modified_gmt":"2016-03-11T18:53:22","slug":"mpf-pede-paralisacao-de-belo-monte-por-risco-de-colapso-sanitario","status":"publish","type":"post","link":"https:\/\/psol50.org.br\/mpf-pede-paralisacao-de-belo-monte-por-risco-de-colapso-sanitario\/","title":{"rendered":"MPF pede paralisa\u00e7\u00e3o de Belo Monte por risco de colapso sanit\u00e1rio"},"content":{"rendered":"<p>Uma a\u00e7\u00e3o civil p\u00fablica ajuizada pelo Minist\u00e9rio P\u00fablico Federal (MPF) pede a imediata paralisa\u00e7\u00e3o do barramento do rio Xingu, destinada \u00e0 constru\u00e7\u00e3o da usina de Belo Monte, por agravar a polui\u00e7\u00e3o do rio e o len\u00e7ol fre\u00e1tico da cidade de Altamira, no Par\u00e1, com esgoto dom\u00e9stico, hospitalar e comercial. De acordo com o MPF, a condicionante de implanta\u00e7\u00e3o de saneamento b\u00e1sico, que evitaria esse impacto, at\u00e9 hoje n\u00e3o foi cumprida pelo cons\u00f3rcio respons\u00e1vel pela obra. Nas licen\u00e7as ambientais, assim como nas propagandas da Norte Energia S.A e do governo federal, a promessa era de que a cidade teria 100% de saneamento antes da usina ficar pronta. No entanto, na vida real, Altamira segue sem sistemas de esgoto e \u00e1gua pot\u00e1vel.<\/p>\n<p>O MPF explica que a condicionante do saneamento b\u00e1sico, considerada uma das mais importantes de Belo Monte, estava prevista desde a Licen\u00e7a Pr\u00e9via do empreendimento, concedida em 2010. Pelos prazos do licenciamento, a usina deveria ter entregado os sistemas de fornecimento de \u00e1gua pot\u00e1vel e esgotamento sanit\u00e1rio no dia 25 de julho de 2014. O que ainda n\u00e3o foi cumprido. Mesmo sabendo disso, o Instituto Brasileiro do Meio Ambiente (Ibama) liberou a opera\u00e7\u00e3o da usina e o barramento do rio Xingu no final do ano passado. Na Licen\u00e7a de Opera\u00e7\u00e3o, emitida em novembro de 2015, o Ibama deu prazo at\u00e9 setembro de 2016 para que o saneamento de Altamira esteja conclu\u00eddo.<\/p>\n<p>Para o MPF, o novo prazo do Ibama \u00e9 fict\u00edcio. \u201cPara concluir as obras do saneamento, a Norte Energia dever\u00e1 implementar o fornecimento de \u00e1gua encanada e rede de esgotamento sanit\u00e1rio em mais de 24.250 domic\u00edlios altamirenses, at\u00e9 setembro de 2016, fazendo no curto prazo de 6 meses o que n\u00e3o fez, em 1 domic\u00edlio, no prazo de 6 anos\u201d, diz a a\u00e7\u00e3o judicial assinada pelo procurador da Rep\u00fablica Higor Rezende Pessoa.<\/p>\n<p><strong><a href=\"http:\/\/www.mpf.mp.br\/pa\/sala-de-imprensa\/noticias-pa\/mpf-pede-paralisacao-de-belo-monte-por-risco-de-colapso-sanitario\">Leia aqui a mat\u00e9ria completa<\/a><\/strong>.<\/p>\n<p>&nbsp;<\/p>\n","protected":false},"excerpt":{"rendered":"<p>Uma a\u00e7\u00e3o civil p\u00fablica ajuizada pelo Minist\u00e9rio P\u00fablico Federal (MPF) pede a imediata paralisa\u00e7\u00e3o do barramento do rio Xingu, destinada \u00e0 constru\u00e7\u00e3o da usina de Belo Monte, por agravar a polui\u00e7\u00e3o do rio e o len\u00e7ol fre\u00e1tico da cidade de Altamira, no Par\u00e1, com esgoto dom\u00e9stico, hospitalar e comercial. De acordo com o MPF, a [&hellip;]<\/p>\n","protected":false},"author":2,"featured_media":10759,"comment_status":"open","ping_status":"open","sticky":false,"template":"","format":"standard","meta":{"_acf_changed":false,"footnotes":""},"categories":[1882],"tags":[4068,4069,1453,778,76,4070,50,4071],"class_list":{"0":"post-11624","1":"post","2":"type-post","3":"status-publish","4":"format-standard","5":"has-post-thumbnail","7":"category-brasil","8":"tag-altamira","9":"tag-belo-monte","10":"tag-colapso-sanitario","11":"tag-ibama","12":"tag-mpf","13":"tag-norte-energia-s-a","14":"tag-para","15":"tag-usina"},"acf":[],"yoast_head":"<!-- This site is optimized with the Yoast SEO plugin v26.5 - https:\/\/yoast.com\/wordpress\/plugins\/seo\/ -->\n<title>MPF pede paralisa\u00e7\u00e3o de Belo Monte por risco de colapso sanit\u00e1rio - PSOL 50<\/title>\n<meta name=\"robots\" content=\"index, follow, max-snippet:-1, max-image-preview:large, max-video-preview:-1\" \/>\n<link rel=\"canonical\" href=\"https:\/\/psol50.org.br\/mpf-pede-paralisacao-de-belo-monte-por-risco-de-colapso-sanitario\/\" \/>\n<meta property=\"og:locale\" content=\"pt_BR\" \/>\n<meta property=\"og:type\" content=\"article\" \/>\n<meta property=\"og:title\" content=\"MPF pede paralisa\u00e7\u00e3o de Belo Monte por risco de colapso sanit\u00e1rio - PSOL 50\" \/>\n<meta property=\"og:description\" content=\"Uma a\u00e7\u00e3o civil p\u00fablica ajuizada pelo Minist\u00e9rio P\u00fablico Federal (MPF) pede a imediata paralisa\u00e7\u00e3o do barramento do rio Xingu, destinada \u00e0 constru\u00e7\u00e3o da usina de Belo Monte, por agravar a polui\u00e7\u00e3o do rio e o len\u00e7ol fre\u00e1tico da cidade de Altamira, no Par\u00e1, com esgoto dom\u00e9stico, hospitalar e comercial. De acordo com o MPF, a [&hellip;]\" \/>\n<meta property=\"og:url\" content=\"https:\/\/psol50.org.br\/mpf-pede-paralisacao-de-belo-monte-por-risco-de-colapso-sanitario\/\" \/>\n<meta property=\"og:site_name\" content=\"PSOL 50\" \/>\n<meta property=\"article:publisher\" content=\"https:\/\/www.facebook.com\/psol50\" \/>\n<meta property=\"article:published_time\" content=\"2016-03-11T18:53:22+00:00\" \/>\n<meta property=\"og:image\" content=\"https:\/\/psol50.org.br\/inc\/uploads\/2015\/11\/Obras-de-Belo-Monte1-e1448893236619.jpg\" \/>\n\t<meta property=\"og:image:width\" content=\"1000\" \/>\n\t<meta property=\"og:image:height\" content=\"664\" \/>\n\t<meta property=\"og:image:type\" content=\"image\/jpeg\" \/>\n<meta name=\"author\" content=\"Comunica\u00e7\u00e3o PSOL\" \/>\n<meta name=\"twitter:card\" content=\"summary_large_image\" \/>\n<meta name=\"twitter:creator\" content=\"@psol50\" \/>\n<meta name=\"twitter:site\" content=\"@psol50\" \/>\n<meta name=\"twitter:label1\" content=\"Escrito por\" \/>\n\t<meta name=\"twitter:data1\" content=\"Comunica\u00e7\u00e3o PSOL\" \/>\n\t<meta name=\"twitter:label2\" content=\"Est. tempo de leitura\" \/>\n\t<meta name=\"twitter:data2\" content=\"2 minutos\" \/>\n<script type=\"application\/ld+json\" class=\"yoast-schema-graph\">{\"@context\":\"https:\/\/schema.org\",\"@graph\":[{\"@type\":\"Article\",\"@id\":\"https:\/\/psol50.org.br\/mpf-pede-paralisacao-de-belo-monte-por-risco-de-colapso-sanitario\/#article\",\"isPartOf\":{\"@id\":\"https:\/\/psol50.org.br\/mpf-pede-paralisacao-de-belo-monte-por-risco-de-colapso-sanitario\/\"},\"author\":{\"name\":\"Comunica\u00e7\u00e3o PSOL\",\"@id\":\"https:\/\/psol50.org.br\/#\/schema\/person\/475dfa57d0b815993c714c2e96491fcd\"},\"headline\":\"MPF pede paralisa\u00e7\u00e3o de Belo Monte por risco de colapso sanit\u00e1rio\",\"datePublished\":\"2016-03-11T18:53:22+00:00\",\"mainEntityOfPage\":{\"@id\":\"https:\/\/psol50.org.br\/mpf-pede-paralisacao-de-belo-monte-por-risco-de-colapso-sanitario\/\"},\"wordCount\":345,\"commentCount\":0,\"publisher\":{\"@id\":\"https:\/\/psol50.org.br\/#organization\"},\"image\":{\"@id\":\"https:\/\/psol50.org.br\/mpf-pede-paralisacao-de-belo-monte-por-risco-de-colapso-sanitario\/#primaryimage\"},\"thumbnailUrl\":\"https:\/\/psol50.org.br\/inc\/uploads\/2015\/11\/Obras-de-Belo-Monte1-e1448893236619.jpg\",\"keywords\":[\"Altamira\",\"Belo Monte\",\"colapso sanit\u00e1rio\",\"Ibama\",\"MPF\",\"Norte Energia S.A\",\"Par\u00e1\",\"usina\"],\"articleSection\":[\"Brasil\"],\"inLanguage\":\"pt-BR\",\"potentialAction\":[{\"@type\":\"CommentAction\",\"name\":\"Comment\",\"target\":[\"https:\/\/psol50.org.br\/mpf-pede-paralisacao-de-belo-monte-por-risco-de-colapso-sanitario\/#respond\"]}]},{\"@type\":\"WebPage\",\"@id\":\"https:\/\/psol50.org.br\/mpf-pede-paralisacao-de-belo-monte-por-risco-de-colapso-sanitario\/\",\"url\":\"https:\/\/psol50.org.br\/mpf-pede-paralisacao-de-belo-monte-por-risco-de-colapso-sanitario\/\",\"name\":\"MPF pede paralisa\u00e7\u00e3o de Belo Monte por risco de colapso sanit\u00e1rio - PSOL 50\",\"isPartOf\":{\"@id\":\"https:\/\/psol50.org.br\/#website\"},\"primaryImageOfPage\":{\"@id\":\"https:\/\/psol50.org.br\/mpf-pede-paralisacao-de-belo-monte-por-risco-de-colapso-sanitario\/#primaryimage\"},\"image\":{\"@id\":\"https:\/\/psol50.org.br\/mpf-pede-paralisacao-de-belo-monte-por-risco-de-colapso-sanitario\/#primaryimage\"},\"thumbnailUrl\":\"https:\/\/psol50.org.br\/inc\/uploads\/2015\/11\/Obras-de-Belo-Monte1-e1448893236619.jpg\",\"datePublished\":\"2016-03-11T18:53:22+00:00\",\"breadcrumb\":{\"@id\":\"https:\/\/psol50.org.br\/mpf-pede-paralisacao-de-belo-monte-por-risco-de-colapso-sanitario\/#breadcrumb\"},\"inLanguage\":\"pt-BR\",\"potentialAction\":[{\"@type\":\"ReadAction\",\"target\":[\"https:\/\/psol50.org.br\/mpf-pede-paralisacao-de-belo-monte-por-risco-de-colapso-sanitario\/\"]}]},{\"@type\":\"ImageObject\",\"inLanguage\":\"pt-BR\",\"@id\":\"https:\/\/psol50.org.br\/mpf-pede-paralisacao-de-belo-monte-por-risco-de-colapso-sanitario\/#primaryimage\",\"url\":\"https:\/\/psol50.org.br\/inc\/uploads\/2015\/11\/Obras-de-Belo-Monte1-e1448893236619.jpg\",\"contentUrl\":\"https:\/\/psol50.org.br\/inc\/uploads\/2015\/11\/Obras-de-Belo-Monte1-e1448893236619.jpg\",\"width\":1000,\"height\":664,\"caption\":\"Obras da Usina Hidrel\u00e9trica de Belo Monte - Fotos Ricardo Joffily\/Ascom DPU. Liberada publica\u00e7\u00e3o da foto para fins jornal\u00edsticos, desde que creditada a autoria.\"},{\"@type\":\"BreadcrumbList\",\"@id\":\"https:\/\/psol50.org.br\/mpf-pede-paralisacao-de-belo-monte-por-risco-de-colapso-sanitario\/#breadcrumb\",\"itemListElement\":[{\"@type\":\"ListItem\",\"position\":1,\"name\":\"In\u00edcio\",\"item\":\"https:\/\/psol50.org.br\/\"},{\"@type\":\"ListItem\",\"position\":2,\"name\":\"MPF pede paralisa\u00e7\u00e3o de Belo Monte por risco de colapso sanit\u00e1rio\"}]},{\"@type\":\"WebSite\",\"@id\":\"https:\/\/psol50.org.br\/#website\",\"url\":\"https:\/\/psol50.org.br\/\",\"name\":\"PSOL 50\",\"description\":\"Site oficial do Partido Socialismo e Liberdade\",\"publisher\":{\"@id\":\"https:\/\/psol50.org.br\/#organization\"},\"alternateName\":\"PSOL50\",\"potentialAction\":[{\"@type\":\"SearchAction\",\"target\":{\"@type\":\"EntryPoint\",\"urlTemplate\":\"https:\/\/psol50.org.br\/?s={search_term_string}\"},\"query-input\":{\"@type\":\"PropertyValueSpecification\",\"valueRequired\":true,\"valueName\":\"search_term_string\"}}],\"inLanguage\":\"pt-BR\"},{\"@type\":\"Organization\",\"@id\":\"https:\/\/psol50.org.br\/#organization\",\"name\":\"PSOL 50\",\"alternateName\":\"PSOL 50\",\"url\":\"https:\/\/psol50.org.br\/\",\"logo\":{\"@type\":\"ImageObject\",\"inLanguage\":\"pt-BR\",\"@id\":\"https:\/\/psol50.org.br\/#\/schema\/logo\/image\/\",\"url\":\"https:\/\/psol50.org.br\/inc\/uploads\/2018\/07\/capa.png\",\"contentUrl\":\"https:\/\/psol50.org.br\/inc\/uploads\/2018\/07\/capa.png\",\"width\":1350,\"height\":900,\"caption\":\"PSOL 50\"},\"image\":{\"@id\":\"https:\/\/psol50.org.br\/#\/schema\/logo\/image\/\"},\"sameAs\":[\"https:\/\/www.facebook.com\/psol50\",\"https:\/\/x.com\/psol50\",\"https:\/\/www.instagram.com\/psol50\/\",\"https:\/\/www.youtube.com\/channel\/UC7SnJS5o1os7a6CaiNabzcg\"]},{\"@type\":\"Person\",\"@id\":\"https:\/\/psol50.org.br\/#\/schema\/person\/475dfa57d0b815993c714c2e96491fcd\",\"name\":\"Comunica\u00e7\u00e3o PSOL\",\"image\":{\"@type\":\"ImageObject\",\"inLanguage\":\"pt-BR\",\"@id\":\"https:\/\/psol50.org.br\/#\/schema\/person\/image\/\",\"url\":\"https:\/\/secure.gravatar.com\/avatar\/b34fc4f4e468a4e51785917065a3db57b841f5c95dba6ad8c73aaf8f66f8f9bf?s=96&d=mm&r=g\",\"contentUrl\":\"https:\/\/secure.gravatar.com\/avatar\/b34fc4f4e468a4e51785917065a3db57b841f5c95dba6ad8c73aaf8f66f8f9bf?s=96&d=mm&r=g\",\"caption\":\"Comunica\u00e7\u00e3o PSOL\"}}]}<\/script>\n<!-- \/ Yoast SEO plugin. -->","yoast_head_json":{"title":"MPF pede paralisa\u00e7\u00e3o de Belo Monte por risco de colapso sanit\u00e1rio - PSOL 50","robots":{"index":"index","follow":"follow","max-snippet":"max-snippet:-1","max-image-preview":"max-image-preview:large","max-video-preview":"max-video-preview:-1"},"canonical":"https:\/\/psol50.org.br\/mpf-pede-paralisacao-de-belo-monte-por-risco-de-colapso-sanitario\/","og_locale":"pt_BR","og_type":"article","og_title":"MPF pede paralisa\u00e7\u00e3o de Belo Monte por risco de colapso sanit\u00e1rio - PSOL 50","og_description":"Uma a\u00e7\u00e3o civil p\u00fablica ajuizada pelo Minist\u00e9rio P\u00fablico Federal (MPF) pede a imediata paralisa\u00e7\u00e3o do barramento do rio Xingu, destinada \u00e0 constru\u00e7\u00e3o da usina de Belo Monte, por agravar a polui\u00e7\u00e3o do rio e o len\u00e7ol fre\u00e1tico da cidade de Altamira, no Par\u00e1, com esgoto dom\u00e9stico, hospitalar e comercial. De acordo com o MPF, a [&hellip;]","og_url":"https:\/\/psol50.org.br\/mpf-pede-paralisacao-de-belo-monte-por-risco-de-colapso-sanitario\/","og_site_name":"PSOL 50","article_publisher":"https:\/\/www.facebook.com\/psol50","article_published_time":"2016-03-11T18:53:22+00:00","og_image":[{"width":1000,"height":664,"url":"https:\/\/psol50.org.br\/inc\/uploads\/2015\/11\/Obras-de-Belo-Monte1-e1448893236619.jpg","type":"image\/jpeg"}],"author":"Comunica\u00e7\u00e3o PSOL","twitter_card":"summary_large_image","twitter_creator":"@psol50","twitter_site":"@psol50","twitter_misc":{"Escrito por":"Comunica\u00e7\u00e3o PSOL","Est. tempo de leitura":"2 minutos"},"schema":{"@context":"https:\/\/schema.org","@graph":[{"@type":"Article","@id":"https:\/\/psol50.org.br\/mpf-pede-paralisacao-de-belo-monte-por-risco-de-colapso-sanitario\/#article","isPartOf":{"@id":"https:\/\/psol50.org.br\/mpf-pede-paralisacao-de-belo-monte-por-risco-de-colapso-sanitario\/"},"author":{"name":"Comunica\u00e7\u00e3o PSOL","@id":"https:\/\/psol50.org.br\/#\/schema\/person\/475dfa57d0b815993c714c2e96491fcd"},"headline":"MPF pede paralisa\u00e7\u00e3o de Belo Monte por risco de colapso sanit\u00e1rio","datePublished":"2016-03-11T18:53:22+00:00","mainEntityOfPage":{"@id":"https:\/\/psol50.org.br\/mpf-pede-paralisacao-de-belo-monte-por-risco-de-colapso-sanitario\/"},"wordCount":345,"commentCount":0,"publisher":{"@id":"https:\/\/psol50.org.br\/#organization"},"image":{"@id":"https:\/\/psol50.org.br\/mpf-pede-paralisacao-de-belo-monte-por-risco-de-colapso-sanitario\/#primaryimage"},"thumbnailUrl":"https:\/\/psol50.org.br\/inc\/uploads\/2015\/11\/Obras-de-Belo-Monte1-e1448893236619.jpg","keywords":["Altamira","Belo Monte","colapso sanit\u00e1rio","Ibama","MPF","Norte Energia S.A","Par\u00e1","usina"],"articleSection":["Brasil"],"inLanguage":"pt-BR","potentialAction":[{"@type":"CommentAction","name":"Comment","target":["https:\/\/psol50.org.br\/mpf-pede-paralisacao-de-belo-monte-por-risco-de-colapso-sanitario\/#respond"]}]},{"@type":"WebPage","@id":"https:\/\/psol50.org.br\/mpf-pede-paralisacao-de-belo-monte-por-risco-de-colapso-sanitario\/","url":"https:\/\/psol50.org.br\/mpf-pede-paralisacao-de-belo-monte-por-risco-de-colapso-sanitario\/","name":"MPF pede paralisa\u00e7\u00e3o de Belo Monte por risco de colapso sanit\u00e1rio - PSOL 50","isPartOf":{"@id":"https:\/\/psol50.org.br\/#website"},"primaryImageOfPage":{"@id":"https:\/\/psol50.org.br\/mpf-pede-paralisacao-de-belo-monte-por-risco-de-colapso-sanitario\/#primaryimage"},"image":{"@id":"https:\/\/psol50.org.br\/mpf-pede-paralisacao-de-belo-monte-por-risco-de-colapso-sanitario\/#primaryimage"},"thumbnailUrl":"https:\/\/psol50.org.br\/inc\/uploads\/2015\/11\/Obras-de-Belo-Monte1-e1448893236619.jpg","datePublished":"2016-03-11T18:53:22+00:00","breadcrumb":{"@id":"https:\/\/psol50.org.br\/mpf-pede-paralisacao-de-belo-monte-por-risco-de-colapso-sanitario\/#breadcrumb"},"inLanguage":"pt-BR","potentialAction":[{"@type":"ReadAction","target":["https:\/\/psol50.org.br\/mpf-pede-paralisacao-de-belo-monte-por-risco-de-colapso-sanitario\/"]}]},{"@type":"ImageObject","inLanguage":"pt-BR","@id":"https:\/\/psol50.org.br\/mpf-pede-paralisacao-de-belo-monte-por-risco-de-colapso-sanitario\/#primaryimage","url":"https:\/\/psol50.org.br\/inc\/uploads\/2015\/11\/Obras-de-Belo-Monte1-e1448893236619.jpg","contentUrl":"https:\/\/psol50.org.br\/inc\/uploads\/2015\/11\/Obras-de-Belo-Monte1-e1448893236619.jpg","width":1000,"height":664,"caption":"Obras da Usina Hidrel\u00e9trica de Belo Monte - Fotos Ricardo Joffily\/Ascom DPU. Liberada publica\u00e7\u00e3o da foto para fins jornal\u00edsticos, desde que creditada a autoria."},{"@type":"BreadcrumbList","@id":"https:\/\/psol50.org.br\/mpf-pede-paralisacao-de-belo-monte-por-risco-de-colapso-sanitario\/#breadcrumb","itemListElement":[{"@type":"ListItem","position":1,"name":"In\u00edcio","item":"https:\/\/psol50.org.br\/"},{"@type":"ListItem","position":2,"name":"MPF pede paralisa\u00e7\u00e3o de Belo Monte por risco de colapso sanit\u00e1rio"}]},{"@type":"WebSite","@id":"https:\/\/psol50.org.br\/#website","url":"https:\/\/psol50.org.br\/","name":"PSOL 50","description":"Site oficial do Partido Socialismo e Liberdade","publisher":{"@id":"https:\/\/psol50.org.br\/#organization"},"alternateName":"PSOL50","potentialAction":[{"@type":"SearchAction","target":{"@type":"EntryPoint","urlTemplate":"https:\/\/psol50.org.br\/?s={search_term_string}"},"query-input":{"@type":"PropertyValueSpecification","valueRequired":true,"valueName":"search_term_string"}}],"inLanguage":"pt-BR"},{"@type":"Organization","@id":"https:\/\/psol50.org.br\/#organization","name":"PSOL 50","alternateName":"PSOL 50","url":"https:\/\/psol50.org.br\/","logo":{"@type":"ImageObject","inLanguage":"pt-BR","@id":"https:\/\/psol50.org.br\/#\/schema\/logo\/image\/","url":"https:\/\/psol50.org.br\/inc\/uploads\/2018\/07\/capa.png","contentUrl":"https:\/\/psol50.org.br\/inc\/uploads\/2018\/07\/capa.png","width":1350,"height":900,"caption":"PSOL 50"},"image":{"@id":"https:\/\/psol50.org.br\/#\/schema\/logo\/image\/"},"sameAs":["https:\/\/www.facebook.com\/psol50","https:\/\/x.com\/psol50","https:\/\/www.instagram.com\/psol50\/","https:\/\/www.youtube.com\/channel\/UC7SnJS5o1os7a6CaiNabzcg"]},{"@type":"Person","@id":"https:\/\/psol50.org.br\/#\/schema\/person\/475dfa57d0b815993c714c2e96491fcd","name":"Comunica\u00e7\u00e3o PSOL","image":{"@type":"ImageObject","inLanguage":"pt-BR","@id":"https:\/\/psol50.org.br\/#\/schema\/person\/image\/","url":"https:\/\/secure.gravatar.com\/avatar\/b34fc4f4e468a4e51785917065a3db57b841f5c95dba6ad8c73aaf8f66f8f9bf?s=96&d=mm&r=g","contentUrl":"https:\/\/secure.gravatar.com\/avatar\/b34fc4f4e468a4e51785917065a3db57b841f5c95dba6ad8c73aaf8f66f8f9bf?s=96&d=mm&r=g","caption":"Comunica\u00e7\u00e3o PSOL"}}]}},"_links":{"self":[{"href":"https:\/\/psol50.org.br\/rest\/wp\/v2\/posts\/11624","targetHints":{"allow":["GET"]}}],"collection":[{"href":"https:\/\/psol50.org.br\/rest\/wp\/v2\/posts"}],"about":[{"href":"https:\/\/psol50.org.br\/rest\/wp\/v2\/types\/post"}],"author":[{"embeddable":true,"href":"https:\/\/psol50.org.br\/rest\/wp\/v2\/users\/2"}],"replies":[{"embeddable":true,"href":"https:\/\/psol50.org.br\/rest\/wp\/v2\/comments?post=11624"}],"version-history":[{"count":0,"href":"https:\/\/psol50.org.br\/rest\/wp\/v2\/posts\/11624\/revisions"}],"wp:featuredmedia":[{"embeddable":true,"href":"https:\/\/psol50.org.br\/rest\/wp\/v2\/media\/10759"}],"wp:attachment":[{"href":"https:\/\/psol50.org.br\/rest\/wp\/v2\/media?parent=11624"}],"wp:term":[{"taxonomy":"category","embeddable":true,"href":"https:\/\/psol50.org.br\/rest\/wp\/v2\/categories?post=11624"},{"taxonomy":"post_tag","embeddable":true,"href":"https:\/\/psol50.org.br\/rest\/wp\/v2\/tags?post=11624"}],"curies":[{"name":"wp","href":"https:\/\/api.w.org\/{rel}","templated":true}]}}