{"id":11632,"date":"2016-03-13T20:24:10","date_gmt":"2016-03-13T20:24:10","guid":{"rendered":"http:\/\/www.psol50.org.br\/?p=11632"},"modified":"2016-03-13T20:24:10","modified_gmt":"2016-03-13T20:24:10","slug":"luiza-erundina-bem-vinda-ao-psol","status":"publish","type":"post","link":"https:\/\/psol50.org.br\/luiza-erundina-bem-vinda-ao-psol\/","title":{"rendered":"Luiza Erundina: bem-vinda ao PSOL"},"content":{"rendered":"<p>Neste domingo (13), o PSOL recebeu com grande entusiasmo a filia\u00e7\u00e3o da deputada federal Luiz Erundina (SP), em evento na capital paulista com as dire\u00e7\u00f5es municipal e estadual do estado, o deputado Ivan Valente, vereador Toninho Vespoli e diversos militantes do partido.<\/p>\n<p>A filia\u00e7\u00e3o da hist\u00f3rica deputada, que saiu do PSB e se dedica tamb\u00e9m \u00e0 constru\u00e7\u00e3o do <a href=\"https:\/\/www.facebook.com\/RaizMovimentoCidadanista\/\" target=\"_blank\" rel=\"noopener\"><strong>RAIZ &#8211; Movimento Cidadanista<\/strong><\/a>, se deu ap\u00f3s diversas conversas entre Erundina e a bancada do PSOL na C\u00e2mara dos Deputados e a Dire\u00e7\u00e3o Nacional.<\/p>\n<p>Erundina, que ser\u00e1 a segunda deputada federal do partido (Luciana Genro exerceu mandato at\u00e9 2010), soma-se \u00e0 bancada federal e, junto ao l\u00edder Ivan Valente, representar\u00e1 o estado de S\u00e3o Paulo.<\/p>\n<p>A proximidade pol\u00edtica de Luiza Erundina com o PSOL n\u00e3o \u00e9 de hoje. A deputada \u00e9 parceira de longa data do partido em temas como a Reforma Pol\u00edtica, a democratiza\u00e7\u00e3o da m\u00eddia, os direitos das mulheres e a educa\u00e7\u00e3o.<\/p>\n<p><strong>Repercuss\u00e3o<\/strong><\/p>\n<p><strong>Luiza Erundina<\/strong><\/p>\n<div id=\"fb-root\"><\/div>\n<p><script>(function(d, s, id) {  var js, fjs = d.getElementsByTagName(s)[0];  if (d.getElementById(id)) return;  js = d.createElement(s); js.id = id;  js.src = \"\/\/connect.facebook.net\/pt_BR\/sdk.js#xfbml=1&version=v2.3\";  fjs.parentNode.insertBefore(js, fjs);}(document, 'script', 'facebook-jssdk'));<\/script><\/p>\n<div class=\"fb-post\" data-href=\"https:\/\/www.facebook.com\/luizaerundina\/posts\/1141514969214750\" data-width=\"500\">\n<div class=\"fb-xfbml-parse-ignore\">\n<blockquote cite=\"https:\/\/www.facebook.com\/luizaerundina\/posts\/1141514969214750\">\n<p>A deputada federal Luiza Erundina realizou, na manh&#xe3; deste domingo, na capital paulista, ato de filia&#xe7;&#xe3;o ao PSOL. Ao&#8230;<\/p>\n<p>Publicado por <a href=\"https:\/\/www.facebook.com\/luizaerundina\/\">Luiza Erundina<\/a> em&nbsp;<a href=\"https:\/\/www.facebook.com\/luizaerundina\/posts\/1141514969214750\">Domingo, 13 de mar\u00e7o de 2016<\/a><\/p><\/blockquote>\n<\/div>\n<\/div>\n<p>&nbsp;<\/p>\n<p>[divide color=&#8221;#&#8221;]<\/p>\n<p><strong>Ivan Valente<\/strong><\/p>\n<div id=\"fb-root\"><\/div>\n<p><script>(function(d, s, id) {  var js, fjs = d.getElementsByTagName(s)[0];  if (d.getElementById(id)) return;  js = d.createElement(s); js.id = id;  js.src = \"\/\/connect.facebook.net\/pt_BR\/sdk.js#xfbml=1&version=v2.3\";  fjs.parentNode.insertBefore(js, fjs);}(document, 'script', 'facebook-jssdk'));<\/script><\/p>\n<div class=\"fb-post\" data-href=\"https:\/\/www.facebook.com\/IvanValentePSOL\/posts\/1153367988041415:0\" data-width=\"500\">\n<div class=\"fb-xfbml-parse-ignore\">\n<blockquote cite=\"https:\/\/www.facebook.com\/IvanValentePSOL\/posts\/1153367988041415:0\">\n<p>Luiza Erundina no PSOL!Hoje &#xe9; um dia de alegria para o PSOL. Luiza Erundina se filiou no nosso partido. Imenso privil&#xe9;&#8230;<\/p>\n<p>Publicado por <a href=\"https:\/\/www.facebook.com\/IvanValentePSOL\/\">Ivan Valente<\/a> em&nbsp;<a href=\"https:\/\/www.facebook.com\/IvanValentePSOL\/posts\/1153367988041415:0\">Domingo, 13 de mar\u00e7o de 2016<\/a><\/p><\/blockquote>\n<\/div>\n<\/div>\n<p>&nbsp;<\/p>\n<p>[divide color=&#8221;#&#8221;]<\/p>\n<p><strong>Jean Wyllys (PSOL\/RJ)<\/strong><\/p>\n<p>&nbsp;<\/p>\n<div id=\"fb-root\"><\/div>\n<p><script>(function(d, s, id) {  var js, fjs = d.getElementsByTagName(s)[0];  if (d.getElementById(id)) return;  js = d.createElement(s); js.id = id;  js.src = \"\/\/connect.facebook.net\/pt_BR\/sdk.js#xfbml=1&version=v2.3\";  fjs.parentNode.insertBefore(js, fjs);}(document, 'script', 'facebook-jssdk'));<\/script><\/p>\n<div class=\"fb-post\" data-href=\"https:\/\/www.facebook.com\/jean.wyllys\/posts\/1046716568709683\" data-width=\"500\">\n<div class=\"fb-xfbml-parse-ignore\">\n<blockquote cite=\"https:\/\/www.facebook.com\/jean.wyllys\/posts\/1046716568709683:0\">\n<p>Na quinta-feira, no dia do meu anivers&#xe1;rio, eu comentei com voc&#xea;s que o presente mais bonito que eu recebi foi &quot;a vinda&#8230;<\/p>\n<p>Publicado por <a href=\"https:\/\/www.facebook.com\/jean.wyllys\/\">Jean Wyllys<\/a> em&nbsp;<a href=\"https:\/\/www.facebook.com\/jean.wyllys\/posts\/1046716568709683:0\">Domingo, 13 de mar\u00e7o de 2016<\/a><\/p><\/blockquote>\n<\/div>\n<\/div>\n<p>&nbsp;<\/p>\n<p>[divide color=&#8221;#&#8221;]<\/p>\n<p><strong>Hist\u00f3ria<\/strong><\/p>\n<p>Com uma vida inteira dedicada \u00e0 Pol\u00edtica, a paraibana Luiza Erundina foi a primeira mulher a se eleger prefeita de S\u00e3o Paulo. Sua gest\u00e3o foi marcada pelo avan\u00e7o nos direitos sociais e ficou conhecida por ter formulado, junto a Lucio Gregori, a proposta de Tarifa Zero no transporte p\u00fablico.<\/p>\n<p>Erundina \u00e9 deputada federal desde o ano de 1999, atuando\u00a0pela inclus\u00e3o da classe trabalhadora, dos exclu\u00eddos e das minorias, tendo como princ\u00edpio maior a justi\u00e7a social e a igualdade de direitos. Na C\u00e2mara, Luiza Erundina tem se destacado na atua\u00e7\u00e3o junto \u00e0 Comiss\u00e3o de Ci\u00eancia e Tecnologia, Comunica\u00e7\u00e3o e Inform\u00e1tica (CCTCI), \u00e0 Comiss\u00e3o de Legisla\u00e7\u00e3o Participativa, (CLP) da qual foi sua primeira presidente e tamb\u00e9m \u00e9 integrante da Comiss\u00e3o de Direitos Humanos e Minorias (CDHM), na qual coordena a Subcomiss\u00e3o Permanente de Mem\u00f3ria, Verdade e Justi\u00e7a.<\/p>\n<p>Atualmente Luiza Erundina est\u00e1 no seu quarto mandato como deputada federal e \u00e9 coordenadora da Frente Parlamentar pela Reforma Pol\u00edtica com Participa\u00e7\u00e3o Popular e da Frente Parlamentar pela Liberdade de Express\u00e3o e o Direito \u00e0 Comunica\u00e7\u00e3o com Participa\u00e7\u00e3o Popular (Frentecom). Destaca-se ainda na luta pela amplia\u00e7\u00e3o da participa\u00e7\u00e3o das mulheres na pol\u00edtica, pela democratiza\u00e7\u00e3o dos meios de comunica\u00e7\u00e3o no Brasil e pela reforma do sistema pol\u00edtico brasileiro.<\/p>\n","protected":false},"excerpt":{"rendered":"<p>Neste domingo (13), o PSOL recebeu com grande entusiasmo a filia\u00e7\u00e3o da deputada federal Luiz Erundina (SP), em evento na capital paulista com as dire\u00e7\u00f5es municipal e estadual do estado, o deputado Ivan Valente, vereador Toninho Vespoli e diversos militantes do partido. A filia\u00e7\u00e3o da hist\u00f3rica deputada, que saiu do PSB e se dedica tamb\u00e9m [&hellip;]<\/p>\n","protected":false},"author":2,"featured_media":11639,"comment_status":"open","ping_status":"open","sticky":false,"template":"","format":"standard","meta":{"_acf_changed":false,"footnotes":""},"categories":[10,1882,654,6,14],"tags":[552,663,553,22,117],"class_list":{"0":"post-11632","1":"post","2":"type-post","3":"status-publish","4":"format-standard","5":"has-post-thumbnail","7":"category-acao-parlamentares","8":"category-brasil","9":"category-estados","10":"category-noticias","11":"category-partido","12":"tag-ivan-valente","13":"tag-jean-wyllys","14":"tag-luiza-erundina","15":"tag-psol","16":"tag-sao-paulo"},"acf":[],"yoast_head":"<!-- This site is optimized with the Yoast SEO plugin v26.5 - https:\/\/yoast.com\/wordpress\/plugins\/seo\/ -->\n<title>Luiza Erundina: bem-vinda ao PSOL - PSOL 50<\/title>\n<meta name=\"robots\" content=\"index, follow, max-snippet:-1, max-image-preview:large, max-video-preview:-1\" \/>\n<link rel=\"canonical\" href=\"https:\/\/psol50.org.br\/luiza-erundina-bem-vinda-ao-psol\/\" \/>\n<meta property=\"og:locale\" content=\"pt_BR\" \/>\n<meta property=\"og:type\" content=\"article\" \/>\n<meta property=\"og:title\" content=\"Luiza Erundina: bem-vinda ao PSOL - PSOL 50\" \/>\n<meta property=\"og:description\" content=\"Neste domingo (13), o PSOL recebeu com grande entusiasmo a filia\u00e7\u00e3o da deputada federal Luiz Erundina (SP), em evento na capital paulista com as dire\u00e7\u00f5es municipal e estadual do estado, o deputado Ivan Valente, vereador Toninho Vespoli e diversos militantes do partido. A filia\u00e7\u00e3o da hist\u00f3rica deputada, que saiu do PSB e se dedica tamb\u00e9m [&hellip;]\" \/>\n<meta property=\"og:url\" content=\"https:\/\/psol50.org.br\/luiza-erundina-bem-vinda-ao-psol\/\" \/>\n<meta property=\"og:site_name\" content=\"PSOL 50\" \/>\n<meta property=\"article:publisher\" content=\"https:\/\/www.facebook.com\/psol50\" \/>\n<meta property=\"article:published_time\" content=\"2016-03-13T20:24:10+00:00\" \/>\n<meta property=\"og:image\" content=\"https:\/\/psol50.org.br\/inc\/uploads\/2018\/07\/capa.png\" \/>\n\t<meta property=\"og:image:width\" content=\"1350\" \/>\n\t<meta property=\"og:image:height\" content=\"900\" \/>\n\t<meta property=\"og:image:type\" content=\"image\/png\" \/>\n<meta name=\"author\" content=\"Comunica\u00e7\u00e3o PSOL\" \/>\n<meta name=\"twitter:card\" content=\"summary_large_image\" \/>\n<meta name=\"twitter:creator\" content=\"@psol50\" \/>\n<meta name=\"twitter:site\" content=\"@psol50\" \/>\n<meta name=\"twitter:label1\" content=\"Escrito por\" \/>\n\t<meta name=\"twitter:data1\" content=\"Comunica\u00e7\u00e3o PSOL\" \/>\n\t<meta name=\"twitter:label2\" content=\"Est. tempo de leitura\" \/>\n\t<meta name=\"twitter:data2\" content=\"3 minutos\" \/>\n<script type=\"application\/ld+json\" class=\"yoast-schema-graph\">{\"@context\":\"https:\/\/schema.org\",\"@graph\":[{\"@type\":\"Article\",\"@id\":\"https:\/\/psol50.org.br\/luiza-erundina-bem-vinda-ao-psol\/#article\",\"isPartOf\":{\"@id\":\"https:\/\/psol50.org.br\/luiza-erundina-bem-vinda-ao-psol\/\"},\"author\":{\"name\":\"Comunica\u00e7\u00e3o PSOL\",\"@id\":\"https:\/\/psol50.org.br\/#\/schema\/person\/475dfa57d0b815993c714c2e96491fcd\"},\"headline\":\"Luiza Erundina: bem-vinda ao PSOL\",\"datePublished\":\"2016-03-13T20:24:10+00:00\",\"mainEntityOfPage\":{\"@id\":\"https:\/\/psol50.org.br\/luiza-erundina-bem-vinda-ao-psol\/\"},\"wordCount\":524,\"commentCount\":0,\"publisher\":{\"@id\":\"https:\/\/psol50.org.br\/#organization\"},\"image\":{\"@id\":\"https:\/\/psol50.org.br\/luiza-erundina-bem-vinda-ao-psol\/#primaryimage\"},\"thumbnailUrl\":\"\",\"keywords\":[\"Ivan Valente\",\"Jean Wyllys\",\"Luiza Erundina\",\"PSOL\",\"S\u00e3o Paulo\"],\"articleSection\":[\"A\u00e7\u00e3o Parlamentar\",\"Brasil\",\"Estados\",\"Not\u00edcias\",\"Partido\"],\"inLanguage\":\"pt-BR\",\"potentialAction\":[{\"@type\":\"CommentAction\",\"name\":\"Comment\",\"target\":[\"https:\/\/psol50.org.br\/luiza-erundina-bem-vinda-ao-psol\/#respond\"]}]},{\"@type\":\"WebPage\",\"@id\":\"https:\/\/psol50.org.br\/luiza-erundina-bem-vinda-ao-psol\/\",\"url\":\"https:\/\/psol50.org.br\/luiza-erundina-bem-vinda-ao-psol\/\",\"name\":\"Luiza Erundina: bem-vinda ao PSOL - PSOL 50\",\"isPartOf\":{\"@id\":\"https:\/\/psol50.org.br\/#website\"},\"primaryImageOfPage\":{\"@id\":\"https:\/\/psol50.org.br\/luiza-erundina-bem-vinda-ao-psol\/#primaryimage\"},\"image\":{\"@id\":\"https:\/\/psol50.org.br\/luiza-erundina-bem-vinda-ao-psol\/#primaryimage\"},\"thumbnailUrl\":\"\",\"datePublished\":\"2016-03-13T20:24:10+00:00\",\"breadcrumb\":{\"@id\":\"https:\/\/psol50.org.br\/luiza-erundina-bem-vinda-ao-psol\/#breadcrumb\"},\"inLanguage\":\"pt-BR\",\"potentialAction\":[{\"@type\":\"ReadAction\",\"target\":[\"https:\/\/psol50.org.br\/luiza-erundina-bem-vinda-ao-psol\/\"]}]},{\"@type\":\"ImageObject\",\"inLanguage\":\"pt-BR\",\"@id\":\"https:\/\/psol50.org.br\/luiza-erundina-bem-vinda-ao-psol\/#primaryimage\",\"url\":\"\",\"contentUrl\":\"\"},{\"@type\":\"BreadcrumbList\",\"@id\":\"https:\/\/psol50.org.br\/luiza-erundina-bem-vinda-ao-psol\/#breadcrumb\",\"itemListElement\":[{\"@type\":\"ListItem\",\"position\":1,\"name\":\"In\u00edcio\",\"item\":\"https:\/\/psol50.org.br\/\"},{\"@type\":\"ListItem\",\"position\":2,\"name\":\"Luiza Erundina: bem-vinda ao PSOL\"}]},{\"@type\":\"WebSite\",\"@id\":\"https:\/\/psol50.org.br\/#website\",\"url\":\"https:\/\/psol50.org.br\/\",\"name\":\"PSOL 50\",\"description\":\"Site oficial do Partido Socialismo e Liberdade\",\"publisher\":{\"@id\":\"https:\/\/psol50.org.br\/#organization\"},\"alternateName\":\"PSOL50\",\"potentialAction\":[{\"@type\":\"SearchAction\",\"target\":{\"@type\":\"EntryPoint\",\"urlTemplate\":\"https:\/\/psol50.org.br\/?s={search_term_string}\"},\"query-input\":{\"@type\":\"PropertyValueSpecification\",\"valueRequired\":true,\"valueName\":\"search_term_string\"}}],\"inLanguage\":\"pt-BR\"},{\"@type\":\"Organization\",\"@id\":\"https:\/\/psol50.org.br\/#organization\",\"name\":\"PSOL 50\",\"alternateName\":\"PSOL 50\",\"url\":\"https:\/\/psol50.org.br\/\",\"logo\":{\"@type\":\"ImageObject\",\"inLanguage\":\"pt-BR\",\"@id\":\"https:\/\/psol50.org.br\/#\/schema\/logo\/image\/\",\"url\":\"https:\/\/psol50.org.br\/inc\/uploads\/2018\/07\/capa.png\",\"contentUrl\":\"https:\/\/psol50.org.br\/inc\/uploads\/2018\/07\/capa.png\",\"width\":1350,\"height\":900,\"caption\":\"PSOL 50\"},\"image\":{\"@id\":\"https:\/\/psol50.org.br\/#\/schema\/logo\/image\/\"},\"sameAs\":[\"https:\/\/www.facebook.com\/psol50\",\"https:\/\/x.com\/psol50\",\"https:\/\/www.instagram.com\/psol50\/\",\"https:\/\/www.youtube.com\/channel\/UC7SnJS5o1os7a6CaiNabzcg\"]},{\"@type\":\"Person\",\"@id\":\"https:\/\/psol50.org.br\/#\/schema\/person\/475dfa57d0b815993c714c2e96491fcd\",\"name\":\"Comunica\u00e7\u00e3o PSOL\",\"image\":{\"@type\":\"ImageObject\",\"inLanguage\":\"pt-BR\",\"@id\":\"https:\/\/psol50.org.br\/#\/schema\/person\/image\/\",\"url\":\"https:\/\/secure.gravatar.com\/avatar\/b34fc4f4e468a4e51785917065a3db57b841f5c95dba6ad8c73aaf8f66f8f9bf?s=96&d=mm&r=g\",\"contentUrl\":\"https:\/\/secure.gravatar.com\/avatar\/b34fc4f4e468a4e51785917065a3db57b841f5c95dba6ad8c73aaf8f66f8f9bf?s=96&d=mm&r=g\",\"caption\":\"Comunica\u00e7\u00e3o PSOL\"}}]}<\/script>\n<!-- \/ Yoast SEO plugin. -->","yoast_head_json":{"title":"Luiza Erundina: bem-vinda ao PSOL - PSOL 50","robots":{"index":"index","follow":"follow","max-snippet":"max-snippet:-1","max-image-preview":"max-image-preview:large","max-video-preview":"max-video-preview:-1"},"canonical":"https:\/\/psol50.org.br\/luiza-erundina-bem-vinda-ao-psol\/","og_locale":"pt_BR","og_type":"article","og_title":"Luiza Erundina: bem-vinda ao PSOL - PSOL 50","og_description":"Neste domingo (13), o PSOL recebeu com grande entusiasmo a filia\u00e7\u00e3o da deputada federal Luiz Erundina (SP), em evento na capital paulista com as dire\u00e7\u00f5es municipal e estadual do estado, o deputado Ivan Valente, vereador Toninho Vespoli e diversos militantes do partido. A filia\u00e7\u00e3o da hist\u00f3rica deputada, que saiu do PSB e se dedica tamb\u00e9m [&hellip;]","og_url":"https:\/\/psol50.org.br\/luiza-erundina-bem-vinda-ao-psol\/","og_site_name":"PSOL 50","article_publisher":"https:\/\/www.facebook.com\/psol50","article_published_time":"2016-03-13T20:24:10+00:00","og_image":[{"width":1350,"height":900,"url":"https:\/\/psol50.org.br\/inc\/uploads\/2018\/07\/capa.png","type":"image\/png"}],"author":"Comunica\u00e7\u00e3o PSOL","twitter_card":"summary_large_image","twitter_creator":"@psol50","twitter_site":"@psol50","twitter_misc":{"Escrito por":"Comunica\u00e7\u00e3o PSOL","Est. tempo de leitura":"3 minutos"},"schema":{"@context":"https:\/\/schema.org","@graph":[{"@type":"Article","@id":"https:\/\/psol50.org.br\/luiza-erundina-bem-vinda-ao-psol\/#article","isPartOf":{"@id":"https:\/\/psol50.org.br\/luiza-erundina-bem-vinda-ao-psol\/"},"author":{"name":"Comunica\u00e7\u00e3o PSOL","@id":"https:\/\/psol50.org.br\/#\/schema\/person\/475dfa57d0b815993c714c2e96491fcd"},"headline":"Luiza Erundina: bem-vinda ao PSOL","datePublished":"2016-03-13T20:24:10+00:00","mainEntityOfPage":{"@id":"https:\/\/psol50.org.br\/luiza-erundina-bem-vinda-ao-psol\/"},"wordCount":524,"commentCount":0,"publisher":{"@id":"https:\/\/psol50.org.br\/#organization"},"image":{"@id":"https:\/\/psol50.org.br\/luiza-erundina-bem-vinda-ao-psol\/#primaryimage"},"thumbnailUrl":"","keywords":["Ivan Valente","Jean Wyllys","Luiza Erundina","PSOL","S\u00e3o Paulo"],"articleSection":["A\u00e7\u00e3o Parlamentar","Brasil","Estados","Not\u00edcias","Partido"],"inLanguage":"pt-BR","potentialAction":[{"@type":"CommentAction","name":"Comment","target":["https:\/\/psol50.org.br\/luiza-erundina-bem-vinda-ao-psol\/#respond"]}]},{"@type":"WebPage","@id":"https:\/\/psol50.org.br\/luiza-erundina-bem-vinda-ao-psol\/","url":"https:\/\/psol50.org.br\/luiza-erundina-bem-vinda-ao-psol\/","name":"Luiza Erundina: bem-vinda ao PSOL - PSOL 50","isPartOf":{"@id":"https:\/\/psol50.org.br\/#website"},"primaryImageOfPage":{"@id":"https:\/\/psol50.org.br\/luiza-erundina-bem-vinda-ao-psol\/#primaryimage"},"image":{"@id":"https:\/\/psol50.org.br\/luiza-erundina-bem-vinda-ao-psol\/#primaryimage"},"thumbnailUrl":"","datePublished":"2016-03-13T20:24:10+00:00","breadcrumb":{"@id":"https:\/\/psol50.org.br\/luiza-erundina-bem-vinda-ao-psol\/#breadcrumb"},"inLanguage":"pt-BR","potentialAction":[{"@type":"ReadAction","target":["https:\/\/psol50.org.br\/luiza-erundina-bem-vinda-ao-psol\/"]}]},{"@type":"ImageObject","inLanguage":"pt-BR","@id":"https:\/\/psol50.org.br\/luiza-erundina-bem-vinda-ao-psol\/#primaryimage","url":"","contentUrl":""},{"@type":"BreadcrumbList","@id":"https:\/\/psol50.org.br\/luiza-erundina-bem-vinda-ao-psol\/#breadcrumb","itemListElement":[{"@type":"ListItem","position":1,"name":"In\u00edcio","item":"https:\/\/psol50.org.br\/"},{"@type":"ListItem","position":2,"name":"Luiza Erundina: bem-vinda ao PSOL"}]},{"@type":"WebSite","@id":"https:\/\/psol50.org.br\/#website","url":"https:\/\/psol50.org.br\/","name":"PSOL 50","description":"Site oficial do Partido Socialismo e Liberdade","publisher":{"@id":"https:\/\/psol50.org.br\/#organization"},"alternateName":"PSOL50","potentialAction":[{"@type":"SearchAction","target":{"@type":"EntryPoint","urlTemplate":"https:\/\/psol50.org.br\/?s={search_term_string}"},"query-input":{"@type":"PropertyValueSpecification","valueRequired":true,"valueName":"search_term_string"}}],"inLanguage":"pt-BR"},{"@type":"Organization","@id":"https:\/\/psol50.org.br\/#organization","name":"PSOL 50","alternateName":"PSOL 50","url":"https:\/\/psol50.org.br\/","logo":{"@type":"ImageObject","inLanguage":"pt-BR","@id":"https:\/\/psol50.org.br\/#\/schema\/logo\/image\/","url":"https:\/\/psol50.org.br\/inc\/uploads\/2018\/07\/capa.png","contentUrl":"https:\/\/psol50.org.br\/inc\/uploads\/2018\/07\/capa.png","width":1350,"height":900,"caption":"PSOL 50"},"image":{"@id":"https:\/\/psol50.org.br\/#\/schema\/logo\/image\/"},"sameAs":["https:\/\/www.facebook.com\/psol50","https:\/\/x.com\/psol50","https:\/\/www.instagram.com\/psol50\/","https:\/\/www.youtube.com\/channel\/UC7SnJS5o1os7a6CaiNabzcg"]},{"@type":"Person","@id":"https:\/\/psol50.org.br\/#\/schema\/person\/475dfa57d0b815993c714c2e96491fcd","name":"Comunica\u00e7\u00e3o PSOL","image":{"@type":"ImageObject","inLanguage":"pt-BR","@id":"https:\/\/psol50.org.br\/#\/schema\/person\/image\/","url":"https:\/\/secure.gravatar.com\/avatar\/b34fc4f4e468a4e51785917065a3db57b841f5c95dba6ad8c73aaf8f66f8f9bf?s=96&d=mm&r=g","contentUrl":"https:\/\/secure.gravatar.com\/avatar\/b34fc4f4e468a4e51785917065a3db57b841f5c95dba6ad8c73aaf8f66f8f9bf?s=96&d=mm&r=g","caption":"Comunica\u00e7\u00e3o PSOL"}}]}},"_links":{"self":[{"href":"https:\/\/psol50.org.br\/rest\/wp\/v2\/posts\/11632","targetHints":{"allow":["GET"]}}],"collection":[{"href":"https:\/\/psol50.org.br\/rest\/wp\/v2\/posts"}],"about":[{"href":"https:\/\/psol50.org.br\/rest\/wp\/v2\/types\/post"}],"author":[{"embeddable":true,"href":"https:\/\/psol50.org.br\/rest\/wp\/v2\/users\/2"}],"replies":[{"embeddable":true,"href":"https:\/\/psol50.org.br\/rest\/wp\/v2\/comments?post=11632"}],"version-history":[{"count":0,"href":"https:\/\/psol50.org.br\/rest\/wp\/v2\/posts\/11632\/revisions"}],"wp:featuredmedia":[{"embeddable":true,"href":"https:\/\/psol50.org.br\/rest\/"}],"wp:attachment":[{"href":"https:\/\/psol50.org.br\/rest\/wp\/v2\/media?parent=11632"}],"wp:term":[{"taxonomy":"category","embeddable":true,"href":"https:\/\/psol50.org.br\/rest\/wp\/v2\/categories?post=11632"},{"taxonomy":"post_tag","embeddable":true,"href":"https:\/\/psol50.org.br\/rest\/wp\/v2\/tags?post=11632"}],"curies":[{"name":"wp","href":"https:\/\/api.w.org\/{rel}","templated":true}]}}