{"id":11653,"date":"2016-03-15T17:00:59","date_gmt":"2016-03-15T17:00:59","guid":{"rendered":"http:\/\/www.psol50.org.br\/?p=11653"},"modified":"2016-03-15T17:00:59","modified_gmt":"2016-03-15T17:00:59","slug":"cidades-rebeldes-entrevista-com-david-harvey","status":"publish","type":"post","link":"https:\/\/psol50.org.br\/cidades-rebeldes-entrevista-com-david-harvey\/","title":{"rendered":"Cidades Rebeldes &#8211; entrevista com David Harvey"},"content":{"rendered":"<p>Os midialivristas do <strong><a href=\"https:\/\/www.facebook.com\/poxavila\/\" target=\"_blank\" rel=\"noopener\">Coletivo Poxavila<\/a><\/strong>, do Rio de Janeiro, aproveitaram a passagem de David Harvey pela cidade para fazer uma breve entrevista com o ge\u00f3grafo, que \u00e9 professor da Universidade de Nova Iorque, grande refer\u00eancia no debate sobre direito \u00e0 cidade e autor do livro &#8220;Cidades Rebeldes&#8221;, que analisa os protestos de junho de 2013 no Brasil.<\/p>\n<p>Harvey esteve no Brasil para realizar diversas confer\u00eancias no curso &#8220;Cidades Rebeldes e Espa\u00e7os de esperan\u00e7a&#8221;, promovido pelo movimento <strong><a href=\"https:\/\/www.facebook.com\/seacidadefossenossa\/\" target=\"_blank\" rel=\"noopener\">Se a Cidade Fosse Nossa<\/a><\/strong>, que contou com a participa\u00e7\u00e3o de representantes do PSOL, como o deputado estadual Marcelo Freixo (RJ), do deputado federal Edmilson Rodrigues (PA) e do presidente da Funda\u00e7\u00e3o Lauro Campos, <strong><a href=\"https:\/\/www.facebook.com\/juliano.medeiros.14\" target=\"_blank\" rel=\"noopener\">Juliano Medeiros<\/a><\/strong>.<\/p>\n<p>Assista abaixo \u00e0 entrevista, de tr\u00eas perguntas, com David Harvey. Para acionar a legenda, \u00e9 preciso clicar no \u00edcone &#8220;configura\u00e7\u00f5es&#8221;, no canto baixo direito, e marcar a op\u00e7\u00e3o &#8220;legendas&#8221;.<\/p>\n<div id=\"fb-root\"><\/div>\n<p><script>(function(d, s, id) {  var js, fjs = d.getElementsByTagName(s)[0];  if (d.getElementById(id)) return;  js = d.createElement(s); js.id = id;  js.src = \"\/\/connect.facebook.net\/pt_BR\/sdk.js#xfbml=1&version=v2.3\";  fjs.parentNode.insertBefore(js, fjs);}(document, 'script', 'facebook-jssdk'));<\/script><\/p>\n<div class=\"fb-post\" data-href=\"https:\/\/www.facebook.com\/poxavila\/videos\/478533949013634\/\" data-width=\"500\">\n<div class=\"fb-xfbml-parse-ignore\">\n<blockquote cite=\"https:\/\/www.facebook.com\/poxavila\/videos\/478533949013634\/\">\n<p>CIDADES REBELDES | ENTREVISTA COM DAVID HARVEYGe&#xf3;grafo da Universidade de Nova Iorque e autor do livro &quot;Cidades&#8230;<\/p>\n<p>Publicado por <a href=\"https:\/\/www.facebook.com\/poxavila\/\">Coletivo Poxavila<\/a> em&nbsp;<a href=\"https:\/\/www.facebook.com\/poxavila\/videos\/478533949013634\/\">Quarta, 9 de mar\u00e7o de 2016<\/a><\/p><\/blockquote>\n<\/div>\n<\/div>\n","protected":false},"excerpt":{"rendered":"<p>Os midialivristas do Coletivo Poxavila, do Rio de Janeiro, aproveitaram a passagem de David Harvey pela cidade para fazer uma breve entrevista com o ge\u00f3grafo, que \u00e9 professor da Universidade de Nova Iorque, grande refer\u00eancia no debate sobre direito \u00e0 cidade e autor do livro &#8220;Cidades Rebeldes&#8221;, que analisa os protestos de junho de 2013 [&hellip;]<\/p>\n","protected":false},"author":2,"featured_media":11654,"comment_status":"open","ping_status":"open","sticky":false,"template":"","format":"standard","meta":{"_acf_changed":false,"footnotes":""},"categories":[1882,654,6],"tags":[4077,4078,973,639,259,161,162,4079],"class_list":{"0":"post-11653","1":"post","2":"type-post","3":"status-publish","4":"format-standard","5":"has-post-thumbnail","7":"category-brasil","8":"category-estados","9":"category-noticias","10":"tag-cidades-rebeldes","11":"tag-david-harvey","12":"tag-edmilson-rodrigues","13":"tag-entrevista","14":"tag-juliano-medeiros","15":"tag-marcelo-freixo","16":"tag-rio-de-janeiro","17":"tag-se-a-cidade-fosse-nossa"},"acf":[],"yoast_head":"<!-- This site is optimized with the Yoast SEO plugin v26.5 - https:\/\/yoast.com\/wordpress\/plugins\/seo\/ -->\n<title>Cidades Rebeldes - entrevista com David Harvey - PSOL 50<\/title>\n<meta name=\"robots\" content=\"index, follow, max-snippet:-1, max-image-preview:large, max-video-preview:-1\" \/>\n<link rel=\"canonical\" href=\"https:\/\/psol50.org.br\/cidades-rebeldes-entrevista-com-david-harvey\/\" \/>\n<meta property=\"og:locale\" content=\"pt_BR\" \/>\n<meta property=\"og:type\" content=\"article\" \/>\n<meta property=\"og:title\" content=\"Cidades Rebeldes - entrevista com David Harvey - PSOL 50\" \/>\n<meta property=\"og:description\" content=\"Os midialivristas do Coletivo Poxavila, do Rio de Janeiro, aproveitaram a passagem de David Harvey pela cidade para fazer uma breve entrevista com o ge\u00f3grafo, que \u00e9 professor da Universidade de Nova Iorque, grande refer\u00eancia no debate sobre direito \u00e0 cidade e autor do livro &#8220;Cidades Rebeldes&#8221;, que analisa os protestos de junho de 2013 [&hellip;]\" \/>\n<meta property=\"og:url\" content=\"https:\/\/psol50.org.br\/cidades-rebeldes-entrevista-com-david-harvey\/\" \/>\n<meta property=\"og:site_name\" content=\"PSOL 50\" \/>\n<meta property=\"article:publisher\" content=\"https:\/\/www.facebook.com\/psol50\" \/>\n<meta property=\"article:published_time\" content=\"2016-03-15T17:00:59+00:00\" \/>\n<meta property=\"og:image\" content=\"https:\/\/psol50.org.br\/inc\/uploads\/2018\/07\/capa.png\" \/>\n\t<meta property=\"og:image:width\" content=\"1350\" \/>\n\t<meta property=\"og:image:height\" content=\"900\" \/>\n\t<meta property=\"og:image:type\" content=\"image\/png\" \/>\n<meta name=\"author\" content=\"Comunica\u00e7\u00e3o PSOL\" \/>\n<meta name=\"twitter:card\" content=\"summary_large_image\" \/>\n<meta name=\"twitter:creator\" content=\"@psol50\" \/>\n<meta name=\"twitter:site\" content=\"@psol50\" \/>\n<meta name=\"twitter:label1\" content=\"Escrito por\" \/>\n\t<meta name=\"twitter:data1\" content=\"Comunica\u00e7\u00e3o PSOL\" \/>\n\t<meta name=\"twitter:label2\" content=\"Est. tempo de leitura\" \/>\n\t<meta name=\"twitter:data2\" content=\"1 minuto\" \/>\n<script type=\"application\/ld+json\" class=\"yoast-schema-graph\">{\"@context\":\"https:\/\/schema.org\",\"@graph\":[{\"@type\":\"Article\",\"@id\":\"https:\/\/psol50.org.br\/cidades-rebeldes-entrevista-com-david-harvey\/#article\",\"isPartOf\":{\"@id\":\"https:\/\/psol50.org.br\/cidades-rebeldes-entrevista-com-david-harvey\/\"},\"author\":{\"name\":\"Comunica\u00e7\u00e3o PSOL\",\"@id\":\"https:\/\/psol50.org.br\/#\/schema\/person\/475dfa57d0b815993c714c2e96491fcd\"},\"headline\":\"Cidades Rebeldes &#8211; entrevista com David Harvey\",\"datePublished\":\"2016-03-15T17:00:59+00:00\",\"mainEntityOfPage\":{\"@id\":\"https:\/\/psol50.org.br\/cidades-rebeldes-entrevista-com-david-harvey\/\"},\"wordCount\":183,\"commentCount\":0,\"publisher\":{\"@id\":\"https:\/\/psol50.org.br\/#organization\"},\"image\":{\"@id\":\"https:\/\/psol50.org.br\/cidades-rebeldes-entrevista-com-david-harvey\/#primaryimage\"},\"thumbnailUrl\":\"\",\"keywords\":[\"Cidades Rebeldes\",\"David Harvey\",\"Edmilson Rodrigues\",\"Entrevista\",\"Juliano Medeiros\",\"Marcelo Freixo\",\"Rio de Janeiro\",\"Se a cidade fosse nossa\"],\"articleSection\":[\"Brasil\",\"Estados\",\"Not\u00edcias\"],\"inLanguage\":\"pt-BR\",\"potentialAction\":[{\"@type\":\"CommentAction\",\"name\":\"Comment\",\"target\":[\"https:\/\/psol50.org.br\/cidades-rebeldes-entrevista-com-david-harvey\/#respond\"]}]},{\"@type\":\"WebPage\",\"@id\":\"https:\/\/psol50.org.br\/cidades-rebeldes-entrevista-com-david-harvey\/\",\"url\":\"https:\/\/psol50.org.br\/cidades-rebeldes-entrevista-com-david-harvey\/\",\"name\":\"Cidades Rebeldes - entrevista com David Harvey - PSOL 50\",\"isPartOf\":{\"@id\":\"https:\/\/psol50.org.br\/#website\"},\"primaryImageOfPage\":{\"@id\":\"https:\/\/psol50.org.br\/cidades-rebeldes-entrevista-com-david-harvey\/#primaryimage\"},\"image\":{\"@id\":\"https:\/\/psol50.org.br\/cidades-rebeldes-entrevista-com-david-harvey\/#primaryimage\"},\"thumbnailUrl\":\"\",\"datePublished\":\"2016-03-15T17:00:59+00:00\",\"breadcrumb\":{\"@id\":\"https:\/\/psol50.org.br\/cidades-rebeldes-entrevista-com-david-harvey\/#breadcrumb\"},\"inLanguage\":\"pt-BR\",\"potentialAction\":[{\"@type\":\"ReadAction\",\"target\":[\"https:\/\/psol50.org.br\/cidades-rebeldes-entrevista-com-david-harvey\/\"]}]},{\"@type\":\"ImageObject\",\"inLanguage\":\"pt-BR\",\"@id\":\"https:\/\/psol50.org.br\/cidades-rebeldes-entrevista-com-david-harvey\/#primaryimage\",\"url\":\"\",\"contentUrl\":\"\"},{\"@type\":\"BreadcrumbList\",\"@id\":\"https:\/\/psol50.org.br\/cidades-rebeldes-entrevista-com-david-harvey\/#breadcrumb\",\"itemListElement\":[{\"@type\":\"ListItem\",\"position\":1,\"name\":\"In\u00edcio\",\"item\":\"https:\/\/psol50.org.br\/\"},{\"@type\":\"ListItem\",\"position\":2,\"name\":\"Cidades Rebeldes &#8211; entrevista com David Harvey\"}]},{\"@type\":\"WebSite\",\"@id\":\"https:\/\/psol50.org.br\/#website\",\"url\":\"https:\/\/psol50.org.br\/\",\"name\":\"PSOL 50\",\"description\":\"Site oficial do Partido Socialismo e Liberdade\",\"publisher\":{\"@id\":\"https:\/\/psol50.org.br\/#organization\"},\"alternateName\":\"PSOL50\",\"potentialAction\":[{\"@type\":\"SearchAction\",\"target\":{\"@type\":\"EntryPoint\",\"urlTemplate\":\"https:\/\/psol50.org.br\/?s={search_term_string}\"},\"query-input\":{\"@type\":\"PropertyValueSpecification\",\"valueRequired\":true,\"valueName\":\"search_term_string\"}}],\"inLanguage\":\"pt-BR\"},{\"@type\":\"Organization\",\"@id\":\"https:\/\/psol50.org.br\/#organization\",\"name\":\"PSOL 50\",\"alternateName\":\"PSOL 50\",\"url\":\"https:\/\/psol50.org.br\/\",\"logo\":{\"@type\":\"ImageObject\",\"inLanguage\":\"pt-BR\",\"@id\":\"https:\/\/psol50.org.br\/#\/schema\/logo\/image\/\",\"url\":\"https:\/\/psol50.org.br\/inc\/uploads\/2018\/07\/capa.png\",\"contentUrl\":\"https:\/\/psol50.org.br\/inc\/uploads\/2018\/07\/capa.png\",\"width\":1350,\"height\":900,\"caption\":\"PSOL 50\"},\"image\":{\"@id\":\"https:\/\/psol50.org.br\/#\/schema\/logo\/image\/\"},\"sameAs\":[\"https:\/\/www.facebook.com\/psol50\",\"https:\/\/x.com\/psol50\",\"https:\/\/www.instagram.com\/psol50\/\",\"https:\/\/www.youtube.com\/channel\/UC7SnJS5o1os7a6CaiNabzcg\"]},{\"@type\":\"Person\",\"@id\":\"https:\/\/psol50.org.br\/#\/schema\/person\/475dfa57d0b815993c714c2e96491fcd\",\"name\":\"Comunica\u00e7\u00e3o PSOL\",\"image\":{\"@type\":\"ImageObject\",\"inLanguage\":\"pt-BR\",\"@id\":\"https:\/\/psol50.org.br\/#\/schema\/person\/image\/\",\"url\":\"https:\/\/secure.gravatar.com\/avatar\/b34fc4f4e468a4e51785917065a3db57b841f5c95dba6ad8c73aaf8f66f8f9bf?s=96&d=mm&r=g\",\"contentUrl\":\"https:\/\/secure.gravatar.com\/avatar\/b34fc4f4e468a4e51785917065a3db57b841f5c95dba6ad8c73aaf8f66f8f9bf?s=96&d=mm&r=g\",\"caption\":\"Comunica\u00e7\u00e3o PSOL\"}}]}<\/script>\n<!-- \/ Yoast SEO plugin. -->","yoast_head_json":{"title":"Cidades Rebeldes - entrevista com David Harvey - PSOL 50","robots":{"index":"index","follow":"follow","max-snippet":"max-snippet:-1","max-image-preview":"max-image-preview:large","max-video-preview":"max-video-preview:-1"},"canonical":"https:\/\/psol50.org.br\/cidades-rebeldes-entrevista-com-david-harvey\/","og_locale":"pt_BR","og_type":"article","og_title":"Cidades Rebeldes - entrevista com David Harvey - PSOL 50","og_description":"Os midialivristas do Coletivo Poxavila, do Rio de Janeiro, aproveitaram a passagem de David Harvey pela cidade para fazer uma breve entrevista com o ge\u00f3grafo, que \u00e9 professor da Universidade de Nova Iorque, grande refer\u00eancia no debate sobre direito \u00e0 cidade e autor do livro &#8220;Cidades Rebeldes&#8221;, que analisa os protestos de junho de 2013 [&hellip;]","og_url":"https:\/\/psol50.org.br\/cidades-rebeldes-entrevista-com-david-harvey\/","og_site_name":"PSOL 50","article_publisher":"https:\/\/www.facebook.com\/psol50","article_published_time":"2016-03-15T17:00:59+00:00","og_image":[{"width":1350,"height":900,"url":"https:\/\/psol50.org.br\/inc\/uploads\/2018\/07\/capa.png","type":"image\/png"}],"author":"Comunica\u00e7\u00e3o PSOL","twitter_card":"summary_large_image","twitter_creator":"@psol50","twitter_site":"@psol50","twitter_misc":{"Escrito por":"Comunica\u00e7\u00e3o PSOL","Est. tempo de leitura":"1 minuto"},"schema":{"@context":"https:\/\/schema.org","@graph":[{"@type":"Article","@id":"https:\/\/psol50.org.br\/cidades-rebeldes-entrevista-com-david-harvey\/#article","isPartOf":{"@id":"https:\/\/psol50.org.br\/cidades-rebeldes-entrevista-com-david-harvey\/"},"author":{"name":"Comunica\u00e7\u00e3o PSOL","@id":"https:\/\/psol50.org.br\/#\/schema\/person\/475dfa57d0b815993c714c2e96491fcd"},"headline":"Cidades Rebeldes &#8211; entrevista com David Harvey","datePublished":"2016-03-15T17:00:59+00:00","mainEntityOfPage":{"@id":"https:\/\/psol50.org.br\/cidades-rebeldes-entrevista-com-david-harvey\/"},"wordCount":183,"commentCount":0,"publisher":{"@id":"https:\/\/psol50.org.br\/#organization"},"image":{"@id":"https:\/\/psol50.org.br\/cidades-rebeldes-entrevista-com-david-harvey\/#primaryimage"},"thumbnailUrl":"","keywords":["Cidades Rebeldes","David Harvey","Edmilson Rodrigues","Entrevista","Juliano Medeiros","Marcelo Freixo","Rio de Janeiro","Se a cidade fosse nossa"],"articleSection":["Brasil","Estados","Not\u00edcias"],"inLanguage":"pt-BR","potentialAction":[{"@type":"CommentAction","name":"Comment","target":["https:\/\/psol50.org.br\/cidades-rebeldes-entrevista-com-david-harvey\/#respond"]}]},{"@type":"WebPage","@id":"https:\/\/psol50.org.br\/cidades-rebeldes-entrevista-com-david-harvey\/","url":"https:\/\/psol50.org.br\/cidades-rebeldes-entrevista-com-david-harvey\/","name":"Cidades Rebeldes - entrevista com David Harvey - PSOL 50","isPartOf":{"@id":"https:\/\/psol50.org.br\/#website"},"primaryImageOfPage":{"@id":"https:\/\/psol50.org.br\/cidades-rebeldes-entrevista-com-david-harvey\/#primaryimage"},"image":{"@id":"https:\/\/psol50.org.br\/cidades-rebeldes-entrevista-com-david-harvey\/#primaryimage"},"thumbnailUrl":"","datePublished":"2016-03-15T17:00:59+00:00","breadcrumb":{"@id":"https:\/\/psol50.org.br\/cidades-rebeldes-entrevista-com-david-harvey\/#breadcrumb"},"inLanguage":"pt-BR","potentialAction":[{"@type":"ReadAction","target":["https:\/\/psol50.org.br\/cidades-rebeldes-entrevista-com-david-harvey\/"]}]},{"@type":"ImageObject","inLanguage":"pt-BR","@id":"https:\/\/psol50.org.br\/cidades-rebeldes-entrevista-com-david-harvey\/#primaryimage","url":"","contentUrl":""},{"@type":"BreadcrumbList","@id":"https:\/\/psol50.org.br\/cidades-rebeldes-entrevista-com-david-harvey\/#breadcrumb","itemListElement":[{"@type":"ListItem","position":1,"name":"In\u00edcio","item":"https:\/\/psol50.org.br\/"},{"@type":"ListItem","position":2,"name":"Cidades Rebeldes &#8211; entrevista com David Harvey"}]},{"@type":"WebSite","@id":"https:\/\/psol50.org.br\/#website","url":"https:\/\/psol50.org.br\/","name":"PSOL 50","description":"Site oficial do Partido Socialismo e Liberdade","publisher":{"@id":"https:\/\/psol50.org.br\/#organization"},"alternateName":"PSOL50","potentialAction":[{"@type":"SearchAction","target":{"@type":"EntryPoint","urlTemplate":"https:\/\/psol50.org.br\/?s={search_term_string}"},"query-input":{"@type":"PropertyValueSpecification","valueRequired":true,"valueName":"search_term_string"}}],"inLanguage":"pt-BR"},{"@type":"Organization","@id":"https:\/\/psol50.org.br\/#organization","name":"PSOL 50","alternateName":"PSOL 50","url":"https:\/\/psol50.org.br\/","logo":{"@type":"ImageObject","inLanguage":"pt-BR","@id":"https:\/\/psol50.org.br\/#\/schema\/logo\/image\/","url":"https:\/\/psol50.org.br\/inc\/uploads\/2018\/07\/capa.png","contentUrl":"https:\/\/psol50.org.br\/inc\/uploads\/2018\/07\/capa.png","width":1350,"height":900,"caption":"PSOL 50"},"image":{"@id":"https:\/\/psol50.org.br\/#\/schema\/logo\/image\/"},"sameAs":["https:\/\/www.facebook.com\/psol50","https:\/\/x.com\/psol50","https:\/\/www.instagram.com\/psol50\/","https:\/\/www.youtube.com\/channel\/UC7SnJS5o1os7a6CaiNabzcg"]},{"@type":"Person","@id":"https:\/\/psol50.org.br\/#\/schema\/person\/475dfa57d0b815993c714c2e96491fcd","name":"Comunica\u00e7\u00e3o PSOL","image":{"@type":"ImageObject","inLanguage":"pt-BR","@id":"https:\/\/psol50.org.br\/#\/schema\/person\/image\/","url":"https:\/\/secure.gravatar.com\/avatar\/b34fc4f4e468a4e51785917065a3db57b841f5c95dba6ad8c73aaf8f66f8f9bf?s=96&d=mm&r=g","contentUrl":"https:\/\/secure.gravatar.com\/avatar\/b34fc4f4e468a4e51785917065a3db57b841f5c95dba6ad8c73aaf8f66f8f9bf?s=96&d=mm&r=g","caption":"Comunica\u00e7\u00e3o PSOL"}}]}},"_links":{"self":[{"href":"https:\/\/psol50.org.br\/rest\/wp\/v2\/posts\/11653","targetHints":{"allow":["GET"]}}],"collection":[{"href":"https:\/\/psol50.org.br\/rest\/wp\/v2\/posts"}],"about":[{"href":"https:\/\/psol50.org.br\/rest\/wp\/v2\/types\/post"}],"author":[{"embeddable":true,"href":"https:\/\/psol50.org.br\/rest\/wp\/v2\/users\/2"}],"replies":[{"embeddable":true,"href":"https:\/\/psol50.org.br\/rest\/wp\/v2\/comments?post=11653"}],"version-history":[{"count":0,"href":"https:\/\/psol50.org.br\/rest\/wp\/v2\/posts\/11653\/revisions"}],"wp:featuredmedia":[{"embeddable":true,"href":"https:\/\/psol50.org.br\/rest\/"}],"wp:attachment":[{"href":"https:\/\/psol50.org.br\/rest\/wp\/v2\/media?parent=11653"}],"wp:term":[{"taxonomy":"category","embeddable":true,"href":"https:\/\/psol50.org.br\/rest\/wp\/v2\/categories?post=11653"},{"taxonomy":"post_tag","embeddable":true,"href":"https:\/\/psol50.org.br\/rest\/wp\/v2\/tags?post=11653"}],"curies":[{"name":"wp","href":"https:\/\/api.w.org\/{rel}","templated":true}]}}