{"id":11656,"date":"2016-03-15T17:25:35","date_gmt":"2016-03-15T17:25:35","guid":{"rendered":"http:\/\/www.psol50.org.br\/?p=11656"},"modified":"2016-03-15T17:25:35","modified_gmt":"2016-03-15T17:25:35","slug":"edmilson-rodrigues-fala-na-conferencia-a-criacao-dos-bens-comuns-urbanos","status":"publish","type":"post","link":"https:\/\/psol50.org.br\/edmilson-rodrigues-fala-na-conferencia-a-criacao-dos-bens-comuns-urbanos\/","title":{"rendered":"Edmilson Rodrigues fala na confer\u00eancia \u201cA cria\u00e7\u00e3o dos bens comuns urbanos\u201d"},"content":{"rendered":"<p>Confira a interven\u00e7\u00e3o do deputado Edmilson Rodrigues durante a Confer\u00eancia \u201cA cria\u00e7\u00e3o dos bens comuns urbanos\u201d com o ge\u00f3grafo e professor de antropologia da City University of New York, David Harvey.\u00a0A Confer\u00eancia na \u00edntegra pode ser vista aqui: <a href=\"https:\/\/www.youtube.com\/watch?v=fuWTNqrWpW0\">https:\/\/www.youtube.com\/watch?v=fuWTNqrWpW0<\/a><\/p>\n<p>Confira abaixo a interven\u00e7\u00e3o do nosso deputado:<\/p>\n<div id=\"fb-root\"><\/div>\n<p><script>(function(d, s, id) {  var js, fjs = d.getElementsByTagName(s)[0];  if (d.getElementById(id)) return;  js = d.createElement(s); js.id = id;  js.src = \"\/\/connect.facebook.net\/pt_BR\/sdk.js#xfbml=1&version=v2.3\";  fjs.parentNode.insertBefore(js, fjs);}(document, 'script', 'facebook-jssdk'));<\/script><\/p>\n<div class=\"fb-video\" data-allowfullscreen=\"1\" data-href=\"https:\/\/www.facebook.com\/edmilsonpsol\/videos\/1104934986213641\/\">\n<div class=\"fb-xfbml-parse-ignore\">\n<blockquote cite=\"https:\/\/www.facebook.com\/edmilsonpsol\/videos\/1104934986213641\/\"><p><a href=\"https:\/\/www.facebook.com\/edmilsonpsol\/videos\/1104934986213641\/\"><\/a><\/p>\n<p>Confira trechos da interven\u00e7\u00e3o de Edmilson Rodrigues durante a Confer\u00eancia \u201cA cria\u00e7\u00e3o dos bens comuns urbanos\u201d com o ge\u00f3grafo e professor de antropologia da City University of New York, David Harvey.A Confer\u00eancia na \u00edntegra pode ser vista aqui: https:\/\/www.youtube.com\/watch?v=fuWTNqrWpW0#EquipeEdmilson<\/p>\n<p>Publicado por <a href=\"https:\/\/www.facebook.com\/edmilsonpsol\/\">Edmilson Rodrigues<\/a> em Segunda, 14 de mar\u00e7o de 2016<\/p><\/blockquote>\n<\/div>\n<\/div>\n","protected":false},"excerpt":{"rendered":"<p>Confira a interven\u00e7\u00e3o do deputado Edmilson Rodrigues durante a Confer\u00eancia \u201cA cria\u00e7\u00e3o dos bens comuns urbanos\u201d com o ge\u00f3grafo e professor de antropologia da City University of New York, David Harvey.\u00a0A Confer\u00eancia na \u00edntegra pode ser vista aqui: https:\/\/www.youtube.com\/watch?v=fuWTNqrWpW0 Confira abaixo a interven\u00e7\u00e3o do nosso deputado: Confira trechos da interven\u00e7\u00e3o de Edmilson Rodrigues durante a [&hellip;]<\/p>\n","protected":false},"author":2,"featured_media":11657,"comment_status":"open","ping_status":"open","sticky":false,"template":"","format":"standard","meta":{"_acf_changed":false,"footnotes":""},"categories":[10,2812],"tags":[481,4078,973,4080,292],"class_list":{"0":"post-11656","1":"post","2":"type-post","3":"status-publish","4":"format-standard","5":"has-post-thumbnail","7":"category-acao-parlamentares","8":"category-videos_tv","9":"tag-capitalismo","10":"tag-david-harvey","11":"tag-edmilson-rodrigues","12":"tag-espacos-urbanos","13":"tag-socialismo"},"acf":[],"yoast_head":"<!-- This site is optimized with the Yoast SEO plugin v26.5 - https:\/\/yoast.com\/wordpress\/plugins\/seo\/ -->\n<title>Edmilson Rodrigues fala na confer\u00eancia \u201cA cria\u00e7\u00e3o dos bens comuns urbanos\u201d - PSOL 50<\/title>\n<meta name=\"robots\" content=\"index, follow, max-snippet:-1, max-image-preview:large, max-video-preview:-1\" \/>\n<link rel=\"canonical\" href=\"https:\/\/psol50.org.br\/edmilson-rodrigues-fala-na-conferencia-a-criacao-dos-bens-comuns-urbanos\/\" \/>\n<meta property=\"og:locale\" content=\"pt_BR\" \/>\n<meta property=\"og:type\" content=\"article\" \/>\n<meta property=\"og:title\" content=\"Edmilson Rodrigues fala na confer\u00eancia \u201cA cria\u00e7\u00e3o dos bens comuns urbanos\u201d - PSOL 50\" \/>\n<meta property=\"og:description\" content=\"Confira a interven\u00e7\u00e3o do deputado Edmilson Rodrigues durante a Confer\u00eancia \u201cA cria\u00e7\u00e3o dos bens comuns urbanos\u201d com o ge\u00f3grafo e professor de antropologia da City University of New York, David Harvey.\u00a0A Confer\u00eancia na \u00edntegra pode ser vista aqui: https:\/\/www.youtube.com\/watch?v=fuWTNqrWpW0 Confira abaixo a interven\u00e7\u00e3o do nosso deputado: Confira trechos da interven\u00e7\u00e3o de Edmilson Rodrigues durante a [&hellip;]\" \/>\n<meta property=\"og:url\" content=\"https:\/\/psol50.org.br\/edmilson-rodrigues-fala-na-conferencia-a-criacao-dos-bens-comuns-urbanos\/\" \/>\n<meta property=\"og:site_name\" content=\"PSOL 50\" \/>\n<meta property=\"article:publisher\" content=\"https:\/\/www.facebook.com\/psol50\" \/>\n<meta property=\"article:published_time\" content=\"2016-03-15T17:25:35+00:00\" \/>\n<meta property=\"og:image\" content=\"https:\/\/psol50.org.br\/inc\/uploads\/2018\/07\/capa.png\" \/>\n\t<meta property=\"og:image:width\" content=\"1350\" \/>\n\t<meta property=\"og:image:height\" content=\"900\" \/>\n\t<meta property=\"og:image:type\" content=\"image\/png\" \/>\n<meta name=\"author\" content=\"Comunica\u00e7\u00e3o PSOL\" \/>\n<meta name=\"twitter:card\" content=\"summary_large_image\" \/>\n<meta name=\"twitter:creator\" content=\"@psol50\" \/>\n<meta name=\"twitter:site\" content=\"@psol50\" \/>\n<meta name=\"twitter:label1\" content=\"Escrito por\" \/>\n\t<meta name=\"twitter:data1\" content=\"Comunica\u00e7\u00e3o PSOL\" \/>\n\t<meta name=\"twitter:label2\" content=\"Est. tempo de leitura\" \/>\n\t<meta name=\"twitter:data2\" content=\"1 minuto\" \/>\n<script type=\"application\/ld+json\" class=\"yoast-schema-graph\">{\"@context\":\"https:\/\/schema.org\",\"@graph\":[{\"@type\":\"Article\",\"@id\":\"https:\/\/psol50.org.br\/edmilson-rodrigues-fala-na-conferencia-a-criacao-dos-bens-comuns-urbanos\/#article\",\"isPartOf\":{\"@id\":\"https:\/\/psol50.org.br\/edmilson-rodrigues-fala-na-conferencia-a-criacao-dos-bens-comuns-urbanos\/\"},\"author\":{\"name\":\"Comunica\u00e7\u00e3o PSOL\",\"@id\":\"https:\/\/psol50.org.br\/#\/schema\/person\/475dfa57d0b815993c714c2e96491fcd\"},\"headline\":\"Edmilson Rodrigues fala na confer\u00eancia \u201cA cria\u00e7\u00e3o dos bens comuns urbanos\u201d\",\"datePublished\":\"2016-03-15T17:25:35+00:00\",\"mainEntityOfPage\":{\"@id\":\"https:\/\/psol50.org.br\/edmilson-rodrigues-fala-na-conferencia-a-criacao-dos-bens-comuns-urbanos\/\"},\"wordCount\":133,\"commentCount\":0,\"publisher\":{\"@id\":\"https:\/\/psol50.org.br\/#organization\"},\"image\":{\"@id\":\"https:\/\/psol50.org.br\/edmilson-rodrigues-fala-na-conferencia-a-criacao-dos-bens-comuns-urbanos\/#primaryimage\"},\"thumbnailUrl\":\"\",\"keywords\":[\"capitalismo\",\"David Harvey\",\"Edmilson Rodrigues\",\"espa\u00e7os urbanos\",\"socialismo\"],\"articleSection\":[\"A\u00e7\u00e3o Parlamentar\",\"V\u00cdDEOS | MULTIM\u00cdDIA | FLC TV\"],\"inLanguage\":\"pt-BR\",\"potentialAction\":[{\"@type\":\"CommentAction\",\"name\":\"Comment\",\"target\":[\"https:\/\/psol50.org.br\/edmilson-rodrigues-fala-na-conferencia-a-criacao-dos-bens-comuns-urbanos\/#respond\"]}]},{\"@type\":\"WebPage\",\"@id\":\"https:\/\/psol50.org.br\/edmilson-rodrigues-fala-na-conferencia-a-criacao-dos-bens-comuns-urbanos\/\",\"url\":\"https:\/\/psol50.org.br\/edmilson-rodrigues-fala-na-conferencia-a-criacao-dos-bens-comuns-urbanos\/\",\"name\":\"Edmilson Rodrigues fala na confer\u00eancia \u201cA cria\u00e7\u00e3o dos bens comuns urbanos\u201d - PSOL 50\",\"isPartOf\":{\"@id\":\"https:\/\/psol50.org.br\/#website\"},\"primaryImageOfPage\":{\"@id\":\"https:\/\/psol50.org.br\/edmilson-rodrigues-fala-na-conferencia-a-criacao-dos-bens-comuns-urbanos\/#primaryimage\"},\"image\":{\"@id\":\"https:\/\/psol50.org.br\/edmilson-rodrigues-fala-na-conferencia-a-criacao-dos-bens-comuns-urbanos\/#primaryimage\"},\"thumbnailUrl\":\"\",\"datePublished\":\"2016-03-15T17:25:35+00:00\",\"breadcrumb\":{\"@id\":\"https:\/\/psol50.org.br\/edmilson-rodrigues-fala-na-conferencia-a-criacao-dos-bens-comuns-urbanos\/#breadcrumb\"},\"inLanguage\":\"pt-BR\",\"potentialAction\":[{\"@type\":\"ReadAction\",\"target\":[\"https:\/\/psol50.org.br\/edmilson-rodrigues-fala-na-conferencia-a-criacao-dos-bens-comuns-urbanos\/\"]}]},{\"@type\":\"ImageObject\",\"inLanguage\":\"pt-BR\",\"@id\":\"https:\/\/psol50.org.br\/edmilson-rodrigues-fala-na-conferencia-a-criacao-dos-bens-comuns-urbanos\/#primaryimage\",\"url\":\"\",\"contentUrl\":\"\"},{\"@type\":\"BreadcrumbList\",\"@id\":\"https:\/\/psol50.org.br\/edmilson-rodrigues-fala-na-conferencia-a-criacao-dos-bens-comuns-urbanos\/#breadcrumb\",\"itemListElement\":[{\"@type\":\"ListItem\",\"position\":1,\"name\":\"In\u00edcio\",\"item\":\"https:\/\/psol50.org.br\/\"},{\"@type\":\"ListItem\",\"position\":2,\"name\":\"Edmilson Rodrigues fala na confer\u00eancia \u201cA cria\u00e7\u00e3o dos bens comuns urbanos\u201d\"}]},{\"@type\":\"WebSite\",\"@id\":\"https:\/\/psol50.org.br\/#website\",\"url\":\"https:\/\/psol50.org.br\/\",\"name\":\"PSOL 50\",\"description\":\"Site oficial do Partido Socialismo e Liberdade\",\"publisher\":{\"@id\":\"https:\/\/psol50.org.br\/#organization\"},\"alternateName\":\"PSOL50\",\"potentialAction\":[{\"@type\":\"SearchAction\",\"target\":{\"@type\":\"EntryPoint\",\"urlTemplate\":\"https:\/\/psol50.org.br\/?s={search_term_string}\"},\"query-input\":{\"@type\":\"PropertyValueSpecification\",\"valueRequired\":true,\"valueName\":\"search_term_string\"}}],\"inLanguage\":\"pt-BR\"},{\"@type\":\"Organization\",\"@id\":\"https:\/\/psol50.org.br\/#organization\",\"name\":\"PSOL 50\",\"alternateName\":\"PSOL 50\",\"url\":\"https:\/\/psol50.org.br\/\",\"logo\":{\"@type\":\"ImageObject\",\"inLanguage\":\"pt-BR\",\"@id\":\"https:\/\/psol50.org.br\/#\/schema\/logo\/image\/\",\"url\":\"https:\/\/psol50.org.br\/inc\/uploads\/2018\/07\/capa.png\",\"contentUrl\":\"https:\/\/psol50.org.br\/inc\/uploads\/2018\/07\/capa.png\",\"width\":1350,\"height\":900,\"caption\":\"PSOL 50\"},\"image\":{\"@id\":\"https:\/\/psol50.org.br\/#\/schema\/logo\/image\/\"},\"sameAs\":[\"https:\/\/www.facebook.com\/psol50\",\"https:\/\/x.com\/psol50\",\"https:\/\/www.instagram.com\/psol50\/\",\"https:\/\/www.youtube.com\/channel\/UC7SnJS5o1os7a6CaiNabzcg\"]},{\"@type\":\"Person\",\"@id\":\"https:\/\/psol50.org.br\/#\/schema\/person\/475dfa57d0b815993c714c2e96491fcd\",\"name\":\"Comunica\u00e7\u00e3o PSOL\",\"image\":{\"@type\":\"ImageObject\",\"inLanguage\":\"pt-BR\",\"@id\":\"https:\/\/psol50.org.br\/#\/schema\/person\/image\/\",\"url\":\"https:\/\/secure.gravatar.com\/avatar\/b34fc4f4e468a4e51785917065a3db57b841f5c95dba6ad8c73aaf8f66f8f9bf?s=96&d=mm&r=g\",\"contentUrl\":\"https:\/\/secure.gravatar.com\/avatar\/b34fc4f4e468a4e51785917065a3db57b841f5c95dba6ad8c73aaf8f66f8f9bf?s=96&d=mm&r=g\",\"caption\":\"Comunica\u00e7\u00e3o PSOL\"}}]}<\/script>\n<!-- \/ Yoast SEO plugin. -->","yoast_head_json":{"title":"Edmilson Rodrigues fala na confer\u00eancia \u201cA cria\u00e7\u00e3o dos bens comuns urbanos\u201d - PSOL 50","robots":{"index":"index","follow":"follow","max-snippet":"max-snippet:-1","max-image-preview":"max-image-preview:large","max-video-preview":"max-video-preview:-1"},"canonical":"https:\/\/psol50.org.br\/edmilson-rodrigues-fala-na-conferencia-a-criacao-dos-bens-comuns-urbanos\/","og_locale":"pt_BR","og_type":"article","og_title":"Edmilson Rodrigues fala na confer\u00eancia \u201cA cria\u00e7\u00e3o dos bens comuns urbanos\u201d - PSOL 50","og_description":"Confira a interven\u00e7\u00e3o do deputado Edmilson Rodrigues durante a Confer\u00eancia \u201cA cria\u00e7\u00e3o dos bens comuns urbanos\u201d com o ge\u00f3grafo e professor de antropologia da City University of New York, David Harvey.\u00a0A Confer\u00eancia na \u00edntegra pode ser vista aqui: https:\/\/www.youtube.com\/watch?v=fuWTNqrWpW0 Confira abaixo a interven\u00e7\u00e3o do nosso deputado: Confira trechos da interven\u00e7\u00e3o de Edmilson Rodrigues durante a [&hellip;]","og_url":"https:\/\/psol50.org.br\/edmilson-rodrigues-fala-na-conferencia-a-criacao-dos-bens-comuns-urbanos\/","og_site_name":"PSOL 50","article_publisher":"https:\/\/www.facebook.com\/psol50","article_published_time":"2016-03-15T17:25:35+00:00","og_image":[{"width":1350,"height":900,"url":"https:\/\/psol50.org.br\/inc\/uploads\/2018\/07\/capa.png","type":"image\/png"}],"author":"Comunica\u00e7\u00e3o PSOL","twitter_card":"summary_large_image","twitter_creator":"@psol50","twitter_site":"@psol50","twitter_misc":{"Escrito por":"Comunica\u00e7\u00e3o PSOL","Est. tempo de leitura":"1 minuto"},"schema":{"@context":"https:\/\/schema.org","@graph":[{"@type":"Article","@id":"https:\/\/psol50.org.br\/edmilson-rodrigues-fala-na-conferencia-a-criacao-dos-bens-comuns-urbanos\/#article","isPartOf":{"@id":"https:\/\/psol50.org.br\/edmilson-rodrigues-fala-na-conferencia-a-criacao-dos-bens-comuns-urbanos\/"},"author":{"name":"Comunica\u00e7\u00e3o PSOL","@id":"https:\/\/psol50.org.br\/#\/schema\/person\/475dfa57d0b815993c714c2e96491fcd"},"headline":"Edmilson Rodrigues fala na confer\u00eancia \u201cA cria\u00e7\u00e3o dos bens comuns urbanos\u201d","datePublished":"2016-03-15T17:25:35+00:00","mainEntityOfPage":{"@id":"https:\/\/psol50.org.br\/edmilson-rodrigues-fala-na-conferencia-a-criacao-dos-bens-comuns-urbanos\/"},"wordCount":133,"commentCount":0,"publisher":{"@id":"https:\/\/psol50.org.br\/#organization"},"image":{"@id":"https:\/\/psol50.org.br\/edmilson-rodrigues-fala-na-conferencia-a-criacao-dos-bens-comuns-urbanos\/#primaryimage"},"thumbnailUrl":"","keywords":["capitalismo","David Harvey","Edmilson Rodrigues","espa\u00e7os urbanos","socialismo"],"articleSection":["A\u00e7\u00e3o Parlamentar","V\u00cdDEOS | MULTIM\u00cdDIA | FLC TV"],"inLanguage":"pt-BR","potentialAction":[{"@type":"CommentAction","name":"Comment","target":["https:\/\/psol50.org.br\/edmilson-rodrigues-fala-na-conferencia-a-criacao-dos-bens-comuns-urbanos\/#respond"]}]},{"@type":"WebPage","@id":"https:\/\/psol50.org.br\/edmilson-rodrigues-fala-na-conferencia-a-criacao-dos-bens-comuns-urbanos\/","url":"https:\/\/psol50.org.br\/edmilson-rodrigues-fala-na-conferencia-a-criacao-dos-bens-comuns-urbanos\/","name":"Edmilson Rodrigues fala na confer\u00eancia \u201cA cria\u00e7\u00e3o dos bens comuns urbanos\u201d - PSOL 50","isPartOf":{"@id":"https:\/\/psol50.org.br\/#website"},"primaryImageOfPage":{"@id":"https:\/\/psol50.org.br\/edmilson-rodrigues-fala-na-conferencia-a-criacao-dos-bens-comuns-urbanos\/#primaryimage"},"image":{"@id":"https:\/\/psol50.org.br\/edmilson-rodrigues-fala-na-conferencia-a-criacao-dos-bens-comuns-urbanos\/#primaryimage"},"thumbnailUrl":"","datePublished":"2016-03-15T17:25:35+00:00","breadcrumb":{"@id":"https:\/\/psol50.org.br\/edmilson-rodrigues-fala-na-conferencia-a-criacao-dos-bens-comuns-urbanos\/#breadcrumb"},"inLanguage":"pt-BR","potentialAction":[{"@type":"ReadAction","target":["https:\/\/psol50.org.br\/edmilson-rodrigues-fala-na-conferencia-a-criacao-dos-bens-comuns-urbanos\/"]}]},{"@type":"ImageObject","inLanguage":"pt-BR","@id":"https:\/\/psol50.org.br\/edmilson-rodrigues-fala-na-conferencia-a-criacao-dos-bens-comuns-urbanos\/#primaryimage","url":"","contentUrl":""},{"@type":"BreadcrumbList","@id":"https:\/\/psol50.org.br\/edmilson-rodrigues-fala-na-conferencia-a-criacao-dos-bens-comuns-urbanos\/#breadcrumb","itemListElement":[{"@type":"ListItem","position":1,"name":"In\u00edcio","item":"https:\/\/psol50.org.br\/"},{"@type":"ListItem","position":2,"name":"Edmilson Rodrigues fala na confer\u00eancia \u201cA cria\u00e7\u00e3o dos bens comuns urbanos\u201d"}]},{"@type":"WebSite","@id":"https:\/\/psol50.org.br\/#website","url":"https:\/\/psol50.org.br\/","name":"PSOL 50","description":"Site oficial do Partido Socialismo e Liberdade","publisher":{"@id":"https:\/\/psol50.org.br\/#organization"},"alternateName":"PSOL50","potentialAction":[{"@type":"SearchAction","target":{"@type":"EntryPoint","urlTemplate":"https:\/\/psol50.org.br\/?s={search_term_string}"},"query-input":{"@type":"PropertyValueSpecification","valueRequired":true,"valueName":"search_term_string"}}],"inLanguage":"pt-BR"},{"@type":"Organization","@id":"https:\/\/psol50.org.br\/#organization","name":"PSOL 50","alternateName":"PSOL 50","url":"https:\/\/psol50.org.br\/","logo":{"@type":"ImageObject","inLanguage":"pt-BR","@id":"https:\/\/psol50.org.br\/#\/schema\/logo\/image\/","url":"https:\/\/psol50.org.br\/inc\/uploads\/2018\/07\/capa.png","contentUrl":"https:\/\/psol50.org.br\/inc\/uploads\/2018\/07\/capa.png","width":1350,"height":900,"caption":"PSOL 50"},"image":{"@id":"https:\/\/psol50.org.br\/#\/schema\/logo\/image\/"},"sameAs":["https:\/\/www.facebook.com\/psol50","https:\/\/x.com\/psol50","https:\/\/www.instagram.com\/psol50\/","https:\/\/www.youtube.com\/channel\/UC7SnJS5o1os7a6CaiNabzcg"]},{"@type":"Person","@id":"https:\/\/psol50.org.br\/#\/schema\/person\/475dfa57d0b815993c714c2e96491fcd","name":"Comunica\u00e7\u00e3o PSOL","image":{"@type":"ImageObject","inLanguage":"pt-BR","@id":"https:\/\/psol50.org.br\/#\/schema\/person\/image\/","url":"https:\/\/secure.gravatar.com\/avatar\/b34fc4f4e468a4e51785917065a3db57b841f5c95dba6ad8c73aaf8f66f8f9bf?s=96&d=mm&r=g","contentUrl":"https:\/\/secure.gravatar.com\/avatar\/b34fc4f4e468a4e51785917065a3db57b841f5c95dba6ad8c73aaf8f66f8f9bf?s=96&d=mm&r=g","caption":"Comunica\u00e7\u00e3o PSOL"}}]}},"_links":{"self":[{"href":"https:\/\/psol50.org.br\/rest\/wp\/v2\/posts\/11656","targetHints":{"allow":["GET"]}}],"collection":[{"href":"https:\/\/psol50.org.br\/rest\/wp\/v2\/posts"}],"about":[{"href":"https:\/\/psol50.org.br\/rest\/wp\/v2\/types\/post"}],"author":[{"embeddable":true,"href":"https:\/\/psol50.org.br\/rest\/wp\/v2\/users\/2"}],"replies":[{"embeddable":true,"href":"https:\/\/psol50.org.br\/rest\/wp\/v2\/comments?post=11656"}],"version-history":[{"count":0,"href":"https:\/\/psol50.org.br\/rest\/wp\/v2\/posts\/11656\/revisions"}],"wp:featuredmedia":[{"embeddable":true,"href":"https:\/\/psol50.org.br\/rest\/"}],"wp:attachment":[{"href":"https:\/\/psol50.org.br\/rest\/wp\/v2\/media?parent=11656"}],"wp:term":[{"taxonomy":"category","embeddable":true,"href":"https:\/\/psol50.org.br\/rest\/wp\/v2\/categories?post=11656"},{"taxonomy":"post_tag","embeddable":true,"href":"https:\/\/psol50.org.br\/rest\/wp\/v2\/tags?post=11656"}],"curies":[{"name":"wp","href":"https:\/\/api.w.org\/{rel}","templated":true}]}}