{"id":1167,"date":"2006-05-15T00:00:00","date_gmt":"2006-05-15T00:00:00","guid":{"rendered":"http:\/\/psol50.org.br\/arquivo\/2006\/05\/15\/heloisa-helena-culpa-governo-federal-pela-violencia\/"},"modified":"2006-05-15T00:00:00","modified_gmt":"2006-05-15T00:00:00","slug":"heloisa-helena-culpa-governo-federal-pela-violencia","status":"publish","type":"post","link":"https:\/\/psol50.org.br\/heloisa-helena-culpa-governo-federal-pela-violencia\/","title":{"rendered":"Helo\u00edsa Helena culpa governo federal pela viol\u00eancia"},"content":{"rendered":"<p><img loading=\"lazy\" decoding=\"async\" width=\"60\" vspace=\"5\" hspace=\"5\" height=\"70\" border=\"0\" align=\"left\" src=\"images\/stories\/fotos\/060202hh.jpg\" alt=\"Helo\u00edsa Helena\" title=\"Helo\u00edsa Helena\" \/>A pr\u00e9-candidata do P-SOL &agrave; presid&ecirc;ncia da Rep\u00fablica responsabilizou o governo federal pela onda de viol&ecirc;ncia promovida por traficantes em v\u00e1rias cidades do Pa\u00eds. &quot;O Planalto n&atilde;o cumpriu o que estava no or&ccedil;amento do ano passado e n&atilde;o liberou recursos para o combate &agrave; viol&ecirc;ncia&quot;, disse.<\/p>\n<p><!--more--><\/p>\n<p>Afirmou que houve uma redu&ccedil;&atilde;o de 48% de verba para o fundo<br \/>\npenitenci\u00e1rio. Tamb\u00e9m apontou a falta de existem pol\u00edticas p\u00fablicas<br \/>\npara evitar que os jovens sejam tragados pelos traficantes. Ela<br \/>\ncriticou o fato de o presidente Luiz In\u00e1cio Lula da Silva ficar em<br \/>\nViena, enquanto o Brasil mergulhava &quot;num mar de sangue&quot;.<\/p>\n<p>Helo\u00edsa Helena disse que vem chamando a aten&ccedil;&atilde;o para a imin&ecirc;ncia de uma<br \/>\nexplos&atilde;o desse &quot;barril de p\u00f3lvora&quot;. &quot;Fizemos v\u00e1rios pronunciamentos no<br \/>\nSenado alertando para os graves riscos na \u00e1rea de seguran&ccedil;a p\u00fablica,<br \/>\npois fora as redu&ccedil;&otilde;es nas verbas para a \u00e1rea ocorreu uma p\u00edfia execu&ccedil;&atilde;o<br \/>\nor&ccedil;ament\u00e1ria&quot;.<\/p>\n<p>A senadora foi convidada pelos alunos da Faculdade de Comunica&ccedil;&atilde;o da<br \/>\nUniversidade Federal da Bahia (UFBA) para participar do semin\u00e1rio<br \/>\n&quot;Comunica&ccedil;&atilde;o e Pol\u00edtica&quot; e aproveitou a crise na seguran&ccedil;a p\u00fablica para<br \/>\natacar os poderes constitu\u00eddos e os grupos econ&ocirc;micos. Disse, entre<br \/>\noutras coisas, n&atilde;o aceitar que &quot;as ilustres excel&ecirc;ncias delinq&uuml;entes&quot;<br \/>\npasseiem em carros blindados e policiais que combatem o crime n&atilde;o<br \/>\nrecebam tal equipamento, al\u00e9m de usarem coletes &agrave; prova de balas<br \/>\nvencidos.<\/p>\n<p>A pr\u00e9-candidata voltou a criticar os colegas parlamentares ao dizer que no<br \/>\nCongresso e na pol\u00edtica no Brasil s&atilde;o os lugares onde est&atilde;o &quot;mais<br \/>\npessoas que n&atilde;o prestam&quot;. Qualificou os partidos que ap\u00f3iam o governo<br \/>\nde &quot;bases bajulat\u00f3rias&quot;. Sobre a Justi&ccedil;a disse que escrit\u00f3rios de<br \/>\nadvocacia &quot;compram&quot; facilmente senten&ccedil;as e n&atilde;o livrou tamb\u00e9m os meios<br \/>\nde comunica&ccedil;&atilde;o que teriam a fun&ccedil;&atilde;o de convencer as pessoas a aprovar as<br \/>\npol\u00edticas impostas pelo governo.<\/p>\n<p>&quot;A m\u00eddia acaba reproduzindo essa inser&ccedil;&atilde;o do neoliberalismo (na vida do<br \/>\nbrasileiro), uma op&ccedil;&atilde;o cretina e rid\u00edcula&quot;. Segundo Helo\u00edsa Helena<br \/>\napesar dos problemas, em todas as \u00e1reas h\u00e1 exce&ccedil;&otilde;es. &quot;Embora exista<br \/>\nessa estrutura de m\u00eddia montada para manter os poderosos no Poder,<br \/>\nexiste uma permeabilidade que reflete as for&ccedil;as (de press&atilde;o) da<br \/>\nsociedade&quot;.<\/p>\n<p>Durante o debate com os estudantes, perguntaram &agrave; senadora se ela<br \/>\nmanteria esse estilo &quot;raivoso&quot; na campanha presidencial ou faria como<br \/>\nLula, contratando um marqueteiro para suavizar o discurso. &quot;Com os<br \/>\ncanalhas sou selvagem, uma on&ccedil;a n&atilde;o domesticada&quot;, disse, garantindo que<br \/>\nn&atilde;o vai aceitar dinheiro de &quot;setores empresariais&quot; nem contratar\u00e1<br \/>\n&quot;nenhum Duda Mendon&ccedil;a&quot;. &quot;Quem serve ao dinheiro vai para o inferno, eu<br \/>\nvou para o c\u00e9u porque sou socialista.&quot;<\/p>\n<p><strong>Fonte:<\/strong> Ag&ecirc;ncia Senado<\/p>\n<p><\/p>\n<p><strong>Helo\u00edsa Helena apela por a&ccedil;&otilde;es sociais e melhorias nas for&ccedil;as de seguran&ccedil;a p\u00fablica<\/strong><\/p>\n<p>A senadora Helo\u00edsa Helena (P-SOL\/AL) fez um apelo para que o combate &agrave; criminalidade se fa&ccedil;a com tr&ecirc;s a&ccedil;&otilde;es simult&acirc;neas: aparelhamento das for&ccedil;as de seguran&ccedil;a p\u00fablica, garantia de puni&ccedil;&atilde;o para os criminosos e mais investimentos sociais.<\/p>\n<p>&#8211; O Estado precisa adotar os meninos e as meninas antes que o tr\u00e1fico e a prostitui&ccedil;&atilde;o o fa&ccedil;am &#8211; defendeu.<\/p>\n<p>Helo\u00edsa Helena ressalvou, no entanto, que o tr\u00e1fico de drogas n&atilde;o pode ser visto como um crime exclusivo das pessoas mais pobres, pois envolve tamb\u00e9m pessoas ricas e poderosas. Para combater o problema, ela sugeriu a melhoria nos sal\u00e1rios dos policiais e o investimento em tecnologia, para melhorar o trabalho dos agentes e garantir a seguran&ccedil;a deles. Melhorias nos pres\u00eddios foi outra medida mencionada pela senadora.<\/p>\n<p>&#8211; O sistema penitenci\u00e1rio n&atilde;o pode mais ser uma estrutura onde as pessoas s&atilde;o jogadas para serem violentadas em sua dignidade e se tornarem instrumentos do crime organizado.<\/p>\n<p><img loading=\"lazy\" decoding=\"async\" width=\"16\" vspace=\"0\" hspace=\"0\" height=\"16\" border=\"0\" align=\"left\" title=\"Clique e ou\u00e7a\" alt=\"Clique e ou\u00e7a\" src=\"images\/stories\/icones\/audio.gif\" \/>&nbsp; <a title=\"Clique e ou\u00e7a\" target=\"_blank\" href=\"http:\/\/www.senado.gov.br\/radio\/download.asp?nomArquivo=0515heloisa.mp3\" rel=\"noopener\">Ou&ccedil;a o pronunciamento da senadora Helo\u00edsa Helena<\/a><\/p>\n<p><strong>Fonte:<\/strong> Ag&ecirc;ncia Senado<\/p>\n","protected":false},"excerpt":{"rendered":"<p>A pr\u00e9-candidata do P-SOL &agrave; presid&ecirc;ncia da Rep\u00fablica responsabilizou o governo federal pela onda de viol&ecirc;ncia promovida por traficantes em v\u00e1rias cidades do Pa\u00eds. &quot;O Planalto n&atilde;o cumpriu o que estava no or&ccedil;amento do ano passado e n&atilde;o liberou recursos para o combate &agrave; viol&ecirc;ncia&quot;, disse.<\/p>\n","protected":false},"author":2,"featured_media":0,"comment_status":"open","ping_status":"open","sticky":false,"template":"","format":"standard","meta":{"_acf_changed":false,"footnotes":""},"categories":[4766],"tags":[],"class_list":{"0":"post-1167","1":"post","2":"type-post","3":"status-publish","4":"format-standard","6":"category-arquivo"},"acf":[],"yoast_head":"<!-- This site is optimized with the Yoast SEO plugin v26.5 - https:\/\/yoast.com\/wordpress\/plugins\/seo\/ -->\n<title>Helo\u00edsa Helena culpa governo federal pela viol\u00eancia - PSOL 50<\/title>\n<meta name=\"robots\" content=\"index, follow, max-snippet:-1, max-image-preview:large, max-video-preview:-1\" \/>\n<link rel=\"canonical\" href=\"https:\/\/psol50.org.br\/heloisa-helena-culpa-governo-federal-pela-violencia\/\" \/>\n<meta property=\"og:locale\" content=\"pt_BR\" \/>\n<meta property=\"og:type\" content=\"article\" \/>\n<meta property=\"og:title\" content=\"Helo\u00edsa Helena culpa governo federal pela viol\u00eancia - PSOL 50\" \/>\n<meta property=\"og:description\" content=\"A pr\u00e9-candidata do P-SOL &agrave; presid&ecirc;ncia da Rep\u00fablica responsabilizou o governo federal pela onda de viol&ecirc;ncia promovida por traficantes em v\u00e1rias cidades do Pa\u00eds. &quot;O Planalto n&atilde;o cumpriu o que estava no or&ccedil;amento do ano passado e n&atilde;o liberou recursos para o combate &agrave; viol&ecirc;ncia&quot;, disse.\" \/>\n<meta property=\"og:url\" content=\"https:\/\/psol50.org.br\/heloisa-helena-culpa-governo-federal-pela-violencia\/\" \/>\n<meta property=\"og:site_name\" content=\"PSOL 50\" \/>\n<meta property=\"article:publisher\" content=\"https:\/\/www.facebook.com\/psol50\" \/>\n<meta property=\"article:published_time\" content=\"2006-05-15T00:00:00+00:00\" \/>\n<meta property=\"og:image\" content=\"http:\/\/images\/stories\/fotos\/060202hh.jpg\" \/>\n<meta name=\"author\" content=\"Comunica\u00e7\u00e3o PSOL\" \/>\n<meta name=\"twitter:card\" content=\"summary_large_image\" \/>\n<meta name=\"twitter:creator\" content=\"@psol50\" \/>\n<meta name=\"twitter:site\" content=\"@psol50\" \/>\n<meta name=\"twitter:label1\" content=\"Escrito por\" \/>\n\t<meta name=\"twitter:data1\" content=\"Comunica\u00e7\u00e3o PSOL\" \/>\n\t<meta name=\"twitter:label2\" content=\"Est. tempo de leitura\" \/>\n\t<meta name=\"twitter:data2\" content=\"4 minutos\" \/>\n<script type=\"application\/ld+json\" class=\"yoast-schema-graph\">{\"@context\":\"https:\/\/schema.org\",\"@graph\":[{\"@type\":\"Article\",\"@id\":\"https:\/\/psol50.org.br\/heloisa-helena-culpa-governo-federal-pela-violencia\/#article\",\"isPartOf\":{\"@id\":\"https:\/\/psol50.org.br\/heloisa-helena-culpa-governo-federal-pela-violencia\/\"},\"author\":{\"name\":\"Comunica\u00e7\u00e3o PSOL\",\"@id\":\"https:\/\/psol50.org.br\/#\/schema\/person\/475dfa57d0b815993c714c2e96491fcd\"},\"headline\":\"Helo\u00edsa Helena culpa governo federal pela viol\u00eancia\",\"datePublished\":\"2006-05-15T00:00:00+00:00\",\"mainEntityOfPage\":{\"@id\":\"https:\/\/psol50.org.br\/heloisa-helena-culpa-governo-federal-pela-violencia\/\"},\"wordCount\":807,\"commentCount\":0,\"publisher\":{\"@id\":\"https:\/\/psol50.org.br\/#organization\"},\"articleSection\":[\"Arquivo\"],\"inLanguage\":\"pt-BR\",\"potentialAction\":[{\"@type\":\"CommentAction\",\"name\":\"Comment\",\"target\":[\"https:\/\/psol50.org.br\/heloisa-helena-culpa-governo-federal-pela-violencia\/#respond\"]}]},{\"@type\":\"WebPage\",\"@id\":\"https:\/\/psol50.org.br\/heloisa-helena-culpa-governo-federal-pela-violencia\/\",\"url\":\"https:\/\/psol50.org.br\/heloisa-helena-culpa-governo-federal-pela-violencia\/\",\"name\":\"Helo\u00edsa Helena culpa governo federal pela viol\u00eancia - PSOL 50\",\"isPartOf\":{\"@id\":\"https:\/\/psol50.org.br\/#website\"},\"datePublished\":\"2006-05-15T00:00:00+00:00\",\"breadcrumb\":{\"@id\":\"https:\/\/psol50.org.br\/heloisa-helena-culpa-governo-federal-pela-violencia\/#breadcrumb\"},\"inLanguage\":\"pt-BR\",\"potentialAction\":[{\"@type\":\"ReadAction\",\"target\":[\"https:\/\/psol50.org.br\/heloisa-helena-culpa-governo-federal-pela-violencia\/\"]}]},{\"@type\":\"BreadcrumbList\",\"@id\":\"https:\/\/psol50.org.br\/heloisa-helena-culpa-governo-federal-pela-violencia\/#breadcrumb\",\"itemListElement\":[{\"@type\":\"ListItem\",\"position\":1,\"name\":\"In\u00edcio\",\"item\":\"https:\/\/psol50.org.br\/\"},{\"@type\":\"ListItem\",\"position\":2,\"name\":\"Helo\u00edsa Helena culpa governo federal pela viol\u00eancia\"}]},{\"@type\":\"WebSite\",\"@id\":\"https:\/\/psol50.org.br\/#website\",\"url\":\"https:\/\/psol50.org.br\/\",\"name\":\"PSOL 50\",\"description\":\"Site oficial do Partido Socialismo e Liberdade\",\"publisher\":{\"@id\":\"https:\/\/psol50.org.br\/#organization\"},\"alternateName\":\"PSOL50\",\"potentialAction\":[{\"@type\":\"SearchAction\",\"target\":{\"@type\":\"EntryPoint\",\"urlTemplate\":\"https:\/\/psol50.org.br\/?s={search_term_string}\"},\"query-input\":{\"@type\":\"PropertyValueSpecification\",\"valueRequired\":true,\"valueName\":\"search_term_string\"}}],\"inLanguage\":\"pt-BR\"},{\"@type\":\"Organization\",\"@id\":\"https:\/\/psol50.org.br\/#organization\",\"name\":\"PSOL 50\",\"alternateName\":\"PSOL 50\",\"url\":\"https:\/\/psol50.org.br\/\",\"logo\":{\"@type\":\"ImageObject\",\"inLanguage\":\"pt-BR\",\"@id\":\"https:\/\/psol50.org.br\/#\/schema\/logo\/image\/\",\"url\":\"https:\/\/psol50.org.br\/inc\/uploads\/2018\/07\/capa.png\",\"contentUrl\":\"https:\/\/psol50.org.br\/inc\/uploads\/2018\/07\/capa.png\",\"width\":1350,\"height\":900,\"caption\":\"PSOL 50\"},\"image\":{\"@id\":\"https:\/\/psol50.org.br\/#\/schema\/logo\/image\/\"},\"sameAs\":[\"https:\/\/www.facebook.com\/psol50\",\"https:\/\/x.com\/psol50\",\"https:\/\/www.instagram.com\/psol50\/\",\"https:\/\/www.youtube.com\/channel\/UC7SnJS5o1os7a6CaiNabzcg\"]},{\"@type\":\"Person\",\"@id\":\"https:\/\/psol50.org.br\/#\/schema\/person\/475dfa57d0b815993c714c2e96491fcd\",\"name\":\"Comunica\u00e7\u00e3o PSOL\",\"image\":{\"@type\":\"ImageObject\",\"inLanguage\":\"pt-BR\",\"@id\":\"https:\/\/psol50.org.br\/#\/schema\/person\/image\/\",\"url\":\"https:\/\/secure.gravatar.com\/avatar\/b34fc4f4e468a4e51785917065a3db57b841f5c95dba6ad8c73aaf8f66f8f9bf?s=96&d=mm&r=g\",\"contentUrl\":\"https:\/\/secure.gravatar.com\/avatar\/b34fc4f4e468a4e51785917065a3db57b841f5c95dba6ad8c73aaf8f66f8f9bf?s=96&d=mm&r=g\",\"caption\":\"Comunica\u00e7\u00e3o PSOL\"}}]}<\/script>\n<!-- \/ Yoast SEO plugin. -->","yoast_head_json":{"title":"Helo\u00edsa Helena culpa governo federal pela viol\u00eancia - PSOL 50","robots":{"index":"index","follow":"follow","max-snippet":"max-snippet:-1","max-image-preview":"max-image-preview:large","max-video-preview":"max-video-preview:-1"},"canonical":"https:\/\/psol50.org.br\/heloisa-helena-culpa-governo-federal-pela-violencia\/","og_locale":"pt_BR","og_type":"article","og_title":"Helo\u00edsa Helena culpa governo federal pela viol\u00eancia - PSOL 50","og_description":"A pr\u00e9-candidata do P-SOL &agrave; presid&ecirc;ncia da Rep\u00fablica responsabilizou o governo federal pela onda de viol&ecirc;ncia promovida por traficantes em v\u00e1rias cidades do Pa\u00eds. &quot;O Planalto n&atilde;o cumpriu o que estava no or&ccedil;amento do ano passado e n&atilde;o liberou recursos para o combate &agrave; viol&ecirc;ncia&quot;, disse.","og_url":"https:\/\/psol50.org.br\/heloisa-helena-culpa-governo-federal-pela-violencia\/","og_site_name":"PSOL 50","article_publisher":"https:\/\/www.facebook.com\/psol50","article_published_time":"2006-05-15T00:00:00+00:00","og_image":[{"url":"images\/stories\/fotos\/060202hh.jpg","type":"","width":"","height":""}],"author":"Comunica\u00e7\u00e3o PSOL","twitter_card":"summary_large_image","twitter_creator":"@psol50","twitter_site":"@psol50","twitter_misc":{"Escrito por":"Comunica\u00e7\u00e3o PSOL","Est. tempo de leitura":"4 minutos"},"schema":{"@context":"https:\/\/schema.org","@graph":[{"@type":"Article","@id":"https:\/\/psol50.org.br\/heloisa-helena-culpa-governo-federal-pela-violencia\/#article","isPartOf":{"@id":"https:\/\/psol50.org.br\/heloisa-helena-culpa-governo-federal-pela-violencia\/"},"author":{"name":"Comunica\u00e7\u00e3o PSOL","@id":"https:\/\/psol50.org.br\/#\/schema\/person\/475dfa57d0b815993c714c2e96491fcd"},"headline":"Helo\u00edsa Helena culpa governo federal pela viol\u00eancia","datePublished":"2006-05-15T00:00:00+00:00","mainEntityOfPage":{"@id":"https:\/\/psol50.org.br\/heloisa-helena-culpa-governo-federal-pela-violencia\/"},"wordCount":807,"commentCount":0,"publisher":{"@id":"https:\/\/psol50.org.br\/#organization"},"articleSection":["Arquivo"],"inLanguage":"pt-BR","potentialAction":[{"@type":"CommentAction","name":"Comment","target":["https:\/\/psol50.org.br\/heloisa-helena-culpa-governo-federal-pela-violencia\/#respond"]}]},{"@type":"WebPage","@id":"https:\/\/psol50.org.br\/heloisa-helena-culpa-governo-federal-pela-violencia\/","url":"https:\/\/psol50.org.br\/heloisa-helena-culpa-governo-federal-pela-violencia\/","name":"Helo\u00edsa Helena culpa governo federal pela viol\u00eancia - PSOL 50","isPartOf":{"@id":"https:\/\/psol50.org.br\/#website"},"datePublished":"2006-05-15T00:00:00+00:00","breadcrumb":{"@id":"https:\/\/psol50.org.br\/heloisa-helena-culpa-governo-federal-pela-violencia\/#breadcrumb"},"inLanguage":"pt-BR","potentialAction":[{"@type":"ReadAction","target":["https:\/\/psol50.org.br\/heloisa-helena-culpa-governo-federal-pela-violencia\/"]}]},{"@type":"BreadcrumbList","@id":"https:\/\/psol50.org.br\/heloisa-helena-culpa-governo-federal-pela-violencia\/#breadcrumb","itemListElement":[{"@type":"ListItem","position":1,"name":"In\u00edcio","item":"https:\/\/psol50.org.br\/"},{"@type":"ListItem","position":2,"name":"Helo\u00edsa Helena culpa governo federal pela viol\u00eancia"}]},{"@type":"WebSite","@id":"https:\/\/psol50.org.br\/#website","url":"https:\/\/psol50.org.br\/","name":"PSOL 50","description":"Site oficial do Partido Socialismo e Liberdade","publisher":{"@id":"https:\/\/psol50.org.br\/#organization"},"alternateName":"PSOL50","potentialAction":[{"@type":"SearchAction","target":{"@type":"EntryPoint","urlTemplate":"https:\/\/psol50.org.br\/?s={search_term_string}"},"query-input":{"@type":"PropertyValueSpecification","valueRequired":true,"valueName":"search_term_string"}}],"inLanguage":"pt-BR"},{"@type":"Organization","@id":"https:\/\/psol50.org.br\/#organization","name":"PSOL 50","alternateName":"PSOL 50","url":"https:\/\/psol50.org.br\/","logo":{"@type":"ImageObject","inLanguage":"pt-BR","@id":"https:\/\/psol50.org.br\/#\/schema\/logo\/image\/","url":"https:\/\/psol50.org.br\/inc\/uploads\/2018\/07\/capa.png","contentUrl":"https:\/\/psol50.org.br\/inc\/uploads\/2018\/07\/capa.png","width":1350,"height":900,"caption":"PSOL 50"},"image":{"@id":"https:\/\/psol50.org.br\/#\/schema\/logo\/image\/"},"sameAs":["https:\/\/www.facebook.com\/psol50","https:\/\/x.com\/psol50","https:\/\/www.instagram.com\/psol50\/","https:\/\/www.youtube.com\/channel\/UC7SnJS5o1os7a6CaiNabzcg"]},{"@type":"Person","@id":"https:\/\/psol50.org.br\/#\/schema\/person\/475dfa57d0b815993c714c2e96491fcd","name":"Comunica\u00e7\u00e3o PSOL","image":{"@type":"ImageObject","inLanguage":"pt-BR","@id":"https:\/\/psol50.org.br\/#\/schema\/person\/image\/","url":"https:\/\/secure.gravatar.com\/avatar\/b34fc4f4e468a4e51785917065a3db57b841f5c95dba6ad8c73aaf8f66f8f9bf?s=96&d=mm&r=g","contentUrl":"https:\/\/secure.gravatar.com\/avatar\/b34fc4f4e468a4e51785917065a3db57b841f5c95dba6ad8c73aaf8f66f8f9bf?s=96&d=mm&r=g","caption":"Comunica\u00e7\u00e3o PSOL"}}]}},"_links":{"self":[{"href":"https:\/\/psol50.org.br\/rest\/wp\/v2\/posts\/1167","targetHints":{"allow":["GET"]}}],"collection":[{"href":"https:\/\/psol50.org.br\/rest\/wp\/v2\/posts"}],"about":[{"href":"https:\/\/psol50.org.br\/rest\/wp\/v2\/types\/post"}],"author":[{"embeddable":true,"href":"https:\/\/psol50.org.br\/rest\/wp\/v2\/users\/2"}],"replies":[{"embeddable":true,"href":"https:\/\/psol50.org.br\/rest\/wp\/v2\/comments?post=1167"}],"version-history":[{"count":0,"href":"https:\/\/psol50.org.br\/rest\/wp\/v2\/posts\/1167\/revisions"}],"wp:attachment":[{"href":"https:\/\/psol50.org.br\/rest\/wp\/v2\/media?parent=1167"}],"wp:term":[{"taxonomy":"category","embeddable":true,"href":"https:\/\/psol50.org.br\/rest\/wp\/v2\/categories?post=1167"},{"taxonomy":"post_tag","embeddable":true,"href":"https:\/\/psol50.org.br\/rest\/wp\/v2\/tags?post=1167"}],"curies":[{"name":"wp","href":"https:\/\/api.w.org\/{rel}","templated":true}]}}