{"id":11715,"date":"2016-03-17T19:45:21","date_gmt":"2016-03-17T19:45:21","guid":{"rendered":"http:\/\/www.psol50.org.br\/?p=11715"},"modified":"2016-03-17T19:45:21","modified_gmt":"2016-03-17T19:45:21","slug":"a-saida-e-pela-esquerda-nota-da-bancada-do-psol","status":"publish","type":"post","link":"https:\/\/psol50.org.br\/a-saida-e-pela-esquerda-nota-da-bancada-do-psol\/","title":{"rendered":"A sa\u00edda \u00e9 pela esquerda &#8211; nota da bancada do PSOL"},"content":{"rendered":"<p>Face \u00e0 velocidade dos \u00faltimos acontecimentos e a radicaliza\u00e7\u00e3o da crise pol\u00edtica, tomamos um posicionamento firme e sem meias palavras:<\/p>\n<p>1. Somos oposi\u00e7\u00e3o program\u00e1tica e de esquerda ao governo Dilma. Combatemos suas pol\u00edticas regressivas e questionamos as concess\u00f5es feitas ao grande capital. Diante da atual crise, do ajuste fiscal e da retirada de direitos, \u00e9 ineg\u00e1vel que este governo tem se afastado dos reais anseios da maioria da popula\u00e7\u00e3o.<\/p>\n<p>2. Somos favor\u00e1veis a toda e qualquer investiga\u00e7\u00e3o, desde que respeitado o Estado Democr\u00e1tico de Direito, sem seletividade ou interfer\u00eancias externas. \u00c9 preciso que se desvendem as rela\u00e7\u00f5es prom\u00edscuas entre os Poderes da Rep\u00fablica e o grande empresariado.<\/p>\n<p>3. As \u00faltimas atitudes do juiz S\u00e9rgio Moro representam claro uso pol\u00edtico da Justi\u00e7a e comprometem o trabalho desenvolvido pela Opera\u00e7\u00e3o Lava Jato. Atitudes que possuem objetivos midi\u00e1ticos rompem regras democr\u00e1ticas b\u00e1sicas e favorecem a estrat\u00e9gia de um golpe institucional.<\/p>\n<p>4. Somos contra a sa\u00edda gestada pelos partidos da oposi\u00e7\u00e3o conservadora, pelo grande capital e pelos grandes meios de comunica\u00e7\u00e3o. O impeachment, instrumento que s\u00f3 pode ser usado com crime de responsabilidade comprovado, se tornou uma sa\u00edda para negar o resultado das urnas, com o prop\u00f3sito de retirar a presidenta Dilma do poder, buscando um \u201cacord\u00e3o\u201d para salvar outros citados nas investiga\u00e7\u00f5es da Lava Jato. A troca de governo acelerar\u00e1 os ajustes pretendidos pelos poderosos, retirando direitos dos trabalhadores e atingindo nossa soberania.<\/p>\n<p>5. A sa\u00edda \u00e9 pela esquerda. \u00c9 necess\u00e1rio promover uma reforma pol\u00edtica profunda, com ampla participa\u00e7\u00e3o popular, ter coragem de mudar radicalmente os rumos da economia, auditar a d\u00edvida p\u00fablica, priorizar o consumo e a produ\u00e7\u00e3o, taxar as grandes fortunas e baixar a taxa de juros de forma consistente. Propostas n\u00e3o faltam. Mas \u00e9 preciso coragem para contrariar interesses do grande capital.<\/p>\n<p>Assinam:<br \/>\n<strong>Deputado Federais:<\/strong><br \/>\n<strong> Ivan Valente (PSOL\/SP)<\/strong><br \/>\n<strong> Chico Alencar (PSOL\/RJ)<\/strong><br \/>\n<strong> Glauber Braga (PSOL\/RJ)<\/strong><br \/>\n<strong> Jean Wyllys (PSOL\/RJ)<\/strong><br \/>\n<strong> Luiza Erundina (PSOL\/SP)<\/strong><br \/>\n<strong> Edmilson Rodrigues (PSOL\/PA)<\/strong><\/p>\n<p><strong>Deputado Estadual Marcelo Freixo (PSOL\/RJ)<\/strong><\/p>\n<p><strong>Deputado Estadual Paulo Ramos (PSOL\/RJ)<\/strong><\/p>\n<p><strong>Deputado Estadual Edilson Silva (PSOL\/PE)<\/strong><\/p>\n<p><strong>Deputado Estadual Flavio Serafini (PSOL\/RJ)<\/strong><\/p>\n<p><strong>Deputado Estadual Renato Roseno (PSOL\/CE)<\/strong><\/p>\n<p><strong>Deputado Estadual Paulo Lemos (PSOL\/AP)<\/strong><\/p>\n<p>Luiz Ara\u00fajo \u2013 Presidente Nacional do PSOL<\/p>\n<p>Leonel Brizola Neto &#8211; Vereador &#8211; Rio de Janeiro<\/p>\n<p>Paulo Bufalo &#8211; Vereador &#8211; Campinas (SP)<\/p>\n<p>Renato Cinco &#8211; Vereador &#8211; Rio de Janeiro<\/p>\n<p>Henrique Vieira &#8211; Verador &#8211; Niter\u00f3i (RJ)<\/p>\n<p>Jo\u00e3o Alfredo &#8211; Vereador &#8211; Fortaleza (CE)<\/p>\n<p>Toninho Vespoli &#8211; Vereador &#8211; S\u00e3o Paulo (SP)<\/p>\n<p>Fernando Carneiro &#8211; Vereador &#8211; Bel\u00e9m (PA)<\/p>\n<p>Hilton Coelho &#8211; Vereador &#8211; Salvador (BA)<\/p>\n<p>Roque &#8211; Vereador &#8211; Bauru (Esquerda Marxista)<\/p>\n<p>John Kennedy Ferreira &#8211; Refunda\u00e7\u00e3o Comunista<\/p>\n<p>Juliano Medeiros &#8211; Presidente da Funda\u00e7\u00e3o Lauro Campos<\/p>\n<p>Jo\u00e3o Dantas &#8211; Secret\u00e1rio Nacional de Movimentos Sociais do PSOL<\/p>\n<p>Jos\u00e9 Nery &#8211; ex-Senador (PA)<\/p>\n<p>Maninha &#8211; ex-deputada federal (DF)<\/p>\n<p>Bernadete Menezes &#8211; Dire\u00e7\u00e3o Nacional do PSOL<br \/>\nKau\u00ea Scarim &#8211; Dire\u00e7\u00e3o Nacional do PSOL<br \/>\nT\u00e9cio Nunes &#8211; Dire\u00e7\u00e3o Nacional do PSOL<br \/>\nJorge Paz &#8211; ex-candidato \u00e0 vice-presid\u00eancia da Rep\u00fablica<br \/>\nM\u00e1rio Azeredo &#8211; Comiss\u00e3o de \u00c9tica Nacional do PSOL e Executiva Estadual do PSOL\/RS<br \/>\nRonaldo Santos &#8211; Dire\u00e7\u00e3o Nacional e Presidente do PSOL\/BA<br \/>\nJuninho &#8211; Presidente estadual do PSOL SP<br \/>\nLuis Oca &#8211; Presidente do PSOL Roraima<br \/>\nJorge Guimar\u00e3es &#8211; Executiva PSOL GO<br \/>\nNilton Nallin &#8211; Dire\u00e7\u00e3o Nacional do PSOL<br \/>\nEdinea Matos &#8211; Dire\u00e7\u00e3o Nacional PSOL<br \/>\nJeferson Barros &#8211; Executiva Estadual PSOL RJ<br \/>\nCleide Coutinho &#8211; Dire\u00e7\u00e3o Nacional do PSOL<br \/>\nHerbert Anjos &#8211; Executiva PSOL DF<br \/>\nMichele Vieira &#8211; Presidenta Diret\u00f3rio Municipal do PSOL S\u00e3o Paulo\/SP<br \/>\nJuarez Quirino &#8211; Presidente Diret\u00f3rio Municipal do PSOL \u00c1guas Lindas de Goi\u00e1s &#8211; GO<br \/>\nJos\u00e9 Luis Fevereiro &#8211; Dire\u00e7\u00e3o Nacional do PSOL<br \/>\nAraceli Lemos &#8211; Presidenta do PSOL Bel\u00e9m\/PA<\/p>\n<p>Tarc\u00edlio Loureiro &#8211; PSOL Bauru<\/p>\n<p>Walmir Freire &#8211; Presidente PSOL\/PA<\/p>\n<p>Jos\u00e9 Ibiapino &#8211; Dire\u00e7\u00e3o Nacional do PSOL<\/p>\n<p>Mauro Aredes Theodoro \u00a0&#8211; Presidente PSOL\u00a0Barra do Pira\u00ed\/RJ<\/p>\n<p>Professor Weslei &#8211; Executiva PSOL GO<\/p>\n<p>Erenilda Assis &#8211; Executiva PSOL GO<\/p>\n<p>J\u00e9ssica Vianna &#8211; Dire\u00e7\u00e3o Estadual PSOL MG<\/p>\n<p>Daiane Costa &#8211; Executiva PSOL GO<\/p>\n<p>Jo\u00e3o Pereira de Jesus &#8211; PSOL Planaltina\/GO<\/p>\n<p>Luciete Silva &#8211; Secret\u00e1ria Nacional de Movimentos Sociais do PSOL<\/p>\n<p>Fabio Nogueira &#8211; Presidente PSOL Salvador\/BA<\/p>\n<p>Mauro Oliveira &#8211; PSOL Belford Roxo\/RJ<\/p>\n<p>Camila Sim\u00f5es Pires &#8211; PSOL RJ<\/p>\n<p>Albanise Pires &#8211; Presidenta PSOL PE<\/p>\n<p>Cintia Dias &#8211; Executiva Estadual PSOL GO<\/p>\n<p>Manoel Cipriano &#8211; Presidente PSOL Uberl\u00e2ndia\/MG<\/p>\n<p>Lucas Ploeg &#8211; Executiva Estadual PSOL PE<\/p>\n<p>M\u00e1rcio Rosa &#8211; Funda\u00e7\u00e3o Lauro Campos<\/p>\n<p>Alexandre Varela &#8211; Funda\u00e7\u00e3o Lauro Campos<\/p>\n<p>Tiago Paraiba &#8211; Executiva Estadual PSOL PE<\/p>\n<p>Luciana Cavalcanti &#8211; Executiva Estadual PSOL PE<\/p>\n<p>Brenna Paula Tavares &#8211; Executiva Nacional do PSOL e coordena\u00e7\u00e3o do Setorial Nacional de Mulheres do PSOL<\/p>\n<p>Teresinha Monteiro &#8211;\u00a0Executiva Nacional do PSOL e coordena\u00e7\u00e3o do Setorial Nacional de Mulheres do PSOL<\/p>\n<p>Cassius Assun\u00e7\u00e3o &#8211; Presidente do PSOL TO<\/p>\n<p>T\u00e1rcio Teixeira &#8211; Presidente do PSOL\/PB<\/p>\n<p>Carlito Lemos \u00a0&#8211; Presidente \u00a0PSOL Sergipe<\/p>\n<p>Maria do Socorro Set\u00fabal &#8211; executiva estadual PSOL-RJ<\/p>\n<p>D\u00e9bora Camilo &#8211; executiva estadual PSOL- SP<\/p>\n<p>Everton Vieira \u2013 Presidente Diret\u00f3rio Municipal do PSOL de Guaruj\u00e1 \u2013 SP<\/p>\n<p>Ludmilla Vilela -Executiva PSOL\/MS<\/p>\n<p>Nascimento Antonio Silva (Pimenta de Rond\u00f4nia) &#8211; Presidente do PSOL\u00a0Rond\u00f4nia<\/p>\n<p>Jamil Prudenciano &#8211; PSOL Bauru (SP)<\/p>\n<p>Ricardo Saraiva (Big) &#8211; Presidente do PSOL Santos (SP)<\/p>\n<p>Toninho &#8211; Presidente do PSOL DF<\/p>\n<p>Vinicius Martins &#8211; Presidente PSOL Mogi das Cruzes (SP)<\/p>\n<p>Enilton Rodrigues &#8211; PSOL MA<\/p>\n<p>Luis Pedrosa &#8211; Presidente PSOL MA<\/p>\n<p>Prof. Willian Meister &#8211; Presidente do PSOL Itapema (SC)<\/p>\n<p>Joyce Gar\u00f3falo &#8211; Executiva Estadual PSOL MG<\/p>\n<p>Fid\u00e9lis Alc\u00e2ntara &#8211; ex-candidato a governador PSOL MG<\/p>\n<p>Alessandra da Silva &#8211; Executiva Estadual do PSOL SC<\/p>\n","protected":false},"excerpt":{"rendered":"<p>Face \u00e0 velocidade dos \u00faltimos acontecimentos e a radicaliza\u00e7\u00e3o da crise pol\u00edtica, tomamos um posicionamento firme e sem meias palavras: 1. Somos oposi\u00e7\u00e3o program\u00e1tica e de esquerda ao governo Dilma. Combatemos suas pol\u00edticas regressivas e questionamos as concess\u00f5es feitas ao grande capital. Diante da atual crise, do ajuste fiscal e da retirada de direitos, \u00e9 [&hellip;]<\/p>\n","protected":false},"author":2,"featured_media":11554,"comment_status":"open","ping_status":"open","sticky":false,"template":"","format":"standard","meta":{"_acf_changed":false,"footnotes":""},"categories":[10,1882,6],"tags":[1680,2259,973,1191,552,663,553,161,19,243,417],"class_list":{"0":"post-11715","1":"post","2":"type-post","3":"status-publish","4":"format-standard","5":"has-post-thumbnail","7":"category-acao-parlamentares","8":"category-brasil","9":"category-noticias","10":"tag-chico-alencar","11":"tag-crise-politica","12":"tag-edmilson-rodrigues","13":"tag-glauber-braga","14":"tag-ivan-valente","15":"tag-jean-wyllys","16":"tag-luiza-erundina","17":"tag-marcelo-freixo","18":"tag-nota","19":"tag-nota-do-psol","20":"tag-psol-na-camara"},"acf":[],"yoast_head":"<!-- This site is optimized with the Yoast SEO plugin v26.5 - https:\/\/yoast.com\/wordpress\/plugins\/seo\/ -->\n<title>A sa\u00edda \u00e9 pela esquerda - nota da bancada do PSOL - PSOL 50<\/title>\n<meta name=\"robots\" content=\"index, follow, max-snippet:-1, max-image-preview:large, max-video-preview:-1\" \/>\n<link rel=\"canonical\" href=\"https:\/\/psol50.org.br\/a-saida-e-pela-esquerda-nota-da-bancada-do-psol\/\" \/>\n<meta property=\"og:locale\" content=\"pt_BR\" \/>\n<meta property=\"og:type\" content=\"article\" \/>\n<meta property=\"og:title\" content=\"A sa\u00edda \u00e9 pela esquerda - nota da bancada do PSOL - PSOL 50\" \/>\n<meta property=\"og:description\" content=\"Face \u00e0 velocidade dos \u00faltimos acontecimentos e a radicaliza\u00e7\u00e3o da crise pol\u00edtica, tomamos um posicionamento firme e sem meias palavras: 1. Somos oposi\u00e7\u00e3o program\u00e1tica e de esquerda ao governo Dilma. Combatemos suas pol\u00edticas regressivas e questionamos as concess\u00f5es feitas ao grande capital. Diante da atual crise, do ajuste fiscal e da retirada de direitos, \u00e9 [&hellip;]\" \/>\n<meta property=\"og:url\" content=\"https:\/\/psol50.org.br\/a-saida-e-pela-esquerda-nota-da-bancada-do-psol\/\" \/>\n<meta property=\"og:site_name\" content=\"PSOL 50\" \/>\n<meta property=\"article:publisher\" content=\"https:\/\/www.facebook.com\/psol50\" \/>\n<meta property=\"article:published_time\" content=\"2016-03-17T19:45:21+00:00\" \/>\n<meta property=\"og:image\" content=\"https:\/\/psol50.org.br\/inc\/uploads\/2016\/03\/nota-psol-e1458103878106.jpg\" \/>\n\t<meta property=\"og:image:width\" content=\"1000\" \/>\n\t<meta property=\"og:image:height\" content=\"667\" \/>\n\t<meta property=\"og:image:type\" content=\"image\/jpeg\" \/>\n<meta name=\"author\" content=\"Comunica\u00e7\u00e3o PSOL\" \/>\n<meta name=\"twitter:card\" content=\"summary_large_image\" \/>\n<meta name=\"twitter:creator\" content=\"@psol50\" \/>\n<meta name=\"twitter:site\" content=\"@psol50\" \/>\n<meta name=\"twitter:label1\" content=\"Escrito por\" \/>\n\t<meta name=\"twitter:data1\" content=\"Comunica\u00e7\u00e3o PSOL\" \/>\n\t<meta name=\"twitter:label2\" content=\"Est. tempo de leitura\" \/>\n\t<meta name=\"twitter:data2\" content=\"5 minutos\" \/>\n<script type=\"application\/ld+json\" class=\"yoast-schema-graph\">{\"@context\":\"https:\/\/schema.org\",\"@graph\":[{\"@type\":\"Article\",\"@id\":\"https:\/\/psol50.org.br\/a-saida-e-pela-esquerda-nota-da-bancada-do-psol\/#article\",\"isPartOf\":{\"@id\":\"https:\/\/psol50.org.br\/a-saida-e-pela-esquerda-nota-da-bancada-do-psol\/\"},\"author\":{\"name\":\"Comunica\u00e7\u00e3o PSOL\",\"@id\":\"https:\/\/psol50.org.br\/#\/schema\/person\/475dfa57d0b815993c714c2e96491fcd\"},\"headline\":\"A sa\u00edda \u00e9 pela esquerda &#8211; nota da bancada do PSOL\",\"datePublished\":\"2016-03-17T19:45:21+00:00\",\"mainEntityOfPage\":{\"@id\":\"https:\/\/psol50.org.br\/a-saida-e-pela-esquerda-nota-da-bancada-do-psol\/\"},\"wordCount\":1010,\"commentCount\":0,\"publisher\":{\"@id\":\"https:\/\/psol50.org.br\/#organization\"},\"image\":{\"@id\":\"https:\/\/psol50.org.br\/a-saida-e-pela-esquerda-nota-da-bancada-do-psol\/#primaryimage\"},\"thumbnailUrl\":\"https:\/\/psol50.org.br\/inc\/uploads\/2016\/03\/nota-psol-e1458103878106.jpg\",\"keywords\":[\"Chico Alencar\",\"crise pol\u00edtica\",\"Edmilson Rodrigues\",\"Glauber Braga\",\"Ivan Valente\",\"Jean Wyllys\",\"Luiza Erundina\",\"Marcelo Freixo\",\"nota\",\"Nota do PSOL\",\"PSOL na C\u00e2mara\"],\"articleSection\":[\"A\u00e7\u00e3o Parlamentar\",\"Brasil\",\"Not\u00edcias\"],\"inLanguage\":\"pt-BR\",\"potentialAction\":[{\"@type\":\"CommentAction\",\"name\":\"Comment\",\"target\":[\"https:\/\/psol50.org.br\/a-saida-e-pela-esquerda-nota-da-bancada-do-psol\/#respond\"]}]},{\"@type\":\"WebPage\",\"@id\":\"https:\/\/psol50.org.br\/a-saida-e-pela-esquerda-nota-da-bancada-do-psol\/\",\"url\":\"https:\/\/psol50.org.br\/a-saida-e-pela-esquerda-nota-da-bancada-do-psol\/\",\"name\":\"A sa\u00edda \u00e9 pela esquerda - nota da bancada do PSOL - PSOL 50\",\"isPartOf\":{\"@id\":\"https:\/\/psol50.org.br\/#website\"},\"primaryImageOfPage\":{\"@id\":\"https:\/\/psol50.org.br\/a-saida-e-pela-esquerda-nota-da-bancada-do-psol\/#primaryimage\"},\"image\":{\"@id\":\"https:\/\/psol50.org.br\/a-saida-e-pela-esquerda-nota-da-bancada-do-psol\/#primaryimage\"},\"thumbnailUrl\":\"https:\/\/psol50.org.br\/inc\/uploads\/2016\/03\/nota-psol-e1458103878106.jpg\",\"datePublished\":\"2016-03-17T19:45:21+00:00\",\"breadcrumb\":{\"@id\":\"https:\/\/psol50.org.br\/a-saida-e-pela-esquerda-nota-da-bancada-do-psol\/#breadcrumb\"},\"inLanguage\":\"pt-BR\",\"potentialAction\":[{\"@type\":\"ReadAction\",\"target\":[\"https:\/\/psol50.org.br\/a-saida-e-pela-esquerda-nota-da-bancada-do-psol\/\"]}]},{\"@type\":\"ImageObject\",\"inLanguage\":\"pt-BR\",\"@id\":\"https:\/\/psol50.org.br\/a-saida-e-pela-esquerda-nota-da-bancada-do-psol\/#primaryimage\",\"url\":\"https:\/\/psol50.org.br\/inc\/uploads\/2016\/03\/nota-psol-e1458103878106.jpg\",\"contentUrl\":\"https:\/\/psol50.org.br\/inc\/uploads\/2016\/03\/nota-psol-e1458103878106.jpg\",\"width\":1000,\"height\":667},{\"@type\":\"BreadcrumbList\",\"@id\":\"https:\/\/psol50.org.br\/a-saida-e-pela-esquerda-nota-da-bancada-do-psol\/#breadcrumb\",\"itemListElement\":[{\"@type\":\"ListItem\",\"position\":1,\"name\":\"In\u00edcio\",\"item\":\"https:\/\/psol50.org.br\/\"},{\"@type\":\"ListItem\",\"position\":2,\"name\":\"A sa\u00edda \u00e9 pela esquerda &#8211; nota da bancada do PSOL\"}]},{\"@type\":\"WebSite\",\"@id\":\"https:\/\/psol50.org.br\/#website\",\"url\":\"https:\/\/psol50.org.br\/\",\"name\":\"PSOL 50\",\"description\":\"Site oficial do Partido Socialismo e Liberdade\",\"publisher\":{\"@id\":\"https:\/\/psol50.org.br\/#organization\"},\"alternateName\":\"PSOL50\",\"potentialAction\":[{\"@type\":\"SearchAction\",\"target\":{\"@type\":\"EntryPoint\",\"urlTemplate\":\"https:\/\/psol50.org.br\/?s={search_term_string}\"},\"query-input\":{\"@type\":\"PropertyValueSpecification\",\"valueRequired\":true,\"valueName\":\"search_term_string\"}}],\"inLanguage\":\"pt-BR\"},{\"@type\":\"Organization\",\"@id\":\"https:\/\/psol50.org.br\/#organization\",\"name\":\"PSOL 50\",\"alternateName\":\"PSOL 50\",\"url\":\"https:\/\/psol50.org.br\/\",\"logo\":{\"@type\":\"ImageObject\",\"inLanguage\":\"pt-BR\",\"@id\":\"https:\/\/psol50.org.br\/#\/schema\/logo\/image\/\",\"url\":\"https:\/\/psol50.org.br\/inc\/uploads\/2018\/07\/capa.png\",\"contentUrl\":\"https:\/\/psol50.org.br\/inc\/uploads\/2018\/07\/capa.png\",\"width\":1350,\"height\":900,\"caption\":\"PSOL 50\"},\"image\":{\"@id\":\"https:\/\/psol50.org.br\/#\/schema\/logo\/image\/\"},\"sameAs\":[\"https:\/\/www.facebook.com\/psol50\",\"https:\/\/x.com\/psol50\",\"https:\/\/www.instagram.com\/psol50\/\",\"https:\/\/www.youtube.com\/channel\/UC7SnJS5o1os7a6CaiNabzcg\"]},{\"@type\":\"Person\",\"@id\":\"https:\/\/psol50.org.br\/#\/schema\/person\/475dfa57d0b815993c714c2e96491fcd\",\"name\":\"Comunica\u00e7\u00e3o PSOL\",\"image\":{\"@type\":\"ImageObject\",\"inLanguage\":\"pt-BR\",\"@id\":\"https:\/\/psol50.org.br\/#\/schema\/person\/image\/\",\"url\":\"https:\/\/secure.gravatar.com\/avatar\/b34fc4f4e468a4e51785917065a3db57b841f5c95dba6ad8c73aaf8f66f8f9bf?s=96&d=mm&r=g\",\"contentUrl\":\"https:\/\/secure.gravatar.com\/avatar\/b34fc4f4e468a4e51785917065a3db57b841f5c95dba6ad8c73aaf8f66f8f9bf?s=96&d=mm&r=g\",\"caption\":\"Comunica\u00e7\u00e3o PSOL\"}}]}<\/script>\n<!-- \/ Yoast SEO plugin. -->","yoast_head_json":{"title":"A sa\u00edda \u00e9 pela esquerda - nota da bancada do PSOL - PSOL 50","robots":{"index":"index","follow":"follow","max-snippet":"max-snippet:-1","max-image-preview":"max-image-preview:large","max-video-preview":"max-video-preview:-1"},"canonical":"https:\/\/psol50.org.br\/a-saida-e-pela-esquerda-nota-da-bancada-do-psol\/","og_locale":"pt_BR","og_type":"article","og_title":"A sa\u00edda \u00e9 pela esquerda - nota da bancada do PSOL - PSOL 50","og_description":"Face \u00e0 velocidade dos \u00faltimos acontecimentos e a radicaliza\u00e7\u00e3o da crise pol\u00edtica, tomamos um posicionamento firme e sem meias palavras: 1. Somos oposi\u00e7\u00e3o program\u00e1tica e de esquerda ao governo Dilma. Combatemos suas pol\u00edticas regressivas e questionamos as concess\u00f5es feitas ao grande capital. Diante da atual crise, do ajuste fiscal e da retirada de direitos, \u00e9 [&hellip;]","og_url":"https:\/\/psol50.org.br\/a-saida-e-pela-esquerda-nota-da-bancada-do-psol\/","og_site_name":"PSOL 50","article_publisher":"https:\/\/www.facebook.com\/psol50","article_published_time":"2016-03-17T19:45:21+00:00","og_image":[{"width":1000,"height":667,"url":"https:\/\/psol50.org.br\/inc\/uploads\/2016\/03\/nota-psol-e1458103878106.jpg","type":"image\/jpeg"}],"author":"Comunica\u00e7\u00e3o PSOL","twitter_card":"summary_large_image","twitter_creator":"@psol50","twitter_site":"@psol50","twitter_misc":{"Escrito por":"Comunica\u00e7\u00e3o PSOL","Est. tempo de leitura":"5 minutos"},"schema":{"@context":"https:\/\/schema.org","@graph":[{"@type":"Article","@id":"https:\/\/psol50.org.br\/a-saida-e-pela-esquerda-nota-da-bancada-do-psol\/#article","isPartOf":{"@id":"https:\/\/psol50.org.br\/a-saida-e-pela-esquerda-nota-da-bancada-do-psol\/"},"author":{"name":"Comunica\u00e7\u00e3o PSOL","@id":"https:\/\/psol50.org.br\/#\/schema\/person\/475dfa57d0b815993c714c2e96491fcd"},"headline":"A sa\u00edda \u00e9 pela esquerda &#8211; nota da bancada do PSOL","datePublished":"2016-03-17T19:45:21+00:00","mainEntityOfPage":{"@id":"https:\/\/psol50.org.br\/a-saida-e-pela-esquerda-nota-da-bancada-do-psol\/"},"wordCount":1010,"commentCount":0,"publisher":{"@id":"https:\/\/psol50.org.br\/#organization"},"image":{"@id":"https:\/\/psol50.org.br\/a-saida-e-pela-esquerda-nota-da-bancada-do-psol\/#primaryimage"},"thumbnailUrl":"https:\/\/psol50.org.br\/inc\/uploads\/2016\/03\/nota-psol-e1458103878106.jpg","keywords":["Chico Alencar","crise pol\u00edtica","Edmilson Rodrigues","Glauber Braga","Ivan Valente","Jean Wyllys","Luiza Erundina","Marcelo Freixo","nota","Nota do PSOL","PSOL na C\u00e2mara"],"articleSection":["A\u00e7\u00e3o Parlamentar","Brasil","Not\u00edcias"],"inLanguage":"pt-BR","potentialAction":[{"@type":"CommentAction","name":"Comment","target":["https:\/\/psol50.org.br\/a-saida-e-pela-esquerda-nota-da-bancada-do-psol\/#respond"]}]},{"@type":"WebPage","@id":"https:\/\/psol50.org.br\/a-saida-e-pela-esquerda-nota-da-bancada-do-psol\/","url":"https:\/\/psol50.org.br\/a-saida-e-pela-esquerda-nota-da-bancada-do-psol\/","name":"A sa\u00edda \u00e9 pela esquerda - nota da bancada do PSOL - PSOL 50","isPartOf":{"@id":"https:\/\/psol50.org.br\/#website"},"primaryImageOfPage":{"@id":"https:\/\/psol50.org.br\/a-saida-e-pela-esquerda-nota-da-bancada-do-psol\/#primaryimage"},"image":{"@id":"https:\/\/psol50.org.br\/a-saida-e-pela-esquerda-nota-da-bancada-do-psol\/#primaryimage"},"thumbnailUrl":"https:\/\/psol50.org.br\/inc\/uploads\/2016\/03\/nota-psol-e1458103878106.jpg","datePublished":"2016-03-17T19:45:21+00:00","breadcrumb":{"@id":"https:\/\/psol50.org.br\/a-saida-e-pela-esquerda-nota-da-bancada-do-psol\/#breadcrumb"},"inLanguage":"pt-BR","potentialAction":[{"@type":"ReadAction","target":["https:\/\/psol50.org.br\/a-saida-e-pela-esquerda-nota-da-bancada-do-psol\/"]}]},{"@type":"ImageObject","inLanguage":"pt-BR","@id":"https:\/\/psol50.org.br\/a-saida-e-pela-esquerda-nota-da-bancada-do-psol\/#primaryimage","url":"https:\/\/psol50.org.br\/inc\/uploads\/2016\/03\/nota-psol-e1458103878106.jpg","contentUrl":"https:\/\/psol50.org.br\/inc\/uploads\/2016\/03\/nota-psol-e1458103878106.jpg","width":1000,"height":667},{"@type":"BreadcrumbList","@id":"https:\/\/psol50.org.br\/a-saida-e-pela-esquerda-nota-da-bancada-do-psol\/#breadcrumb","itemListElement":[{"@type":"ListItem","position":1,"name":"In\u00edcio","item":"https:\/\/psol50.org.br\/"},{"@type":"ListItem","position":2,"name":"A sa\u00edda \u00e9 pela esquerda &#8211; nota da bancada do PSOL"}]},{"@type":"WebSite","@id":"https:\/\/psol50.org.br\/#website","url":"https:\/\/psol50.org.br\/","name":"PSOL 50","description":"Site oficial do Partido Socialismo e Liberdade","publisher":{"@id":"https:\/\/psol50.org.br\/#organization"},"alternateName":"PSOL50","potentialAction":[{"@type":"SearchAction","target":{"@type":"EntryPoint","urlTemplate":"https:\/\/psol50.org.br\/?s={search_term_string}"},"query-input":{"@type":"PropertyValueSpecification","valueRequired":true,"valueName":"search_term_string"}}],"inLanguage":"pt-BR"},{"@type":"Organization","@id":"https:\/\/psol50.org.br\/#organization","name":"PSOL 50","alternateName":"PSOL 50","url":"https:\/\/psol50.org.br\/","logo":{"@type":"ImageObject","inLanguage":"pt-BR","@id":"https:\/\/psol50.org.br\/#\/schema\/logo\/image\/","url":"https:\/\/psol50.org.br\/inc\/uploads\/2018\/07\/capa.png","contentUrl":"https:\/\/psol50.org.br\/inc\/uploads\/2018\/07\/capa.png","width":1350,"height":900,"caption":"PSOL 50"},"image":{"@id":"https:\/\/psol50.org.br\/#\/schema\/logo\/image\/"},"sameAs":["https:\/\/www.facebook.com\/psol50","https:\/\/x.com\/psol50","https:\/\/www.instagram.com\/psol50\/","https:\/\/www.youtube.com\/channel\/UC7SnJS5o1os7a6CaiNabzcg"]},{"@type":"Person","@id":"https:\/\/psol50.org.br\/#\/schema\/person\/475dfa57d0b815993c714c2e96491fcd","name":"Comunica\u00e7\u00e3o PSOL","image":{"@type":"ImageObject","inLanguage":"pt-BR","@id":"https:\/\/psol50.org.br\/#\/schema\/person\/image\/","url":"https:\/\/secure.gravatar.com\/avatar\/b34fc4f4e468a4e51785917065a3db57b841f5c95dba6ad8c73aaf8f66f8f9bf?s=96&d=mm&r=g","contentUrl":"https:\/\/secure.gravatar.com\/avatar\/b34fc4f4e468a4e51785917065a3db57b841f5c95dba6ad8c73aaf8f66f8f9bf?s=96&d=mm&r=g","caption":"Comunica\u00e7\u00e3o PSOL"}}]}},"_links":{"self":[{"href":"https:\/\/psol50.org.br\/rest\/wp\/v2\/posts\/11715","targetHints":{"allow":["GET"]}}],"collection":[{"href":"https:\/\/psol50.org.br\/rest\/wp\/v2\/posts"}],"about":[{"href":"https:\/\/psol50.org.br\/rest\/wp\/v2\/types\/post"}],"author":[{"embeddable":true,"href":"https:\/\/psol50.org.br\/rest\/wp\/v2\/users\/2"}],"replies":[{"embeddable":true,"href":"https:\/\/psol50.org.br\/rest\/wp\/v2\/comments?post=11715"}],"version-history":[{"count":0,"href":"https:\/\/psol50.org.br\/rest\/wp\/v2\/posts\/11715\/revisions"}],"wp:featuredmedia":[{"embeddable":true,"href":"https:\/\/psol50.org.br\/rest\/wp\/v2\/media\/11554"}],"wp:attachment":[{"href":"https:\/\/psol50.org.br\/rest\/wp\/v2\/media?parent=11715"}],"wp:term":[{"taxonomy":"category","embeddable":true,"href":"https:\/\/psol50.org.br\/rest\/wp\/v2\/categories?post=11715"},{"taxonomy":"post_tag","embeddable":true,"href":"https:\/\/psol50.org.br\/rest\/wp\/v2\/tags?post=11715"}],"curies":[{"name":"wp","href":"https:\/\/api.w.org\/{rel}","templated":true}]}}