{"id":1174,"date":"2006-05-16T00:00:00","date_gmt":"2006-05-16T00:00:00","guid":{"rendered":"http:\/\/psol50.org.br\/arquivo\/2006\/05\/16\/p-sol-se-solidariza-com-vitimas-da-violencia-em-sao-paulo\/"},"modified":"2006-05-16T00:00:00","modified_gmt":"2006-05-16T00:00:00","slug":"p-sol-se-solidariza-com-vitimas-da-violencia-em-sao-paulo","status":"publish","type":"post","link":"https:\/\/psol50.org.br\/p-sol-se-solidariza-com-vitimas-da-violencia-em-sao-paulo\/","title":{"rendered":"P-SOL se solidariza com v\u00edtimas da viol\u00eancia em S\u00e3o Paulo"},"content":{"rendered":"<p>Partido reivindica mais investimentos e pol\u00edticas p\u00fablicas que promovam incremento em \u00e1reas como a de prote&ccedil;&atilde;o &agrave; inf&acirc;ncia e juventude e gera&ccedil;&atilde;o de emprego e renda.<\/p>\n<p><!--more--><\/p>\n<p>O l\u00edder do P-SOL na C&acirc;mara dos Deputados, deputado Jo&atilde;o Alfredo (CE),<br \/>\ndisse hoje em discurso no plen\u00e1rio da C&acirc;mara dos Deputados que o<br \/>\npartido se solidariza com as fam\u00edlias das v\u00edtimas do epis\u00f3dio de<br \/>\nviol&ecirc;ncia urbana que vem afetando a cidade de S&atilde;o Paulo. Jo&atilde;o Alfredo<br \/>\nafirmou que o Psol se posiciona contra o contingenciamento de verbas na<br \/>\n\u00e1rea de seguran&ccedil;a p\u00fablica e que o Estado n&atilde;o deve estar presente na<br \/>\nvida da sociedade apenas do ponto de vista da repress&atilde;o, mas que deve<br \/>\ninvestir na execu&ccedil;&atilde;o de pol\u00edticas p\u00fablicas que promovam o incremento em<br \/>\n\u00e1reas como a de prote&ccedil;&atilde;o &agrave; inf&acirc;ncia e &agrave; juventude e &agrave; gera&ccedil;&atilde;o de<br \/>\nemprego e renda.<\/p>\n<p>Em seu pronunciamento, Jo&atilde;o Alfredo citou artigo de Frei Betto,<br \/>\npublicado hoje (16) no jornal Folha de S&atilde;o Paulo onde \u00e9 revelado que<br \/>\nentre as cidades do Rio de Janeiro e S&atilde;o Paulo existem dois e tr&ecirc;s<br \/>\nmilh&otilde;es de jovens, entre 14 e 24 anos, que n&atilde;o terminaram o ensino<br \/>\nfundamental e que nesse contingente encontram-se 80% de assassinos e<br \/>\ndos assassinados.<\/p>\n<p>O deputado acrescentou que o P-SOL defende entre outras medidas, o<br \/>\nfortalecimento do Sistema \u00danico de Seguran&ccedil;a P\u00fablica, com a integra&ccedil;&atilde;o<br \/>\ndas pol\u00edcias civil e militar, com o policiamento comunit\u00e1rio e<br \/>\naprova&ccedil;&atilde;o de projetos legislativos que aprimorem a pol\u00edtica de<br \/>\nseguran&ccedil;a p\u00fablica no Brasil. Para Jo&atilde;o Alfredo, s\u00f3 com investimentos em<br \/>\n\u00e1reas como educa&ccedil;&atilde;o de qualidade e combate ao desemprego \u00e9 que se<br \/>\ncombater\u00e1 a crise de seguran&ccedil;a que se disseminou em alguns estados<br \/>\nbrasileiros. &ldquo;A fonte geradora da viol&ecirc;ncia \u00e9 derivada da forte<br \/>\nexclus&atilde;o social promovida pelo modelo econ&ocirc;mico e da fal&ecirc;ncia das<br \/>\npol\u00edticas sociais&rdquo;, disse o l\u00edder. <\/p>\n","protected":false},"excerpt":{"rendered":"<p>Partido reivindica mais investimentos e pol\u00edticas p\u00fablicas que promovam incremento em \u00e1reas como a de prote&ccedil;&atilde;o &agrave; inf&acirc;ncia e juventude e gera&ccedil;&atilde;o de emprego e renda.<\/p>\n","protected":false},"author":2,"featured_media":0,"comment_status":"open","ping_status":"open","sticky":false,"template":"","format":"standard","meta":{"_acf_changed":false,"footnotes":""},"categories":[4766],"tags":[],"class_list":{"0":"post-1174","1":"post","2":"type-post","3":"status-publish","4":"format-standard","6":"category-arquivo"},"acf":[],"yoast_head":"<!-- This site is optimized with the Yoast SEO plugin v26.5 - https:\/\/yoast.com\/wordpress\/plugins\/seo\/ -->\n<title>P-SOL se solidariza com v\u00edtimas da viol\u00eancia em S\u00e3o Paulo - PSOL 50<\/title>\n<meta name=\"robots\" content=\"index, follow, max-snippet:-1, max-image-preview:large, max-video-preview:-1\" \/>\n<link rel=\"canonical\" href=\"https:\/\/psol50.org.br\/p-sol-se-solidariza-com-vitimas-da-violencia-em-sao-paulo\/\" \/>\n<meta property=\"og:locale\" content=\"pt_BR\" \/>\n<meta property=\"og:type\" content=\"article\" \/>\n<meta property=\"og:title\" content=\"P-SOL se solidariza com v\u00edtimas da viol\u00eancia em S\u00e3o Paulo - PSOL 50\" \/>\n<meta property=\"og:description\" content=\"Partido reivindica mais investimentos e pol\u00edticas p\u00fablicas que promovam incremento em \u00e1reas como a de prote&ccedil;&atilde;o &agrave; inf&acirc;ncia e juventude e gera&ccedil;&atilde;o de emprego e renda.\" \/>\n<meta property=\"og:url\" content=\"https:\/\/psol50.org.br\/p-sol-se-solidariza-com-vitimas-da-violencia-em-sao-paulo\/\" \/>\n<meta property=\"og:site_name\" content=\"PSOL 50\" \/>\n<meta property=\"article:publisher\" content=\"https:\/\/www.facebook.com\/psol50\" \/>\n<meta property=\"article:published_time\" content=\"2006-05-16T00:00:00+00:00\" \/>\n<meta property=\"og:image\" content=\"https:\/\/psol50.org.br\/inc\/uploads\/2018\/07\/capa.png\" \/>\n\t<meta property=\"og:image:width\" content=\"1350\" \/>\n\t<meta property=\"og:image:height\" content=\"900\" \/>\n\t<meta property=\"og:image:type\" content=\"image\/png\" \/>\n<meta name=\"author\" content=\"Comunica\u00e7\u00e3o PSOL\" \/>\n<meta name=\"twitter:card\" content=\"summary_large_image\" \/>\n<meta name=\"twitter:creator\" content=\"@psol50\" \/>\n<meta name=\"twitter:site\" content=\"@psol50\" \/>\n<meta name=\"twitter:label1\" content=\"Escrito por\" \/>\n\t<meta name=\"twitter:data1\" content=\"Comunica\u00e7\u00e3o PSOL\" \/>\n\t<meta name=\"twitter:label2\" content=\"Est. tempo de leitura\" \/>\n\t<meta name=\"twitter:data2\" content=\"2 minutos\" \/>\n<script type=\"application\/ld+json\" class=\"yoast-schema-graph\">{\"@context\":\"https:\/\/schema.org\",\"@graph\":[{\"@type\":\"Article\",\"@id\":\"https:\/\/psol50.org.br\/p-sol-se-solidariza-com-vitimas-da-violencia-em-sao-paulo\/#article\",\"isPartOf\":{\"@id\":\"https:\/\/psol50.org.br\/p-sol-se-solidariza-com-vitimas-da-violencia-em-sao-paulo\/\"},\"author\":{\"name\":\"Comunica\u00e7\u00e3o PSOL\",\"@id\":\"https:\/\/psol50.org.br\/#\/schema\/person\/475dfa57d0b815993c714c2e96491fcd\"},\"headline\":\"P-SOL se solidariza com v\u00edtimas da viol\u00eancia em S\u00e3o Paulo\",\"datePublished\":\"2006-05-16T00:00:00+00:00\",\"mainEntityOfPage\":{\"@id\":\"https:\/\/psol50.org.br\/p-sol-se-solidariza-com-vitimas-da-violencia-em-sao-paulo\/\"},\"wordCount\":399,\"commentCount\":0,\"publisher\":{\"@id\":\"https:\/\/psol50.org.br\/#organization\"},\"articleSection\":[\"Arquivo\"],\"inLanguage\":\"pt-BR\",\"potentialAction\":[{\"@type\":\"CommentAction\",\"name\":\"Comment\",\"target\":[\"https:\/\/psol50.org.br\/p-sol-se-solidariza-com-vitimas-da-violencia-em-sao-paulo\/#respond\"]}]},{\"@type\":\"WebPage\",\"@id\":\"https:\/\/psol50.org.br\/p-sol-se-solidariza-com-vitimas-da-violencia-em-sao-paulo\/\",\"url\":\"https:\/\/psol50.org.br\/p-sol-se-solidariza-com-vitimas-da-violencia-em-sao-paulo\/\",\"name\":\"P-SOL se solidariza com v\u00edtimas da viol\u00eancia em S\u00e3o Paulo - PSOL 50\",\"isPartOf\":{\"@id\":\"https:\/\/psol50.org.br\/#website\"},\"datePublished\":\"2006-05-16T00:00:00+00:00\",\"breadcrumb\":{\"@id\":\"https:\/\/psol50.org.br\/p-sol-se-solidariza-com-vitimas-da-violencia-em-sao-paulo\/#breadcrumb\"},\"inLanguage\":\"pt-BR\",\"potentialAction\":[{\"@type\":\"ReadAction\",\"target\":[\"https:\/\/psol50.org.br\/p-sol-se-solidariza-com-vitimas-da-violencia-em-sao-paulo\/\"]}]},{\"@type\":\"BreadcrumbList\",\"@id\":\"https:\/\/psol50.org.br\/p-sol-se-solidariza-com-vitimas-da-violencia-em-sao-paulo\/#breadcrumb\",\"itemListElement\":[{\"@type\":\"ListItem\",\"position\":1,\"name\":\"In\u00edcio\",\"item\":\"https:\/\/psol50.org.br\/\"},{\"@type\":\"ListItem\",\"position\":2,\"name\":\"P-SOL se solidariza com v\u00edtimas da viol\u00eancia em S\u00e3o Paulo\"}]},{\"@type\":\"WebSite\",\"@id\":\"https:\/\/psol50.org.br\/#website\",\"url\":\"https:\/\/psol50.org.br\/\",\"name\":\"PSOL 50\",\"description\":\"Site oficial do Partido Socialismo e Liberdade\",\"publisher\":{\"@id\":\"https:\/\/psol50.org.br\/#organization\"},\"alternateName\":\"PSOL50\",\"potentialAction\":[{\"@type\":\"SearchAction\",\"target\":{\"@type\":\"EntryPoint\",\"urlTemplate\":\"https:\/\/psol50.org.br\/?s={search_term_string}\"},\"query-input\":{\"@type\":\"PropertyValueSpecification\",\"valueRequired\":true,\"valueName\":\"search_term_string\"}}],\"inLanguage\":\"pt-BR\"},{\"@type\":\"Organization\",\"@id\":\"https:\/\/psol50.org.br\/#organization\",\"name\":\"PSOL 50\",\"alternateName\":\"PSOL 50\",\"url\":\"https:\/\/psol50.org.br\/\",\"logo\":{\"@type\":\"ImageObject\",\"inLanguage\":\"pt-BR\",\"@id\":\"https:\/\/psol50.org.br\/#\/schema\/logo\/image\/\",\"url\":\"https:\/\/psol50.org.br\/inc\/uploads\/2018\/07\/capa.png\",\"contentUrl\":\"https:\/\/psol50.org.br\/inc\/uploads\/2018\/07\/capa.png\",\"width\":1350,\"height\":900,\"caption\":\"PSOL 50\"},\"image\":{\"@id\":\"https:\/\/psol50.org.br\/#\/schema\/logo\/image\/\"},\"sameAs\":[\"https:\/\/www.facebook.com\/psol50\",\"https:\/\/x.com\/psol50\",\"https:\/\/www.instagram.com\/psol50\/\",\"https:\/\/www.youtube.com\/channel\/UC7SnJS5o1os7a6CaiNabzcg\"]},{\"@type\":\"Person\",\"@id\":\"https:\/\/psol50.org.br\/#\/schema\/person\/475dfa57d0b815993c714c2e96491fcd\",\"name\":\"Comunica\u00e7\u00e3o PSOL\",\"image\":{\"@type\":\"ImageObject\",\"inLanguage\":\"pt-BR\",\"@id\":\"https:\/\/psol50.org.br\/#\/schema\/person\/image\/\",\"url\":\"https:\/\/secure.gravatar.com\/avatar\/b34fc4f4e468a4e51785917065a3db57b841f5c95dba6ad8c73aaf8f66f8f9bf?s=96&d=mm&r=g\",\"contentUrl\":\"https:\/\/secure.gravatar.com\/avatar\/b34fc4f4e468a4e51785917065a3db57b841f5c95dba6ad8c73aaf8f66f8f9bf?s=96&d=mm&r=g\",\"caption\":\"Comunica\u00e7\u00e3o PSOL\"}}]}<\/script>\n<!-- \/ Yoast SEO plugin. -->","yoast_head_json":{"title":"P-SOL se solidariza com v\u00edtimas da viol\u00eancia em S\u00e3o Paulo - PSOL 50","robots":{"index":"index","follow":"follow","max-snippet":"max-snippet:-1","max-image-preview":"max-image-preview:large","max-video-preview":"max-video-preview:-1"},"canonical":"https:\/\/psol50.org.br\/p-sol-se-solidariza-com-vitimas-da-violencia-em-sao-paulo\/","og_locale":"pt_BR","og_type":"article","og_title":"P-SOL se solidariza com v\u00edtimas da viol\u00eancia em S\u00e3o Paulo - PSOL 50","og_description":"Partido reivindica mais investimentos e pol\u00edticas p\u00fablicas que promovam incremento em \u00e1reas como a de prote&ccedil;&atilde;o &agrave; inf&acirc;ncia e juventude e gera&ccedil;&atilde;o de emprego e renda.","og_url":"https:\/\/psol50.org.br\/p-sol-se-solidariza-com-vitimas-da-violencia-em-sao-paulo\/","og_site_name":"PSOL 50","article_publisher":"https:\/\/www.facebook.com\/psol50","article_published_time":"2006-05-16T00:00:00+00:00","og_image":[{"width":1350,"height":900,"url":"https:\/\/psol50.org.br\/inc\/uploads\/2018\/07\/capa.png","type":"image\/png"}],"author":"Comunica\u00e7\u00e3o PSOL","twitter_card":"summary_large_image","twitter_creator":"@psol50","twitter_site":"@psol50","twitter_misc":{"Escrito por":"Comunica\u00e7\u00e3o PSOL","Est. tempo de leitura":"2 minutos"},"schema":{"@context":"https:\/\/schema.org","@graph":[{"@type":"Article","@id":"https:\/\/psol50.org.br\/p-sol-se-solidariza-com-vitimas-da-violencia-em-sao-paulo\/#article","isPartOf":{"@id":"https:\/\/psol50.org.br\/p-sol-se-solidariza-com-vitimas-da-violencia-em-sao-paulo\/"},"author":{"name":"Comunica\u00e7\u00e3o PSOL","@id":"https:\/\/psol50.org.br\/#\/schema\/person\/475dfa57d0b815993c714c2e96491fcd"},"headline":"P-SOL se solidariza com v\u00edtimas da viol\u00eancia em S\u00e3o Paulo","datePublished":"2006-05-16T00:00:00+00:00","mainEntityOfPage":{"@id":"https:\/\/psol50.org.br\/p-sol-se-solidariza-com-vitimas-da-violencia-em-sao-paulo\/"},"wordCount":399,"commentCount":0,"publisher":{"@id":"https:\/\/psol50.org.br\/#organization"},"articleSection":["Arquivo"],"inLanguage":"pt-BR","potentialAction":[{"@type":"CommentAction","name":"Comment","target":["https:\/\/psol50.org.br\/p-sol-se-solidariza-com-vitimas-da-violencia-em-sao-paulo\/#respond"]}]},{"@type":"WebPage","@id":"https:\/\/psol50.org.br\/p-sol-se-solidariza-com-vitimas-da-violencia-em-sao-paulo\/","url":"https:\/\/psol50.org.br\/p-sol-se-solidariza-com-vitimas-da-violencia-em-sao-paulo\/","name":"P-SOL se solidariza com v\u00edtimas da viol\u00eancia em S\u00e3o Paulo - PSOL 50","isPartOf":{"@id":"https:\/\/psol50.org.br\/#website"},"datePublished":"2006-05-16T00:00:00+00:00","breadcrumb":{"@id":"https:\/\/psol50.org.br\/p-sol-se-solidariza-com-vitimas-da-violencia-em-sao-paulo\/#breadcrumb"},"inLanguage":"pt-BR","potentialAction":[{"@type":"ReadAction","target":["https:\/\/psol50.org.br\/p-sol-se-solidariza-com-vitimas-da-violencia-em-sao-paulo\/"]}]},{"@type":"BreadcrumbList","@id":"https:\/\/psol50.org.br\/p-sol-se-solidariza-com-vitimas-da-violencia-em-sao-paulo\/#breadcrumb","itemListElement":[{"@type":"ListItem","position":1,"name":"In\u00edcio","item":"https:\/\/psol50.org.br\/"},{"@type":"ListItem","position":2,"name":"P-SOL se solidariza com v\u00edtimas da viol\u00eancia em S\u00e3o Paulo"}]},{"@type":"WebSite","@id":"https:\/\/psol50.org.br\/#website","url":"https:\/\/psol50.org.br\/","name":"PSOL 50","description":"Site oficial do Partido Socialismo e Liberdade","publisher":{"@id":"https:\/\/psol50.org.br\/#organization"},"alternateName":"PSOL50","potentialAction":[{"@type":"SearchAction","target":{"@type":"EntryPoint","urlTemplate":"https:\/\/psol50.org.br\/?s={search_term_string}"},"query-input":{"@type":"PropertyValueSpecification","valueRequired":true,"valueName":"search_term_string"}}],"inLanguage":"pt-BR"},{"@type":"Organization","@id":"https:\/\/psol50.org.br\/#organization","name":"PSOL 50","alternateName":"PSOL 50","url":"https:\/\/psol50.org.br\/","logo":{"@type":"ImageObject","inLanguage":"pt-BR","@id":"https:\/\/psol50.org.br\/#\/schema\/logo\/image\/","url":"https:\/\/psol50.org.br\/inc\/uploads\/2018\/07\/capa.png","contentUrl":"https:\/\/psol50.org.br\/inc\/uploads\/2018\/07\/capa.png","width":1350,"height":900,"caption":"PSOL 50"},"image":{"@id":"https:\/\/psol50.org.br\/#\/schema\/logo\/image\/"},"sameAs":["https:\/\/www.facebook.com\/psol50","https:\/\/x.com\/psol50","https:\/\/www.instagram.com\/psol50\/","https:\/\/www.youtube.com\/channel\/UC7SnJS5o1os7a6CaiNabzcg"]},{"@type":"Person","@id":"https:\/\/psol50.org.br\/#\/schema\/person\/475dfa57d0b815993c714c2e96491fcd","name":"Comunica\u00e7\u00e3o PSOL","image":{"@type":"ImageObject","inLanguage":"pt-BR","@id":"https:\/\/psol50.org.br\/#\/schema\/person\/image\/","url":"https:\/\/secure.gravatar.com\/avatar\/b34fc4f4e468a4e51785917065a3db57b841f5c95dba6ad8c73aaf8f66f8f9bf?s=96&d=mm&r=g","contentUrl":"https:\/\/secure.gravatar.com\/avatar\/b34fc4f4e468a4e51785917065a3db57b841f5c95dba6ad8c73aaf8f66f8f9bf?s=96&d=mm&r=g","caption":"Comunica\u00e7\u00e3o PSOL"}}]}},"_links":{"self":[{"href":"https:\/\/psol50.org.br\/rest\/wp\/v2\/posts\/1174","targetHints":{"allow":["GET"]}}],"collection":[{"href":"https:\/\/psol50.org.br\/rest\/wp\/v2\/posts"}],"about":[{"href":"https:\/\/psol50.org.br\/rest\/wp\/v2\/types\/post"}],"author":[{"embeddable":true,"href":"https:\/\/psol50.org.br\/rest\/wp\/v2\/users\/2"}],"replies":[{"embeddable":true,"href":"https:\/\/psol50.org.br\/rest\/wp\/v2\/comments?post=1174"}],"version-history":[{"count":0,"href":"https:\/\/psol50.org.br\/rest\/wp\/v2\/posts\/1174\/revisions"}],"wp:attachment":[{"href":"https:\/\/psol50.org.br\/rest\/wp\/v2\/media?parent=1174"}],"wp:term":[{"taxonomy":"category","embeddable":true,"href":"https:\/\/psol50.org.br\/rest\/wp\/v2\/categories?post=1174"},{"taxonomy":"post_tag","embeddable":true,"href":"https:\/\/psol50.org.br\/rest\/wp\/v2\/tags?post=1174"}],"curies":[{"name":"wp","href":"https:\/\/api.w.org\/{rel}","templated":true}]}}