{"id":1175,"date":"2006-05-15T00:00:00","date_gmt":"2006-05-15T00:00:00","guid":{"rendered":"http:\/\/psol50.org.br\/arquivo\/2006\/05\/15\/deter-a-espiral-da-barbarie\/"},"modified":"2006-05-15T00:00:00","modified_gmt":"2006-05-15T00:00:00","slug":"deter-a-espiral-da-barbarie","status":"publish","type":"post","link":"https:\/\/psol50.org.br\/deter-a-espiral-da-barbarie\/","title":{"rendered":"Deter a espiral da barb\u00e1rie"},"content":{"rendered":"<p>O desafio que o crime organizado lan&ccedil;ou ao governo do Estado de S&atilde;o Paulo \u00e9 resultado do colapso de uma pol\u00edtica de seguran&ccedil;a p\u00fablica baseada apenas na repress&atilde;o brutal. Ela n&atilde;o funciona, por ser, acima de tudo, ineficiente. N&atilde;o ataca as causas do problema, n&atilde;o \u00e9 preventiva e n&atilde;o investe em intelig&ecirc;ncia policial.<\/p>\n<p><!--more--><\/p>\n<p>\u00c9 necess\u00e1ria uma integra&ccedil;&atilde;o de diversas pol\u00edticas p\u00fablicas, que vai<br \/>\nal\u00e9m apenas do investimento na estrutura&ccedil;&atilde;o das for&ccedil;as de seguran&ccedil;a. A<br \/>\nexperi&ecirc;ncia concreta mostra que t&atilde;o decisiva quanto a a&ccedil;&atilde;o policial,<br \/>\ns&atilde;o investimentos em distribui&ccedil;&atilde;o de renda, educa&ccedil;&atilde;o, lazer e<br \/>\nparticipa&ccedil;&atilde;o popular. <\/p>\n<p>Se medidas como essas n&atilde;o forem implantadas imediatamente, n&atilde;o \u00e9<br \/>\nnenhum exagero dizer que a instala&ccedil;&atilde;o de um estado de caos social,<br \/>\nmuito maior do que o atual ataque do PCC em S&atilde;o Paulo, \u00e9 apenas uma<br \/>\nquest&atilde;o de tempo.<\/p>\n<p>Infelizmente, em vez de atentar para o risco que a sociedade<br \/>\npaulista est\u00e1 correndo, os partidos da classe dominante est&atilde;o usando o<br \/>\nepis\u00f3dio para fazer politicagem. Acabam por travar uma guerra pol\u00edtica<br \/>\nmenor &#8211; um acusando o outro de imprevid&ecirc;ncia, falta de energia e outras<br \/>\ncr\u00edticas do mesmo teor. <\/p>\n<p>A estrat\u00e9gia correta para deter a escalada do crime organizado n&atilde;o<br \/>\nconsiste apenas em dotar a policia de armas mais poderosas e em<br \/>\naumentar as penas das infra&ccedil;&otilde;es criminais, mas, principalmente, de<br \/>\nreestruturar de cima abaixo todo o aparelho repressivo do Estado,<br \/>\nsubstituindo primitivos m\u00e9todos de coa&ccedil;&atilde;o adotados atualmente por<br \/>\nm\u00e9todos baseados nos recursos modernos da psicologia e em experimentos<br \/>\nexitosos com a aplica&ccedil;&atilde;o de penas mais humanas e mais eficazes. Essa<br \/>\nrevis&atilde;o n&atilde;o pode deixar de abranger uma verdadeira devassa na vida dos<br \/>\nintegrantes dessas institui&ccedil;&otilde;es, porque todos sabem que n&atilde;o h\u00e1 crime<br \/>\norganizado sem conex&otilde;es com altas autoridades do aparelho repressivo do<br \/>\nEstado.<\/p>\n<p>Mas nada disto ter\u00e1 efeito se a reestrutura&ccedil;&atilde;o do aparelho<br \/>\nrepressivo n&atilde;o for acompanhada por uma verdadeira reforma urbana, pois,<br \/>\ncomo \u00e9 conhecido de todos, a aglomera&ccedil;&atilde;o de grande n\u00famero de pessoas em<br \/>\nhabita&ccedil;&otilde;es prec\u00e1rias, em espa&ccedil;os reduzidos e de vias de circula&ccedil;&atilde;o<br \/>\nestreitas, favorece a log\u00edstica do crime e dificulta a vigil&acirc;ncia<br \/>\npolicial. <\/p>\n<p>A classe dominante n&atilde;o tem condi&ccedil;&otilde;es de fazer esse diagn\u00f3stico e,<br \/>\nmenos ainda, de tomar essas medidas porque isto implicaria cortar na<br \/>\npr\u00f3pria carne. Na verdade, ela s\u00f3 consegue pensar em mais trucul&ecirc;ncia<br \/>\ncontra a trucul&ecirc;ncia dos bandidos quando, na verdade, o problema s\u00f3<br \/>\npoder\u00e1 ser resolvido quando a sua pr\u00f3pria trucul&ecirc;ncia contra a<br \/>\npopula&ccedil;&atilde;o for detida.<\/p>\n<p>\n<\/p>\n<p><em>S&atilde;o Paulo, 15 de maio de 2006<\/em><\/p>\n","protected":false},"excerpt":{"rendered":"<p>O desafio que o crime organizado lan&ccedil;ou ao governo do Estado de S&atilde;o Paulo \u00e9 resultado do colapso de uma pol\u00edtica de seguran&ccedil;a p\u00fablica baseada apenas na repress&atilde;o brutal. Ela n&atilde;o funciona, por ser, acima de tudo, ineficiente. N&atilde;o ataca as causas do problema, n&atilde;o \u00e9 preventiva e n&atilde;o investe em intelig&ecirc;ncia policial.<\/p>\n","protected":false},"author":2,"featured_media":0,"comment_status":"open","ping_status":"open","sticky":false,"template":"","format":"standard","meta":{"_acf_changed":false,"footnotes":""},"categories":[4766],"tags":[],"class_list":{"0":"post-1175","1":"post","2":"type-post","3":"status-publish","4":"format-standard","6":"category-arquivo"},"acf":[],"yoast_head":"<!-- This site is optimized with the Yoast SEO plugin v26.5 - https:\/\/yoast.com\/wordpress\/plugins\/seo\/ -->\n<title>Deter a espiral da barb\u00e1rie - PSOL 50<\/title>\n<meta name=\"robots\" content=\"index, follow, max-snippet:-1, max-image-preview:large, max-video-preview:-1\" \/>\n<link rel=\"canonical\" href=\"https:\/\/psol50.org.br\/deter-a-espiral-da-barbarie\/\" \/>\n<meta property=\"og:locale\" content=\"pt_BR\" \/>\n<meta property=\"og:type\" content=\"article\" \/>\n<meta property=\"og:title\" content=\"Deter a espiral da barb\u00e1rie - PSOL 50\" \/>\n<meta property=\"og:description\" content=\"O desafio que o crime organizado lan&ccedil;ou ao governo do Estado de S&atilde;o Paulo \u00e9 resultado do colapso de uma pol\u00edtica de seguran&ccedil;a p\u00fablica baseada apenas na repress&atilde;o brutal. Ela n&atilde;o funciona, por ser, acima de tudo, ineficiente. N&atilde;o ataca as causas do problema, n&atilde;o \u00e9 preventiva e n&atilde;o investe em intelig&ecirc;ncia policial.\" \/>\n<meta property=\"og:url\" content=\"https:\/\/psol50.org.br\/deter-a-espiral-da-barbarie\/\" \/>\n<meta property=\"og:site_name\" content=\"PSOL 50\" \/>\n<meta property=\"article:publisher\" content=\"https:\/\/www.facebook.com\/psol50\" \/>\n<meta property=\"article:published_time\" content=\"2006-05-15T00:00:00+00:00\" \/>\n<meta property=\"og:image\" content=\"https:\/\/psol50.org.br\/inc\/uploads\/2018\/07\/capa.png\" \/>\n\t<meta property=\"og:image:width\" content=\"1350\" \/>\n\t<meta property=\"og:image:height\" content=\"900\" \/>\n\t<meta property=\"og:image:type\" content=\"image\/png\" \/>\n<meta name=\"author\" content=\"Comunica\u00e7\u00e3o PSOL\" \/>\n<meta name=\"twitter:card\" content=\"summary_large_image\" \/>\n<meta name=\"twitter:creator\" content=\"@psol50\" \/>\n<meta name=\"twitter:site\" content=\"@psol50\" \/>\n<meta name=\"twitter:label1\" content=\"Escrito por\" \/>\n\t<meta name=\"twitter:data1\" content=\"Comunica\u00e7\u00e3o PSOL\" \/>\n\t<meta name=\"twitter:label2\" content=\"Est. tempo de leitura\" \/>\n\t<meta name=\"twitter:data2\" content=\"3 minutos\" \/>\n<script type=\"application\/ld+json\" class=\"yoast-schema-graph\">{\"@context\":\"https:\/\/schema.org\",\"@graph\":[{\"@type\":\"Article\",\"@id\":\"https:\/\/psol50.org.br\/deter-a-espiral-da-barbarie\/#article\",\"isPartOf\":{\"@id\":\"https:\/\/psol50.org.br\/deter-a-espiral-da-barbarie\/\"},\"author\":{\"name\":\"Comunica\u00e7\u00e3o PSOL\",\"@id\":\"https:\/\/psol50.org.br\/#\/schema\/person\/475dfa57d0b815993c714c2e96491fcd\"},\"headline\":\"Deter a espiral da barb\u00e1rie\",\"datePublished\":\"2006-05-15T00:00:00+00:00\",\"mainEntityOfPage\":{\"@id\":\"https:\/\/psol50.org.br\/deter-a-espiral-da-barbarie\/\"},\"wordCount\":540,\"commentCount\":0,\"publisher\":{\"@id\":\"https:\/\/psol50.org.br\/#organization\"},\"articleSection\":[\"Arquivo\"],\"inLanguage\":\"pt-BR\",\"potentialAction\":[{\"@type\":\"CommentAction\",\"name\":\"Comment\",\"target\":[\"https:\/\/psol50.org.br\/deter-a-espiral-da-barbarie\/#respond\"]}]},{\"@type\":\"WebPage\",\"@id\":\"https:\/\/psol50.org.br\/deter-a-espiral-da-barbarie\/\",\"url\":\"https:\/\/psol50.org.br\/deter-a-espiral-da-barbarie\/\",\"name\":\"Deter a espiral da barb\u00e1rie - PSOL 50\",\"isPartOf\":{\"@id\":\"https:\/\/psol50.org.br\/#website\"},\"datePublished\":\"2006-05-15T00:00:00+00:00\",\"breadcrumb\":{\"@id\":\"https:\/\/psol50.org.br\/deter-a-espiral-da-barbarie\/#breadcrumb\"},\"inLanguage\":\"pt-BR\",\"potentialAction\":[{\"@type\":\"ReadAction\",\"target\":[\"https:\/\/psol50.org.br\/deter-a-espiral-da-barbarie\/\"]}]},{\"@type\":\"BreadcrumbList\",\"@id\":\"https:\/\/psol50.org.br\/deter-a-espiral-da-barbarie\/#breadcrumb\",\"itemListElement\":[{\"@type\":\"ListItem\",\"position\":1,\"name\":\"In\u00edcio\",\"item\":\"https:\/\/psol50.org.br\/\"},{\"@type\":\"ListItem\",\"position\":2,\"name\":\"Deter a espiral da barb\u00e1rie\"}]},{\"@type\":\"WebSite\",\"@id\":\"https:\/\/psol50.org.br\/#website\",\"url\":\"https:\/\/psol50.org.br\/\",\"name\":\"PSOL 50\",\"description\":\"Site oficial do Partido Socialismo e Liberdade\",\"publisher\":{\"@id\":\"https:\/\/psol50.org.br\/#organization\"},\"alternateName\":\"PSOL50\",\"potentialAction\":[{\"@type\":\"SearchAction\",\"target\":{\"@type\":\"EntryPoint\",\"urlTemplate\":\"https:\/\/psol50.org.br\/?s={search_term_string}\"},\"query-input\":{\"@type\":\"PropertyValueSpecification\",\"valueRequired\":true,\"valueName\":\"search_term_string\"}}],\"inLanguage\":\"pt-BR\"},{\"@type\":\"Organization\",\"@id\":\"https:\/\/psol50.org.br\/#organization\",\"name\":\"PSOL 50\",\"alternateName\":\"PSOL 50\",\"url\":\"https:\/\/psol50.org.br\/\",\"logo\":{\"@type\":\"ImageObject\",\"inLanguage\":\"pt-BR\",\"@id\":\"https:\/\/psol50.org.br\/#\/schema\/logo\/image\/\",\"url\":\"https:\/\/psol50.org.br\/inc\/uploads\/2018\/07\/capa.png\",\"contentUrl\":\"https:\/\/psol50.org.br\/inc\/uploads\/2018\/07\/capa.png\",\"width\":1350,\"height\":900,\"caption\":\"PSOL 50\"},\"image\":{\"@id\":\"https:\/\/psol50.org.br\/#\/schema\/logo\/image\/\"},\"sameAs\":[\"https:\/\/www.facebook.com\/psol50\",\"https:\/\/x.com\/psol50\",\"https:\/\/www.instagram.com\/psol50\/\",\"https:\/\/www.youtube.com\/channel\/UC7SnJS5o1os7a6CaiNabzcg\"]},{\"@type\":\"Person\",\"@id\":\"https:\/\/psol50.org.br\/#\/schema\/person\/475dfa57d0b815993c714c2e96491fcd\",\"name\":\"Comunica\u00e7\u00e3o PSOL\",\"image\":{\"@type\":\"ImageObject\",\"inLanguage\":\"pt-BR\",\"@id\":\"https:\/\/psol50.org.br\/#\/schema\/person\/image\/\",\"url\":\"https:\/\/secure.gravatar.com\/avatar\/b34fc4f4e468a4e51785917065a3db57b841f5c95dba6ad8c73aaf8f66f8f9bf?s=96&d=mm&r=g\",\"contentUrl\":\"https:\/\/secure.gravatar.com\/avatar\/b34fc4f4e468a4e51785917065a3db57b841f5c95dba6ad8c73aaf8f66f8f9bf?s=96&d=mm&r=g\",\"caption\":\"Comunica\u00e7\u00e3o PSOL\"}}]}<\/script>\n<!-- \/ Yoast SEO plugin. -->","yoast_head_json":{"title":"Deter a espiral da barb\u00e1rie - PSOL 50","robots":{"index":"index","follow":"follow","max-snippet":"max-snippet:-1","max-image-preview":"max-image-preview:large","max-video-preview":"max-video-preview:-1"},"canonical":"https:\/\/psol50.org.br\/deter-a-espiral-da-barbarie\/","og_locale":"pt_BR","og_type":"article","og_title":"Deter a espiral da barb\u00e1rie - PSOL 50","og_description":"O desafio que o crime organizado lan&ccedil;ou ao governo do Estado de S&atilde;o Paulo \u00e9 resultado do colapso de uma pol\u00edtica de seguran&ccedil;a p\u00fablica baseada apenas na repress&atilde;o brutal. Ela n&atilde;o funciona, por ser, acima de tudo, ineficiente. N&atilde;o ataca as causas do problema, n&atilde;o \u00e9 preventiva e n&atilde;o investe em intelig&ecirc;ncia policial.","og_url":"https:\/\/psol50.org.br\/deter-a-espiral-da-barbarie\/","og_site_name":"PSOL 50","article_publisher":"https:\/\/www.facebook.com\/psol50","article_published_time":"2006-05-15T00:00:00+00:00","og_image":[{"width":1350,"height":900,"url":"https:\/\/psol50.org.br\/inc\/uploads\/2018\/07\/capa.png","type":"image\/png"}],"author":"Comunica\u00e7\u00e3o PSOL","twitter_card":"summary_large_image","twitter_creator":"@psol50","twitter_site":"@psol50","twitter_misc":{"Escrito por":"Comunica\u00e7\u00e3o PSOL","Est. tempo de leitura":"3 minutos"},"schema":{"@context":"https:\/\/schema.org","@graph":[{"@type":"Article","@id":"https:\/\/psol50.org.br\/deter-a-espiral-da-barbarie\/#article","isPartOf":{"@id":"https:\/\/psol50.org.br\/deter-a-espiral-da-barbarie\/"},"author":{"name":"Comunica\u00e7\u00e3o PSOL","@id":"https:\/\/psol50.org.br\/#\/schema\/person\/475dfa57d0b815993c714c2e96491fcd"},"headline":"Deter a espiral da barb\u00e1rie","datePublished":"2006-05-15T00:00:00+00:00","mainEntityOfPage":{"@id":"https:\/\/psol50.org.br\/deter-a-espiral-da-barbarie\/"},"wordCount":540,"commentCount":0,"publisher":{"@id":"https:\/\/psol50.org.br\/#organization"},"articleSection":["Arquivo"],"inLanguage":"pt-BR","potentialAction":[{"@type":"CommentAction","name":"Comment","target":["https:\/\/psol50.org.br\/deter-a-espiral-da-barbarie\/#respond"]}]},{"@type":"WebPage","@id":"https:\/\/psol50.org.br\/deter-a-espiral-da-barbarie\/","url":"https:\/\/psol50.org.br\/deter-a-espiral-da-barbarie\/","name":"Deter a espiral da barb\u00e1rie - PSOL 50","isPartOf":{"@id":"https:\/\/psol50.org.br\/#website"},"datePublished":"2006-05-15T00:00:00+00:00","breadcrumb":{"@id":"https:\/\/psol50.org.br\/deter-a-espiral-da-barbarie\/#breadcrumb"},"inLanguage":"pt-BR","potentialAction":[{"@type":"ReadAction","target":["https:\/\/psol50.org.br\/deter-a-espiral-da-barbarie\/"]}]},{"@type":"BreadcrumbList","@id":"https:\/\/psol50.org.br\/deter-a-espiral-da-barbarie\/#breadcrumb","itemListElement":[{"@type":"ListItem","position":1,"name":"In\u00edcio","item":"https:\/\/psol50.org.br\/"},{"@type":"ListItem","position":2,"name":"Deter a espiral da barb\u00e1rie"}]},{"@type":"WebSite","@id":"https:\/\/psol50.org.br\/#website","url":"https:\/\/psol50.org.br\/","name":"PSOL 50","description":"Site oficial do Partido Socialismo e Liberdade","publisher":{"@id":"https:\/\/psol50.org.br\/#organization"},"alternateName":"PSOL50","potentialAction":[{"@type":"SearchAction","target":{"@type":"EntryPoint","urlTemplate":"https:\/\/psol50.org.br\/?s={search_term_string}"},"query-input":{"@type":"PropertyValueSpecification","valueRequired":true,"valueName":"search_term_string"}}],"inLanguage":"pt-BR"},{"@type":"Organization","@id":"https:\/\/psol50.org.br\/#organization","name":"PSOL 50","alternateName":"PSOL 50","url":"https:\/\/psol50.org.br\/","logo":{"@type":"ImageObject","inLanguage":"pt-BR","@id":"https:\/\/psol50.org.br\/#\/schema\/logo\/image\/","url":"https:\/\/psol50.org.br\/inc\/uploads\/2018\/07\/capa.png","contentUrl":"https:\/\/psol50.org.br\/inc\/uploads\/2018\/07\/capa.png","width":1350,"height":900,"caption":"PSOL 50"},"image":{"@id":"https:\/\/psol50.org.br\/#\/schema\/logo\/image\/"},"sameAs":["https:\/\/www.facebook.com\/psol50","https:\/\/x.com\/psol50","https:\/\/www.instagram.com\/psol50\/","https:\/\/www.youtube.com\/channel\/UC7SnJS5o1os7a6CaiNabzcg"]},{"@type":"Person","@id":"https:\/\/psol50.org.br\/#\/schema\/person\/475dfa57d0b815993c714c2e96491fcd","name":"Comunica\u00e7\u00e3o PSOL","image":{"@type":"ImageObject","inLanguage":"pt-BR","@id":"https:\/\/psol50.org.br\/#\/schema\/person\/image\/","url":"https:\/\/secure.gravatar.com\/avatar\/b34fc4f4e468a4e51785917065a3db57b841f5c95dba6ad8c73aaf8f66f8f9bf?s=96&d=mm&r=g","contentUrl":"https:\/\/secure.gravatar.com\/avatar\/b34fc4f4e468a4e51785917065a3db57b841f5c95dba6ad8c73aaf8f66f8f9bf?s=96&d=mm&r=g","caption":"Comunica\u00e7\u00e3o PSOL"}}]}},"_links":{"self":[{"href":"https:\/\/psol50.org.br\/rest\/wp\/v2\/posts\/1175","targetHints":{"allow":["GET"]}}],"collection":[{"href":"https:\/\/psol50.org.br\/rest\/wp\/v2\/posts"}],"about":[{"href":"https:\/\/psol50.org.br\/rest\/wp\/v2\/types\/post"}],"author":[{"embeddable":true,"href":"https:\/\/psol50.org.br\/rest\/wp\/v2\/users\/2"}],"replies":[{"embeddable":true,"href":"https:\/\/psol50.org.br\/rest\/wp\/v2\/comments?post=1175"}],"version-history":[{"count":0,"href":"https:\/\/psol50.org.br\/rest\/wp\/v2\/posts\/1175\/revisions"}],"wp:attachment":[{"href":"https:\/\/psol50.org.br\/rest\/wp\/v2\/media?parent=1175"}],"wp:term":[{"taxonomy":"category","embeddable":true,"href":"https:\/\/psol50.org.br\/rest\/wp\/v2\/categories?post=1175"},{"taxonomy":"post_tag","embeddable":true,"href":"https:\/\/psol50.org.br\/rest\/wp\/v2\/tags?post=1175"}],"curies":[{"name":"wp","href":"https:\/\/api.w.org\/{rel}","templated":true}]}}