{"id":11758,"date":"2016-03-18T19:00:12","date_gmt":"2016-03-18T19:00:12","guid":{"rendered":"http:\/\/www.psol50.org.br\/?p=11758"},"modified":"2016-03-18T19:00:12","modified_gmt":"2016-03-18T19:00:12","slug":"psol-entra-com-adin-no-stf-contra-a-lei-da-mordaca","status":"publish","type":"post","link":"https:\/\/psol50.org.br\/psol-entra-com-adin-no-stf-contra-a-lei-da-mordaca\/","title":{"rendered":"PSOL entra com Adin no STF contra a Lei da Morda\u00e7a"},"content":{"rendered":"<p>Nesta quinta-feira (17), o PSOL, juntamente com o PV, protocolou no Supremo Tribunal Federal (STF) uma A\u00e7\u00e3o Direta de Inconstitucionalidade contra a chamada \u201cLei da Morda\u00e7a\u201d, referente \u00e0 mini reforma eleitoral, aprovada no Congresso Nacional no ano passado e sancionada pela presid\u00eancia da Rep\u00fablica.<\/p>\n<p>Os dispositivos questionados dizem respeito aos debates eleitorais na TV e ao tempo de propaganda dos candidatos (artigos 46 e 47). Com as mudan\u00e7as na Lei Org\u00e2nica das Elei\u00e7\u00f5es (9.504\/97), a participa\u00e7\u00e3o obrigat\u00f3ria nos debates eleitorais passou a ser assegurada apenas aos partidos que tenham uma bancada com no m\u00ednimo dez deputados. J\u00e1 sobre a propaganda eleitoral, o tempo de TV e r\u00e1dio dos candidatos passou a ser 90% proporcional \u00e0 representa\u00e7\u00e3o na C\u00e2mara dos Deputados (valendo a soma de coliga\u00e7\u00f5es: tempo correspondente dos seis partidos maiores na elei\u00e7\u00e3o majorit\u00e1ria e o tempo de todos os partidos na elei\u00e7\u00e3o proporcional) e restantes 10% distribu\u00eddos igualitariamente.<\/p>\n<p>Tais mudan\u00e7as, na pr\u00e1tica, tiram o PSOL dos debates e reduzem, drasticamente, o tempo de propagando no r\u00e1dio e na TV.<\/p>\n<p>Na Adin, o PSOL e o PV argumentam que as regras s\u00e3o inconstitucionais, uma vez que estabelecem cl\u00e1usula de barreira instranspon\u00edvel e dificultam a atua\u00e7\u00e3o, no processo eleitoral, de partidos program\u00e1ticos e com vi\u00e9s mais ideol\u00f3gico.<\/p>\n<p>\u201cA reforma eleitoral de 2015 rompeu de modo\u00a0extempor\u00e2neo\u00a0e arbitr\u00e1rio a seguran\u00e7a jur\u00eddica essencial \u00e0 democracia e \u00e0s rela\u00e7\u00f5es pol\u00edticas e\u00a0eleitorais. O acesso ao r\u00e1dio e \u00e0 televis\u00e3o \u00e9 um direito dos partidos pol\u00edticos, previsto na pr\u00f3pria Constitui\u00e7\u00e3o Federal. E esse acesso circunscreve-se na essencialidade das agremia\u00e7\u00f5es partid\u00e1rias para o Estado de Direito e para a democracia representativa. Contudo, a lei, de modo diverso do que estabelece o art. 17 da Constitui\u00e7\u00e3o, restringe o direito e imp\u00f5e regra de barreira que, certamente, far\u00e1 extinguir partidos\u201d, avaliam os partidos na a\u00e7\u00e3o.<\/p>\n<p>Na avalia\u00e7\u00e3o do PSOL, que no final do ano passado lan\u00e7ou a campanha para que a presidenta Dilma vetasse esses dispositivos da mini-reforma eleitoral, as condi\u00e7\u00f5es de disputa e as regras devem ser iguais, e as diferen\u00e7as se dando apenas nos campos pol\u00edtico,\u00a0ideol\u00f3gico e program\u00e1tico.<\/p>\n<p>O advogado do PSOL, Andr\u00e9 Maimoni, explica que a a\u00e7\u00e3o est\u00e1 baseada nas in\u00fameras decis\u00f5es do STF que reconheceram que no Brasil devem ser assegurados o\u00a0pluripartidarismo, o pluralismo pol\u00edtico e elei\u00e7\u00f5es nas quais partidos e candidatos possuam\u00a0paridade.<\/p>\n<p>\u201cEnt\u00e3o a atual reda\u00e7\u00e3o da Lei 9.504 cria \u2018minorias inatas\u2019 ou \u2018castas partid\u00e1rias\u2019: uns s\u00e3o grandes e assim continuar\u00e3o e outros est\u00e3o fadados a serem sempre pequenos ou at\u00e9 mesmo a serem extintos. Ao vedar o acesso aos debates e diminuir o tempo de propaganda eleitoral, impedindo a difus\u00e3o de ideias diferentes do grupo majorit\u00e1rio de posi\u00e7\u00e3o e de oposi\u00e7\u00e3o a quem est\u00e1 no poder, a lei em curto e m\u00e9dio prazo vedar\u00e1 a ascens\u00e3o ao poder das atuais minorias. Contudo, a democracia representativa partid\u00e1ria exige a possibilidade de a minoria vir a ser maioria e a maioria deixar de s\u00ea-la\u201d, afirma o advogado, que tamb\u00e9m ressalta que a efetiva igualdade de direitos n\u00e3o pode ser negada, uma vez que a Constitui\u00e7\u00e3o Federal prev\u00ea a multiplicidade pol\u00edtica e partid\u00e1ria.<\/p>\n<p>Ele pontua, ainda, que a Adin pede a declara\u00e7\u00e3o de inconstitucionalidade dos artigos 46 e 47,\u00a0assim valendo as regras anteriores da Lei, que, mesmo n\u00e3o sendo\u00a0ideais, trazem menos preju\u00edzos aos partidos.<\/p>\n<p><em><strong>Leia mais:\u00a0<a href=\"http:\/\/www.psol50.org.br\/2015\/09\/lei-da-mordaca-psol-na-campanha-vetadilma-2\/\">Lei da Morda\u00e7a: PSOL na campanha #VetaDilma<\/a><\/strong><\/em><\/p>\n<p><em>Da reda\u00e7\u00e3o do PSOL Nacional<\/em><\/p>\n","protected":false},"excerpt":{"rendered":"<p>Nesta quinta-feira (17), o PSOL, juntamente com o PV, protocolou no Supremo Tribunal Federal (STF) uma A\u00e7\u00e3o Direta de Inconstitucionalidade contra a chamada \u201cLei da Morda\u00e7a\u201d, referente \u00e0 mini reforma eleitoral, aprovada no Congresso Nacional no ano passado e sancionada pela presid\u00eancia da Rep\u00fablica. Os dispositivos questionados dizem respeito aos debates eleitorais na TV e [&hellip;]<\/p>\n","protected":false},"author":2,"featured_media":11759,"comment_status":"open","ping_status":"open","sticky":false,"template":"","format":"standard","meta":{"_acf_changed":false,"footnotes":""},"categories":[1882,6,14],"tags":[2251,4088,4089,4090,4091,3640,4092,4093,4094,22,320,45],"class_list":{"0":"post-11758","1":"post","2":"type-post","3":"status-publish","4":"format-standard","5":"has-post-thumbnail","7":"category-brasil","8":"category-noticias","9":"category-partido","10":"tag-acao-direta-de-inconstitucionalidade","11":"tag-andre-maimoni","12":"tag-debates-eleitorais","13":"tag-lei-9-50497","14":"tag-lei-da-mordaca","15":"tag-lei-eleitoral","16":"tag-lei-organica-das-eleicoes","17":"tag-mini-reforma-eleitoral","18":"tag-propaganda-eleitoral","19":"tag-psol","20":"tag-pv","21":"tag-stf"},"acf":[],"yoast_head":"<!-- This site is optimized with the Yoast SEO plugin v26.5 - https:\/\/yoast.com\/wordpress\/plugins\/seo\/ -->\n<title>PSOL entra com Adin no STF contra a Lei da Morda\u00e7a - PSOL 50<\/title>\n<meta name=\"robots\" content=\"index, follow, max-snippet:-1, max-image-preview:large, max-video-preview:-1\" \/>\n<link rel=\"canonical\" href=\"https:\/\/psol50.org.br\/psol-entra-com-adin-no-stf-contra-a-lei-da-mordaca\/\" \/>\n<meta property=\"og:locale\" content=\"pt_BR\" \/>\n<meta property=\"og:type\" content=\"article\" \/>\n<meta property=\"og:title\" content=\"PSOL entra com Adin no STF contra a Lei da Morda\u00e7a - PSOL 50\" \/>\n<meta property=\"og:description\" content=\"Nesta quinta-feira (17), o PSOL, juntamente com o PV, protocolou no Supremo Tribunal Federal (STF) uma A\u00e7\u00e3o Direta de Inconstitucionalidade contra a chamada \u201cLei da Morda\u00e7a\u201d, referente \u00e0 mini reforma eleitoral, aprovada no Congresso Nacional no ano passado e sancionada pela presid\u00eancia da Rep\u00fablica. Os dispositivos questionados dizem respeito aos debates eleitorais na TV e [&hellip;]\" \/>\n<meta property=\"og:url\" content=\"https:\/\/psol50.org.br\/psol-entra-com-adin-no-stf-contra-a-lei-da-mordaca\/\" \/>\n<meta property=\"og:site_name\" content=\"PSOL 50\" \/>\n<meta property=\"article:publisher\" content=\"https:\/\/www.facebook.com\/psol50\" \/>\n<meta property=\"article:published_time\" content=\"2016-03-18T19:00:12+00:00\" \/>\n<meta property=\"og:image\" content=\"https:\/\/psol50.org.br\/inc\/uploads\/2018\/07\/capa.png\" \/>\n\t<meta property=\"og:image:width\" content=\"1350\" \/>\n\t<meta property=\"og:image:height\" content=\"900\" \/>\n\t<meta property=\"og:image:type\" content=\"image\/png\" \/>\n<meta name=\"author\" content=\"Comunica\u00e7\u00e3o PSOL\" \/>\n<meta name=\"twitter:card\" content=\"summary_large_image\" \/>\n<meta name=\"twitter:creator\" content=\"@psol50\" \/>\n<meta name=\"twitter:site\" content=\"@psol50\" \/>\n<meta name=\"twitter:label1\" content=\"Escrito por\" \/>\n\t<meta name=\"twitter:data1\" content=\"Comunica\u00e7\u00e3o PSOL\" \/>\n\t<meta name=\"twitter:label2\" content=\"Est. tempo de leitura\" \/>\n\t<meta name=\"twitter:data2\" content=\"3 minutos\" \/>\n<script type=\"application\/ld+json\" class=\"yoast-schema-graph\">{\"@context\":\"https:\/\/schema.org\",\"@graph\":[{\"@type\":\"Article\",\"@id\":\"https:\/\/psol50.org.br\/psol-entra-com-adin-no-stf-contra-a-lei-da-mordaca\/#article\",\"isPartOf\":{\"@id\":\"https:\/\/psol50.org.br\/psol-entra-com-adin-no-stf-contra-a-lei-da-mordaca\/\"},\"author\":{\"name\":\"Comunica\u00e7\u00e3o PSOL\",\"@id\":\"https:\/\/psol50.org.br\/#\/schema\/person\/475dfa57d0b815993c714c2e96491fcd\"},\"headline\":\"PSOL entra com Adin no STF contra a Lei da Morda\u00e7a\",\"datePublished\":\"2016-03-18T19:00:12+00:00\",\"mainEntityOfPage\":{\"@id\":\"https:\/\/psol50.org.br\/psol-entra-com-adin-no-stf-contra-a-lei-da-mordaca\/\"},\"wordCount\":635,\"commentCount\":0,\"publisher\":{\"@id\":\"https:\/\/psol50.org.br\/#organization\"},\"image\":{\"@id\":\"https:\/\/psol50.org.br\/psol-entra-com-adin-no-stf-contra-a-lei-da-mordaca\/#primaryimage\"},\"thumbnailUrl\":\"\",\"keywords\":[\"A\u00e7\u00e3o Direta de Inconstitucionalidade\",\"Andr\u00e9 Maimoni\",\"debates eleitorais\",\"Lei 9.504\/97\",\"Lei da Morda\u00e7a\",\"lei eleitoral\",\"lei org\u00e2nica das elei\u00e7\u00f5es\",\"mini reforma eleitoral\",\"propaganda eleitoral\",\"PSOL\",\"PV\",\"STF\"],\"articleSection\":[\"Brasil\",\"Not\u00edcias\",\"Partido\"],\"inLanguage\":\"pt-BR\",\"potentialAction\":[{\"@type\":\"CommentAction\",\"name\":\"Comment\",\"target\":[\"https:\/\/psol50.org.br\/psol-entra-com-adin-no-stf-contra-a-lei-da-mordaca\/#respond\"]}]},{\"@type\":\"WebPage\",\"@id\":\"https:\/\/psol50.org.br\/psol-entra-com-adin-no-stf-contra-a-lei-da-mordaca\/\",\"url\":\"https:\/\/psol50.org.br\/psol-entra-com-adin-no-stf-contra-a-lei-da-mordaca\/\",\"name\":\"PSOL entra com Adin no STF contra a Lei da Morda\u00e7a - PSOL 50\",\"isPartOf\":{\"@id\":\"https:\/\/psol50.org.br\/#website\"},\"primaryImageOfPage\":{\"@id\":\"https:\/\/psol50.org.br\/psol-entra-com-adin-no-stf-contra-a-lei-da-mordaca\/#primaryimage\"},\"image\":{\"@id\":\"https:\/\/psol50.org.br\/psol-entra-com-adin-no-stf-contra-a-lei-da-mordaca\/#primaryimage\"},\"thumbnailUrl\":\"\",\"datePublished\":\"2016-03-18T19:00:12+00:00\",\"breadcrumb\":{\"@id\":\"https:\/\/psol50.org.br\/psol-entra-com-adin-no-stf-contra-a-lei-da-mordaca\/#breadcrumb\"},\"inLanguage\":\"pt-BR\",\"potentialAction\":[{\"@type\":\"ReadAction\",\"target\":[\"https:\/\/psol50.org.br\/psol-entra-com-adin-no-stf-contra-a-lei-da-mordaca\/\"]}]},{\"@type\":\"ImageObject\",\"inLanguage\":\"pt-BR\",\"@id\":\"https:\/\/psol50.org.br\/psol-entra-com-adin-no-stf-contra-a-lei-da-mordaca\/#primaryimage\",\"url\":\"\",\"contentUrl\":\"\"},{\"@type\":\"BreadcrumbList\",\"@id\":\"https:\/\/psol50.org.br\/psol-entra-com-adin-no-stf-contra-a-lei-da-mordaca\/#breadcrumb\",\"itemListElement\":[{\"@type\":\"ListItem\",\"position\":1,\"name\":\"In\u00edcio\",\"item\":\"https:\/\/psol50.org.br\/\"},{\"@type\":\"ListItem\",\"position\":2,\"name\":\"PSOL entra com Adin no STF contra a Lei da Morda\u00e7a\"}]},{\"@type\":\"WebSite\",\"@id\":\"https:\/\/psol50.org.br\/#website\",\"url\":\"https:\/\/psol50.org.br\/\",\"name\":\"PSOL 50\",\"description\":\"Site oficial do Partido Socialismo e Liberdade\",\"publisher\":{\"@id\":\"https:\/\/psol50.org.br\/#organization\"},\"alternateName\":\"PSOL50\",\"potentialAction\":[{\"@type\":\"SearchAction\",\"target\":{\"@type\":\"EntryPoint\",\"urlTemplate\":\"https:\/\/psol50.org.br\/?s={search_term_string}\"},\"query-input\":{\"@type\":\"PropertyValueSpecification\",\"valueRequired\":true,\"valueName\":\"search_term_string\"}}],\"inLanguage\":\"pt-BR\"},{\"@type\":\"Organization\",\"@id\":\"https:\/\/psol50.org.br\/#organization\",\"name\":\"PSOL 50\",\"alternateName\":\"PSOL 50\",\"url\":\"https:\/\/psol50.org.br\/\",\"logo\":{\"@type\":\"ImageObject\",\"inLanguage\":\"pt-BR\",\"@id\":\"https:\/\/psol50.org.br\/#\/schema\/logo\/image\/\",\"url\":\"https:\/\/psol50.org.br\/inc\/uploads\/2018\/07\/capa.png\",\"contentUrl\":\"https:\/\/psol50.org.br\/inc\/uploads\/2018\/07\/capa.png\",\"width\":1350,\"height\":900,\"caption\":\"PSOL 50\"},\"image\":{\"@id\":\"https:\/\/psol50.org.br\/#\/schema\/logo\/image\/\"},\"sameAs\":[\"https:\/\/www.facebook.com\/psol50\",\"https:\/\/x.com\/psol50\",\"https:\/\/www.instagram.com\/psol50\/\",\"https:\/\/www.youtube.com\/channel\/UC7SnJS5o1os7a6CaiNabzcg\"]},{\"@type\":\"Person\",\"@id\":\"https:\/\/psol50.org.br\/#\/schema\/person\/475dfa57d0b815993c714c2e96491fcd\",\"name\":\"Comunica\u00e7\u00e3o PSOL\",\"image\":{\"@type\":\"ImageObject\",\"inLanguage\":\"pt-BR\",\"@id\":\"https:\/\/psol50.org.br\/#\/schema\/person\/image\/\",\"url\":\"https:\/\/secure.gravatar.com\/avatar\/b34fc4f4e468a4e51785917065a3db57b841f5c95dba6ad8c73aaf8f66f8f9bf?s=96&d=mm&r=g\",\"contentUrl\":\"https:\/\/secure.gravatar.com\/avatar\/b34fc4f4e468a4e51785917065a3db57b841f5c95dba6ad8c73aaf8f66f8f9bf?s=96&d=mm&r=g\",\"caption\":\"Comunica\u00e7\u00e3o PSOL\"}}]}<\/script>\n<!-- \/ Yoast SEO plugin. -->","yoast_head_json":{"title":"PSOL entra com Adin no STF contra a Lei da Morda\u00e7a - PSOL 50","robots":{"index":"index","follow":"follow","max-snippet":"max-snippet:-1","max-image-preview":"max-image-preview:large","max-video-preview":"max-video-preview:-1"},"canonical":"https:\/\/psol50.org.br\/psol-entra-com-adin-no-stf-contra-a-lei-da-mordaca\/","og_locale":"pt_BR","og_type":"article","og_title":"PSOL entra com Adin no STF contra a Lei da Morda\u00e7a - PSOL 50","og_description":"Nesta quinta-feira (17), o PSOL, juntamente com o PV, protocolou no Supremo Tribunal Federal (STF) uma A\u00e7\u00e3o Direta de Inconstitucionalidade contra a chamada \u201cLei da Morda\u00e7a\u201d, referente \u00e0 mini reforma eleitoral, aprovada no Congresso Nacional no ano passado e sancionada pela presid\u00eancia da Rep\u00fablica. Os dispositivos questionados dizem respeito aos debates eleitorais na TV e [&hellip;]","og_url":"https:\/\/psol50.org.br\/psol-entra-com-adin-no-stf-contra-a-lei-da-mordaca\/","og_site_name":"PSOL 50","article_publisher":"https:\/\/www.facebook.com\/psol50","article_published_time":"2016-03-18T19:00:12+00:00","og_image":[{"width":1350,"height":900,"url":"https:\/\/psol50.org.br\/inc\/uploads\/2018\/07\/capa.png","type":"image\/png"}],"author":"Comunica\u00e7\u00e3o PSOL","twitter_card":"summary_large_image","twitter_creator":"@psol50","twitter_site":"@psol50","twitter_misc":{"Escrito por":"Comunica\u00e7\u00e3o PSOL","Est. tempo de leitura":"3 minutos"},"schema":{"@context":"https:\/\/schema.org","@graph":[{"@type":"Article","@id":"https:\/\/psol50.org.br\/psol-entra-com-adin-no-stf-contra-a-lei-da-mordaca\/#article","isPartOf":{"@id":"https:\/\/psol50.org.br\/psol-entra-com-adin-no-stf-contra-a-lei-da-mordaca\/"},"author":{"name":"Comunica\u00e7\u00e3o PSOL","@id":"https:\/\/psol50.org.br\/#\/schema\/person\/475dfa57d0b815993c714c2e96491fcd"},"headline":"PSOL entra com Adin no STF contra a Lei da Morda\u00e7a","datePublished":"2016-03-18T19:00:12+00:00","mainEntityOfPage":{"@id":"https:\/\/psol50.org.br\/psol-entra-com-adin-no-stf-contra-a-lei-da-mordaca\/"},"wordCount":635,"commentCount":0,"publisher":{"@id":"https:\/\/psol50.org.br\/#organization"},"image":{"@id":"https:\/\/psol50.org.br\/psol-entra-com-adin-no-stf-contra-a-lei-da-mordaca\/#primaryimage"},"thumbnailUrl":"","keywords":["A\u00e7\u00e3o Direta de Inconstitucionalidade","Andr\u00e9 Maimoni","debates eleitorais","Lei 9.504\/97","Lei da Morda\u00e7a","lei eleitoral","lei org\u00e2nica das elei\u00e7\u00f5es","mini reforma eleitoral","propaganda eleitoral","PSOL","PV","STF"],"articleSection":["Brasil","Not\u00edcias","Partido"],"inLanguage":"pt-BR","potentialAction":[{"@type":"CommentAction","name":"Comment","target":["https:\/\/psol50.org.br\/psol-entra-com-adin-no-stf-contra-a-lei-da-mordaca\/#respond"]}]},{"@type":"WebPage","@id":"https:\/\/psol50.org.br\/psol-entra-com-adin-no-stf-contra-a-lei-da-mordaca\/","url":"https:\/\/psol50.org.br\/psol-entra-com-adin-no-stf-contra-a-lei-da-mordaca\/","name":"PSOL entra com Adin no STF contra a Lei da Morda\u00e7a - PSOL 50","isPartOf":{"@id":"https:\/\/psol50.org.br\/#website"},"primaryImageOfPage":{"@id":"https:\/\/psol50.org.br\/psol-entra-com-adin-no-stf-contra-a-lei-da-mordaca\/#primaryimage"},"image":{"@id":"https:\/\/psol50.org.br\/psol-entra-com-adin-no-stf-contra-a-lei-da-mordaca\/#primaryimage"},"thumbnailUrl":"","datePublished":"2016-03-18T19:00:12+00:00","breadcrumb":{"@id":"https:\/\/psol50.org.br\/psol-entra-com-adin-no-stf-contra-a-lei-da-mordaca\/#breadcrumb"},"inLanguage":"pt-BR","potentialAction":[{"@type":"ReadAction","target":["https:\/\/psol50.org.br\/psol-entra-com-adin-no-stf-contra-a-lei-da-mordaca\/"]}]},{"@type":"ImageObject","inLanguage":"pt-BR","@id":"https:\/\/psol50.org.br\/psol-entra-com-adin-no-stf-contra-a-lei-da-mordaca\/#primaryimage","url":"","contentUrl":""},{"@type":"BreadcrumbList","@id":"https:\/\/psol50.org.br\/psol-entra-com-adin-no-stf-contra-a-lei-da-mordaca\/#breadcrumb","itemListElement":[{"@type":"ListItem","position":1,"name":"In\u00edcio","item":"https:\/\/psol50.org.br\/"},{"@type":"ListItem","position":2,"name":"PSOL entra com Adin no STF contra a Lei da Morda\u00e7a"}]},{"@type":"WebSite","@id":"https:\/\/psol50.org.br\/#website","url":"https:\/\/psol50.org.br\/","name":"PSOL 50","description":"Site oficial do Partido Socialismo e Liberdade","publisher":{"@id":"https:\/\/psol50.org.br\/#organization"},"alternateName":"PSOL50","potentialAction":[{"@type":"SearchAction","target":{"@type":"EntryPoint","urlTemplate":"https:\/\/psol50.org.br\/?s={search_term_string}"},"query-input":{"@type":"PropertyValueSpecification","valueRequired":true,"valueName":"search_term_string"}}],"inLanguage":"pt-BR"},{"@type":"Organization","@id":"https:\/\/psol50.org.br\/#organization","name":"PSOL 50","alternateName":"PSOL 50","url":"https:\/\/psol50.org.br\/","logo":{"@type":"ImageObject","inLanguage":"pt-BR","@id":"https:\/\/psol50.org.br\/#\/schema\/logo\/image\/","url":"https:\/\/psol50.org.br\/inc\/uploads\/2018\/07\/capa.png","contentUrl":"https:\/\/psol50.org.br\/inc\/uploads\/2018\/07\/capa.png","width":1350,"height":900,"caption":"PSOL 50"},"image":{"@id":"https:\/\/psol50.org.br\/#\/schema\/logo\/image\/"},"sameAs":["https:\/\/www.facebook.com\/psol50","https:\/\/x.com\/psol50","https:\/\/www.instagram.com\/psol50\/","https:\/\/www.youtube.com\/channel\/UC7SnJS5o1os7a6CaiNabzcg"]},{"@type":"Person","@id":"https:\/\/psol50.org.br\/#\/schema\/person\/475dfa57d0b815993c714c2e96491fcd","name":"Comunica\u00e7\u00e3o PSOL","image":{"@type":"ImageObject","inLanguage":"pt-BR","@id":"https:\/\/psol50.org.br\/#\/schema\/person\/image\/","url":"https:\/\/secure.gravatar.com\/avatar\/b34fc4f4e468a4e51785917065a3db57b841f5c95dba6ad8c73aaf8f66f8f9bf?s=96&d=mm&r=g","contentUrl":"https:\/\/secure.gravatar.com\/avatar\/b34fc4f4e468a4e51785917065a3db57b841f5c95dba6ad8c73aaf8f66f8f9bf?s=96&d=mm&r=g","caption":"Comunica\u00e7\u00e3o PSOL"}}]}},"_links":{"self":[{"href":"https:\/\/psol50.org.br\/rest\/wp\/v2\/posts\/11758","targetHints":{"allow":["GET"]}}],"collection":[{"href":"https:\/\/psol50.org.br\/rest\/wp\/v2\/posts"}],"about":[{"href":"https:\/\/psol50.org.br\/rest\/wp\/v2\/types\/post"}],"author":[{"embeddable":true,"href":"https:\/\/psol50.org.br\/rest\/wp\/v2\/users\/2"}],"replies":[{"embeddable":true,"href":"https:\/\/psol50.org.br\/rest\/wp\/v2\/comments?post=11758"}],"version-history":[{"count":0,"href":"https:\/\/psol50.org.br\/rest\/wp\/v2\/posts\/11758\/revisions"}],"wp:featuredmedia":[{"embeddable":true,"href":"https:\/\/psol50.org.br\/rest\/"}],"wp:attachment":[{"href":"https:\/\/psol50.org.br\/rest\/wp\/v2\/media?parent=11758"}],"wp:term":[{"taxonomy":"category","embeddable":true,"href":"https:\/\/psol50.org.br\/rest\/wp\/v2\/categories?post=11758"},{"taxonomy":"post_tag","embeddable":true,"href":"https:\/\/psol50.org.br\/rest\/wp\/v2\/tags?post=11758"}],"curies":[{"name":"wp","href":"https:\/\/api.w.org\/{rel}","templated":true}]}}