{"id":11764,"date":"2016-03-21T14:42:53","date_gmt":"2016-03-21T14:42:53","guid":{"rendered":"http:\/\/www.psol50.org.br\/?p=11764"},"modified":"2016-03-21T14:42:53","modified_gmt":"2016-03-21T14:42:53","slug":"movimentos-irao-as-ruas-no-dia-24-contra-ofensiva-reacionaria","status":"publish","type":"post","link":"https:\/\/psol50.org.br\/movimentos-irao-as-ruas-no-dia-24-contra-ofensiva-reacionaria\/","title":{"rendered":"Movimentos ir\u00e3o \u00e0s ruas no dia 24 contra ofensiva reacion\u00e1ria"},"content":{"rendered":"<p>A <strong><a href=\"https:\/\/www.facebook.com\/povosemmedonacional\" target=\"_blank\" rel=\"noopener\">Frente Povo Sem<\/a><\/strong> medo definiu, neste domingo, a convoca\u00e7\u00e3o de uma grande manifesta\u00e7\u00e3o nesta quinta-feira (24), em S\u00e3o Paulo, em defesa da democracia e por uma sa\u00edda \u00e0 esquerda para a crise.<\/p>\n<p>A Povo Sem Medo \u00e9 uma frente nacional de mobiliza\u00e7\u00e3o apoiada pelo PSOL e constru\u00edda por diversos movimentos sociais, como o Movimento dos Trabalhadores Sem Teto (MTST), de juventude, sindicais e de cultura.<\/p>\n<p>A nota reafirma a disposi\u00e7\u00e3o dos movimentos de frear a ofensiva reacion\u00e1ria em curso, que tem como principal polo de atra\u00e7\u00e3o o processo de impeachment em curso na C\u00e2mara dos Deputados. Da mesma forma, por\u00e9m, a Povo Sem Medo coloca a n\u00e3o disposi\u00e7\u00e3o de sair \u00e0s ruas em defesa do governo, j\u00e1 que ele \u00e9 ber\u00e7o de diversos ataques aos trabalhadores no \u00faltimo per\u00edodo.<\/p>\n<p>A manifesta\u00e7\u00e3o nacional ser\u00e1 no Largo da Batata, em S\u00e3o Paulo, \u00e0s 17h (<strong><a href=\"https:\/\/www.facebook.com\/events\/965261440232144\/\" target=\"_blank\" rel=\"noopener\">link para o evento<\/a><\/strong>). Tamb\u00e9m est\u00e3o confirmados atos no Rio de Janeiro, Bras\u00edlia, Fortaleza e Uberl\u00e2ndia.<\/p>\n<p>Leia abaixo a nota da Frente Povo Sem Medo.<\/p>\n<p>EM DEFESA DA DEMOCRACIA<br \/>\nA sa\u00edda \u00e9 pela Esquerda<\/p>\n<p>O momento \u00e9 grave. Nas \u00faltimas semanas, os setores que querem derrubar Dilma e prender Lula apostaram todas suas fichas, passando por cima inclusive de garantias constitucionais e das liberdades democr\u00e1ticas.<\/p>\n<p>Insuflaram um clima macartista de intoler\u00e2ncia e \u00f3dio, que se traduziu nas ruas com intimida\u00e7\u00e3o e agress\u00f5es contra quem diverge. O ambiente criado \u00e9 de ca\u00e7a \u00e0s bruxas, de amea\u00e7a \u00e0 nossa j\u00e1 fr\u00e1gil e limitada democracia.<br \/>\nNunca \u00e9 demais lembrar que o impeachment que querem impor tem a marca corrupta, antidemocr\u00e1tica e chantagista de Eduardo Cunha, representante do que h\u00e1 de pior na pol\u00edtica brasileira.<\/p>\n<p>A Lava Jato, impulsionada pelo leg\u00edtimo anseio de combate \u00e0 corrup\u00e7\u00e3o, transformou-se num instrumento de abusos e de seletividade. O juiz S\u00e9rgio Moro, vestindo a roupa de salvador da p\u00e1tria, acredita poder passar por cima das garantias constitucionais mais elementares. Defendemos que a corrup\u00e7\u00e3o seja investigada at\u00e9 as \u00faltimas conseq\u00fc\u00eancias. Mas para todos e com as garantias previstas na lei.<\/p>\n<p>N\u00e3o \u00e9 de hoje que o Estado brasileiro \u00e9 seletivo. A ado\u00e7\u00e3o da \u201cjusti\u00e7a de exce\u00e7\u00e3o\u201d \u00e9 regra desde sempre nas periferias urbanas, contra os pobres e negros. Direito de defesa aqui nunca existiu. O procedimento usado pela pol\u00edcia e o judici\u00e1rio nos becos e vielas querem agora legitimar como regra sob os aplausos inflamados pela m\u00eddia.<\/p>\n<p>\u00c9 preciso tamb\u00e9m fazer uma diferencia\u00e7\u00e3o: uma coisa \u00e9 enfrentar esta ofensiva antidemocr\u00e1tica, outra \u00e9 defender este governo. Entendemos que as pol\u00edticas assumidas pelo Governo Dilma s\u00e3o indefens\u00e1veis. Adotou o programa derrotado nas urnas, iniciou um ajuste fiscal antipopular e assumiu uma agenda de retrocessos com temas como a Reforma da Previd\u00eancia e a lei antiterrorismo. Pol\u00edticas como essas criaram rejei\u00e7\u00e3o popular ao governo e deram base social ao golpismo em curso.<\/p>\n<p>Al\u00e9m disso, os governos petistas chocaram o ovo da serpente. Perderam oportunidades de pautar quest\u00f5es como a democratiza\u00e7\u00e3o das comunica\u00e7\u00f5es e do sistema pol\u00edtico, al\u00e9m de reformas populares. Hoje sofremos todos as conseq\u00fc\u00eancias desta falta de ousadia. A Rede Globo \u00e9 a grande art\u00edfice da ofensiva reacion\u00e1ria.<\/p>\n<p>Por isso n\u00e3o temos disposi\u00e7\u00e3o de ir \u00e0s ruas em defesa deste governo. Mas tamb\u00e9m n\u00e3o ficaremos calados e acovardados ante as amea\u00e7as ao que temos de democracia no Brasil. O ataque n\u00e3o \u00e9 somente contra o PT. \u00c9 contra o que quer que seja de esquerda neste pa\u00eds. Querem aniquilar o movimento social. Querem impor um ambiente de intoler\u00e2ncia e linchamento, onde n\u00e3o h\u00e1 espa\u00e7o para o pensamento e a a\u00e7\u00e3o cr\u00edticos. A solu\u00e7\u00e3o que prop\u00f5em representa ainda o aprofundamento dos ataques a direitos sociais e trabalhistas.<\/p>\n<p>A sa\u00edda para a crise \u00e9 com o povo e pela esquerda. Defendemos um programa de reformas populares, que fa\u00e7a o andar de cima pagar a conta da crise. Defendemos a desmilitariza\u00e7\u00e3o da pol\u00edcia e a radicaliza\u00e7\u00e3o da nossa democracia. Defendemos a amplia\u00e7\u00e3o de direitos e liberdades. Mas sabemos que para construir este caminho \u00e9 preciso deter os retrocessos, barrar a sa\u00edda \u00e0 direita representada pelo golpismo. N\u00e3o h\u00e1 tempo para vacila\u00e7\u00e3o.<br \/>\nPor isso, estaremos todos\/as nas ruas na pr\u00f3xima quinta-feira, dia 24.<\/p>\n<p>Ato Nacional em S\u00e3o Paulo: \u00e0s 17hs, no Largo da Batata, de onde marcharemos at\u00e9 a Rede Globo!<br \/>\nOcorrer\u00e3o mobiliza\u00e7\u00f5es tamb\u00e9m no Rio de Janeiro, Bras\u00edlia, Fortaleza, Uberl\u00e2ndia, dentre outras cidades brasileiras.<\/p>\n<p>POVO SEM MEDO<br \/>\nFrente Nacional de Mobiliza\u00e7\u00e3o<\/p>\n","protected":false},"excerpt":{"rendered":"<p>A Frente Povo Sem medo definiu, neste domingo, a convoca\u00e7\u00e3o de uma grande manifesta\u00e7\u00e3o nesta quinta-feira (24), em S\u00e3o Paulo, em defesa da democracia e por uma sa\u00edda \u00e0 esquerda para a crise. A Povo Sem Medo \u00e9 uma frente nacional de mobiliza\u00e7\u00e3o apoiada pelo PSOL e constru\u00edda por diversos movimentos sociais, como o Movimento [&hellip;]<\/p>\n","protected":false},"author":2,"featured_media":11773,"comment_status":"open","ping_status":"open","sticky":false,"template":"","format":"standard","meta":{"_acf_changed":false,"footnotes":""},"categories":[1882,654,1104,6],"tags":[1878,287,101,4095],"class_list":{"0":"post-11764","1":"post","2":"type-post","3":"status-publish","4":"format-standard","5":"has-post-thumbnail","7":"category-brasil","8":"category-estados","9":"category-movimento","10":"category-noticias","11":"tag-frente-povo-sem-medo","12":"tag-manifestacao","13":"tag-mtst","14":"tag-saida-e-pela-esquerda"},"acf":[],"yoast_head":"<!-- This site is optimized with the Yoast SEO plugin v26.5 - https:\/\/yoast.com\/wordpress\/plugins\/seo\/ -->\n<title>Movimentos ir\u00e3o \u00e0s ruas no dia 24 contra ofensiva reacion\u00e1ria - PSOL 50<\/title>\n<meta name=\"robots\" content=\"index, follow, max-snippet:-1, max-image-preview:large, max-video-preview:-1\" \/>\n<link rel=\"canonical\" href=\"https:\/\/psol50.org.br\/movimentos-irao-as-ruas-no-dia-24-contra-ofensiva-reacionaria\/\" \/>\n<meta property=\"og:locale\" content=\"pt_BR\" \/>\n<meta property=\"og:type\" content=\"article\" \/>\n<meta property=\"og:title\" content=\"Movimentos ir\u00e3o \u00e0s ruas no dia 24 contra ofensiva reacion\u00e1ria - PSOL 50\" \/>\n<meta property=\"og:description\" content=\"A Frente Povo Sem medo definiu, neste domingo, a convoca\u00e7\u00e3o de uma grande manifesta\u00e7\u00e3o nesta quinta-feira (24), em S\u00e3o Paulo, em defesa da democracia e por uma sa\u00edda \u00e0 esquerda para a crise. A Povo Sem Medo \u00e9 uma frente nacional de mobiliza\u00e7\u00e3o apoiada pelo PSOL e constru\u00edda por diversos movimentos sociais, como o Movimento [&hellip;]\" \/>\n<meta property=\"og:url\" content=\"https:\/\/psol50.org.br\/movimentos-irao-as-ruas-no-dia-24-contra-ofensiva-reacionaria\/\" \/>\n<meta property=\"og:site_name\" content=\"PSOL 50\" \/>\n<meta property=\"article:publisher\" content=\"https:\/\/www.facebook.com\/psol50\" \/>\n<meta property=\"article:published_time\" content=\"2016-03-21T14:42:53+00:00\" \/>\n<meta property=\"og:image\" content=\"https:\/\/psol50.org.br\/inc\/uploads\/2016\/03\/card-manisfestacao-contra-dilma-e-direita-so-imagem-e1448897412703-1.jpg\" \/>\n\t<meta property=\"og:image:width\" content=\"1350\" \/>\n\t<meta property=\"og:image:height\" content=\"900\" \/>\n\t<meta property=\"og:image:type\" content=\"image\/jpeg\" \/>\n<meta name=\"author\" content=\"Comunica\u00e7\u00e3o PSOL\" \/>\n<meta name=\"twitter:card\" content=\"summary_large_image\" \/>\n<meta name=\"twitter:creator\" content=\"@psol50\" \/>\n<meta name=\"twitter:site\" content=\"@psol50\" \/>\n<meta name=\"twitter:label1\" content=\"Escrito por\" \/>\n\t<meta name=\"twitter:data1\" content=\"Comunica\u00e7\u00e3o PSOL\" \/>\n\t<meta name=\"twitter:label2\" content=\"Est. tempo de leitura\" \/>\n\t<meta name=\"twitter:data2\" content=\"4 minutos\" \/>\n<script type=\"application\/ld+json\" class=\"yoast-schema-graph\">{\"@context\":\"https:\/\/schema.org\",\"@graph\":[{\"@type\":\"Article\",\"@id\":\"https:\/\/psol50.org.br\/movimentos-irao-as-ruas-no-dia-24-contra-ofensiva-reacionaria\/#article\",\"isPartOf\":{\"@id\":\"https:\/\/psol50.org.br\/movimentos-irao-as-ruas-no-dia-24-contra-ofensiva-reacionaria\/\"},\"author\":{\"name\":\"Comunica\u00e7\u00e3o PSOL\",\"@id\":\"https:\/\/psol50.org.br\/#\/schema\/person\/475dfa57d0b815993c714c2e96491fcd\"},\"headline\":\"Movimentos ir\u00e3o \u00e0s ruas no dia 24 contra ofensiva reacion\u00e1ria\",\"datePublished\":\"2016-03-21T14:42:53+00:00\",\"mainEntityOfPage\":{\"@id\":\"https:\/\/psol50.org.br\/movimentos-irao-as-ruas-no-dia-24-contra-ofensiva-reacionaria\/\"},\"wordCount\":802,\"commentCount\":0,\"publisher\":{\"@id\":\"https:\/\/psol50.org.br\/#organization\"},\"image\":{\"@id\":\"https:\/\/psol50.org.br\/movimentos-irao-as-ruas-no-dia-24-contra-ofensiva-reacionaria\/#primaryimage\"},\"thumbnailUrl\":\"https:\/\/psol50.org.br\/inc\/uploads\/2016\/03\/card-manisfestacao-contra-dilma-e-direita-so-imagem-e1448897412703-1.jpg\",\"keywords\":[\"Frente Povo Sem Medo\",\"manifesta\u00e7\u00e3o\",\"MTST\",\"Sa\u00edda \u00e9 pela esquerda\"],\"articleSection\":[\"Brasil\",\"Estados\",\"Movimento\",\"Not\u00edcias\"],\"inLanguage\":\"pt-BR\",\"potentialAction\":[{\"@type\":\"CommentAction\",\"name\":\"Comment\",\"target\":[\"https:\/\/psol50.org.br\/movimentos-irao-as-ruas-no-dia-24-contra-ofensiva-reacionaria\/#respond\"]}]},{\"@type\":\"WebPage\",\"@id\":\"https:\/\/psol50.org.br\/movimentos-irao-as-ruas-no-dia-24-contra-ofensiva-reacionaria\/\",\"url\":\"https:\/\/psol50.org.br\/movimentos-irao-as-ruas-no-dia-24-contra-ofensiva-reacionaria\/\",\"name\":\"Movimentos ir\u00e3o \u00e0s ruas no dia 24 contra ofensiva reacion\u00e1ria - PSOL 50\",\"isPartOf\":{\"@id\":\"https:\/\/psol50.org.br\/#website\"},\"primaryImageOfPage\":{\"@id\":\"https:\/\/psol50.org.br\/movimentos-irao-as-ruas-no-dia-24-contra-ofensiva-reacionaria\/#primaryimage\"},\"image\":{\"@id\":\"https:\/\/psol50.org.br\/movimentos-irao-as-ruas-no-dia-24-contra-ofensiva-reacionaria\/#primaryimage\"},\"thumbnailUrl\":\"https:\/\/psol50.org.br\/inc\/uploads\/2016\/03\/card-manisfestacao-contra-dilma-e-direita-so-imagem-e1448897412703-1.jpg\",\"datePublished\":\"2016-03-21T14:42:53+00:00\",\"breadcrumb\":{\"@id\":\"https:\/\/psol50.org.br\/movimentos-irao-as-ruas-no-dia-24-contra-ofensiva-reacionaria\/#breadcrumb\"},\"inLanguage\":\"pt-BR\",\"potentialAction\":[{\"@type\":\"ReadAction\",\"target\":[\"https:\/\/psol50.org.br\/movimentos-irao-as-ruas-no-dia-24-contra-ofensiva-reacionaria\/\"]}]},{\"@type\":\"ImageObject\",\"inLanguage\":\"pt-BR\",\"@id\":\"https:\/\/psol50.org.br\/movimentos-irao-as-ruas-no-dia-24-contra-ofensiva-reacionaria\/#primaryimage\",\"url\":\"https:\/\/psol50.org.br\/inc\/uploads\/2016\/03\/card-manisfestacao-contra-dilma-e-direita-so-imagem-e1448897412703-1.jpg\",\"contentUrl\":\"https:\/\/psol50.org.br\/inc\/uploads\/2016\/03\/card-manisfestacao-contra-dilma-e-direita-so-imagem-e1448897412703-1.jpg\",\"width\":1350,\"height\":900},{\"@type\":\"BreadcrumbList\",\"@id\":\"https:\/\/psol50.org.br\/movimentos-irao-as-ruas-no-dia-24-contra-ofensiva-reacionaria\/#breadcrumb\",\"itemListElement\":[{\"@type\":\"ListItem\",\"position\":1,\"name\":\"In\u00edcio\",\"item\":\"https:\/\/psol50.org.br\/\"},{\"@type\":\"ListItem\",\"position\":2,\"name\":\"Movimentos ir\u00e3o \u00e0s ruas no dia 24 contra ofensiva reacion\u00e1ria\"}]},{\"@type\":\"WebSite\",\"@id\":\"https:\/\/psol50.org.br\/#website\",\"url\":\"https:\/\/psol50.org.br\/\",\"name\":\"PSOL 50\",\"description\":\"Site oficial do Partido Socialismo e Liberdade\",\"publisher\":{\"@id\":\"https:\/\/psol50.org.br\/#organization\"},\"alternateName\":\"PSOL50\",\"potentialAction\":[{\"@type\":\"SearchAction\",\"target\":{\"@type\":\"EntryPoint\",\"urlTemplate\":\"https:\/\/psol50.org.br\/?s={search_term_string}\"},\"query-input\":{\"@type\":\"PropertyValueSpecification\",\"valueRequired\":true,\"valueName\":\"search_term_string\"}}],\"inLanguage\":\"pt-BR\"},{\"@type\":\"Organization\",\"@id\":\"https:\/\/psol50.org.br\/#organization\",\"name\":\"PSOL 50\",\"alternateName\":\"PSOL 50\",\"url\":\"https:\/\/psol50.org.br\/\",\"logo\":{\"@type\":\"ImageObject\",\"inLanguage\":\"pt-BR\",\"@id\":\"https:\/\/psol50.org.br\/#\/schema\/logo\/image\/\",\"url\":\"https:\/\/psol50.org.br\/inc\/uploads\/2018\/07\/capa.png\",\"contentUrl\":\"https:\/\/psol50.org.br\/inc\/uploads\/2018\/07\/capa.png\",\"width\":1350,\"height\":900,\"caption\":\"PSOL 50\"},\"image\":{\"@id\":\"https:\/\/psol50.org.br\/#\/schema\/logo\/image\/\"},\"sameAs\":[\"https:\/\/www.facebook.com\/psol50\",\"https:\/\/x.com\/psol50\",\"https:\/\/www.instagram.com\/psol50\/\",\"https:\/\/www.youtube.com\/channel\/UC7SnJS5o1os7a6CaiNabzcg\"]},{\"@type\":\"Person\",\"@id\":\"https:\/\/psol50.org.br\/#\/schema\/person\/475dfa57d0b815993c714c2e96491fcd\",\"name\":\"Comunica\u00e7\u00e3o PSOL\",\"image\":{\"@type\":\"ImageObject\",\"inLanguage\":\"pt-BR\",\"@id\":\"https:\/\/psol50.org.br\/#\/schema\/person\/image\/\",\"url\":\"https:\/\/secure.gravatar.com\/avatar\/b34fc4f4e468a4e51785917065a3db57b841f5c95dba6ad8c73aaf8f66f8f9bf?s=96&d=mm&r=g\",\"contentUrl\":\"https:\/\/secure.gravatar.com\/avatar\/b34fc4f4e468a4e51785917065a3db57b841f5c95dba6ad8c73aaf8f66f8f9bf?s=96&d=mm&r=g\",\"caption\":\"Comunica\u00e7\u00e3o PSOL\"}}]}<\/script>\n<!-- \/ Yoast SEO plugin. -->","yoast_head_json":{"title":"Movimentos ir\u00e3o \u00e0s ruas no dia 24 contra ofensiva reacion\u00e1ria - PSOL 50","robots":{"index":"index","follow":"follow","max-snippet":"max-snippet:-1","max-image-preview":"max-image-preview:large","max-video-preview":"max-video-preview:-1"},"canonical":"https:\/\/psol50.org.br\/movimentos-irao-as-ruas-no-dia-24-contra-ofensiva-reacionaria\/","og_locale":"pt_BR","og_type":"article","og_title":"Movimentos ir\u00e3o \u00e0s ruas no dia 24 contra ofensiva reacion\u00e1ria - PSOL 50","og_description":"A Frente Povo Sem medo definiu, neste domingo, a convoca\u00e7\u00e3o de uma grande manifesta\u00e7\u00e3o nesta quinta-feira (24), em S\u00e3o Paulo, em defesa da democracia e por uma sa\u00edda \u00e0 esquerda para a crise. A Povo Sem Medo \u00e9 uma frente nacional de mobiliza\u00e7\u00e3o apoiada pelo PSOL e constru\u00edda por diversos movimentos sociais, como o Movimento [&hellip;]","og_url":"https:\/\/psol50.org.br\/movimentos-irao-as-ruas-no-dia-24-contra-ofensiva-reacionaria\/","og_site_name":"PSOL 50","article_publisher":"https:\/\/www.facebook.com\/psol50","article_published_time":"2016-03-21T14:42:53+00:00","og_image":[{"width":1350,"height":900,"url":"https:\/\/psol50.org.br\/inc\/uploads\/2016\/03\/card-manisfestacao-contra-dilma-e-direita-so-imagem-e1448897412703-1.jpg","type":"image\/jpeg"}],"author":"Comunica\u00e7\u00e3o PSOL","twitter_card":"summary_large_image","twitter_creator":"@psol50","twitter_site":"@psol50","twitter_misc":{"Escrito por":"Comunica\u00e7\u00e3o PSOL","Est. tempo de leitura":"4 minutos"},"schema":{"@context":"https:\/\/schema.org","@graph":[{"@type":"Article","@id":"https:\/\/psol50.org.br\/movimentos-irao-as-ruas-no-dia-24-contra-ofensiva-reacionaria\/#article","isPartOf":{"@id":"https:\/\/psol50.org.br\/movimentos-irao-as-ruas-no-dia-24-contra-ofensiva-reacionaria\/"},"author":{"name":"Comunica\u00e7\u00e3o PSOL","@id":"https:\/\/psol50.org.br\/#\/schema\/person\/475dfa57d0b815993c714c2e96491fcd"},"headline":"Movimentos ir\u00e3o \u00e0s ruas no dia 24 contra ofensiva reacion\u00e1ria","datePublished":"2016-03-21T14:42:53+00:00","mainEntityOfPage":{"@id":"https:\/\/psol50.org.br\/movimentos-irao-as-ruas-no-dia-24-contra-ofensiva-reacionaria\/"},"wordCount":802,"commentCount":0,"publisher":{"@id":"https:\/\/psol50.org.br\/#organization"},"image":{"@id":"https:\/\/psol50.org.br\/movimentos-irao-as-ruas-no-dia-24-contra-ofensiva-reacionaria\/#primaryimage"},"thumbnailUrl":"https:\/\/psol50.org.br\/inc\/uploads\/2016\/03\/card-manisfestacao-contra-dilma-e-direita-so-imagem-e1448897412703-1.jpg","keywords":["Frente Povo Sem Medo","manifesta\u00e7\u00e3o","MTST","Sa\u00edda \u00e9 pela esquerda"],"articleSection":["Brasil","Estados","Movimento","Not\u00edcias"],"inLanguage":"pt-BR","potentialAction":[{"@type":"CommentAction","name":"Comment","target":["https:\/\/psol50.org.br\/movimentos-irao-as-ruas-no-dia-24-contra-ofensiva-reacionaria\/#respond"]}]},{"@type":"WebPage","@id":"https:\/\/psol50.org.br\/movimentos-irao-as-ruas-no-dia-24-contra-ofensiva-reacionaria\/","url":"https:\/\/psol50.org.br\/movimentos-irao-as-ruas-no-dia-24-contra-ofensiva-reacionaria\/","name":"Movimentos ir\u00e3o \u00e0s ruas no dia 24 contra ofensiva reacion\u00e1ria - PSOL 50","isPartOf":{"@id":"https:\/\/psol50.org.br\/#website"},"primaryImageOfPage":{"@id":"https:\/\/psol50.org.br\/movimentos-irao-as-ruas-no-dia-24-contra-ofensiva-reacionaria\/#primaryimage"},"image":{"@id":"https:\/\/psol50.org.br\/movimentos-irao-as-ruas-no-dia-24-contra-ofensiva-reacionaria\/#primaryimage"},"thumbnailUrl":"https:\/\/psol50.org.br\/inc\/uploads\/2016\/03\/card-manisfestacao-contra-dilma-e-direita-so-imagem-e1448897412703-1.jpg","datePublished":"2016-03-21T14:42:53+00:00","breadcrumb":{"@id":"https:\/\/psol50.org.br\/movimentos-irao-as-ruas-no-dia-24-contra-ofensiva-reacionaria\/#breadcrumb"},"inLanguage":"pt-BR","potentialAction":[{"@type":"ReadAction","target":["https:\/\/psol50.org.br\/movimentos-irao-as-ruas-no-dia-24-contra-ofensiva-reacionaria\/"]}]},{"@type":"ImageObject","inLanguage":"pt-BR","@id":"https:\/\/psol50.org.br\/movimentos-irao-as-ruas-no-dia-24-contra-ofensiva-reacionaria\/#primaryimage","url":"https:\/\/psol50.org.br\/inc\/uploads\/2016\/03\/card-manisfestacao-contra-dilma-e-direita-so-imagem-e1448897412703-1.jpg","contentUrl":"https:\/\/psol50.org.br\/inc\/uploads\/2016\/03\/card-manisfestacao-contra-dilma-e-direita-so-imagem-e1448897412703-1.jpg","width":1350,"height":900},{"@type":"BreadcrumbList","@id":"https:\/\/psol50.org.br\/movimentos-irao-as-ruas-no-dia-24-contra-ofensiva-reacionaria\/#breadcrumb","itemListElement":[{"@type":"ListItem","position":1,"name":"In\u00edcio","item":"https:\/\/psol50.org.br\/"},{"@type":"ListItem","position":2,"name":"Movimentos ir\u00e3o \u00e0s ruas no dia 24 contra ofensiva reacion\u00e1ria"}]},{"@type":"WebSite","@id":"https:\/\/psol50.org.br\/#website","url":"https:\/\/psol50.org.br\/","name":"PSOL 50","description":"Site oficial do Partido Socialismo e Liberdade","publisher":{"@id":"https:\/\/psol50.org.br\/#organization"},"alternateName":"PSOL50","potentialAction":[{"@type":"SearchAction","target":{"@type":"EntryPoint","urlTemplate":"https:\/\/psol50.org.br\/?s={search_term_string}"},"query-input":{"@type":"PropertyValueSpecification","valueRequired":true,"valueName":"search_term_string"}}],"inLanguage":"pt-BR"},{"@type":"Organization","@id":"https:\/\/psol50.org.br\/#organization","name":"PSOL 50","alternateName":"PSOL 50","url":"https:\/\/psol50.org.br\/","logo":{"@type":"ImageObject","inLanguage":"pt-BR","@id":"https:\/\/psol50.org.br\/#\/schema\/logo\/image\/","url":"https:\/\/psol50.org.br\/inc\/uploads\/2018\/07\/capa.png","contentUrl":"https:\/\/psol50.org.br\/inc\/uploads\/2018\/07\/capa.png","width":1350,"height":900,"caption":"PSOL 50"},"image":{"@id":"https:\/\/psol50.org.br\/#\/schema\/logo\/image\/"},"sameAs":["https:\/\/www.facebook.com\/psol50","https:\/\/x.com\/psol50","https:\/\/www.instagram.com\/psol50\/","https:\/\/www.youtube.com\/channel\/UC7SnJS5o1os7a6CaiNabzcg"]},{"@type":"Person","@id":"https:\/\/psol50.org.br\/#\/schema\/person\/475dfa57d0b815993c714c2e96491fcd","name":"Comunica\u00e7\u00e3o PSOL","image":{"@type":"ImageObject","inLanguage":"pt-BR","@id":"https:\/\/psol50.org.br\/#\/schema\/person\/image\/","url":"https:\/\/secure.gravatar.com\/avatar\/b34fc4f4e468a4e51785917065a3db57b841f5c95dba6ad8c73aaf8f66f8f9bf?s=96&d=mm&r=g","contentUrl":"https:\/\/secure.gravatar.com\/avatar\/b34fc4f4e468a4e51785917065a3db57b841f5c95dba6ad8c73aaf8f66f8f9bf?s=96&d=mm&r=g","caption":"Comunica\u00e7\u00e3o PSOL"}}]}},"_links":{"self":[{"href":"https:\/\/psol50.org.br\/rest\/wp\/v2\/posts\/11764","targetHints":{"allow":["GET"]}}],"collection":[{"href":"https:\/\/psol50.org.br\/rest\/wp\/v2\/posts"}],"about":[{"href":"https:\/\/psol50.org.br\/rest\/wp\/v2\/types\/post"}],"author":[{"embeddable":true,"href":"https:\/\/psol50.org.br\/rest\/wp\/v2\/users\/2"}],"replies":[{"embeddable":true,"href":"https:\/\/psol50.org.br\/rest\/wp\/v2\/comments?post=11764"}],"version-history":[{"count":0,"href":"https:\/\/psol50.org.br\/rest\/wp\/v2\/posts\/11764\/revisions"}],"wp:featuredmedia":[{"embeddable":true,"href":"https:\/\/psol50.org.br\/rest\/wp\/v2\/media\/11773"}],"wp:attachment":[{"href":"https:\/\/psol50.org.br\/rest\/wp\/v2\/media?parent=11764"}],"wp:term":[{"taxonomy":"category","embeddable":true,"href":"https:\/\/psol50.org.br\/rest\/wp\/v2\/categories?post=11764"},{"taxonomy":"post_tag","embeddable":true,"href":"https:\/\/psol50.org.br\/rest\/wp\/v2\/tags?post=11764"}],"curies":[{"name":"wp","href":"https:\/\/api.w.org\/{rel}","templated":true}]}}