{"id":11769,"date":"2016-03-21T17:31:40","date_gmt":"2016-03-21T17:31:40","guid":{"rendered":"http:\/\/www.psol50.org.br\/?p=11769"},"modified":"2016-03-21T17:31:40","modified_gmt":"2016-03-21T17:31:40","slug":"eleicoes-gerais-quem-as-garante","status":"publish","type":"post","link":"https:\/\/psol50.org.br\/eleicoes-gerais-quem-as-garante\/","title":{"rendered":"CID BENJAMIN: Elei\u00e7\u00f5es gerais: quem as garante?"},"content":{"rendered":"<p><em><span style=\"font-size: 12px;\">Artigo publicado originalmente no jornal <a href=\"http:\/\/oglobo.globo.com\/opiniao\/eleicoes-gerais-quem-as-garante-18915763?utm_source=Facebook&amp;utm_medium=Social&amp;utm_campaign=compartilhar\">O Globo<\/p>\n<p><\/a><\/span><\/em><em>\u00c9 preciso criticar a pol\u00edtica de direita do governo e lutar por uma pauta progressista, organizando uma agenda que denuncie o golpismo e construa alternativa de esquerda<\/p>\n<p><\/em>Vladimir Palmeira, grande amigo e querido companheiro pol\u00edtico desde os idos de 1968, assinou na edi\u00e7\u00e3o do Globo de 16 de mar\u00e7o um artigo intitulado \u201cElei\u00e7\u00f5es gerais j\u00e1\u201d. Vladimir \u00e9 daquelas pessoas com quem aprendo, mesmo quando divirjo dele. Deve ser sempre escutado com aten\u00e7\u00e3o.<\/p>\n<p>No artigo a que me refiro, ele come\u00e7a tra\u00e7ando um duro \u2014 e verdadeiro \u2014 retrato de nossas institui\u00e7\u00f5es. Mostra a desintegra\u00e7\u00e3o do governo e do Congresso. E defende como sa\u00edda a realiza\u00e7\u00e3o de elei\u00e7\u00f5es para presidente e vice e para senadores e deputados federais.<\/p>\n<p>\u00c9 uma alternativa atraente \u00e0 primeira vista, dado que, o Executivo e o Legislativo vivem um desgaste talvez sem precedentes na hist\u00f3ria recente. Seria, ent\u00e3o, na opini\u00e3o de Vladimir, hora de chamar o povo para se manifestar, renovando (ou n\u00e3o) seus mandatos. Seria uma sa\u00edda democr\u00e1tica, por meio do voto popular, e que poderia oxigenar a representa\u00e7\u00e3o pol\u00edtica.<\/p>\n<p>Ocorre que, para que a proposta tivesse base legal, seria preciso que o Congresso aprovasse uma emenda constitucional, cassando os mandatos de seus integrantes, assim como os de Dilma e Michel Temer. Algu\u00e9m imagina isso poss\u00edvel?<\/p>\n<p>A alternativa \u00e0 emenda constitucional seria, a partir de uma for\u00e7a externa, a cassa\u00e7\u00e3o dos mandatos dos atuais senadores e deputados, da presidente e de seu vice por meios n\u00e3o previstos na Constitui\u00e7\u00e3o. Ter\u00edamos uma situa\u00e7\u00e3o de ruptura institucional.<\/p>\n<p>Aparentemente \u00e9 o que prop\u00f5e Vladimir. A ruptura que ele classifica de \u201cdemocr\u00e1tica\u201d deixaria nas m\u00e3os do STF a tarefa de organizar novas elei\u00e7\u00f5es.<\/p>\n<p>Ora, h\u00e1 momentos em que levantes populares de car\u00e1ter revolucion\u00e1rio atropelam as institui\u00e7\u00f5es carcomidas, que merecem mesmo ir para a lata de lixo da hist\u00f3ria. Mas, no caso do Brasil hoje, \u00e9 isso que se daria?<\/p>\n<p>Parece evidente que n\u00e3o.<\/p>\n<p>E, se n\u00e3o seria por meio de um movimento revolucion\u00e1rio e do povo nas ruas, quem poderia hoje cumprir o papel de protagonista de uma ruptura institucional, sen\u00e3o as For\u00e7as Armadas?<\/p>\n<p>A hist\u00f3ria de Vladimir n\u00e3o permite supor que ele defenda essa sa\u00edda. Mas, se n\u00e3o h\u00e1 ascenso revolucion\u00e1rio \u00e0 vista, n\u00e3o poderia se dar a cassa\u00e7\u00e3o dos mandatos do atual Congresso, da presidente e de seu vice, contra o desejo dos seus detentores, sen\u00e3o por meio de uma interven\u00e7\u00e3o militar.<\/p>\n<p>Mesmo que ela, hipoteticamente, tivesse um objetivo positivo e progressista \u2014 a substitui\u00e7\u00e3o de um Executivo e de um Legislativo incapazes de fazer frente \u00e0s tarefas que o pa\u00eds exige \u2014 ser\u00e1 razo\u00e1vel supor que seja esta a sa\u00edda para o impasse?<\/p>\n<p>\u00c9 preciso criticar a pol\u00edtica de direita e o estelionato eleitoral, praticados pelo governo Dilma, e lutar por uma pauta progressista, organizando uma agenda de interven\u00e7\u00e3o pol\u00edtica que, ao mesmo tempo em que denuncia o golpismo, construa uma alternativa independente de esquerda.<\/p>\n<p>Este \u00e9 um caminho f\u00e1cil? Claro que n\u00e3o. Mas, na pol\u00edtica, muitas vezes os supostos atalhos agravam os problemas.<\/p>\n<p>Parece ser o caso da proposta apresentada por Vladimir.<\/p>\n<p>&nbsp;<\/p>\n","protected":false},"excerpt":{"rendered":"<p>Artigo publicado originalmente no jornal O Globo \u00c9 preciso criticar a pol\u00edtica de direita do governo e lutar por uma pauta progressista, organizando uma agenda que denuncie o golpismo e construa alternativa de esquerda Vladimir Palmeira, grande amigo e querido companheiro pol\u00edtico desde os idos de 1968, assinou na edi\u00e7\u00e3o do Globo de 16 de [&hellip;]<\/p>\n","protected":false},"author":2,"featured_media":11770,"comment_status":"open","ping_status":"open","sticky":false,"template":"","format":"standard","meta":{"_acf_changed":false,"footnotes":""},"categories":[3,1882],"tags":[1750,496,2324,4096,3981,45,4097],"class_list":{"0":"post-11769","1":"post","2":"type-post","3":"status-publish","4":"format-standard","5":"has-post-thumbnail","7":"category-artigos-e-entrevistas","8":"category-brasil","9":"tag-cid-benjamin","10":"tag-congresso-nacional","11":"tag-constituicao-federal","12":"tag-eleicoes-gerais","13":"tag-governo-dilma","14":"tag-stf","15":"tag-vladimir-palmeira"},"acf":[],"yoast_head":"<!-- This site is optimized with the Yoast SEO plugin v26.5 - https:\/\/yoast.com\/wordpress\/plugins\/seo\/ -->\n<title>CID BENJAMIN: Elei\u00e7\u00f5es gerais: quem as garante? - PSOL 50<\/title>\n<meta name=\"robots\" content=\"index, follow, max-snippet:-1, max-image-preview:large, max-video-preview:-1\" \/>\n<link rel=\"canonical\" href=\"https:\/\/psol50.org.br\/eleicoes-gerais-quem-as-garante\/\" \/>\n<meta property=\"og:locale\" content=\"pt_BR\" \/>\n<meta property=\"og:type\" content=\"article\" \/>\n<meta property=\"og:title\" content=\"CID BENJAMIN: Elei\u00e7\u00f5es gerais: quem as garante? - PSOL 50\" \/>\n<meta property=\"og:description\" content=\"Artigo publicado originalmente no jornal O Globo \u00c9 preciso criticar a pol\u00edtica de direita do governo e lutar por uma pauta progressista, organizando uma agenda que denuncie o golpismo e construa alternativa de esquerda Vladimir Palmeira, grande amigo e querido companheiro pol\u00edtico desde os idos de 1968, assinou na edi\u00e7\u00e3o do Globo de 16 de [&hellip;]\" \/>\n<meta property=\"og:url\" content=\"https:\/\/psol50.org.br\/eleicoes-gerais-quem-as-garante\/\" \/>\n<meta property=\"og:site_name\" content=\"PSOL 50\" \/>\n<meta property=\"article:publisher\" content=\"https:\/\/www.facebook.com\/psol50\" \/>\n<meta property=\"article:published_time\" content=\"2016-03-21T17:31:40+00:00\" \/>\n<meta property=\"og:image\" content=\"https:\/\/psol50.org.br\/inc\/uploads\/2018\/07\/capa.png\" \/>\n\t<meta property=\"og:image:width\" content=\"1350\" \/>\n\t<meta property=\"og:image:height\" content=\"900\" \/>\n\t<meta property=\"og:image:type\" content=\"image\/png\" \/>\n<meta name=\"author\" content=\"Comunica\u00e7\u00e3o PSOL\" \/>\n<meta name=\"twitter:card\" content=\"summary_large_image\" \/>\n<meta name=\"twitter:creator\" content=\"@psol50\" \/>\n<meta name=\"twitter:site\" content=\"@psol50\" \/>\n<meta name=\"twitter:label1\" content=\"Escrito por\" \/>\n\t<meta name=\"twitter:data1\" content=\"Comunica\u00e7\u00e3o PSOL\" \/>\n\t<meta name=\"twitter:label2\" content=\"Est. tempo de leitura\" \/>\n\t<meta name=\"twitter:data2\" content=\"3 minutos\" \/>\n<script type=\"application\/ld+json\" class=\"yoast-schema-graph\">{\"@context\":\"https:\/\/schema.org\",\"@graph\":[{\"@type\":\"Article\",\"@id\":\"https:\/\/psol50.org.br\/eleicoes-gerais-quem-as-garante\/#article\",\"isPartOf\":{\"@id\":\"https:\/\/psol50.org.br\/eleicoes-gerais-quem-as-garante\/\"},\"author\":{\"name\":\"Comunica\u00e7\u00e3o PSOL\",\"@id\":\"https:\/\/psol50.org.br\/#\/schema\/person\/475dfa57d0b815993c714c2e96491fcd\"},\"headline\":\"CID BENJAMIN: Elei\u00e7\u00f5es gerais: quem as garante?\",\"datePublished\":\"2016-03-21T17:31:40+00:00\",\"mainEntityOfPage\":{\"@id\":\"https:\/\/psol50.org.br\/eleicoes-gerais-quem-as-garante\/\"},\"wordCount\":568,\"commentCount\":0,\"publisher\":{\"@id\":\"https:\/\/psol50.org.br\/#organization\"},\"image\":{\"@id\":\"https:\/\/psol50.org.br\/eleicoes-gerais-quem-as-garante\/#primaryimage\"},\"thumbnailUrl\":\"\",\"keywords\":[\"Cid Benjamin\",\"Congresso Nacional\",\"Constitui\u00e7\u00e3o Federal\",\"elei\u00e7\u00f5es gerais\",\"governo Dilma\",\"STF\",\"Vladimir Palmeira\"],\"articleSection\":[\"Artigos\",\"Brasil\"],\"inLanguage\":\"pt-BR\",\"potentialAction\":[{\"@type\":\"CommentAction\",\"name\":\"Comment\",\"target\":[\"https:\/\/psol50.org.br\/eleicoes-gerais-quem-as-garante\/#respond\"]}]},{\"@type\":\"WebPage\",\"@id\":\"https:\/\/psol50.org.br\/eleicoes-gerais-quem-as-garante\/\",\"url\":\"https:\/\/psol50.org.br\/eleicoes-gerais-quem-as-garante\/\",\"name\":\"CID BENJAMIN: Elei\u00e7\u00f5es gerais: quem as garante? - PSOL 50\",\"isPartOf\":{\"@id\":\"https:\/\/psol50.org.br\/#website\"},\"primaryImageOfPage\":{\"@id\":\"https:\/\/psol50.org.br\/eleicoes-gerais-quem-as-garante\/#primaryimage\"},\"image\":{\"@id\":\"https:\/\/psol50.org.br\/eleicoes-gerais-quem-as-garante\/#primaryimage\"},\"thumbnailUrl\":\"\",\"datePublished\":\"2016-03-21T17:31:40+00:00\",\"breadcrumb\":{\"@id\":\"https:\/\/psol50.org.br\/eleicoes-gerais-quem-as-garante\/#breadcrumb\"},\"inLanguage\":\"pt-BR\",\"potentialAction\":[{\"@type\":\"ReadAction\",\"target\":[\"https:\/\/psol50.org.br\/eleicoes-gerais-quem-as-garante\/\"]}]},{\"@type\":\"ImageObject\",\"inLanguage\":\"pt-BR\",\"@id\":\"https:\/\/psol50.org.br\/eleicoes-gerais-quem-as-garante\/#primaryimage\",\"url\":\"\",\"contentUrl\":\"\"},{\"@type\":\"BreadcrumbList\",\"@id\":\"https:\/\/psol50.org.br\/eleicoes-gerais-quem-as-garante\/#breadcrumb\",\"itemListElement\":[{\"@type\":\"ListItem\",\"position\":1,\"name\":\"In\u00edcio\",\"item\":\"https:\/\/psol50.org.br\/\"},{\"@type\":\"ListItem\",\"position\":2,\"name\":\"CID BENJAMIN: Elei\u00e7\u00f5es gerais: quem as garante?\"}]},{\"@type\":\"WebSite\",\"@id\":\"https:\/\/psol50.org.br\/#website\",\"url\":\"https:\/\/psol50.org.br\/\",\"name\":\"PSOL 50\",\"description\":\"Site oficial do Partido Socialismo e Liberdade\",\"publisher\":{\"@id\":\"https:\/\/psol50.org.br\/#organization\"},\"alternateName\":\"PSOL50\",\"potentialAction\":[{\"@type\":\"SearchAction\",\"target\":{\"@type\":\"EntryPoint\",\"urlTemplate\":\"https:\/\/psol50.org.br\/?s={search_term_string}\"},\"query-input\":{\"@type\":\"PropertyValueSpecification\",\"valueRequired\":true,\"valueName\":\"search_term_string\"}}],\"inLanguage\":\"pt-BR\"},{\"@type\":\"Organization\",\"@id\":\"https:\/\/psol50.org.br\/#organization\",\"name\":\"PSOL 50\",\"alternateName\":\"PSOL 50\",\"url\":\"https:\/\/psol50.org.br\/\",\"logo\":{\"@type\":\"ImageObject\",\"inLanguage\":\"pt-BR\",\"@id\":\"https:\/\/psol50.org.br\/#\/schema\/logo\/image\/\",\"url\":\"https:\/\/psol50.org.br\/inc\/uploads\/2018\/07\/capa.png\",\"contentUrl\":\"https:\/\/psol50.org.br\/inc\/uploads\/2018\/07\/capa.png\",\"width\":1350,\"height\":900,\"caption\":\"PSOL 50\"},\"image\":{\"@id\":\"https:\/\/psol50.org.br\/#\/schema\/logo\/image\/\"},\"sameAs\":[\"https:\/\/www.facebook.com\/psol50\",\"https:\/\/x.com\/psol50\",\"https:\/\/www.instagram.com\/psol50\/\",\"https:\/\/www.youtube.com\/channel\/UC7SnJS5o1os7a6CaiNabzcg\"]},{\"@type\":\"Person\",\"@id\":\"https:\/\/psol50.org.br\/#\/schema\/person\/475dfa57d0b815993c714c2e96491fcd\",\"name\":\"Comunica\u00e7\u00e3o PSOL\",\"image\":{\"@type\":\"ImageObject\",\"inLanguage\":\"pt-BR\",\"@id\":\"https:\/\/psol50.org.br\/#\/schema\/person\/image\/\",\"url\":\"https:\/\/secure.gravatar.com\/avatar\/b34fc4f4e468a4e51785917065a3db57b841f5c95dba6ad8c73aaf8f66f8f9bf?s=96&d=mm&r=g\",\"contentUrl\":\"https:\/\/secure.gravatar.com\/avatar\/b34fc4f4e468a4e51785917065a3db57b841f5c95dba6ad8c73aaf8f66f8f9bf?s=96&d=mm&r=g\",\"caption\":\"Comunica\u00e7\u00e3o PSOL\"}}]}<\/script>\n<!-- \/ Yoast SEO plugin. -->","yoast_head_json":{"title":"CID BENJAMIN: Elei\u00e7\u00f5es gerais: quem as garante? - PSOL 50","robots":{"index":"index","follow":"follow","max-snippet":"max-snippet:-1","max-image-preview":"max-image-preview:large","max-video-preview":"max-video-preview:-1"},"canonical":"https:\/\/psol50.org.br\/eleicoes-gerais-quem-as-garante\/","og_locale":"pt_BR","og_type":"article","og_title":"CID BENJAMIN: Elei\u00e7\u00f5es gerais: quem as garante? - PSOL 50","og_description":"Artigo publicado originalmente no jornal O Globo \u00c9 preciso criticar a pol\u00edtica de direita do governo e lutar por uma pauta progressista, organizando uma agenda que denuncie o golpismo e construa alternativa de esquerda Vladimir Palmeira, grande amigo e querido companheiro pol\u00edtico desde os idos de 1968, assinou na edi\u00e7\u00e3o do Globo de 16 de [&hellip;]","og_url":"https:\/\/psol50.org.br\/eleicoes-gerais-quem-as-garante\/","og_site_name":"PSOL 50","article_publisher":"https:\/\/www.facebook.com\/psol50","article_published_time":"2016-03-21T17:31:40+00:00","og_image":[{"width":1350,"height":900,"url":"https:\/\/psol50.org.br\/inc\/uploads\/2018\/07\/capa.png","type":"image\/png"}],"author":"Comunica\u00e7\u00e3o PSOL","twitter_card":"summary_large_image","twitter_creator":"@psol50","twitter_site":"@psol50","twitter_misc":{"Escrito por":"Comunica\u00e7\u00e3o PSOL","Est. tempo de leitura":"3 minutos"},"schema":{"@context":"https:\/\/schema.org","@graph":[{"@type":"Article","@id":"https:\/\/psol50.org.br\/eleicoes-gerais-quem-as-garante\/#article","isPartOf":{"@id":"https:\/\/psol50.org.br\/eleicoes-gerais-quem-as-garante\/"},"author":{"name":"Comunica\u00e7\u00e3o PSOL","@id":"https:\/\/psol50.org.br\/#\/schema\/person\/475dfa57d0b815993c714c2e96491fcd"},"headline":"CID BENJAMIN: Elei\u00e7\u00f5es gerais: quem as garante?","datePublished":"2016-03-21T17:31:40+00:00","mainEntityOfPage":{"@id":"https:\/\/psol50.org.br\/eleicoes-gerais-quem-as-garante\/"},"wordCount":568,"commentCount":0,"publisher":{"@id":"https:\/\/psol50.org.br\/#organization"},"image":{"@id":"https:\/\/psol50.org.br\/eleicoes-gerais-quem-as-garante\/#primaryimage"},"thumbnailUrl":"","keywords":["Cid Benjamin","Congresso Nacional","Constitui\u00e7\u00e3o Federal","elei\u00e7\u00f5es gerais","governo Dilma","STF","Vladimir Palmeira"],"articleSection":["Artigos","Brasil"],"inLanguage":"pt-BR","potentialAction":[{"@type":"CommentAction","name":"Comment","target":["https:\/\/psol50.org.br\/eleicoes-gerais-quem-as-garante\/#respond"]}]},{"@type":"WebPage","@id":"https:\/\/psol50.org.br\/eleicoes-gerais-quem-as-garante\/","url":"https:\/\/psol50.org.br\/eleicoes-gerais-quem-as-garante\/","name":"CID BENJAMIN: Elei\u00e7\u00f5es gerais: quem as garante? - PSOL 50","isPartOf":{"@id":"https:\/\/psol50.org.br\/#website"},"primaryImageOfPage":{"@id":"https:\/\/psol50.org.br\/eleicoes-gerais-quem-as-garante\/#primaryimage"},"image":{"@id":"https:\/\/psol50.org.br\/eleicoes-gerais-quem-as-garante\/#primaryimage"},"thumbnailUrl":"","datePublished":"2016-03-21T17:31:40+00:00","breadcrumb":{"@id":"https:\/\/psol50.org.br\/eleicoes-gerais-quem-as-garante\/#breadcrumb"},"inLanguage":"pt-BR","potentialAction":[{"@type":"ReadAction","target":["https:\/\/psol50.org.br\/eleicoes-gerais-quem-as-garante\/"]}]},{"@type":"ImageObject","inLanguage":"pt-BR","@id":"https:\/\/psol50.org.br\/eleicoes-gerais-quem-as-garante\/#primaryimage","url":"","contentUrl":""},{"@type":"BreadcrumbList","@id":"https:\/\/psol50.org.br\/eleicoes-gerais-quem-as-garante\/#breadcrumb","itemListElement":[{"@type":"ListItem","position":1,"name":"In\u00edcio","item":"https:\/\/psol50.org.br\/"},{"@type":"ListItem","position":2,"name":"CID BENJAMIN: Elei\u00e7\u00f5es gerais: quem as garante?"}]},{"@type":"WebSite","@id":"https:\/\/psol50.org.br\/#website","url":"https:\/\/psol50.org.br\/","name":"PSOL 50","description":"Site oficial do Partido Socialismo e Liberdade","publisher":{"@id":"https:\/\/psol50.org.br\/#organization"},"alternateName":"PSOL50","potentialAction":[{"@type":"SearchAction","target":{"@type":"EntryPoint","urlTemplate":"https:\/\/psol50.org.br\/?s={search_term_string}"},"query-input":{"@type":"PropertyValueSpecification","valueRequired":true,"valueName":"search_term_string"}}],"inLanguage":"pt-BR"},{"@type":"Organization","@id":"https:\/\/psol50.org.br\/#organization","name":"PSOL 50","alternateName":"PSOL 50","url":"https:\/\/psol50.org.br\/","logo":{"@type":"ImageObject","inLanguage":"pt-BR","@id":"https:\/\/psol50.org.br\/#\/schema\/logo\/image\/","url":"https:\/\/psol50.org.br\/inc\/uploads\/2018\/07\/capa.png","contentUrl":"https:\/\/psol50.org.br\/inc\/uploads\/2018\/07\/capa.png","width":1350,"height":900,"caption":"PSOL 50"},"image":{"@id":"https:\/\/psol50.org.br\/#\/schema\/logo\/image\/"},"sameAs":["https:\/\/www.facebook.com\/psol50","https:\/\/x.com\/psol50","https:\/\/www.instagram.com\/psol50\/","https:\/\/www.youtube.com\/channel\/UC7SnJS5o1os7a6CaiNabzcg"]},{"@type":"Person","@id":"https:\/\/psol50.org.br\/#\/schema\/person\/475dfa57d0b815993c714c2e96491fcd","name":"Comunica\u00e7\u00e3o PSOL","image":{"@type":"ImageObject","inLanguage":"pt-BR","@id":"https:\/\/psol50.org.br\/#\/schema\/person\/image\/","url":"https:\/\/secure.gravatar.com\/avatar\/b34fc4f4e468a4e51785917065a3db57b841f5c95dba6ad8c73aaf8f66f8f9bf?s=96&d=mm&r=g","contentUrl":"https:\/\/secure.gravatar.com\/avatar\/b34fc4f4e468a4e51785917065a3db57b841f5c95dba6ad8c73aaf8f66f8f9bf?s=96&d=mm&r=g","caption":"Comunica\u00e7\u00e3o PSOL"}}]}},"_links":{"self":[{"href":"https:\/\/psol50.org.br\/rest\/wp\/v2\/posts\/11769","targetHints":{"allow":["GET"]}}],"collection":[{"href":"https:\/\/psol50.org.br\/rest\/wp\/v2\/posts"}],"about":[{"href":"https:\/\/psol50.org.br\/rest\/wp\/v2\/types\/post"}],"author":[{"embeddable":true,"href":"https:\/\/psol50.org.br\/rest\/wp\/v2\/users\/2"}],"replies":[{"embeddable":true,"href":"https:\/\/psol50.org.br\/rest\/wp\/v2\/comments?post=11769"}],"version-history":[{"count":0,"href":"https:\/\/psol50.org.br\/rest\/wp\/v2\/posts\/11769\/revisions"}],"wp:featuredmedia":[{"embeddable":true,"href":"https:\/\/psol50.org.br\/rest\/"}],"wp:attachment":[{"href":"https:\/\/psol50.org.br\/rest\/wp\/v2\/media?parent=11769"}],"wp:term":[{"taxonomy":"category","embeddable":true,"href":"https:\/\/psol50.org.br\/rest\/wp\/v2\/categories?post=11769"},{"taxonomy":"post_tag","embeddable":true,"href":"https:\/\/psol50.org.br\/rest\/wp\/v2\/tags?post=11769"}],"curies":[{"name":"wp","href":"https:\/\/api.w.org\/{rel}","templated":true}]}}