{"id":11776,"date":"2016-03-22T17:59:19","date_gmt":"2016-03-22T17:59:19","guid":{"rendered":"http:\/\/www.psol50.org.br\/?p=11776"},"modified":"2016-03-22T17:59:19","modified_gmt":"2016-03-22T17:59:19","slug":"lider-do-psol-denuncia-enrolacao-para-apreciar-processo-contra-cunha-no-conselho-de-etica","status":"publish","type":"post","link":"https:\/\/psol50.org.br\/lider-do-psol-denuncia-enrolacao-para-apreciar-processo-contra-cunha-no-conselho-de-etica\/","title":{"rendered":"L\u00edder do PSOL denuncia enrola\u00e7\u00e3o no processo contra Cunha"},"content":{"rendered":"<p>Durante reuni\u00e3o do Conselho de \u00c9tica da C\u00e2mara, nesta ter\u00e7a-feira (22), o l\u00edder da bancada do PSOL,\u00a0deputado <a href=\"https:\/\/www.facebook.com\/IvanValentePSOL\/\">Ivan Valente<\/a>\u00a0(SP), disse que, enquanto \u00e9 acelerado o processo na Comiss\u00e3o Especial que avalia o pedido de impeachment, \u00e9 desviado o foco do processo contra o presidente da Casa, Eduardo Cunha (PMDB-RJ). Ivan denunciou que se articula um &#8220;acord\u00e3o&#8221; para uma alternativa p\u00f3s-impeachment \u2013 a manobra seria abafar a Opera\u00e7\u00e3o Lava Jato, visto que muitos pol\u00edticos do PMDB e da oposi\u00e7\u00e3o de direita tamb\u00e9m est\u00e3o citados nas investiga\u00e7\u00f5es.<\/p>\n<p>O l\u00edder do PSOL afirmou, ainda, que \u00e9 necess\u00e1rio afastar Eduardo Cunha da presid\u00eancia da C\u00e2mara e que n\u00e3o se postergue mais o processo no Conselho de \u00c9tica. \u201cEu s\u00f3 sei que a sociedade est\u00e1 cansada de ver essa farsa, protagonizada pelo deputado Eduardo Cunha e ele precisa sair imediatamente da presid\u00eancia. E eu espero que o Supremo fa\u00e7a o afastamento dele, imediatamente, da presid\u00eancia da C\u00e2mara dos Deputados. Que o Conselho de \u00c9tica cumpra o seu papel\u201d.<\/p>\n<p><strong>Conselho requer documentos ao STF<br \/>\n<\/strong>O relator do processo contra Eduardo Cunha, deputado Marcos Rog\u00e9rio (PDT-RO) n\u00e3o compareceu \u00e0 reuni\u00e3o de hoje do Conselho de \u00c9tica. No entanto, ele encaminhou um requerimento ao Supremo Tribunal Federal (STF) solicitando compartilhamento de documentos, tanto do STF quanto da Procuradoria Geral da Rep\u00fablica (PGR), referentes \u00e0s acusa\u00e7\u00f5es contra Cunha.<\/p>\n<p>No dia 25 de abril, a representa\u00e7\u00e3o que pede a cassa\u00e7\u00e3o de Cunha completar\u00e1 90 dias, o que faz com que o processo tranque a pauta do Conselho e siga, at\u00e9 a conclus\u00e3o da vota\u00e7\u00e3o, como \u00fanico item da pauta. Cunha \u00e9 acusado de ter mentido \u00e0 Comiss\u00e3o Parlamentar de Inqu\u00e9rito (CPI) da Petrobras em mar\u00e7o do ano passado, quando disse que n\u00e3o tinha contas no exterior.<\/p>\n<p>Ontem (21), o parlamentar entregou a sua defesa no Conselho. Com mais de 60 p\u00e1ginas e cinco anexos contendo notas taquigr\u00e1ficas e documentos, a defesa de Cunha foi protocolada pelo advogado Marcelo Nobre, que defende o parlamentar no processo. A partir de hoje come\u00e7a a correr o prazo de 40 dias \u00fateis para a instru\u00e7\u00e3o probat\u00f3ria, per\u00edodo em que ser\u00e3o ouvidas testemunhas de defesa de Cunha e as indicadas pelo relator do processo, Marcos Rog\u00e9rio (PDT-RO).<\/p>\n<p>Confira abaixo a fala do deputado Ivan Valente no Conselho de \u00c9tica.<\/p>\n<div id=\"fb-root\"><\/div>\n<p><script>(function(d, s, id) {  var js, fjs = d.getElementsByTagName(s)[0];  if (d.getElementById(id)) return;  js = d.createElement(s); js.id = id;  js.src = \"\/\/connect.facebook.net\/pt_BR\/sdk.js#xfbml=1&version=v2.3\";  fjs.parentNode.insertBefore(js, fjs);}(document, 'script', 'facebook-jssdk'));<\/script><\/p>\n<div class=\"fb-post\" data-href=\"https:\/\/www.facebook.com\/psolnacamara\/videos\/797242577046642\/\" data-width=\"500\">\n<div class=\"fb-xfbml-parse-ignore\">\n<blockquote cite=\"https:\/\/www.facebook.com\/psolnacamara\/videos\/797242577046642\/\">\n<p>&quot;A SOCIEDADE EST&#xc1; CANSADA DE VER ESSA FARSA&quot;Durante reuni&#xe3;o do Conselho de &#xc9;tica da C&#xe2;mara, o l&#xed;der da bancada do PSOL,&#8230;<\/p>\n<p>Publicado por <a href=\"https:\/\/www.facebook.com\/psolnacamara\/\">PSOL na C\u00e2mara<\/a> em&nbsp;<a href=\"https:\/\/www.facebook.com\/psolnacamara\/videos\/797242577046642\/\">Ter\u00e7a, 22 de mar\u00e7o de 2016<\/a><\/p><\/blockquote>\n<\/div>\n<\/div>\n<p><em>Da reda\u00e7\u00e3o do PSOL Nacional, com informa\u00e7\u00f5es da Ag\u00eancia Brasil<\/em><\/p>\n","protected":false},"excerpt":{"rendered":"<p>Durante reuni\u00e3o do Conselho de \u00c9tica da C\u00e2mara, nesta ter\u00e7a-feira (22), o l\u00edder da bancada do PSOL,\u00a0deputado Ivan Valente\u00a0(SP), disse que, enquanto \u00e9 acelerado o processo na Comiss\u00e3o Especial que avalia o pedido de impeachment, \u00e9 desviado o foco do processo contra o presidente da Casa, Eduardo Cunha (PMDB-RJ). Ivan denunciou que se articula um [&hellip;]<\/p>\n","protected":false},"author":2,"featured_media":11777,"comment_status":"open","ping_status":"open","sticky":false,"template":"","format":"standard","meta":{"_acf_changed":false,"footnotes":""},"categories":[10,1882,6],"tags":[2344,3955,2890,552,3009,77,45],"class_list":{"0":"post-11776","1":"post","2":"type-post","3":"status-publish","4":"format-standard","5":"has-post-thumbnail","7":"category-acao-parlamentares","8":"category-brasil","9":"category-noticias","10":"tag-conselho-de-etica-da-camara","11":"tag-cpi-da-petrobras","12":"tag-eduardo-cunha","13":"tag-ivan-valente","14":"tag-lider-do-psol","15":"tag-pgr","16":"tag-stf"},"acf":[],"yoast_head":"<!-- This site is optimized with the Yoast SEO plugin v26.5 - https:\/\/yoast.com\/wordpress\/plugins\/seo\/ -->\n<title>L\u00edder do PSOL denuncia enrola\u00e7\u00e3o no processo contra Cunha - PSOL 50<\/title>\n<meta name=\"robots\" content=\"index, follow, max-snippet:-1, max-image-preview:large, max-video-preview:-1\" \/>\n<link rel=\"canonical\" href=\"https:\/\/psol50.org.br\/lider-do-psol-denuncia-enrolacao-para-apreciar-processo-contra-cunha-no-conselho-de-etica\/\" \/>\n<meta property=\"og:locale\" content=\"pt_BR\" \/>\n<meta property=\"og:type\" content=\"article\" \/>\n<meta property=\"og:title\" content=\"L\u00edder do PSOL denuncia enrola\u00e7\u00e3o no processo contra Cunha - PSOL 50\" \/>\n<meta property=\"og:description\" content=\"Durante reuni\u00e3o do Conselho de \u00c9tica da C\u00e2mara, nesta ter\u00e7a-feira (22), o l\u00edder da bancada do PSOL,\u00a0deputado Ivan Valente\u00a0(SP), disse que, enquanto \u00e9 acelerado o processo na Comiss\u00e3o Especial que avalia o pedido de impeachment, \u00e9 desviado o foco do processo contra o presidente da Casa, Eduardo Cunha (PMDB-RJ). Ivan denunciou que se articula um [&hellip;]\" \/>\n<meta property=\"og:url\" content=\"https:\/\/psol50.org.br\/lider-do-psol-denuncia-enrolacao-para-apreciar-processo-contra-cunha-no-conselho-de-etica\/\" \/>\n<meta property=\"og:site_name\" content=\"PSOL 50\" \/>\n<meta property=\"article:publisher\" content=\"https:\/\/www.facebook.com\/psol50\" \/>\n<meta property=\"article:published_time\" content=\"2016-03-22T17:59:19+00:00\" \/>\n<meta property=\"og:image\" content=\"https:\/\/psol50.org.br\/inc\/uploads\/2018\/07\/capa.png\" \/>\n\t<meta property=\"og:image:width\" content=\"1350\" \/>\n\t<meta property=\"og:image:height\" content=\"900\" \/>\n\t<meta property=\"og:image:type\" content=\"image\/png\" \/>\n<meta name=\"author\" content=\"Comunica\u00e7\u00e3o PSOL\" \/>\n<meta name=\"twitter:card\" content=\"summary_large_image\" \/>\n<meta name=\"twitter:creator\" content=\"@psol50\" \/>\n<meta name=\"twitter:site\" content=\"@psol50\" \/>\n<meta name=\"twitter:label1\" content=\"Escrito por\" \/>\n\t<meta name=\"twitter:data1\" content=\"Comunica\u00e7\u00e3o PSOL\" \/>\n\t<meta name=\"twitter:label2\" content=\"Est. tempo de leitura\" \/>\n\t<meta name=\"twitter:data2\" content=\"2 minutos\" \/>\n<script type=\"application\/ld+json\" class=\"yoast-schema-graph\">{\"@context\":\"https:\/\/schema.org\",\"@graph\":[{\"@type\":\"Article\",\"@id\":\"https:\/\/psol50.org.br\/lider-do-psol-denuncia-enrolacao-para-apreciar-processo-contra-cunha-no-conselho-de-etica\/#article\",\"isPartOf\":{\"@id\":\"https:\/\/psol50.org.br\/lider-do-psol-denuncia-enrolacao-para-apreciar-processo-contra-cunha-no-conselho-de-etica\/\"},\"author\":{\"name\":\"Comunica\u00e7\u00e3o PSOL\",\"@id\":\"https:\/\/psol50.org.br\/#\/schema\/person\/475dfa57d0b815993c714c2e96491fcd\"},\"headline\":\"L\u00edder do PSOL denuncia enrola\u00e7\u00e3o no processo contra Cunha\",\"datePublished\":\"2016-03-22T17:59:19+00:00\",\"mainEntityOfPage\":{\"@id\":\"https:\/\/psol50.org.br\/lider-do-psol-denuncia-enrolacao-para-apreciar-processo-contra-cunha-no-conselho-de-etica\/\"},\"wordCount\":476,\"commentCount\":0,\"publisher\":{\"@id\":\"https:\/\/psol50.org.br\/#organization\"},\"image\":{\"@id\":\"https:\/\/psol50.org.br\/lider-do-psol-denuncia-enrolacao-para-apreciar-processo-contra-cunha-no-conselho-de-etica\/#primaryimage\"},\"thumbnailUrl\":\"\",\"keywords\":[\"Conselho de \u00c9tica da C\u00e2mara\",\"CPI da Petrobras\",\"Eduardo Cunha\",\"Ivan Valente\",\"l\u00edder do PSOL\",\"PGR\",\"STF\"],\"articleSection\":[\"A\u00e7\u00e3o Parlamentar\",\"Brasil\",\"Not\u00edcias\"],\"inLanguage\":\"pt-BR\",\"potentialAction\":[{\"@type\":\"CommentAction\",\"name\":\"Comment\",\"target\":[\"https:\/\/psol50.org.br\/lider-do-psol-denuncia-enrolacao-para-apreciar-processo-contra-cunha-no-conselho-de-etica\/#respond\"]}]},{\"@type\":\"WebPage\",\"@id\":\"https:\/\/psol50.org.br\/lider-do-psol-denuncia-enrolacao-para-apreciar-processo-contra-cunha-no-conselho-de-etica\/\",\"url\":\"https:\/\/psol50.org.br\/lider-do-psol-denuncia-enrolacao-para-apreciar-processo-contra-cunha-no-conselho-de-etica\/\",\"name\":\"L\u00edder do PSOL denuncia enrola\u00e7\u00e3o no processo contra Cunha - PSOL 50\",\"isPartOf\":{\"@id\":\"https:\/\/psol50.org.br\/#website\"},\"primaryImageOfPage\":{\"@id\":\"https:\/\/psol50.org.br\/lider-do-psol-denuncia-enrolacao-para-apreciar-processo-contra-cunha-no-conselho-de-etica\/#primaryimage\"},\"image\":{\"@id\":\"https:\/\/psol50.org.br\/lider-do-psol-denuncia-enrolacao-para-apreciar-processo-contra-cunha-no-conselho-de-etica\/#primaryimage\"},\"thumbnailUrl\":\"\",\"datePublished\":\"2016-03-22T17:59:19+00:00\",\"breadcrumb\":{\"@id\":\"https:\/\/psol50.org.br\/lider-do-psol-denuncia-enrolacao-para-apreciar-processo-contra-cunha-no-conselho-de-etica\/#breadcrumb\"},\"inLanguage\":\"pt-BR\",\"potentialAction\":[{\"@type\":\"ReadAction\",\"target\":[\"https:\/\/psol50.org.br\/lider-do-psol-denuncia-enrolacao-para-apreciar-processo-contra-cunha-no-conselho-de-etica\/\"]}]},{\"@type\":\"ImageObject\",\"inLanguage\":\"pt-BR\",\"@id\":\"https:\/\/psol50.org.br\/lider-do-psol-denuncia-enrolacao-para-apreciar-processo-contra-cunha-no-conselho-de-etica\/#primaryimage\",\"url\":\"\",\"contentUrl\":\"\"},{\"@type\":\"BreadcrumbList\",\"@id\":\"https:\/\/psol50.org.br\/lider-do-psol-denuncia-enrolacao-para-apreciar-processo-contra-cunha-no-conselho-de-etica\/#breadcrumb\",\"itemListElement\":[{\"@type\":\"ListItem\",\"position\":1,\"name\":\"In\u00edcio\",\"item\":\"https:\/\/psol50.org.br\/\"},{\"@type\":\"ListItem\",\"position\":2,\"name\":\"L\u00edder do PSOL denuncia enrola\u00e7\u00e3o no processo contra Cunha\"}]},{\"@type\":\"WebSite\",\"@id\":\"https:\/\/psol50.org.br\/#website\",\"url\":\"https:\/\/psol50.org.br\/\",\"name\":\"PSOL 50\",\"description\":\"Site oficial do Partido Socialismo e Liberdade\",\"publisher\":{\"@id\":\"https:\/\/psol50.org.br\/#organization\"},\"alternateName\":\"PSOL50\",\"potentialAction\":[{\"@type\":\"SearchAction\",\"target\":{\"@type\":\"EntryPoint\",\"urlTemplate\":\"https:\/\/psol50.org.br\/?s={search_term_string}\"},\"query-input\":{\"@type\":\"PropertyValueSpecification\",\"valueRequired\":true,\"valueName\":\"search_term_string\"}}],\"inLanguage\":\"pt-BR\"},{\"@type\":\"Organization\",\"@id\":\"https:\/\/psol50.org.br\/#organization\",\"name\":\"PSOL 50\",\"alternateName\":\"PSOL 50\",\"url\":\"https:\/\/psol50.org.br\/\",\"logo\":{\"@type\":\"ImageObject\",\"inLanguage\":\"pt-BR\",\"@id\":\"https:\/\/psol50.org.br\/#\/schema\/logo\/image\/\",\"url\":\"https:\/\/psol50.org.br\/inc\/uploads\/2018\/07\/capa.png\",\"contentUrl\":\"https:\/\/psol50.org.br\/inc\/uploads\/2018\/07\/capa.png\",\"width\":1350,\"height\":900,\"caption\":\"PSOL 50\"},\"image\":{\"@id\":\"https:\/\/psol50.org.br\/#\/schema\/logo\/image\/\"},\"sameAs\":[\"https:\/\/www.facebook.com\/psol50\",\"https:\/\/x.com\/psol50\",\"https:\/\/www.instagram.com\/psol50\/\",\"https:\/\/www.youtube.com\/channel\/UC7SnJS5o1os7a6CaiNabzcg\"]},{\"@type\":\"Person\",\"@id\":\"https:\/\/psol50.org.br\/#\/schema\/person\/475dfa57d0b815993c714c2e96491fcd\",\"name\":\"Comunica\u00e7\u00e3o PSOL\",\"image\":{\"@type\":\"ImageObject\",\"inLanguage\":\"pt-BR\",\"@id\":\"https:\/\/psol50.org.br\/#\/schema\/person\/image\/\",\"url\":\"https:\/\/secure.gravatar.com\/avatar\/b34fc4f4e468a4e51785917065a3db57b841f5c95dba6ad8c73aaf8f66f8f9bf?s=96&d=mm&r=g\",\"contentUrl\":\"https:\/\/secure.gravatar.com\/avatar\/b34fc4f4e468a4e51785917065a3db57b841f5c95dba6ad8c73aaf8f66f8f9bf?s=96&d=mm&r=g\",\"caption\":\"Comunica\u00e7\u00e3o PSOL\"}}]}<\/script>\n<!-- \/ Yoast SEO plugin. -->","yoast_head_json":{"title":"L\u00edder do PSOL denuncia enrola\u00e7\u00e3o no processo contra Cunha - PSOL 50","robots":{"index":"index","follow":"follow","max-snippet":"max-snippet:-1","max-image-preview":"max-image-preview:large","max-video-preview":"max-video-preview:-1"},"canonical":"https:\/\/psol50.org.br\/lider-do-psol-denuncia-enrolacao-para-apreciar-processo-contra-cunha-no-conselho-de-etica\/","og_locale":"pt_BR","og_type":"article","og_title":"L\u00edder do PSOL denuncia enrola\u00e7\u00e3o no processo contra Cunha - PSOL 50","og_description":"Durante reuni\u00e3o do Conselho de \u00c9tica da C\u00e2mara, nesta ter\u00e7a-feira (22), o l\u00edder da bancada do PSOL,\u00a0deputado Ivan Valente\u00a0(SP), disse que, enquanto \u00e9 acelerado o processo na Comiss\u00e3o Especial que avalia o pedido de impeachment, \u00e9 desviado o foco do processo contra o presidente da Casa, Eduardo Cunha (PMDB-RJ). Ivan denunciou que se articula um [&hellip;]","og_url":"https:\/\/psol50.org.br\/lider-do-psol-denuncia-enrolacao-para-apreciar-processo-contra-cunha-no-conselho-de-etica\/","og_site_name":"PSOL 50","article_publisher":"https:\/\/www.facebook.com\/psol50","article_published_time":"2016-03-22T17:59:19+00:00","og_image":[{"width":1350,"height":900,"url":"https:\/\/psol50.org.br\/inc\/uploads\/2018\/07\/capa.png","type":"image\/png"}],"author":"Comunica\u00e7\u00e3o PSOL","twitter_card":"summary_large_image","twitter_creator":"@psol50","twitter_site":"@psol50","twitter_misc":{"Escrito por":"Comunica\u00e7\u00e3o PSOL","Est. tempo de leitura":"2 minutos"},"schema":{"@context":"https:\/\/schema.org","@graph":[{"@type":"Article","@id":"https:\/\/psol50.org.br\/lider-do-psol-denuncia-enrolacao-para-apreciar-processo-contra-cunha-no-conselho-de-etica\/#article","isPartOf":{"@id":"https:\/\/psol50.org.br\/lider-do-psol-denuncia-enrolacao-para-apreciar-processo-contra-cunha-no-conselho-de-etica\/"},"author":{"name":"Comunica\u00e7\u00e3o PSOL","@id":"https:\/\/psol50.org.br\/#\/schema\/person\/475dfa57d0b815993c714c2e96491fcd"},"headline":"L\u00edder do PSOL denuncia enrola\u00e7\u00e3o no processo contra Cunha","datePublished":"2016-03-22T17:59:19+00:00","mainEntityOfPage":{"@id":"https:\/\/psol50.org.br\/lider-do-psol-denuncia-enrolacao-para-apreciar-processo-contra-cunha-no-conselho-de-etica\/"},"wordCount":476,"commentCount":0,"publisher":{"@id":"https:\/\/psol50.org.br\/#organization"},"image":{"@id":"https:\/\/psol50.org.br\/lider-do-psol-denuncia-enrolacao-para-apreciar-processo-contra-cunha-no-conselho-de-etica\/#primaryimage"},"thumbnailUrl":"","keywords":["Conselho de \u00c9tica da C\u00e2mara","CPI da Petrobras","Eduardo Cunha","Ivan Valente","l\u00edder do PSOL","PGR","STF"],"articleSection":["A\u00e7\u00e3o Parlamentar","Brasil","Not\u00edcias"],"inLanguage":"pt-BR","potentialAction":[{"@type":"CommentAction","name":"Comment","target":["https:\/\/psol50.org.br\/lider-do-psol-denuncia-enrolacao-para-apreciar-processo-contra-cunha-no-conselho-de-etica\/#respond"]}]},{"@type":"WebPage","@id":"https:\/\/psol50.org.br\/lider-do-psol-denuncia-enrolacao-para-apreciar-processo-contra-cunha-no-conselho-de-etica\/","url":"https:\/\/psol50.org.br\/lider-do-psol-denuncia-enrolacao-para-apreciar-processo-contra-cunha-no-conselho-de-etica\/","name":"L\u00edder do PSOL denuncia enrola\u00e7\u00e3o no processo contra Cunha - PSOL 50","isPartOf":{"@id":"https:\/\/psol50.org.br\/#website"},"primaryImageOfPage":{"@id":"https:\/\/psol50.org.br\/lider-do-psol-denuncia-enrolacao-para-apreciar-processo-contra-cunha-no-conselho-de-etica\/#primaryimage"},"image":{"@id":"https:\/\/psol50.org.br\/lider-do-psol-denuncia-enrolacao-para-apreciar-processo-contra-cunha-no-conselho-de-etica\/#primaryimage"},"thumbnailUrl":"","datePublished":"2016-03-22T17:59:19+00:00","breadcrumb":{"@id":"https:\/\/psol50.org.br\/lider-do-psol-denuncia-enrolacao-para-apreciar-processo-contra-cunha-no-conselho-de-etica\/#breadcrumb"},"inLanguage":"pt-BR","potentialAction":[{"@type":"ReadAction","target":["https:\/\/psol50.org.br\/lider-do-psol-denuncia-enrolacao-para-apreciar-processo-contra-cunha-no-conselho-de-etica\/"]}]},{"@type":"ImageObject","inLanguage":"pt-BR","@id":"https:\/\/psol50.org.br\/lider-do-psol-denuncia-enrolacao-para-apreciar-processo-contra-cunha-no-conselho-de-etica\/#primaryimage","url":"","contentUrl":""},{"@type":"BreadcrumbList","@id":"https:\/\/psol50.org.br\/lider-do-psol-denuncia-enrolacao-para-apreciar-processo-contra-cunha-no-conselho-de-etica\/#breadcrumb","itemListElement":[{"@type":"ListItem","position":1,"name":"In\u00edcio","item":"https:\/\/psol50.org.br\/"},{"@type":"ListItem","position":2,"name":"L\u00edder do PSOL denuncia enrola\u00e7\u00e3o no processo contra Cunha"}]},{"@type":"WebSite","@id":"https:\/\/psol50.org.br\/#website","url":"https:\/\/psol50.org.br\/","name":"PSOL 50","description":"Site oficial do Partido Socialismo e Liberdade","publisher":{"@id":"https:\/\/psol50.org.br\/#organization"},"alternateName":"PSOL50","potentialAction":[{"@type":"SearchAction","target":{"@type":"EntryPoint","urlTemplate":"https:\/\/psol50.org.br\/?s={search_term_string}"},"query-input":{"@type":"PropertyValueSpecification","valueRequired":true,"valueName":"search_term_string"}}],"inLanguage":"pt-BR"},{"@type":"Organization","@id":"https:\/\/psol50.org.br\/#organization","name":"PSOL 50","alternateName":"PSOL 50","url":"https:\/\/psol50.org.br\/","logo":{"@type":"ImageObject","inLanguage":"pt-BR","@id":"https:\/\/psol50.org.br\/#\/schema\/logo\/image\/","url":"https:\/\/psol50.org.br\/inc\/uploads\/2018\/07\/capa.png","contentUrl":"https:\/\/psol50.org.br\/inc\/uploads\/2018\/07\/capa.png","width":1350,"height":900,"caption":"PSOL 50"},"image":{"@id":"https:\/\/psol50.org.br\/#\/schema\/logo\/image\/"},"sameAs":["https:\/\/www.facebook.com\/psol50","https:\/\/x.com\/psol50","https:\/\/www.instagram.com\/psol50\/","https:\/\/www.youtube.com\/channel\/UC7SnJS5o1os7a6CaiNabzcg"]},{"@type":"Person","@id":"https:\/\/psol50.org.br\/#\/schema\/person\/475dfa57d0b815993c714c2e96491fcd","name":"Comunica\u00e7\u00e3o PSOL","image":{"@type":"ImageObject","inLanguage":"pt-BR","@id":"https:\/\/psol50.org.br\/#\/schema\/person\/image\/","url":"https:\/\/secure.gravatar.com\/avatar\/b34fc4f4e468a4e51785917065a3db57b841f5c95dba6ad8c73aaf8f66f8f9bf?s=96&d=mm&r=g","contentUrl":"https:\/\/secure.gravatar.com\/avatar\/b34fc4f4e468a4e51785917065a3db57b841f5c95dba6ad8c73aaf8f66f8f9bf?s=96&d=mm&r=g","caption":"Comunica\u00e7\u00e3o PSOL"}}]}},"_links":{"self":[{"href":"https:\/\/psol50.org.br\/rest\/wp\/v2\/posts\/11776","targetHints":{"allow":["GET"]}}],"collection":[{"href":"https:\/\/psol50.org.br\/rest\/wp\/v2\/posts"}],"about":[{"href":"https:\/\/psol50.org.br\/rest\/wp\/v2\/types\/post"}],"author":[{"embeddable":true,"href":"https:\/\/psol50.org.br\/rest\/wp\/v2\/users\/2"}],"replies":[{"embeddable":true,"href":"https:\/\/psol50.org.br\/rest\/wp\/v2\/comments?post=11776"}],"version-history":[{"count":0,"href":"https:\/\/psol50.org.br\/rest\/wp\/v2\/posts\/11776\/revisions"}],"wp:featuredmedia":[{"embeddable":true,"href":"https:\/\/psol50.org.br\/rest\/"}],"wp:attachment":[{"href":"https:\/\/psol50.org.br\/rest\/wp\/v2\/media?parent=11776"}],"wp:term":[{"taxonomy":"category","embeddable":true,"href":"https:\/\/psol50.org.br\/rest\/wp\/v2\/categories?post=11776"},{"taxonomy":"post_tag","embeddable":true,"href":"https:\/\/psol50.org.br\/rest\/wp\/v2\/tags?post=11776"}],"curies":[{"name":"wp","href":"https:\/\/api.w.org\/{rel}","templated":true}]}}