{"id":11780,"date":"2016-03-22T19:50:10","date_gmt":"2016-03-22T19:50:10","guid":{"rendered":"http:\/\/www.psol50.org.br\/?p=11780"},"modified":"2016-03-22T19:50:10","modified_gmt":"2016-03-22T19:50:10","slug":"cineasta-argentino-lanca-documentario-sobre-ocupacao-de-escolas-em-sao-paulo","status":"publish","type":"post","link":"https:\/\/psol50.org.br\/cineasta-argentino-lanca-documentario-sobre-ocupacao-de-escolas-em-sao-paulo\/","title":{"rendered":"Cineasta argentino lan\u00e7a document\u00e1rio sobre ocupa\u00e7\u00e3o de escolas em S\u00e3o Paulo"},"content":{"rendered":"<p><em><span style=\"font-size: 12px;\">Do Brasil de Fato,\u00a0Victor Ohana<\/span><\/p>\n<p><\/em>A ocupa\u00e7\u00e3o das escolas p\u00fablicas neste ano em S\u00e3o Paulo virou document\u00e1rio. Inspirado na revolta dos estudantes secundaristas chilenos em maio de 2006, o documentarista argentino Carlos Pronzato, de 56 anos, deu o nome do filme de \u201cAcabou o amor! Isto aqui vai virar o Chile! \u2013 Escolas Ocupadas em S\u00e3o Paulo\u201d. No longa-metragem de uma hora, Pronzato entrevista alunos, pais, professores e demais pessoas que, de alguma forma, fizeram parte da mobiliza\u00e7\u00e3o.<\/p>\n<p>O filme retrata a ocupa\u00e7\u00e3o por meio das mobiliza\u00e7\u00f5es que ocorreram principalmente em duas escolas: na Escola Estadual Fern\u00e3o Dias Paes, no bairro de Pinheiros, na capital paulista, e na Escola Estadual Diadema, no interior do Estado. Basicamente, o longa-metragem explora as motiva\u00e7\u00f5es dos estudantes para realizarem os protestos: falta de estrutura e precariza\u00e7\u00e3o nas escolas p\u00fablicas, desvaloriza\u00e7\u00e3o do trabalho do professor e a amea\u00e7a do governador Geraldo Alckmin (PSDB-SP) de fechar 94 col\u00e9gios para \u201creorganizar\u201d o sistema de educa\u00e7\u00e3o. Al\u00e9m disso, Pronzato estabelece no document\u00e1rio uma rela\u00e7\u00e3o entre a ocupa\u00e7\u00e3o das escolas em S\u00e3o Paulo e as manifesta\u00e7\u00f5es que ocorreram em junho de 2013.<\/p>\n<p>Segundo Pronzato, a ideia de filmar o document\u00e1rio surgiu a partir de quando ele soube que, nas ocupa\u00e7\u00f5es, os estudantes exibiam um filme de sua autoria, \u201cA Rebeli\u00e3o dos Pinguins\u201d (2007). Trata-se de um registro da luta do movimento estudantil no Chile, que ocupou escolas exigindo n\u00e3o s\u00f3 melhorias na educa\u00e7\u00e3o, mas tamb\u00e9m mudan\u00e7as estruturais no pa\u00eds.<\/p>\n<p><strong>Pedra na engrenagem<\/strong><br \/>\nAutor de filmes que abordam lutas populares, como \u201cDandara \u2013 Enquanto morar for um privil\u00e9gio, ocupar \u00e9 um direito\u201d (2013) e \u201cMSTB \u2013 10 anos de lutas e resist\u00eancia\u201d (2014), Pronzato conta que deseja passar esperan\u00e7a para o p\u00fablico. \u201cQuero mostrar que a luta \u00e9 poss\u00edvel, que h\u00e1 como avan\u00e7ar em pautas fundamentalmente propositivas, com a\u00e7\u00f5es concretas\u201d, conta o documentarista.<\/p>\n<p>Para ele, a ocupa\u00e7\u00e3o foi essencial para que os estudantes pudessem refletir sobre o papel da escola. \u201cO Estado se prop\u00f5e a criar uma engrenagem para o mercado capitalista. Os estudantes fizeram o contr\u00e1rio: foram a pedra na engrenagem. Tentaram parar esse processo para criar outro, que a gente n\u00e3o sabe ainda qual \u00e9, mas j\u00e1 se trata de uma mobiliza\u00e7\u00e3o importante\u201d, acrescenta.<\/p>\n<p>Pronzato diz ainda que o que mais chamou aten\u00e7\u00e3o foi o apoio dos pais dos alunos na mobiliza\u00e7\u00e3o. \u201cIsso foi um fato surpreendente\u201d, conta. A colabora\u00e7\u00e3o popular, inclusive, deu for\u00e7as para que a mobiliza\u00e7\u00e3o conquistasse a suspens\u00e3o do projeto de \u201creorganiza\u00e7\u00e3o\u201d, evitando assim o fechamento das dezenas de escolas que estavam no alvo de Alckmin.<\/p>\n<p><strong>Acesso<\/strong><br \/>\nOs document\u00e1rios de Pronzato est\u00e3o dispon\u00edveis no site de busca de v\u00eddeos Youtube. O cat\u00e1logo do documentarista pode ser conferido no endere\u00e7o <a href=\"http:\/\/www.lamestizaaudiovisual.blogspot.com.br\/\">www.lamestizaaudiovisual.blogspot.com.<\/a><\/p>\n<p><strong>Confia abaixo o filme:<\/strong><\/p>\n<div class=\"youtube-embed\" data-video_id=\"LK9Ri2prfNw\"><iframe loading=\"lazy\" title=\"ACABOU A PAZ, Isto aqui vai virar o Chile! Escolas Ocupadas em SP -  de Carlos Pronzato\" width=\"696\" height=\"522\" src=\"https:\/\/www.youtube.com\/embed\/LK9Ri2prfNw?feature=oembed&#038;enablejsapi=1\" frameborder=\"0\" allow=\"accelerometer; autoplay; clipboard-write; encrypted-media; gyroscope; picture-in-picture\" allowfullscreen><\/iframe><\/div>\n<p>&nbsp;<\/p>\n<p><strong>Confira tamb\u00e9m a entrevista que o cineasta deu \u00e0 TV Brasil:<\/p>\n<p><\/strong><\/p>\n<div class=\"youtube-embed\" data-video_id=\"ZBEznV5_htE\"><iframe loading=\"lazy\" title=\"O movimento de ocupa\u00e7\u00f5es de escolas foi registrado pelo cineasta argentino Carlos Pronzato\" width=\"696\" height=\"392\" src=\"https:\/\/www.youtube.com\/embed\/ZBEznV5_htE?feature=oembed&#038;enablejsapi=1\" frameborder=\"0\" allow=\"accelerometer; autoplay; clipboard-write; encrypted-media; gyroscope; picture-in-picture\" allowfullscreen><\/iframe><\/div>\n<p>&nbsp;<\/p>\n<p>&nbsp;<\/p>\n","protected":false},"excerpt":{"rendered":"<p>Do Brasil de Fato,\u00a0Victor Ohana A ocupa\u00e7\u00e3o das escolas p\u00fablicas neste ano em S\u00e3o Paulo virou document\u00e1rio. Inspirado na revolta dos estudantes secundaristas chilenos em maio de 2006, o documentarista argentino Carlos Pronzato, de 56 anos, deu o nome do filme de \u201cAcabou o amor! Isto aqui vai virar o Chile! \u2013 Escolas Ocupadas em [&hellip;]<\/p>\n","protected":false},"author":2,"featured_media":11781,"comment_status":"open","ping_status":"open","sticky":false,"template":"","format":"standard","meta":{"_acf_changed":false,"footnotes":""},"categories":[654,6],"tags":[4098,4099,3738,2777,3040,4100,1590,3906],"class_list":{"0":"post-11780","1":"post","2":"type-post","3":"status-publish","4":"format-standard","5":"has-post-thumbnail","7":"category-estados","8":"category-noticias","9":"tag-acabou-o-amor-isto-aqui-vai-virar-o-chile-escolas-ocupadas-em-sao-paulo","10":"tag-carlos-pronzato","11":"tag-documentario","12":"tag-geraldo-alckmin","13":"tag-governo-alckmin","14":"tag-ocupacao-escolas-de-sao-paulo","15":"tag-psdb","16":"tag-reorganizacao-escolar"},"acf":[],"yoast_head":"<!-- This site is optimized with the Yoast SEO plugin v26.5 - https:\/\/yoast.com\/wordpress\/plugins\/seo\/ -->\n<title>Cineasta argentino lan\u00e7a document\u00e1rio sobre ocupa\u00e7\u00e3o de escolas em S\u00e3o Paulo - PSOL 50<\/title>\n<meta name=\"robots\" content=\"index, follow, max-snippet:-1, max-image-preview:large, max-video-preview:-1\" \/>\n<link rel=\"canonical\" href=\"https:\/\/psol50.org.br\/cineasta-argentino-lanca-documentario-sobre-ocupacao-de-escolas-em-sao-paulo\/\" \/>\n<meta property=\"og:locale\" content=\"pt_BR\" \/>\n<meta property=\"og:type\" content=\"article\" \/>\n<meta property=\"og:title\" content=\"Cineasta argentino lan\u00e7a document\u00e1rio sobre ocupa\u00e7\u00e3o de escolas em S\u00e3o Paulo - PSOL 50\" \/>\n<meta property=\"og:description\" content=\"Do Brasil de Fato,\u00a0Victor Ohana A ocupa\u00e7\u00e3o das escolas p\u00fablicas neste ano em S\u00e3o Paulo virou document\u00e1rio. Inspirado na revolta dos estudantes secundaristas chilenos em maio de 2006, o documentarista argentino Carlos Pronzato, de 56 anos, deu o nome do filme de \u201cAcabou o amor! Isto aqui vai virar o Chile! \u2013 Escolas Ocupadas em [&hellip;]\" \/>\n<meta property=\"og:url\" content=\"https:\/\/psol50.org.br\/cineasta-argentino-lanca-documentario-sobre-ocupacao-de-escolas-em-sao-paulo\/\" \/>\n<meta property=\"og:site_name\" content=\"PSOL 50\" \/>\n<meta property=\"article:publisher\" content=\"https:\/\/www.facebook.com\/psol50\" \/>\n<meta property=\"article:published_time\" content=\"2016-03-22T19:50:10+00:00\" \/>\n<meta property=\"og:image\" content=\"https:\/\/psol50.org.br\/inc\/uploads\/2018\/07\/capa.png\" \/>\n\t<meta property=\"og:image:width\" content=\"1350\" \/>\n\t<meta property=\"og:image:height\" content=\"900\" \/>\n\t<meta property=\"og:image:type\" content=\"image\/png\" \/>\n<meta name=\"author\" content=\"Comunica\u00e7\u00e3o PSOL\" \/>\n<meta name=\"twitter:card\" content=\"summary_large_image\" \/>\n<meta name=\"twitter:creator\" content=\"@psol50\" \/>\n<meta name=\"twitter:site\" content=\"@psol50\" \/>\n<meta name=\"twitter:label1\" content=\"Escrito por\" \/>\n\t<meta name=\"twitter:data1\" content=\"Comunica\u00e7\u00e3o PSOL\" \/>\n\t<meta name=\"twitter:label2\" content=\"Est. tempo de leitura\" \/>\n\t<meta name=\"twitter:data2\" content=\"3 minutos\" \/>\n<script type=\"application\/ld+json\" class=\"yoast-schema-graph\">{\"@context\":\"https:\/\/schema.org\",\"@graph\":[{\"@type\":\"Article\",\"@id\":\"https:\/\/psol50.org.br\/cineasta-argentino-lanca-documentario-sobre-ocupacao-de-escolas-em-sao-paulo\/#article\",\"isPartOf\":{\"@id\":\"https:\/\/psol50.org.br\/cineasta-argentino-lanca-documentario-sobre-ocupacao-de-escolas-em-sao-paulo\/\"},\"author\":{\"name\":\"Comunica\u00e7\u00e3o PSOL\",\"@id\":\"https:\/\/psol50.org.br\/#\/schema\/person\/475dfa57d0b815993c714c2e96491fcd\"},\"headline\":\"Cineasta argentino lan\u00e7a document\u00e1rio sobre ocupa\u00e7\u00e3o de escolas em S\u00e3o Paulo\",\"datePublished\":\"2016-03-22T19:50:10+00:00\",\"mainEntityOfPage\":{\"@id\":\"https:\/\/psol50.org.br\/cineasta-argentino-lanca-documentario-sobre-ocupacao-de-escolas-em-sao-paulo\/\"},\"wordCount\":544,\"commentCount\":0,\"publisher\":{\"@id\":\"https:\/\/psol50.org.br\/#organization\"},\"image\":{\"@id\":\"https:\/\/psol50.org.br\/cineasta-argentino-lanca-documentario-sobre-ocupacao-de-escolas-em-sao-paulo\/#primaryimage\"},\"thumbnailUrl\":\"\",\"keywords\":[\"Acabou o amor! Isto aqui vai virar o Chile! \u2013 Escolas Ocupadas em S\u00e3o Paulo\",\"Carlos Pronzato\",\"document\u00e1rio\",\"Geraldo Alckmin\",\"governo Alckmin\",\"ocupa\u00e7\u00e3o escolas de S\u00e3o Paulo\",\"PSDB\",\"reorganiza\u00e7\u00e3o escolar\"],\"articleSection\":[\"Estados\",\"Not\u00edcias\"],\"inLanguage\":\"pt-BR\",\"potentialAction\":[{\"@type\":\"CommentAction\",\"name\":\"Comment\",\"target\":[\"https:\/\/psol50.org.br\/cineasta-argentino-lanca-documentario-sobre-ocupacao-de-escolas-em-sao-paulo\/#respond\"]}]},{\"@type\":\"WebPage\",\"@id\":\"https:\/\/psol50.org.br\/cineasta-argentino-lanca-documentario-sobre-ocupacao-de-escolas-em-sao-paulo\/\",\"url\":\"https:\/\/psol50.org.br\/cineasta-argentino-lanca-documentario-sobre-ocupacao-de-escolas-em-sao-paulo\/\",\"name\":\"Cineasta argentino lan\u00e7a document\u00e1rio sobre ocupa\u00e7\u00e3o de escolas em S\u00e3o Paulo - PSOL 50\",\"isPartOf\":{\"@id\":\"https:\/\/psol50.org.br\/#website\"},\"primaryImageOfPage\":{\"@id\":\"https:\/\/psol50.org.br\/cineasta-argentino-lanca-documentario-sobre-ocupacao-de-escolas-em-sao-paulo\/#primaryimage\"},\"image\":{\"@id\":\"https:\/\/psol50.org.br\/cineasta-argentino-lanca-documentario-sobre-ocupacao-de-escolas-em-sao-paulo\/#primaryimage\"},\"thumbnailUrl\":\"\",\"datePublished\":\"2016-03-22T19:50:10+00:00\",\"breadcrumb\":{\"@id\":\"https:\/\/psol50.org.br\/cineasta-argentino-lanca-documentario-sobre-ocupacao-de-escolas-em-sao-paulo\/#breadcrumb\"},\"inLanguage\":\"pt-BR\",\"potentialAction\":[{\"@type\":\"ReadAction\",\"target\":[\"https:\/\/psol50.org.br\/cineasta-argentino-lanca-documentario-sobre-ocupacao-de-escolas-em-sao-paulo\/\"]}]},{\"@type\":\"ImageObject\",\"inLanguage\":\"pt-BR\",\"@id\":\"https:\/\/psol50.org.br\/cineasta-argentino-lanca-documentario-sobre-ocupacao-de-escolas-em-sao-paulo\/#primaryimage\",\"url\":\"\",\"contentUrl\":\"\"},{\"@type\":\"BreadcrumbList\",\"@id\":\"https:\/\/psol50.org.br\/cineasta-argentino-lanca-documentario-sobre-ocupacao-de-escolas-em-sao-paulo\/#breadcrumb\",\"itemListElement\":[{\"@type\":\"ListItem\",\"position\":1,\"name\":\"In\u00edcio\",\"item\":\"https:\/\/psol50.org.br\/\"},{\"@type\":\"ListItem\",\"position\":2,\"name\":\"Cineasta argentino lan\u00e7a document\u00e1rio sobre ocupa\u00e7\u00e3o de escolas em S\u00e3o Paulo\"}]},{\"@type\":\"WebSite\",\"@id\":\"https:\/\/psol50.org.br\/#website\",\"url\":\"https:\/\/psol50.org.br\/\",\"name\":\"PSOL 50\",\"description\":\"Site oficial do Partido Socialismo e Liberdade\",\"publisher\":{\"@id\":\"https:\/\/psol50.org.br\/#organization\"},\"alternateName\":\"PSOL50\",\"potentialAction\":[{\"@type\":\"SearchAction\",\"target\":{\"@type\":\"EntryPoint\",\"urlTemplate\":\"https:\/\/psol50.org.br\/?s={search_term_string}\"},\"query-input\":{\"@type\":\"PropertyValueSpecification\",\"valueRequired\":true,\"valueName\":\"search_term_string\"}}],\"inLanguage\":\"pt-BR\"},{\"@type\":\"Organization\",\"@id\":\"https:\/\/psol50.org.br\/#organization\",\"name\":\"PSOL 50\",\"alternateName\":\"PSOL 50\",\"url\":\"https:\/\/psol50.org.br\/\",\"logo\":{\"@type\":\"ImageObject\",\"inLanguage\":\"pt-BR\",\"@id\":\"https:\/\/psol50.org.br\/#\/schema\/logo\/image\/\",\"url\":\"https:\/\/psol50.org.br\/inc\/uploads\/2018\/07\/capa.png\",\"contentUrl\":\"https:\/\/psol50.org.br\/inc\/uploads\/2018\/07\/capa.png\",\"width\":1350,\"height\":900,\"caption\":\"PSOL 50\"},\"image\":{\"@id\":\"https:\/\/psol50.org.br\/#\/schema\/logo\/image\/\"},\"sameAs\":[\"https:\/\/www.facebook.com\/psol50\",\"https:\/\/x.com\/psol50\",\"https:\/\/www.instagram.com\/psol50\/\",\"https:\/\/www.youtube.com\/channel\/UC7SnJS5o1os7a6CaiNabzcg\"]},{\"@type\":\"Person\",\"@id\":\"https:\/\/psol50.org.br\/#\/schema\/person\/475dfa57d0b815993c714c2e96491fcd\",\"name\":\"Comunica\u00e7\u00e3o PSOL\",\"image\":{\"@type\":\"ImageObject\",\"inLanguage\":\"pt-BR\",\"@id\":\"https:\/\/psol50.org.br\/#\/schema\/person\/image\/\",\"url\":\"https:\/\/secure.gravatar.com\/avatar\/b34fc4f4e468a4e51785917065a3db57b841f5c95dba6ad8c73aaf8f66f8f9bf?s=96&d=mm&r=g\",\"contentUrl\":\"https:\/\/secure.gravatar.com\/avatar\/b34fc4f4e468a4e51785917065a3db57b841f5c95dba6ad8c73aaf8f66f8f9bf?s=96&d=mm&r=g\",\"caption\":\"Comunica\u00e7\u00e3o PSOL\"}}]}<\/script>\n<!-- \/ Yoast SEO plugin. -->","yoast_head_json":{"title":"Cineasta argentino lan\u00e7a document\u00e1rio sobre ocupa\u00e7\u00e3o de escolas em S\u00e3o Paulo - PSOL 50","robots":{"index":"index","follow":"follow","max-snippet":"max-snippet:-1","max-image-preview":"max-image-preview:large","max-video-preview":"max-video-preview:-1"},"canonical":"https:\/\/psol50.org.br\/cineasta-argentino-lanca-documentario-sobre-ocupacao-de-escolas-em-sao-paulo\/","og_locale":"pt_BR","og_type":"article","og_title":"Cineasta argentino lan\u00e7a document\u00e1rio sobre ocupa\u00e7\u00e3o de escolas em S\u00e3o Paulo - PSOL 50","og_description":"Do Brasil de Fato,\u00a0Victor Ohana A ocupa\u00e7\u00e3o das escolas p\u00fablicas neste ano em S\u00e3o Paulo virou document\u00e1rio. Inspirado na revolta dos estudantes secundaristas chilenos em maio de 2006, o documentarista argentino Carlos Pronzato, de 56 anos, deu o nome do filme de \u201cAcabou o amor! Isto aqui vai virar o Chile! \u2013 Escolas Ocupadas em [&hellip;]","og_url":"https:\/\/psol50.org.br\/cineasta-argentino-lanca-documentario-sobre-ocupacao-de-escolas-em-sao-paulo\/","og_site_name":"PSOL 50","article_publisher":"https:\/\/www.facebook.com\/psol50","article_published_time":"2016-03-22T19:50:10+00:00","og_image":[{"width":1350,"height":900,"url":"https:\/\/psol50.org.br\/inc\/uploads\/2018\/07\/capa.png","type":"image\/png"}],"author":"Comunica\u00e7\u00e3o PSOL","twitter_card":"summary_large_image","twitter_creator":"@psol50","twitter_site":"@psol50","twitter_misc":{"Escrito por":"Comunica\u00e7\u00e3o PSOL","Est. tempo de leitura":"3 minutos"},"schema":{"@context":"https:\/\/schema.org","@graph":[{"@type":"Article","@id":"https:\/\/psol50.org.br\/cineasta-argentino-lanca-documentario-sobre-ocupacao-de-escolas-em-sao-paulo\/#article","isPartOf":{"@id":"https:\/\/psol50.org.br\/cineasta-argentino-lanca-documentario-sobre-ocupacao-de-escolas-em-sao-paulo\/"},"author":{"name":"Comunica\u00e7\u00e3o PSOL","@id":"https:\/\/psol50.org.br\/#\/schema\/person\/475dfa57d0b815993c714c2e96491fcd"},"headline":"Cineasta argentino lan\u00e7a document\u00e1rio sobre ocupa\u00e7\u00e3o de escolas em S\u00e3o Paulo","datePublished":"2016-03-22T19:50:10+00:00","mainEntityOfPage":{"@id":"https:\/\/psol50.org.br\/cineasta-argentino-lanca-documentario-sobre-ocupacao-de-escolas-em-sao-paulo\/"},"wordCount":544,"commentCount":0,"publisher":{"@id":"https:\/\/psol50.org.br\/#organization"},"image":{"@id":"https:\/\/psol50.org.br\/cineasta-argentino-lanca-documentario-sobre-ocupacao-de-escolas-em-sao-paulo\/#primaryimage"},"thumbnailUrl":"","keywords":["Acabou o amor! Isto aqui vai virar o Chile! \u2013 Escolas Ocupadas em S\u00e3o Paulo","Carlos Pronzato","document\u00e1rio","Geraldo Alckmin","governo Alckmin","ocupa\u00e7\u00e3o escolas de S\u00e3o Paulo","PSDB","reorganiza\u00e7\u00e3o escolar"],"articleSection":["Estados","Not\u00edcias"],"inLanguage":"pt-BR","potentialAction":[{"@type":"CommentAction","name":"Comment","target":["https:\/\/psol50.org.br\/cineasta-argentino-lanca-documentario-sobre-ocupacao-de-escolas-em-sao-paulo\/#respond"]}]},{"@type":"WebPage","@id":"https:\/\/psol50.org.br\/cineasta-argentino-lanca-documentario-sobre-ocupacao-de-escolas-em-sao-paulo\/","url":"https:\/\/psol50.org.br\/cineasta-argentino-lanca-documentario-sobre-ocupacao-de-escolas-em-sao-paulo\/","name":"Cineasta argentino lan\u00e7a document\u00e1rio sobre ocupa\u00e7\u00e3o de escolas em S\u00e3o Paulo - PSOL 50","isPartOf":{"@id":"https:\/\/psol50.org.br\/#website"},"primaryImageOfPage":{"@id":"https:\/\/psol50.org.br\/cineasta-argentino-lanca-documentario-sobre-ocupacao-de-escolas-em-sao-paulo\/#primaryimage"},"image":{"@id":"https:\/\/psol50.org.br\/cineasta-argentino-lanca-documentario-sobre-ocupacao-de-escolas-em-sao-paulo\/#primaryimage"},"thumbnailUrl":"","datePublished":"2016-03-22T19:50:10+00:00","breadcrumb":{"@id":"https:\/\/psol50.org.br\/cineasta-argentino-lanca-documentario-sobre-ocupacao-de-escolas-em-sao-paulo\/#breadcrumb"},"inLanguage":"pt-BR","potentialAction":[{"@type":"ReadAction","target":["https:\/\/psol50.org.br\/cineasta-argentino-lanca-documentario-sobre-ocupacao-de-escolas-em-sao-paulo\/"]}]},{"@type":"ImageObject","inLanguage":"pt-BR","@id":"https:\/\/psol50.org.br\/cineasta-argentino-lanca-documentario-sobre-ocupacao-de-escolas-em-sao-paulo\/#primaryimage","url":"","contentUrl":""},{"@type":"BreadcrumbList","@id":"https:\/\/psol50.org.br\/cineasta-argentino-lanca-documentario-sobre-ocupacao-de-escolas-em-sao-paulo\/#breadcrumb","itemListElement":[{"@type":"ListItem","position":1,"name":"In\u00edcio","item":"https:\/\/psol50.org.br\/"},{"@type":"ListItem","position":2,"name":"Cineasta argentino lan\u00e7a document\u00e1rio sobre ocupa\u00e7\u00e3o de escolas em S\u00e3o Paulo"}]},{"@type":"WebSite","@id":"https:\/\/psol50.org.br\/#website","url":"https:\/\/psol50.org.br\/","name":"PSOL 50","description":"Site oficial do Partido Socialismo e Liberdade","publisher":{"@id":"https:\/\/psol50.org.br\/#organization"},"alternateName":"PSOL50","potentialAction":[{"@type":"SearchAction","target":{"@type":"EntryPoint","urlTemplate":"https:\/\/psol50.org.br\/?s={search_term_string}"},"query-input":{"@type":"PropertyValueSpecification","valueRequired":true,"valueName":"search_term_string"}}],"inLanguage":"pt-BR"},{"@type":"Organization","@id":"https:\/\/psol50.org.br\/#organization","name":"PSOL 50","alternateName":"PSOL 50","url":"https:\/\/psol50.org.br\/","logo":{"@type":"ImageObject","inLanguage":"pt-BR","@id":"https:\/\/psol50.org.br\/#\/schema\/logo\/image\/","url":"https:\/\/psol50.org.br\/inc\/uploads\/2018\/07\/capa.png","contentUrl":"https:\/\/psol50.org.br\/inc\/uploads\/2018\/07\/capa.png","width":1350,"height":900,"caption":"PSOL 50"},"image":{"@id":"https:\/\/psol50.org.br\/#\/schema\/logo\/image\/"},"sameAs":["https:\/\/www.facebook.com\/psol50","https:\/\/x.com\/psol50","https:\/\/www.instagram.com\/psol50\/","https:\/\/www.youtube.com\/channel\/UC7SnJS5o1os7a6CaiNabzcg"]},{"@type":"Person","@id":"https:\/\/psol50.org.br\/#\/schema\/person\/475dfa57d0b815993c714c2e96491fcd","name":"Comunica\u00e7\u00e3o PSOL","image":{"@type":"ImageObject","inLanguage":"pt-BR","@id":"https:\/\/psol50.org.br\/#\/schema\/person\/image\/","url":"https:\/\/secure.gravatar.com\/avatar\/b34fc4f4e468a4e51785917065a3db57b841f5c95dba6ad8c73aaf8f66f8f9bf?s=96&d=mm&r=g","contentUrl":"https:\/\/secure.gravatar.com\/avatar\/b34fc4f4e468a4e51785917065a3db57b841f5c95dba6ad8c73aaf8f66f8f9bf?s=96&d=mm&r=g","caption":"Comunica\u00e7\u00e3o PSOL"}}]}},"_links":{"self":[{"href":"https:\/\/psol50.org.br\/rest\/wp\/v2\/posts\/11780","targetHints":{"allow":["GET"]}}],"collection":[{"href":"https:\/\/psol50.org.br\/rest\/wp\/v2\/posts"}],"about":[{"href":"https:\/\/psol50.org.br\/rest\/wp\/v2\/types\/post"}],"author":[{"embeddable":true,"href":"https:\/\/psol50.org.br\/rest\/wp\/v2\/users\/2"}],"replies":[{"embeddable":true,"href":"https:\/\/psol50.org.br\/rest\/wp\/v2\/comments?post=11780"}],"version-history":[{"count":0,"href":"https:\/\/psol50.org.br\/rest\/wp\/v2\/posts\/11780\/revisions"}],"wp:featuredmedia":[{"embeddable":true,"href":"https:\/\/psol50.org.br\/rest\/"}],"wp:attachment":[{"href":"https:\/\/psol50.org.br\/rest\/wp\/v2\/media?parent=11780"}],"wp:term":[{"taxonomy":"category","embeddable":true,"href":"https:\/\/psol50.org.br\/rest\/wp\/v2\/categories?post=11780"},{"taxonomy":"post_tag","embeddable":true,"href":"https:\/\/psol50.org.br\/rest\/wp\/v2\/tags?post=11780"}],"curies":[{"name":"wp","href":"https:\/\/api.w.org\/{rel}","templated":true}]}}