{"id":11784,"date":"2016-03-22T20:09:03","date_gmt":"2016-03-22T20:09:03","guid":{"rendered":"http:\/\/www.psol50.org.br\/?p=11784"},"modified":"2016-03-22T20:09:03","modified_gmt":"2016-03-22T20:09:03","slug":"derrotar-o-autoritarismo-da-direita-e-o-ajuste-fiscal-do-governo-dilma-nota-da-executiva-nacional-do-psol","status":"publish","type":"post","link":"https:\/\/psol50.org.br\/derrotar-o-autoritarismo-da-direita-e-o-ajuste-fiscal-do-governo-dilma-nota-da-executiva-nacional-do-psol\/","title":{"rendered":"Derrotar o autoritarismo da direita e o ajuste fiscal do governo Dilma &#8211; nota da Executiva Nacional do PSOL"},"content":{"rendered":"<p>Diante do agu\u00e7amento da crise pol\u00edtica e das movimenta\u00e7\u00f5es dos atores sociais envolvidos no processo, a Executiva Nacional, reunida no dia 22 de mar\u00e7o de 2016, apresenta seu posicionamento e orienta\u00e7\u00f5es para sua milit\u00e2ncia.<\/p>\n<p>1. Reafirmamos que a crise pol\u00edtica \u00e9 turbinada pela crise econ\u00f4mica e que seguimos sendo oposi\u00e7\u00e3o program\u00e1tica e de esquerda ao governo Dilma. Continuaremos combatendo suas pol\u00edticas regressivas e questionando as concess\u00f5es feitas ao grande capital. Diante da atual crise, do ajuste fiscal e da retirada de direitos, \u00e9 ineg\u00e1vel que este governo est\u00e1 afastado dos reais anseios da maioria da popula\u00e7\u00e3o.<\/p>\n<p>2. Por\u00e9m, seguindo a delibera\u00e7\u00e3o de seu V Congresso, nosso partido n\u00e3o considera correto o processo de impeachment movido contra a presidenta Dilma. O impeachment, instrumento que s\u00f3 pode ser usado com crime de responsabilidade comprovado, se tornou uma sa\u00edda golpista para negar o resultado das urnas, com o prop\u00f3sito de retirar a presidenta Dilma do poder, buscando um \u201cacord\u00e3o\u201d para salvar outros citados nas investiga\u00e7\u00f5es da Lava Jato. A troca de governo acelerar\u00e1 os ajustes pretendidos pelos poderosos, retirando direitos dos trabalhadores e atingindo nossa soberania.<\/p>\n<p><strong><em>Leia mais:\u00a0<a href=\"http:\/\/www.psol50.org.br\/2016\/03\/movimentos-irao-as-ruas-no-dia-24-contra-ofensiva-reacionaria\/\" target=\"_blank\" rel=\"noopener\">Movimentos ir\u00e3o \u00e0s ruas no dia 24 contra ofensiva reacion\u00e1ria<\/a><\/em><\/strong><\/p>\n<p>3. Nosso partido \u00e9 conhecido por sua coer\u00eancia no combate \u00e0 corrup\u00e7\u00e3o em nosso pa\u00eds. Seguimos sendo favor\u00e1veis a toda e qualquer investiga\u00e7\u00e3o, desde que respeitado o Estado Democr\u00e1tico de Direito, sem seletividade ou interfer\u00eancias externas. \u00c9 preciso que se desvendem as rela\u00e7\u00f5es prom\u00edscuas entre os Poderes da Rep\u00fablica e o grande empresariado, que foram mantidas ao longo de d\u00e9cadas pelo financiamento privado de campanhas. Por\u00e9m, o que temos presenciado nos \u00faltimos dias, especialmente com as atitudes do juiz S\u00e9rgio Moro, \u00e9 um claro uso pol\u00edtico da Justi\u00e7a, a\u00e7\u00f5es que comprometem o trabalho desenvolvido pela Opera\u00e7\u00e3o Lava Jato. Atitudes que possuem objetivos midi\u00e1ticos, rompem regras democr\u00e1ticas b\u00e1sicas e favorecem a estrat\u00e9gia de um golpe institucional.<\/p>\n<p>4. Muitos dos que ocuparam as ruas no \u00faltimo dia 18 de mar\u00e7o n\u00e3o o fizeram por acreditar que Dilma faz um governo de esquerda. A maioria n\u00e3o pactua com a promiscuidade que o PT manteve com o empresariado, seguindo os passos e a pol\u00edtica dos partidos tradicionais. Por\u00e9m, diante de clara amea\u00e7a ao Estado Democr\u00e1tico de Direito, decidiram contribuir para impedir que a sanha da direita tivesse resultado imediato.<\/p>\n<p>5. Nosso partido n\u00e3o tirou posi\u00e7\u00e3o oficial pela participa\u00e7\u00e3o nos referidos atos, mas compreende que a participa\u00e7\u00e3o de militantes do partido nesta manifesta\u00e7\u00e3o expressou uma mudan\u00e7a de conjuntura que empurrou setores progressistas do movimento que n\u00e3o toleram a arrogante ofensiva pol\u00edtica da direita. Ao agirem assim, defenderam bandeiras democr\u00e1ticas hist\u00f3ricas da classe trabalhadora, sem emprestar apoio ao governo e dialogando com setores progressistas indispens\u00e1veis \u00e0 reorganiza\u00e7\u00e3o de um projeto socialista para o Brasil.<\/p>\n<p>6. A Executiva Nacional orienta toda a milit\u00e2ncia do PSOL a cerrar fileiras no combate, de forma sempre combinada, aos dois principais elementos da conjuntura: o ajuste fiscal do governo e a tentativa de golpe institucional em curso. Assim, participaremos do ato pela democracia puxado pela Frente Povo Sem Medo no dia 24 de mar\u00e7o e dos atos mais amplos marcados para o dia 31, com nossa demarca\u00e7\u00e3o contra a ofensiva reacion\u00e1ria da direita, o golpismo institucional e o ajuste fiscal do governo Dilma. Nos atos, devemos nos apresentar com as propostas do partido, ajudando a garantir o car\u00e1ter unit\u00e1rio dos mesmos, bem como o perfil cr\u00edtico ao governo aprovado na frente Povo Sem Medo, sem que isso signifique qualquer constrangimento na rela\u00e7\u00e3o com outros setores.<\/p>\n<p>7. Para o PSOL a sa\u00edda deve ser pela esquerda. \u00c9 necess\u00e1rio promover uma reforma pol\u00edtica profunda, com ampla participa\u00e7\u00e3o popular, ter coragem de mudar radicalmente os rumos da economia, auditar a d\u00edvida p\u00fablica, taxar as grandes fortunas e baixar a taxa de juros de forma consistente. Propostas n\u00e3o faltam. Mas \u00e9 preciso coragem para contrariar interesses do grande capital. Uma plataforma de mudan\u00e7a de rumo, com a\u00e7\u00f5es concretas do governo devem ser exig\u00eancias combinadas com a luta contra o retrocesso.<\/p>\n<p>Executiva Nacional do PSOL<br \/>\nBras\u00edlia, 22 de mar\u00e7o de 2016<\/p>\n","protected":false},"excerpt":{"rendered":"<p>Diante do agu\u00e7amento da crise pol\u00edtica e das movimenta\u00e7\u00f5es dos atores sociais envolvidos no processo, a Executiva Nacional, reunida no dia 22 de mar\u00e7o de 2016, apresenta seu posicionamento e orienta\u00e7\u00f5es para sua milit\u00e2ncia. 1. Reafirmamos que a crise pol\u00edtica \u00e9 turbinada pela crise econ\u00f4mica e que seguimos sendo oposi\u00e7\u00e3o program\u00e1tica e de esquerda ao [&hellip;]<\/p>\n","protected":false},"author":2,"featured_media":11788,"comment_status":"open","ping_status":"open","sticky":false,"template":"","format":"standard","meta":{"_acf_changed":false,"footnotes":""},"categories":[1882,1104,6],"tags":[1432,4101,1367,1878,151,293,3981,243,1945,22],"class_list":{"0":"post-11784","1":"post","2":"type-post","3":"status-publish","4":"format-standard","5":"has-post-thumbnail","7":"category-brasil","8":"category-movimento","9":"category-noticias","10":"tag-ajuste-fiscal","11":"tag-contra-a-direita","12":"tag-executiva-nacional","13":"tag-frente-povo-sem-medo","14":"tag-golpe","15":"tag-golpismo","16":"tag-governo-dilma","17":"tag-nota-do-psol","18":"tag-povo-sem-medo","19":"tag-psol"},"acf":[],"yoast_head":"<!-- This site is optimized with the Yoast SEO plugin v26.5 - https:\/\/yoast.com\/wordpress\/plugins\/seo\/ -->\n<title>Derrotar o autoritarismo da direita e o ajuste fiscal do governo Dilma - nota da Executiva Nacional do PSOL - PSOL 50<\/title>\n<meta name=\"robots\" content=\"index, follow, max-snippet:-1, max-image-preview:large, max-video-preview:-1\" \/>\n<link rel=\"canonical\" href=\"https:\/\/psol50.org.br\/derrotar-o-autoritarismo-da-direita-e-o-ajuste-fiscal-do-governo-dilma-nota-da-executiva-nacional-do-psol\/\" \/>\n<meta property=\"og:locale\" content=\"pt_BR\" \/>\n<meta property=\"og:type\" content=\"article\" \/>\n<meta property=\"og:title\" content=\"Derrotar o autoritarismo da direita e o ajuste fiscal do governo Dilma - nota da Executiva Nacional do PSOL - PSOL 50\" \/>\n<meta property=\"og:description\" content=\"Diante do agu\u00e7amento da crise pol\u00edtica e das movimenta\u00e7\u00f5es dos atores sociais envolvidos no processo, a Executiva Nacional, reunida no dia 22 de mar\u00e7o de 2016, apresenta seu posicionamento e orienta\u00e7\u00f5es para sua milit\u00e2ncia. 1. Reafirmamos que a crise pol\u00edtica \u00e9 turbinada pela crise econ\u00f4mica e que seguimos sendo oposi\u00e7\u00e3o program\u00e1tica e de esquerda ao [&hellip;]\" \/>\n<meta property=\"og:url\" content=\"https:\/\/psol50.org.br\/derrotar-o-autoritarismo-da-direita-e-o-ajuste-fiscal-do-governo-dilma-nota-da-executiva-nacional-do-psol\/\" \/>\n<meta property=\"og:site_name\" content=\"PSOL 50\" \/>\n<meta property=\"article:publisher\" content=\"https:\/\/www.facebook.com\/psol50\" \/>\n<meta property=\"article:published_time\" content=\"2016-03-22T20:09:03+00:00\" \/>\n<meta property=\"og:image\" content=\"https:\/\/psol50.org.br\/inc\/uploads\/2018\/07\/capa.png\" \/>\n\t<meta property=\"og:image:width\" content=\"1350\" \/>\n\t<meta property=\"og:image:height\" content=\"900\" \/>\n\t<meta property=\"og:image:type\" content=\"image\/png\" \/>\n<meta name=\"author\" content=\"Comunica\u00e7\u00e3o PSOL\" \/>\n<meta name=\"twitter:card\" content=\"summary_large_image\" \/>\n<meta name=\"twitter:creator\" content=\"@psol50\" \/>\n<meta name=\"twitter:site\" content=\"@psol50\" \/>\n<meta name=\"twitter:label1\" content=\"Escrito por\" \/>\n\t<meta name=\"twitter:data1\" content=\"Comunica\u00e7\u00e3o PSOL\" \/>\n\t<meta name=\"twitter:label2\" content=\"Est. tempo de leitura\" \/>\n\t<meta name=\"twitter:data2\" content=\"4 minutos\" \/>\n<script type=\"application\/ld+json\" class=\"yoast-schema-graph\">{\"@context\":\"https:\/\/schema.org\",\"@graph\":[{\"@type\":\"Article\",\"@id\":\"https:\/\/psol50.org.br\/derrotar-o-autoritarismo-da-direita-e-o-ajuste-fiscal-do-governo-dilma-nota-da-executiva-nacional-do-psol\/#article\",\"isPartOf\":{\"@id\":\"https:\/\/psol50.org.br\/derrotar-o-autoritarismo-da-direita-e-o-ajuste-fiscal-do-governo-dilma-nota-da-executiva-nacional-do-psol\/\"},\"author\":{\"name\":\"Comunica\u00e7\u00e3o PSOL\",\"@id\":\"https:\/\/psol50.org.br\/#\/schema\/person\/475dfa57d0b815993c714c2e96491fcd\"},\"headline\":\"Derrotar o autoritarismo da direita e o ajuste fiscal do governo Dilma &#8211; nota da Executiva Nacional do PSOL\",\"datePublished\":\"2016-03-22T20:09:03+00:00\",\"mainEntityOfPage\":{\"@id\":\"https:\/\/psol50.org.br\/derrotar-o-autoritarismo-da-direita-e-o-ajuste-fiscal-do-governo-dilma-nota-da-executiva-nacional-do-psol\/\"},\"wordCount\":748,\"commentCount\":0,\"publisher\":{\"@id\":\"https:\/\/psol50.org.br\/#organization\"},\"image\":{\"@id\":\"https:\/\/psol50.org.br\/derrotar-o-autoritarismo-da-direita-e-o-ajuste-fiscal-do-governo-dilma-nota-da-executiva-nacional-do-psol\/#primaryimage\"},\"thumbnailUrl\":\"\",\"keywords\":[\"Ajuste Fiscal\",\"Contra a direita\",\"Executiva Nacional\",\"Frente Povo Sem Medo\",\"golpe\",\"Golpismo\",\"governo Dilma\",\"Nota do PSOL\",\"Povo Sem medo\",\"PSOL\"],\"articleSection\":[\"Brasil\",\"Movimento\",\"Not\u00edcias\"],\"inLanguage\":\"pt-BR\",\"potentialAction\":[{\"@type\":\"CommentAction\",\"name\":\"Comment\",\"target\":[\"https:\/\/psol50.org.br\/derrotar-o-autoritarismo-da-direita-e-o-ajuste-fiscal-do-governo-dilma-nota-da-executiva-nacional-do-psol\/#respond\"]}]},{\"@type\":\"WebPage\",\"@id\":\"https:\/\/psol50.org.br\/derrotar-o-autoritarismo-da-direita-e-o-ajuste-fiscal-do-governo-dilma-nota-da-executiva-nacional-do-psol\/\",\"url\":\"https:\/\/psol50.org.br\/derrotar-o-autoritarismo-da-direita-e-o-ajuste-fiscal-do-governo-dilma-nota-da-executiva-nacional-do-psol\/\",\"name\":\"Derrotar o autoritarismo da direita e o ajuste fiscal do governo Dilma - nota da Executiva Nacional do PSOL - PSOL 50\",\"isPartOf\":{\"@id\":\"https:\/\/psol50.org.br\/#website\"},\"primaryImageOfPage\":{\"@id\":\"https:\/\/psol50.org.br\/derrotar-o-autoritarismo-da-direita-e-o-ajuste-fiscal-do-governo-dilma-nota-da-executiva-nacional-do-psol\/#primaryimage\"},\"image\":{\"@id\":\"https:\/\/psol50.org.br\/derrotar-o-autoritarismo-da-direita-e-o-ajuste-fiscal-do-governo-dilma-nota-da-executiva-nacional-do-psol\/#primaryimage\"},\"thumbnailUrl\":\"\",\"datePublished\":\"2016-03-22T20:09:03+00:00\",\"breadcrumb\":{\"@id\":\"https:\/\/psol50.org.br\/derrotar-o-autoritarismo-da-direita-e-o-ajuste-fiscal-do-governo-dilma-nota-da-executiva-nacional-do-psol\/#breadcrumb\"},\"inLanguage\":\"pt-BR\",\"potentialAction\":[{\"@type\":\"ReadAction\",\"target\":[\"https:\/\/psol50.org.br\/derrotar-o-autoritarismo-da-direita-e-o-ajuste-fiscal-do-governo-dilma-nota-da-executiva-nacional-do-psol\/\"]}]},{\"@type\":\"ImageObject\",\"inLanguage\":\"pt-BR\",\"@id\":\"https:\/\/psol50.org.br\/derrotar-o-autoritarismo-da-direita-e-o-ajuste-fiscal-do-governo-dilma-nota-da-executiva-nacional-do-psol\/#primaryimage\",\"url\":\"\",\"contentUrl\":\"\"},{\"@type\":\"BreadcrumbList\",\"@id\":\"https:\/\/psol50.org.br\/derrotar-o-autoritarismo-da-direita-e-o-ajuste-fiscal-do-governo-dilma-nota-da-executiva-nacional-do-psol\/#breadcrumb\",\"itemListElement\":[{\"@type\":\"ListItem\",\"position\":1,\"name\":\"In\u00edcio\",\"item\":\"https:\/\/psol50.org.br\/\"},{\"@type\":\"ListItem\",\"position\":2,\"name\":\"Derrotar o autoritarismo da direita e o ajuste fiscal do governo Dilma &#8211; nota da Executiva Nacional do PSOL\"}]},{\"@type\":\"WebSite\",\"@id\":\"https:\/\/psol50.org.br\/#website\",\"url\":\"https:\/\/psol50.org.br\/\",\"name\":\"PSOL 50\",\"description\":\"Site oficial do Partido Socialismo e Liberdade\",\"publisher\":{\"@id\":\"https:\/\/psol50.org.br\/#organization\"},\"alternateName\":\"PSOL50\",\"potentialAction\":[{\"@type\":\"SearchAction\",\"target\":{\"@type\":\"EntryPoint\",\"urlTemplate\":\"https:\/\/psol50.org.br\/?s={search_term_string}\"},\"query-input\":{\"@type\":\"PropertyValueSpecification\",\"valueRequired\":true,\"valueName\":\"search_term_string\"}}],\"inLanguage\":\"pt-BR\"},{\"@type\":\"Organization\",\"@id\":\"https:\/\/psol50.org.br\/#organization\",\"name\":\"PSOL 50\",\"alternateName\":\"PSOL 50\",\"url\":\"https:\/\/psol50.org.br\/\",\"logo\":{\"@type\":\"ImageObject\",\"inLanguage\":\"pt-BR\",\"@id\":\"https:\/\/psol50.org.br\/#\/schema\/logo\/image\/\",\"url\":\"https:\/\/psol50.org.br\/inc\/uploads\/2018\/07\/capa.png\",\"contentUrl\":\"https:\/\/psol50.org.br\/inc\/uploads\/2018\/07\/capa.png\",\"width\":1350,\"height\":900,\"caption\":\"PSOL 50\"},\"image\":{\"@id\":\"https:\/\/psol50.org.br\/#\/schema\/logo\/image\/\"},\"sameAs\":[\"https:\/\/www.facebook.com\/psol50\",\"https:\/\/x.com\/psol50\",\"https:\/\/www.instagram.com\/psol50\/\",\"https:\/\/www.youtube.com\/channel\/UC7SnJS5o1os7a6CaiNabzcg\"]},{\"@type\":\"Person\",\"@id\":\"https:\/\/psol50.org.br\/#\/schema\/person\/475dfa57d0b815993c714c2e96491fcd\",\"name\":\"Comunica\u00e7\u00e3o PSOL\",\"image\":{\"@type\":\"ImageObject\",\"inLanguage\":\"pt-BR\",\"@id\":\"https:\/\/psol50.org.br\/#\/schema\/person\/image\/\",\"url\":\"https:\/\/secure.gravatar.com\/avatar\/b34fc4f4e468a4e51785917065a3db57b841f5c95dba6ad8c73aaf8f66f8f9bf?s=96&d=mm&r=g\",\"contentUrl\":\"https:\/\/secure.gravatar.com\/avatar\/b34fc4f4e468a4e51785917065a3db57b841f5c95dba6ad8c73aaf8f66f8f9bf?s=96&d=mm&r=g\",\"caption\":\"Comunica\u00e7\u00e3o PSOL\"}}]}<\/script>\n<!-- \/ Yoast SEO plugin. -->","yoast_head_json":{"title":"Derrotar o autoritarismo da direita e o ajuste fiscal do governo Dilma - nota da Executiva Nacional do PSOL - PSOL 50","robots":{"index":"index","follow":"follow","max-snippet":"max-snippet:-1","max-image-preview":"max-image-preview:large","max-video-preview":"max-video-preview:-1"},"canonical":"https:\/\/psol50.org.br\/derrotar-o-autoritarismo-da-direita-e-o-ajuste-fiscal-do-governo-dilma-nota-da-executiva-nacional-do-psol\/","og_locale":"pt_BR","og_type":"article","og_title":"Derrotar o autoritarismo da direita e o ajuste fiscal do governo Dilma - nota da Executiva Nacional do PSOL - PSOL 50","og_description":"Diante do agu\u00e7amento da crise pol\u00edtica e das movimenta\u00e7\u00f5es dos atores sociais envolvidos no processo, a Executiva Nacional, reunida no dia 22 de mar\u00e7o de 2016, apresenta seu posicionamento e orienta\u00e7\u00f5es para sua milit\u00e2ncia. 1. Reafirmamos que a crise pol\u00edtica \u00e9 turbinada pela crise econ\u00f4mica e que seguimos sendo oposi\u00e7\u00e3o program\u00e1tica e de esquerda ao [&hellip;]","og_url":"https:\/\/psol50.org.br\/derrotar-o-autoritarismo-da-direita-e-o-ajuste-fiscal-do-governo-dilma-nota-da-executiva-nacional-do-psol\/","og_site_name":"PSOL 50","article_publisher":"https:\/\/www.facebook.com\/psol50","article_published_time":"2016-03-22T20:09:03+00:00","og_image":[{"width":1350,"height":900,"url":"https:\/\/psol50.org.br\/inc\/uploads\/2018\/07\/capa.png","type":"image\/png"}],"author":"Comunica\u00e7\u00e3o PSOL","twitter_card":"summary_large_image","twitter_creator":"@psol50","twitter_site":"@psol50","twitter_misc":{"Escrito por":"Comunica\u00e7\u00e3o PSOL","Est. tempo de leitura":"4 minutos"},"schema":{"@context":"https:\/\/schema.org","@graph":[{"@type":"Article","@id":"https:\/\/psol50.org.br\/derrotar-o-autoritarismo-da-direita-e-o-ajuste-fiscal-do-governo-dilma-nota-da-executiva-nacional-do-psol\/#article","isPartOf":{"@id":"https:\/\/psol50.org.br\/derrotar-o-autoritarismo-da-direita-e-o-ajuste-fiscal-do-governo-dilma-nota-da-executiva-nacional-do-psol\/"},"author":{"name":"Comunica\u00e7\u00e3o PSOL","@id":"https:\/\/psol50.org.br\/#\/schema\/person\/475dfa57d0b815993c714c2e96491fcd"},"headline":"Derrotar o autoritarismo da direita e o ajuste fiscal do governo Dilma &#8211; nota da Executiva Nacional do PSOL","datePublished":"2016-03-22T20:09:03+00:00","mainEntityOfPage":{"@id":"https:\/\/psol50.org.br\/derrotar-o-autoritarismo-da-direita-e-o-ajuste-fiscal-do-governo-dilma-nota-da-executiva-nacional-do-psol\/"},"wordCount":748,"commentCount":0,"publisher":{"@id":"https:\/\/psol50.org.br\/#organization"},"image":{"@id":"https:\/\/psol50.org.br\/derrotar-o-autoritarismo-da-direita-e-o-ajuste-fiscal-do-governo-dilma-nota-da-executiva-nacional-do-psol\/#primaryimage"},"thumbnailUrl":"","keywords":["Ajuste Fiscal","Contra a direita","Executiva Nacional","Frente Povo Sem Medo","golpe","Golpismo","governo Dilma","Nota do PSOL","Povo Sem medo","PSOL"],"articleSection":["Brasil","Movimento","Not\u00edcias"],"inLanguage":"pt-BR","potentialAction":[{"@type":"CommentAction","name":"Comment","target":["https:\/\/psol50.org.br\/derrotar-o-autoritarismo-da-direita-e-o-ajuste-fiscal-do-governo-dilma-nota-da-executiva-nacional-do-psol\/#respond"]}]},{"@type":"WebPage","@id":"https:\/\/psol50.org.br\/derrotar-o-autoritarismo-da-direita-e-o-ajuste-fiscal-do-governo-dilma-nota-da-executiva-nacional-do-psol\/","url":"https:\/\/psol50.org.br\/derrotar-o-autoritarismo-da-direita-e-o-ajuste-fiscal-do-governo-dilma-nota-da-executiva-nacional-do-psol\/","name":"Derrotar o autoritarismo da direita e o ajuste fiscal do governo Dilma - nota da Executiva Nacional do PSOL - PSOL 50","isPartOf":{"@id":"https:\/\/psol50.org.br\/#website"},"primaryImageOfPage":{"@id":"https:\/\/psol50.org.br\/derrotar-o-autoritarismo-da-direita-e-o-ajuste-fiscal-do-governo-dilma-nota-da-executiva-nacional-do-psol\/#primaryimage"},"image":{"@id":"https:\/\/psol50.org.br\/derrotar-o-autoritarismo-da-direita-e-o-ajuste-fiscal-do-governo-dilma-nota-da-executiva-nacional-do-psol\/#primaryimage"},"thumbnailUrl":"","datePublished":"2016-03-22T20:09:03+00:00","breadcrumb":{"@id":"https:\/\/psol50.org.br\/derrotar-o-autoritarismo-da-direita-e-o-ajuste-fiscal-do-governo-dilma-nota-da-executiva-nacional-do-psol\/#breadcrumb"},"inLanguage":"pt-BR","potentialAction":[{"@type":"ReadAction","target":["https:\/\/psol50.org.br\/derrotar-o-autoritarismo-da-direita-e-o-ajuste-fiscal-do-governo-dilma-nota-da-executiva-nacional-do-psol\/"]}]},{"@type":"ImageObject","inLanguage":"pt-BR","@id":"https:\/\/psol50.org.br\/derrotar-o-autoritarismo-da-direita-e-o-ajuste-fiscal-do-governo-dilma-nota-da-executiva-nacional-do-psol\/#primaryimage","url":"","contentUrl":""},{"@type":"BreadcrumbList","@id":"https:\/\/psol50.org.br\/derrotar-o-autoritarismo-da-direita-e-o-ajuste-fiscal-do-governo-dilma-nota-da-executiva-nacional-do-psol\/#breadcrumb","itemListElement":[{"@type":"ListItem","position":1,"name":"In\u00edcio","item":"https:\/\/psol50.org.br\/"},{"@type":"ListItem","position":2,"name":"Derrotar o autoritarismo da direita e o ajuste fiscal do governo Dilma &#8211; nota da Executiva Nacional do PSOL"}]},{"@type":"WebSite","@id":"https:\/\/psol50.org.br\/#website","url":"https:\/\/psol50.org.br\/","name":"PSOL 50","description":"Site oficial do Partido Socialismo e Liberdade","publisher":{"@id":"https:\/\/psol50.org.br\/#organization"},"alternateName":"PSOL50","potentialAction":[{"@type":"SearchAction","target":{"@type":"EntryPoint","urlTemplate":"https:\/\/psol50.org.br\/?s={search_term_string}"},"query-input":{"@type":"PropertyValueSpecification","valueRequired":true,"valueName":"search_term_string"}}],"inLanguage":"pt-BR"},{"@type":"Organization","@id":"https:\/\/psol50.org.br\/#organization","name":"PSOL 50","alternateName":"PSOL 50","url":"https:\/\/psol50.org.br\/","logo":{"@type":"ImageObject","inLanguage":"pt-BR","@id":"https:\/\/psol50.org.br\/#\/schema\/logo\/image\/","url":"https:\/\/psol50.org.br\/inc\/uploads\/2018\/07\/capa.png","contentUrl":"https:\/\/psol50.org.br\/inc\/uploads\/2018\/07\/capa.png","width":1350,"height":900,"caption":"PSOL 50"},"image":{"@id":"https:\/\/psol50.org.br\/#\/schema\/logo\/image\/"},"sameAs":["https:\/\/www.facebook.com\/psol50","https:\/\/x.com\/psol50","https:\/\/www.instagram.com\/psol50\/","https:\/\/www.youtube.com\/channel\/UC7SnJS5o1os7a6CaiNabzcg"]},{"@type":"Person","@id":"https:\/\/psol50.org.br\/#\/schema\/person\/475dfa57d0b815993c714c2e96491fcd","name":"Comunica\u00e7\u00e3o PSOL","image":{"@type":"ImageObject","inLanguage":"pt-BR","@id":"https:\/\/psol50.org.br\/#\/schema\/person\/image\/","url":"https:\/\/secure.gravatar.com\/avatar\/b34fc4f4e468a4e51785917065a3db57b841f5c95dba6ad8c73aaf8f66f8f9bf?s=96&d=mm&r=g","contentUrl":"https:\/\/secure.gravatar.com\/avatar\/b34fc4f4e468a4e51785917065a3db57b841f5c95dba6ad8c73aaf8f66f8f9bf?s=96&d=mm&r=g","caption":"Comunica\u00e7\u00e3o PSOL"}}]}},"_links":{"self":[{"href":"https:\/\/psol50.org.br\/rest\/wp\/v2\/posts\/11784","targetHints":{"allow":["GET"]}}],"collection":[{"href":"https:\/\/psol50.org.br\/rest\/wp\/v2\/posts"}],"about":[{"href":"https:\/\/psol50.org.br\/rest\/wp\/v2\/types\/post"}],"author":[{"embeddable":true,"href":"https:\/\/psol50.org.br\/rest\/wp\/v2\/users\/2"}],"replies":[{"embeddable":true,"href":"https:\/\/psol50.org.br\/rest\/wp\/v2\/comments?post=11784"}],"version-history":[{"count":0,"href":"https:\/\/psol50.org.br\/rest\/wp\/v2\/posts\/11784\/revisions"}],"wp:featuredmedia":[{"embeddable":true,"href":"https:\/\/psol50.org.br\/rest\/"}],"wp:attachment":[{"href":"https:\/\/psol50.org.br\/rest\/wp\/v2\/media?parent=11784"}],"wp:term":[{"taxonomy":"category","embeddable":true,"href":"https:\/\/psol50.org.br\/rest\/wp\/v2\/categories?post=11784"},{"taxonomy":"post_tag","embeddable":true,"href":"https:\/\/psol50.org.br\/rest\/wp\/v2\/tags?post=11784"}],"curies":[{"name":"wp","href":"https:\/\/api.w.org\/{rel}","templated":true}]}}