{"id":1179,"date":"2006-05-18T00:00:00","date_gmt":"2006-05-18T00:00:00","guid":{"rendered":"http:\/\/psol50.org.br\/arquivo\/2006\/05\/18\/p-sol-apoia-luta-pela-valorizacao-do-servidor-de-carreira\/"},"modified":"2006-05-18T00:00:00","modified_gmt":"2006-05-18T00:00:00","slug":"p-sol-apoia-luta-pela-valorizacao-do-servidor-de-carreira","status":"publish","type":"post","link":"https:\/\/psol50.org.br\/p-sol-apoia-luta-pela-valorizacao-do-servidor-de-carreira\/","title":{"rendered":"P-SOL ap\u00f3ia luta pela valoriza\u00e7\u00e3o do servidor de carreira"},"content":{"rendered":"<p>O l\u00edder do P-SOL na C&acirc;mara, deputado Jo&atilde;o Alfredo (CE), se solidarizou no plen\u00e1rio com o o Movimento em Defesa do Estado Brasileiro, lan&ccedil;ado ontem na Casa. O movimento prop&otilde;e a reconstru&ccedil;&atilde;o e fortalecimento do Estado brasileiro por meio da organiza&ccedil;&atilde;o estrutural das carreiras de Estado e da valoriza&ccedil;&atilde;o do servidor concursado efetivo da administra&ccedil;&atilde;o. &Agrave; frente est&atilde;o os sindicatos dos auditores fiscais, dos t\u00e9cnicos da Receita Federal, dos auditores da Previd&ecirc;ncia e dos funcion\u00e1rios do Banco Central, entre outros.<\/p>\n<p>Em seu discurso, Jo&atilde;o Alfredo lembrou outras categorias de servidores federais que est&atilde;o em greve, como os do Ibama e do INCRA. Na semana passada, o l\u00edder esteve em dois atos desses servidores. &ldquo;Todas essas categorias apresentam reivindica&ccedil;&otilde;es justas e o governo permanece silente, esperando o esvaziamento dos movimentos&rdquo;, disse.<\/p>\n<p>Prossegue o l\u00edder do PSOL: &ldquo;N&atilde;o podemos aceitar que carreiras de Estado, que desempenham fun&ccedil;&otilde;es essenciais, que trabalham na defesa do meio ambiente e na realiza&ccedil;&atilde;o da reforma agr\u00e1ria, sejam tratadas a p&atilde;o e \u00e1gua, enquanto o governo destina R$ 455 bilh&otilde;es para pagamento dos juros da d\u00edvida p\u00fablica nos tr&ecirc;s primeiros anos da administra&ccedil;&atilde;o&rdquo;.<\/p>\n<p>Os servidores que fazem parte do Movimento em Defesa do Estado Brasileiro lutam pela elimina&ccedil;&atilde;o das distor&ccedil;&otilde;es existentes entre as tabelas remunerat\u00f3rias dos servidores da Alta Administra&ccedil;&atilde;o no Executivo, Legislativo e Judici\u00e1rio e por uma reestrutura&ccedil;&atilde;o que fa&ccedil;a jus &agrave; complexidades das a&ccedil;&otilde;es das carreiras de Auditoria fiscal, do Ciclo de Gest&atilde;o e do N\u00facleo de Fiscaliza&ccedil;&atilde;o Financeira.<\/p>\n<p><!--more--><\/p>\n","protected":false},"excerpt":{"rendered":"<p>O l\u00edder do P-SOL na C&acirc;mara, deputado Jo&atilde;o Alfredo (CE), se solidarizou no plen\u00e1rio com o o Movimento em Defesa do Estado Brasileiro, lan&ccedil;ado ontem na Casa. O movimento prop&otilde;e a reconstru&ccedil;&atilde;o e fortalecimento do Estado brasileiro por meio da organiza&ccedil;&atilde;o estrutural das carreiras de Estado e da valoriza&ccedil;&atilde;o do servidor concursado efetivo da administra&ccedil;&atilde;o. [&hellip;]<\/p>\n","protected":false},"author":2,"featured_media":0,"comment_status":"open","ping_status":"open","sticky":false,"template":"","format":"standard","meta":{"_acf_changed":false,"footnotes":""},"categories":[4766],"tags":[],"class_list":{"0":"post-1179","1":"post","2":"type-post","3":"status-publish","4":"format-standard","6":"category-arquivo"},"acf":[],"yoast_head":"<!-- This site is optimized with the Yoast SEO plugin v26.5 - https:\/\/yoast.com\/wordpress\/plugins\/seo\/ -->\n<title>P-SOL ap\u00f3ia luta pela valoriza\u00e7\u00e3o do servidor de carreira - PSOL 50<\/title>\n<meta name=\"robots\" content=\"index, follow, max-snippet:-1, max-image-preview:large, max-video-preview:-1\" \/>\n<link rel=\"canonical\" href=\"https:\/\/psol50.org.br\/p-sol-apoia-luta-pela-valorizacao-do-servidor-de-carreira\/\" \/>\n<meta property=\"og:locale\" content=\"pt_BR\" \/>\n<meta property=\"og:type\" content=\"article\" \/>\n<meta property=\"og:title\" content=\"P-SOL ap\u00f3ia luta pela valoriza\u00e7\u00e3o do servidor de carreira - PSOL 50\" \/>\n<meta property=\"og:description\" content=\"O l\u00edder do P-SOL na C&acirc;mara, deputado Jo&atilde;o Alfredo (CE), se solidarizou no plen\u00e1rio com o o Movimento em Defesa do Estado Brasileiro, lan&ccedil;ado ontem na Casa. O movimento prop&otilde;e a reconstru&ccedil;&atilde;o e fortalecimento do Estado brasileiro por meio da organiza&ccedil;&atilde;o estrutural das carreiras de Estado e da valoriza&ccedil;&atilde;o do servidor concursado efetivo da administra&ccedil;&atilde;o. [&hellip;]\" \/>\n<meta property=\"og:url\" content=\"https:\/\/psol50.org.br\/p-sol-apoia-luta-pela-valorizacao-do-servidor-de-carreira\/\" \/>\n<meta property=\"og:site_name\" content=\"PSOL 50\" \/>\n<meta property=\"article:publisher\" content=\"https:\/\/www.facebook.com\/psol50\" \/>\n<meta property=\"article:published_time\" content=\"2006-05-18T00:00:00+00:00\" \/>\n<meta property=\"og:image\" content=\"https:\/\/psol50.org.br\/inc\/uploads\/2018\/07\/capa.png\" \/>\n\t<meta property=\"og:image:width\" content=\"1350\" \/>\n\t<meta property=\"og:image:height\" content=\"900\" \/>\n\t<meta property=\"og:image:type\" content=\"image\/png\" \/>\n<meta name=\"author\" content=\"Comunica\u00e7\u00e3o PSOL\" \/>\n<meta name=\"twitter:card\" content=\"summary_large_image\" \/>\n<meta name=\"twitter:creator\" content=\"@psol50\" \/>\n<meta name=\"twitter:site\" content=\"@psol50\" \/>\n<meta name=\"twitter:label1\" content=\"Escrito por\" \/>\n\t<meta name=\"twitter:data1\" content=\"Comunica\u00e7\u00e3o PSOL\" \/>\n\t<meta name=\"twitter:label2\" content=\"Est. tempo de leitura\" \/>\n\t<meta name=\"twitter:data2\" content=\"2 minutos\" \/>\n<script type=\"application\/ld+json\" class=\"yoast-schema-graph\">{\"@context\":\"https:\/\/schema.org\",\"@graph\":[{\"@type\":\"Article\",\"@id\":\"https:\/\/psol50.org.br\/p-sol-apoia-luta-pela-valorizacao-do-servidor-de-carreira\/#article\",\"isPartOf\":{\"@id\":\"https:\/\/psol50.org.br\/p-sol-apoia-luta-pela-valorizacao-do-servidor-de-carreira\/\"},\"author\":{\"name\":\"Comunica\u00e7\u00e3o PSOL\",\"@id\":\"https:\/\/psol50.org.br\/#\/schema\/person\/475dfa57d0b815993c714c2e96491fcd\"},\"headline\":\"P-SOL ap\u00f3ia luta pela valoriza\u00e7\u00e3o do servidor de carreira\",\"datePublished\":\"2006-05-18T00:00:00+00:00\",\"mainEntityOfPage\":{\"@id\":\"https:\/\/psol50.org.br\/p-sol-apoia-luta-pela-valorizacao-do-servidor-de-carreira\/\"},\"wordCount\":339,\"commentCount\":0,\"publisher\":{\"@id\":\"https:\/\/psol50.org.br\/#organization\"},\"articleSection\":[\"Arquivo\"],\"inLanguage\":\"pt-BR\",\"potentialAction\":[{\"@type\":\"CommentAction\",\"name\":\"Comment\",\"target\":[\"https:\/\/psol50.org.br\/p-sol-apoia-luta-pela-valorizacao-do-servidor-de-carreira\/#respond\"]}]},{\"@type\":\"WebPage\",\"@id\":\"https:\/\/psol50.org.br\/p-sol-apoia-luta-pela-valorizacao-do-servidor-de-carreira\/\",\"url\":\"https:\/\/psol50.org.br\/p-sol-apoia-luta-pela-valorizacao-do-servidor-de-carreira\/\",\"name\":\"P-SOL ap\u00f3ia luta pela valoriza\u00e7\u00e3o do servidor de carreira - PSOL 50\",\"isPartOf\":{\"@id\":\"https:\/\/psol50.org.br\/#website\"},\"datePublished\":\"2006-05-18T00:00:00+00:00\",\"breadcrumb\":{\"@id\":\"https:\/\/psol50.org.br\/p-sol-apoia-luta-pela-valorizacao-do-servidor-de-carreira\/#breadcrumb\"},\"inLanguage\":\"pt-BR\",\"potentialAction\":[{\"@type\":\"ReadAction\",\"target\":[\"https:\/\/psol50.org.br\/p-sol-apoia-luta-pela-valorizacao-do-servidor-de-carreira\/\"]}]},{\"@type\":\"BreadcrumbList\",\"@id\":\"https:\/\/psol50.org.br\/p-sol-apoia-luta-pela-valorizacao-do-servidor-de-carreira\/#breadcrumb\",\"itemListElement\":[{\"@type\":\"ListItem\",\"position\":1,\"name\":\"In\u00edcio\",\"item\":\"https:\/\/psol50.org.br\/\"},{\"@type\":\"ListItem\",\"position\":2,\"name\":\"P-SOL ap\u00f3ia luta pela valoriza\u00e7\u00e3o do servidor de carreira\"}]},{\"@type\":\"WebSite\",\"@id\":\"https:\/\/psol50.org.br\/#website\",\"url\":\"https:\/\/psol50.org.br\/\",\"name\":\"PSOL 50\",\"description\":\"Site oficial do Partido Socialismo e Liberdade\",\"publisher\":{\"@id\":\"https:\/\/psol50.org.br\/#organization\"},\"alternateName\":\"PSOL50\",\"potentialAction\":[{\"@type\":\"SearchAction\",\"target\":{\"@type\":\"EntryPoint\",\"urlTemplate\":\"https:\/\/psol50.org.br\/?s={search_term_string}\"},\"query-input\":{\"@type\":\"PropertyValueSpecification\",\"valueRequired\":true,\"valueName\":\"search_term_string\"}}],\"inLanguage\":\"pt-BR\"},{\"@type\":\"Organization\",\"@id\":\"https:\/\/psol50.org.br\/#organization\",\"name\":\"PSOL 50\",\"alternateName\":\"PSOL 50\",\"url\":\"https:\/\/psol50.org.br\/\",\"logo\":{\"@type\":\"ImageObject\",\"inLanguage\":\"pt-BR\",\"@id\":\"https:\/\/psol50.org.br\/#\/schema\/logo\/image\/\",\"url\":\"https:\/\/psol50.org.br\/inc\/uploads\/2018\/07\/capa.png\",\"contentUrl\":\"https:\/\/psol50.org.br\/inc\/uploads\/2018\/07\/capa.png\",\"width\":1350,\"height\":900,\"caption\":\"PSOL 50\"},\"image\":{\"@id\":\"https:\/\/psol50.org.br\/#\/schema\/logo\/image\/\"},\"sameAs\":[\"https:\/\/www.facebook.com\/psol50\",\"https:\/\/x.com\/psol50\",\"https:\/\/www.instagram.com\/psol50\/\",\"https:\/\/www.youtube.com\/channel\/UC7SnJS5o1os7a6CaiNabzcg\"]},{\"@type\":\"Person\",\"@id\":\"https:\/\/psol50.org.br\/#\/schema\/person\/475dfa57d0b815993c714c2e96491fcd\",\"name\":\"Comunica\u00e7\u00e3o PSOL\",\"image\":{\"@type\":\"ImageObject\",\"inLanguage\":\"pt-BR\",\"@id\":\"https:\/\/psol50.org.br\/#\/schema\/person\/image\/\",\"url\":\"https:\/\/secure.gravatar.com\/avatar\/b34fc4f4e468a4e51785917065a3db57b841f5c95dba6ad8c73aaf8f66f8f9bf?s=96&d=mm&r=g\",\"contentUrl\":\"https:\/\/secure.gravatar.com\/avatar\/b34fc4f4e468a4e51785917065a3db57b841f5c95dba6ad8c73aaf8f66f8f9bf?s=96&d=mm&r=g\",\"caption\":\"Comunica\u00e7\u00e3o PSOL\"}}]}<\/script>\n<!-- \/ Yoast SEO plugin. -->","yoast_head_json":{"title":"P-SOL ap\u00f3ia luta pela valoriza\u00e7\u00e3o do servidor de carreira - PSOL 50","robots":{"index":"index","follow":"follow","max-snippet":"max-snippet:-1","max-image-preview":"max-image-preview:large","max-video-preview":"max-video-preview:-1"},"canonical":"https:\/\/psol50.org.br\/p-sol-apoia-luta-pela-valorizacao-do-servidor-de-carreira\/","og_locale":"pt_BR","og_type":"article","og_title":"P-SOL ap\u00f3ia luta pela valoriza\u00e7\u00e3o do servidor de carreira - PSOL 50","og_description":"O l\u00edder do P-SOL na C&acirc;mara, deputado Jo&atilde;o Alfredo (CE), se solidarizou no plen\u00e1rio com o o Movimento em Defesa do Estado Brasileiro, lan&ccedil;ado ontem na Casa. O movimento prop&otilde;e a reconstru&ccedil;&atilde;o e fortalecimento do Estado brasileiro por meio da organiza&ccedil;&atilde;o estrutural das carreiras de Estado e da valoriza&ccedil;&atilde;o do servidor concursado efetivo da administra&ccedil;&atilde;o. [&hellip;]","og_url":"https:\/\/psol50.org.br\/p-sol-apoia-luta-pela-valorizacao-do-servidor-de-carreira\/","og_site_name":"PSOL 50","article_publisher":"https:\/\/www.facebook.com\/psol50","article_published_time":"2006-05-18T00:00:00+00:00","og_image":[{"width":1350,"height":900,"url":"https:\/\/psol50.org.br\/inc\/uploads\/2018\/07\/capa.png","type":"image\/png"}],"author":"Comunica\u00e7\u00e3o PSOL","twitter_card":"summary_large_image","twitter_creator":"@psol50","twitter_site":"@psol50","twitter_misc":{"Escrito por":"Comunica\u00e7\u00e3o PSOL","Est. tempo de leitura":"2 minutos"},"schema":{"@context":"https:\/\/schema.org","@graph":[{"@type":"Article","@id":"https:\/\/psol50.org.br\/p-sol-apoia-luta-pela-valorizacao-do-servidor-de-carreira\/#article","isPartOf":{"@id":"https:\/\/psol50.org.br\/p-sol-apoia-luta-pela-valorizacao-do-servidor-de-carreira\/"},"author":{"name":"Comunica\u00e7\u00e3o PSOL","@id":"https:\/\/psol50.org.br\/#\/schema\/person\/475dfa57d0b815993c714c2e96491fcd"},"headline":"P-SOL ap\u00f3ia luta pela valoriza\u00e7\u00e3o do servidor de carreira","datePublished":"2006-05-18T00:00:00+00:00","mainEntityOfPage":{"@id":"https:\/\/psol50.org.br\/p-sol-apoia-luta-pela-valorizacao-do-servidor-de-carreira\/"},"wordCount":339,"commentCount":0,"publisher":{"@id":"https:\/\/psol50.org.br\/#organization"},"articleSection":["Arquivo"],"inLanguage":"pt-BR","potentialAction":[{"@type":"CommentAction","name":"Comment","target":["https:\/\/psol50.org.br\/p-sol-apoia-luta-pela-valorizacao-do-servidor-de-carreira\/#respond"]}]},{"@type":"WebPage","@id":"https:\/\/psol50.org.br\/p-sol-apoia-luta-pela-valorizacao-do-servidor-de-carreira\/","url":"https:\/\/psol50.org.br\/p-sol-apoia-luta-pela-valorizacao-do-servidor-de-carreira\/","name":"P-SOL ap\u00f3ia luta pela valoriza\u00e7\u00e3o do servidor de carreira - PSOL 50","isPartOf":{"@id":"https:\/\/psol50.org.br\/#website"},"datePublished":"2006-05-18T00:00:00+00:00","breadcrumb":{"@id":"https:\/\/psol50.org.br\/p-sol-apoia-luta-pela-valorizacao-do-servidor-de-carreira\/#breadcrumb"},"inLanguage":"pt-BR","potentialAction":[{"@type":"ReadAction","target":["https:\/\/psol50.org.br\/p-sol-apoia-luta-pela-valorizacao-do-servidor-de-carreira\/"]}]},{"@type":"BreadcrumbList","@id":"https:\/\/psol50.org.br\/p-sol-apoia-luta-pela-valorizacao-do-servidor-de-carreira\/#breadcrumb","itemListElement":[{"@type":"ListItem","position":1,"name":"In\u00edcio","item":"https:\/\/psol50.org.br\/"},{"@type":"ListItem","position":2,"name":"P-SOL ap\u00f3ia luta pela valoriza\u00e7\u00e3o do servidor de carreira"}]},{"@type":"WebSite","@id":"https:\/\/psol50.org.br\/#website","url":"https:\/\/psol50.org.br\/","name":"PSOL 50","description":"Site oficial do Partido Socialismo e Liberdade","publisher":{"@id":"https:\/\/psol50.org.br\/#organization"},"alternateName":"PSOL50","potentialAction":[{"@type":"SearchAction","target":{"@type":"EntryPoint","urlTemplate":"https:\/\/psol50.org.br\/?s={search_term_string}"},"query-input":{"@type":"PropertyValueSpecification","valueRequired":true,"valueName":"search_term_string"}}],"inLanguage":"pt-BR"},{"@type":"Organization","@id":"https:\/\/psol50.org.br\/#organization","name":"PSOL 50","alternateName":"PSOL 50","url":"https:\/\/psol50.org.br\/","logo":{"@type":"ImageObject","inLanguage":"pt-BR","@id":"https:\/\/psol50.org.br\/#\/schema\/logo\/image\/","url":"https:\/\/psol50.org.br\/inc\/uploads\/2018\/07\/capa.png","contentUrl":"https:\/\/psol50.org.br\/inc\/uploads\/2018\/07\/capa.png","width":1350,"height":900,"caption":"PSOL 50"},"image":{"@id":"https:\/\/psol50.org.br\/#\/schema\/logo\/image\/"},"sameAs":["https:\/\/www.facebook.com\/psol50","https:\/\/x.com\/psol50","https:\/\/www.instagram.com\/psol50\/","https:\/\/www.youtube.com\/channel\/UC7SnJS5o1os7a6CaiNabzcg"]},{"@type":"Person","@id":"https:\/\/psol50.org.br\/#\/schema\/person\/475dfa57d0b815993c714c2e96491fcd","name":"Comunica\u00e7\u00e3o PSOL","image":{"@type":"ImageObject","inLanguage":"pt-BR","@id":"https:\/\/psol50.org.br\/#\/schema\/person\/image\/","url":"https:\/\/secure.gravatar.com\/avatar\/b34fc4f4e468a4e51785917065a3db57b841f5c95dba6ad8c73aaf8f66f8f9bf?s=96&d=mm&r=g","contentUrl":"https:\/\/secure.gravatar.com\/avatar\/b34fc4f4e468a4e51785917065a3db57b841f5c95dba6ad8c73aaf8f66f8f9bf?s=96&d=mm&r=g","caption":"Comunica\u00e7\u00e3o PSOL"}}]}},"_links":{"self":[{"href":"https:\/\/psol50.org.br\/rest\/wp\/v2\/posts\/1179","targetHints":{"allow":["GET"]}}],"collection":[{"href":"https:\/\/psol50.org.br\/rest\/wp\/v2\/posts"}],"about":[{"href":"https:\/\/psol50.org.br\/rest\/wp\/v2\/types\/post"}],"author":[{"embeddable":true,"href":"https:\/\/psol50.org.br\/rest\/wp\/v2\/users\/2"}],"replies":[{"embeddable":true,"href":"https:\/\/psol50.org.br\/rest\/wp\/v2\/comments?post=1179"}],"version-history":[{"count":0,"href":"https:\/\/psol50.org.br\/rest\/wp\/v2\/posts\/1179\/revisions"}],"wp:attachment":[{"href":"https:\/\/psol50.org.br\/rest\/wp\/v2\/media?parent=1179"}],"wp:term":[{"taxonomy":"category","embeddable":true,"href":"https:\/\/psol50.org.br\/rest\/wp\/v2\/categories?post=1179"},{"taxonomy":"post_tag","embeddable":true,"href":"https:\/\/psol50.org.br\/rest\/wp\/v2\/tags?post=1179"}],"curies":[{"name":"wp","href":"https:\/\/api.w.org\/{rel}","templated":true}]}}