{"id":11793,"date":"2016-03-23T17:47:23","date_gmt":"2016-03-23T17:47:23","guid":{"rendered":"http:\/\/www.psol50.org.br\/?p=11793"},"modified":"2016-03-23T17:47:23","modified_gmt":"2016-03-23T17:47:23","slug":"ha-uma-grande-divida-do-estado-brasileiro-com-a-populacao-negra","status":"publish","type":"post","link":"https:\/\/psol50.org.br\/ha-uma-grande-divida-do-estado-brasileiro-com-a-populacao-negra\/","title":{"rendered":"&#8220;H\u00e1 uma grande d\u00edvida do estado brasileiro com a popula\u00e7\u00e3o negra&#8221;"},"content":{"rendered":"<p>Para marcar o Dia Internacional de Luta pela Elimina\u00e7\u00e3o da Discrimina\u00e7\u00e3o Racial (21\/03), a C\u00e2mara dos Deputados realizou uma Comiss\u00e3o Geral para discutir solu\u00e7\u00f5es contra o racismo em \u00e1reas como educa\u00e7\u00e3o, cultura e trabalho. Por indica\u00e7\u00e3o da bancada do PSOL, o presidente do PSOL de S\u00e3o Paulo e militante do C\u00edrculo Palmarino, Josel\u00edcio J\u00fanior, conhecido como Juninho, foi \u00e0 tribuna fazer um pronunciamento em nome do partido.<\/p>\n<p>\u201cSe a gente n\u00e3o reconhecer a hist\u00f3ria de nosso pa\u00eds, marcada por quatro quintos sobre uma das maiores perversidades que a humanidade j\u00e1 produziu. Se a gente n\u00e3o reconhecer que a hist\u00f3ria desse pa\u00eds sempre foi da manuten\u00e7\u00e3o e perpetua\u00e7\u00e3o daqueles que estavam no andar de cima, que todos os projetos de transi\u00e7\u00e3o, seja a independ\u00eancia, o fim da escravid\u00e3o, a proclama\u00e7\u00e3o da Rep\u00fablica, o fim do Estado Novo, o fim da ditadura civil-militar, sempre foi pelo andar de cima. Ent\u00e3o, h\u00e1 uma d\u00edvida hist\u00f3rica do estado brasileiro com a popula\u00e7\u00e3o afro descendente. E s\u00f3 \u00e9 poss\u00edvel, de fato, mudar essas estruturas, tendo mais democracia. N\u00e3o \u00e9 com estado de exce\u00e7\u00e3o que n\u00f3s poderemos garantir o avan\u00e7o\u201d, disse Juninho, ap\u00f3s citar um poema de Solano Trindade, o poeta da resist\u00eancia negra, ao repudiar o avan\u00e7o de pautas conservadoras e o aumento da viol\u00eancia contra a juventude negra da periferia.<\/p>\n<p>Confira, abaixo, a fala completa de Juninho.<\/p>\n<div id=\"fb-root\"><\/div>\n<p><script>(function(d, s, id) {  var js, fjs = d.getElementsByTagName(s)[0];  if (d.getElementById(id)) return;  js = d.createElement(s); js.id = id;  js.src = \"\/\/connect.facebook.net\/pt_BR\/sdk.js#xfbml=1&version=v2.3\";  fjs.parentNode.insertBefore(js, fjs);}(document, 'script', 'facebook-jssdk'));<\/script><\/p>\n<div class=\"fb-post\" data-href=\"https:\/\/www.facebook.com\/psolnacamara\/videos\/797258600378373\/\" data-width=\"500\">\n<div class=\"fb-xfbml-parse-ignore\">\n<blockquote cite=\"https:\/\/www.facebook.com\/psolnacamara\/videos\/797258600378373\/\">\n<p>&quot;S&#xd3; SER&#xc1; POSS&#xcd;VEL ACABAR COM O RACISMO SE GARANTIR QUE NEGROS E NEGRAS TENHAM ESPA&#xc7;O DE REPRESENTA&#xc7;&#xc3;O&#x201d;No marco do Dia&#8230;<\/p>\n<p>Publicado por <a href=\"https:\/\/www.facebook.com\/psolnacamara\/\">PSOL na C\u00e2mara<\/a> em&nbsp;<a href=\"https:\/\/www.facebook.com\/psolnacamara\/videos\/797258600378373\/\">Ter\u00e7a, 22 de mar\u00e7o de 2016<\/a><\/p><\/blockquote>\n<\/div>\n<\/div>\n","protected":false},"excerpt":{"rendered":"<p>Para marcar o Dia Internacional de Luta pela Elimina\u00e7\u00e3o da Discrimina\u00e7\u00e3o Racial (21\/03), a C\u00e2mara dos Deputados realizou uma Comiss\u00e3o Geral para discutir solu\u00e7\u00f5es contra o racismo em \u00e1reas como educa\u00e7\u00e3o, cultura e trabalho. Por indica\u00e7\u00e3o da bancada do PSOL, o presidente do PSOL de S\u00e3o Paulo e militante do C\u00edrculo Palmarino, Josel\u00edcio J\u00fanior, conhecido [&hellip;]<\/p>\n","protected":false},"author":2,"featured_media":11794,"comment_status":"open","ping_status":"open","sticky":false,"template":"","format":"standard","meta":{"_acf_changed":false,"footnotes":""},"categories":[2812],"tags":[4103,4104,4105,2275,1196,737,2277],"class_list":{"0":"post-11793","1":"post","2":"type-post","3":"status-publish","4":"format-standard","5":"has-post-thumbnail","7":"category-videos_tv","8":"tag-circulo-palmarino","9":"tag-dia-internacional-de-luta-pela-eliminacao-da-discriminacao-racial","10":"tag-estado-brasileiro","11":"tag-joselicio-junior","12":"tag-juninho","13":"tag-populacao-negra","14":"tag-psol-sp"},"acf":[],"yoast_head":"<!-- This site is optimized with the Yoast SEO plugin v26.5 - https:\/\/yoast.com\/wordpress\/plugins\/seo\/ -->\n<title>&quot;H\u00e1 uma grande d\u00edvida do estado brasileiro com a popula\u00e7\u00e3o negra&quot; - PSOL 50<\/title>\n<meta name=\"robots\" content=\"index, follow, max-snippet:-1, max-image-preview:large, max-video-preview:-1\" \/>\n<link rel=\"canonical\" href=\"https:\/\/psol50.org.br\/ha-uma-grande-divida-do-estado-brasileiro-com-a-populacao-negra\/\" \/>\n<meta property=\"og:locale\" content=\"pt_BR\" \/>\n<meta property=\"og:type\" content=\"article\" \/>\n<meta property=\"og:title\" content=\"&quot;H\u00e1 uma grande d\u00edvida do estado brasileiro com a popula\u00e7\u00e3o negra&quot; - PSOL 50\" \/>\n<meta property=\"og:description\" content=\"Para marcar o Dia Internacional de Luta pela Elimina\u00e7\u00e3o da Discrimina\u00e7\u00e3o Racial (21\/03), a C\u00e2mara dos Deputados realizou uma Comiss\u00e3o Geral para discutir solu\u00e7\u00f5es contra o racismo em \u00e1reas como educa\u00e7\u00e3o, cultura e trabalho. Por indica\u00e7\u00e3o da bancada do PSOL, o presidente do PSOL de S\u00e3o Paulo e militante do C\u00edrculo Palmarino, Josel\u00edcio J\u00fanior, conhecido [&hellip;]\" \/>\n<meta property=\"og:url\" content=\"https:\/\/psol50.org.br\/ha-uma-grande-divida-do-estado-brasileiro-com-a-populacao-negra\/\" \/>\n<meta property=\"og:site_name\" content=\"PSOL 50\" \/>\n<meta property=\"article:publisher\" content=\"https:\/\/www.facebook.com\/psol50\" \/>\n<meta property=\"article:published_time\" content=\"2016-03-23T17:47:23+00:00\" \/>\n<meta property=\"og:image\" content=\"https:\/\/psol50.org.br\/inc\/uploads\/2018\/07\/capa.png\" \/>\n\t<meta property=\"og:image:width\" content=\"1350\" \/>\n\t<meta property=\"og:image:height\" content=\"900\" \/>\n\t<meta property=\"og:image:type\" content=\"image\/png\" \/>\n<meta name=\"author\" content=\"Comunica\u00e7\u00e3o PSOL\" \/>\n<meta name=\"twitter:card\" content=\"summary_large_image\" \/>\n<meta name=\"twitter:creator\" content=\"@psol50\" \/>\n<meta name=\"twitter:site\" content=\"@psol50\" \/>\n<meta name=\"twitter:label1\" content=\"Escrito por\" \/>\n\t<meta name=\"twitter:data1\" content=\"Comunica\u00e7\u00e3o PSOL\" \/>\n\t<meta name=\"twitter:label2\" content=\"Est. tempo de leitura\" \/>\n\t<meta name=\"twitter:data2\" content=\"2 minutos\" \/>\n<script type=\"application\/ld+json\" class=\"yoast-schema-graph\">{\"@context\":\"https:\/\/schema.org\",\"@graph\":[{\"@type\":\"Article\",\"@id\":\"https:\/\/psol50.org.br\/ha-uma-grande-divida-do-estado-brasileiro-com-a-populacao-negra\/#article\",\"isPartOf\":{\"@id\":\"https:\/\/psol50.org.br\/ha-uma-grande-divida-do-estado-brasileiro-com-a-populacao-negra\/\"},\"author\":{\"name\":\"Comunica\u00e7\u00e3o PSOL\",\"@id\":\"https:\/\/psol50.org.br\/#\/schema\/person\/475dfa57d0b815993c714c2e96491fcd\"},\"headline\":\"&#8220;H\u00e1 uma grande d\u00edvida do estado brasileiro com a popula\u00e7\u00e3o negra&#8221;\",\"datePublished\":\"2016-03-23T17:47:23+00:00\",\"mainEntityOfPage\":{\"@id\":\"https:\/\/psol50.org.br\/ha-uma-grande-divida-do-estado-brasileiro-com-a-populacao-negra\/\"},\"wordCount\":316,\"commentCount\":0,\"publisher\":{\"@id\":\"https:\/\/psol50.org.br\/#organization\"},\"image\":{\"@id\":\"https:\/\/psol50.org.br\/ha-uma-grande-divida-do-estado-brasileiro-com-a-populacao-negra\/#primaryimage\"},\"thumbnailUrl\":\"\",\"keywords\":[\"C\u00edrculo Palmarino\",\"Dia Internacional de Luta pela Elimina\u00e7\u00e3o da Discrimina\u00e7\u00e3o Racial\",\"estado brasileiro\",\"Joselicio Junior\",\"Juninho\",\"popula\u00e7\u00e3o negra\",\"PSOL-SP\"],\"articleSection\":[\"V\u00cdDEOS | MULTIM\u00cdDIA | FLC TV\"],\"inLanguage\":\"pt-BR\",\"potentialAction\":[{\"@type\":\"CommentAction\",\"name\":\"Comment\",\"target\":[\"https:\/\/psol50.org.br\/ha-uma-grande-divida-do-estado-brasileiro-com-a-populacao-negra\/#respond\"]}]},{\"@type\":\"WebPage\",\"@id\":\"https:\/\/psol50.org.br\/ha-uma-grande-divida-do-estado-brasileiro-com-a-populacao-negra\/\",\"url\":\"https:\/\/psol50.org.br\/ha-uma-grande-divida-do-estado-brasileiro-com-a-populacao-negra\/\",\"name\":\"\\\"H\u00e1 uma grande d\u00edvida do estado brasileiro com a popula\u00e7\u00e3o negra\\\" - PSOL 50\",\"isPartOf\":{\"@id\":\"https:\/\/psol50.org.br\/#website\"},\"primaryImageOfPage\":{\"@id\":\"https:\/\/psol50.org.br\/ha-uma-grande-divida-do-estado-brasileiro-com-a-populacao-negra\/#primaryimage\"},\"image\":{\"@id\":\"https:\/\/psol50.org.br\/ha-uma-grande-divida-do-estado-brasileiro-com-a-populacao-negra\/#primaryimage\"},\"thumbnailUrl\":\"\",\"datePublished\":\"2016-03-23T17:47:23+00:00\",\"breadcrumb\":{\"@id\":\"https:\/\/psol50.org.br\/ha-uma-grande-divida-do-estado-brasileiro-com-a-populacao-negra\/#breadcrumb\"},\"inLanguage\":\"pt-BR\",\"potentialAction\":[{\"@type\":\"ReadAction\",\"target\":[\"https:\/\/psol50.org.br\/ha-uma-grande-divida-do-estado-brasileiro-com-a-populacao-negra\/\"]}]},{\"@type\":\"ImageObject\",\"inLanguage\":\"pt-BR\",\"@id\":\"https:\/\/psol50.org.br\/ha-uma-grande-divida-do-estado-brasileiro-com-a-populacao-negra\/#primaryimage\",\"url\":\"\",\"contentUrl\":\"\"},{\"@type\":\"BreadcrumbList\",\"@id\":\"https:\/\/psol50.org.br\/ha-uma-grande-divida-do-estado-brasileiro-com-a-populacao-negra\/#breadcrumb\",\"itemListElement\":[{\"@type\":\"ListItem\",\"position\":1,\"name\":\"In\u00edcio\",\"item\":\"https:\/\/psol50.org.br\/\"},{\"@type\":\"ListItem\",\"position\":2,\"name\":\"&#8220;H\u00e1 uma grande d\u00edvida do estado brasileiro com a popula\u00e7\u00e3o negra&#8221;\"}]},{\"@type\":\"WebSite\",\"@id\":\"https:\/\/psol50.org.br\/#website\",\"url\":\"https:\/\/psol50.org.br\/\",\"name\":\"PSOL 50\",\"description\":\"Site oficial do Partido Socialismo e Liberdade\",\"publisher\":{\"@id\":\"https:\/\/psol50.org.br\/#organization\"},\"alternateName\":\"PSOL50\",\"potentialAction\":[{\"@type\":\"SearchAction\",\"target\":{\"@type\":\"EntryPoint\",\"urlTemplate\":\"https:\/\/psol50.org.br\/?s={search_term_string}\"},\"query-input\":{\"@type\":\"PropertyValueSpecification\",\"valueRequired\":true,\"valueName\":\"search_term_string\"}}],\"inLanguage\":\"pt-BR\"},{\"@type\":\"Organization\",\"@id\":\"https:\/\/psol50.org.br\/#organization\",\"name\":\"PSOL 50\",\"alternateName\":\"PSOL 50\",\"url\":\"https:\/\/psol50.org.br\/\",\"logo\":{\"@type\":\"ImageObject\",\"inLanguage\":\"pt-BR\",\"@id\":\"https:\/\/psol50.org.br\/#\/schema\/logo\/image\/\",\"url\":\"https:\/\/psol50.org.br\/inc\/uploads\/2018\/07\/capa.png\",\"contentUrl\":\"https:\/\/psol50.org.br\/inc\/uploads\/2018\/07\/capa.png\",\"width\":1350,\"height\":900,\"caption\":\"PSOL 50\"},\"image\":{\"@id\":\"https:\/\/psol50.org.br\/#\/schema\/logo\/image\/\"},\"sameAs\":[\"https:\/\/www.facebook.com\/psol50\",\"https:\/\/x.com\/psol50\",\"https:\/\/www.instagram.com\/psol50\/\",\"https:\/\/www.youtube.com\/channel\/UC7SnJS5o1os7a6CaiNabzcg\"]},{\"@type\":\"Person\",\"@id\":\"https:\/\/psol50.org.br\/#\/schema\/person\/475dfa57d0b815993c714c2e96491fcd\",\"name\":\"Comunica\u00e7\u00e3o PSOL\",\"image\":{\"@type\":\"ImageObject\",\"inLanguage\":\"pt-BR\",\"@id\":\"https:\/\/psol50.org.br\/#\/schema\/person\/image\/\",\"url\":\"https:\/\/secure.gravatar.com\/avatar\/b34fc4f4e468a4e51785917065a3db57b841f5c95dba6ad8c73aaf8f66f8f9bf?s=96&d=mm&r=g\",\"contentUrl\":\"https:\/\/secure.gravatar.com\/avatar\/b34fc4f4e468a4e51785917065a3db57b841f5c95dba6ad8c73aaf8f66f8f9bf?s=96&d=mm&r=g\",\"caption\":\"Comunica\u00e7\u00e3o PSOL\"}}]}<\/script>\n<!-- \/ Yoast SEO plugin. -->","yoast_head_json":{"title":"\"H\u00e1 uma grande d\u00edvida do estado brasileiro com a popula\u00e7\u00e3o negra\" - PSOL 50","robots":{"index":"index","follow":"follow","max-snippet":"max-snippet:-1","max-image-preview":"max-image-preview:large","max-video-preview":"max-video-preview:-1"},"canonical":"https:\/\/psol50.org.br\/ha-uma-grande-divida-do-estado-brasileiro-com-a-populacao-negra\/","og_locale":"pt_BR","og_type":"article","og_title":"\"H\u00e1 uma grande d\u00edvida do estado brasileiro com a popula\u00e7\u00e3o negra\" - PSOL 50","og_description":"Para marcar o Dia Internacional de Luta pela Elimina\u00e7\u00e3o da Discrimina\u00e7\u00e3o Racial (21\/03), a C\u00e2mara dos Deputados realizou uma Comiss\u00e3o Geral para discutir solu\u00e7\u00f5es contra o racismo em \u00e1reas como educa\u00e7\u00e3o, cultura e trabalho. Por indica\u00e7\u00e3o da bancada do PSOL, o presidente do PSOL de S\u00e3o Paulo e militante do C\u00edrculo Palmarino, Josel\u00edcio J\u00fanior, conhecido [&hellip;]","og_url":"https:\/\/psol50.org.br\/ha-uma-grande-divida-do-estado-brasileiro-com-a-populacao-negra\/","og_site_name":"PSOL 50","article_publisher":"https:\/\/www.facebook.com\/psol50","article_published_time":"2016-03-23T17:47:23+00:00","og_image":[{"width":1350,"height":900,"url":"https:\/\/psol50.org.br\/inc\/uploads\/2018\/07\/capa.png","type":"image\/png"}],"author":"Comunica\u00e7\u00e3o PSOL","twitter_card":"summary_large_image","twitter_creator":"@psol50","twitter_site":"@psol50","twitter_misc":{"Escrito por":"Comunica\u00e7\u00e3o PSOL","Est. tempo de leitura":"2 minutos"},"schema":{"@context":"https:\/\/schema.org","@graph":[{"@type":"Article","@id":"https:\/\/psol50.org.br\/ha-uma-grande-divida-do-estado-brasileiro-com-a-populacao-negra\/#article","isPartOf":{"@id":"https:\/\/psol50.org.br\/ha-uma-grande-divida-do-estado-brasileiro-com-a-populacao-negra\/"},"author":{"name":"Comunica\u00e7\u00e3o PSOL","@id":"https:\/\/psol50.org.br\/#\/schema\/person\/475dfa57d0b815993c714c2e96491fcd"},"headline":"&#8220;H\u00e1 uma grande d\u00edvida do estado brasileiro com a popula\u00e7\u00e3o negra&#8221;","datePublished":"2016-03-23T17:47:23+00:00","mainEntityOfPage":{"@id":"https:\/\/psol50.org.br\/ha-uma-grande-divida-do-estado-brasileiro-com-a-populacao-negra\/"},"wordCount":316,"commentCount":0,"publisher":{"@id":"https:\/\/psol50.org.br\/#organization"},"image":{"@id":"https:\/\/psol50.org.br\/ha-uma-grande-divida-do-estado-brasileiro-com-a-populacao-negra\/#primaryimage"},"thumbnailUrl":"","keywords":["C\u00edrculo Palmarino","Dia Internacional de Luta pela Elimina\u00e7\u00e3o da Discrimina\u00e7\u00e3o Racial","estado brasileiro","Joselicio Junior","Juninho","popula\u00e7\u00e3o negra","PSOL-SP"],"articleSection":["V\u00cdDEOS | MULTIM\u00cdDIA | FLC TV"],"inLanguage":"pt-BR","potentialAction":[{"@type":"CommentAction","name":"Comment","target":["https:\/\/psol50.org.br\/ha-uma-grande-divida-do-estado-brasileiro-com-a-populacao-negra\/#respond"]}]},{"@type":"WebPage","@id":"https:\/\/psol50.org.br\/ha-uma-grande-divida-do-estado-brasileiro-com-a-populacao-negra\/","url":"https:\/\/psol50.org.br\/ha-uma-grande-divida-do-estado-brasileiro-com-a-populacao-negra\/","name":"\"H\u00e1 uma grande d\u00edvida do estado brasileiro com a popula\u00e7\u00e3o negra\" - PSOL 50","isPartOf":{"@id":"https:\/\/psol50.org.br\/#website"},"primaryImageOfPage":{"@id":"https:\/\/psol50.org.br\/ha-uma-grande-divida-do-estado-brasileiro-com-a-populacao-negra\/#primaryimage"},"image":{"@id":"https:\/\/psol50.org.br\/ha-uma-grande-divida-do-estado-brasileiro-com-a-populacao-negra\/#primaryimage"},"thumbnailUrl":"","datePublished":"2016-03-23T17:47:23+00:00","breadcrumb":{"@id":"https:\/\/psol50.org.br\/ha-uma-grande-divida-do-estado-brasileiro-com-a-populacao-negra\/#breadcrumb"},"inLanguage":"pt-BR","potentialAction":[{"@type":"ReadAction","target":["https:\/\/psol50.org.br\/ha-uma-grande-divida-do-estado-brasileiro-com-a-populacao-negra\/"]}]},{"@type":"ImageObject","inLanguage":"pt-BR","@id":"https:\/\/psol50.org.br\/ha-uma-grande-divida-do-estado-brasileiro-com-a-populacao-negra\/#primaryimage","url":"","contentUrl":""},{"@type":"BreadcrumbList","@id":"https:\/\/psol50.org.br\/ha-uma-grande-divida-do-estado-brasileiro-com-a-populacao-negra\/#breadcrumb","itemListElement":[{"@type":"ListItem","position":1,"name":"In\u00edcio","item":"https:\/\/psol50.org.br\/"},{"@type":"ListItem","position":2,"name":"&#8220;H\u00e1 uma grande d\u00edvida do estado brasileiro com a popula\u00e7\u00e3o negra&#8221;"}]},{"@type":"WebSite","@id":"https:\/\/psol50.org.br\/#website","url":"https:\/\/psol50.org.br\/","name":"PSOL 50","description":"Site oficial do Partido Socialismo e Liberdade","publisher":{"@id":"https:\/\/psol50.org.br\/#organization"},"alternateName":"PSOL50","potentialAction":[{"@type":"SearchAction","target":{"@type":"EntryPoint","urlTemplate":"https:\/\/psol50.org.br\/?s={search_term_string}"},"query-input":{"@type":"PropertyValueSpecification","valueRequired":true,"valueName":"search_term_string"}}],"inLanguage":"pt-BR"},{"@type":"Organization","@id":"https:\/\/psol50.org.br\/#organization","name":"PSOL 50","alternateName":"PSOL 50","url":"https:\/\/psol50.org.br\/","logo":{"@type":"ImageObject","inLanguage":"pt-BR","@id":"https:\/\/psol50.org.br\/#\/schema\/logo\/image\/","url":"https:\/\/psol50.org.br\/inc\/uploads\/2018\/07\/capa.png","contentUrl":"https:\/\/psol50.org.br\/inc\/uploads\/2018\/07\/capa.png","width":1350,"height":900,"caption":"PSOL 50"},"image":{"@id":"https:\/\/psol50.org.br\/#\/schema\/logo\/image\/"},"sameAs":["https:\/\/www.facebook.com\/psol50","https:\/\/x.com\/psol50","https:\/\/www.instagram.com\/psol50\/","https:\/\/www.youtube.com\/channel\/UC7SnJS5o1os7a6CaiNabzcg"]},{"@type":"Person","@id":"https:\/\/psol50.org.br\/#\/schema\/person\/475dfa57d0b815993c714c2e96491fcd","name":"Comunica\u00e7\u00e3o PSOL","image":{"@type":"ImageObject","inLanguage":"pt-BR","@id":"https:\/\/psol50.org.br\/#\/schema\/person\/image\/","url":"https:\/\/secure.gravatar.com\/avatar\/b34fc4f4e468a4e51785917065a3db57b841f5c95dba6ad8c73aaf8f66f8f9bf?s=96&d=mm&r=g","contentUrl":"https:\/\/secure.gravatar.com\/avatar\/b34fc4f4e468a4e51785917065a3db57b841f5c95dba6ad8c73aaf8f66f8f9bf?s=96&d=mm&r=g","caption":"Comunica\u00e7\u00e3o PSOL"}}]}},"_links":{"self":[{"href":"https:\/\/psol50.org.br\/rest\/wp\/v2\/posts\/11793","targetHints":{"allow":["GET"]}}],"collection":[{"href":"https:\/\/psol50.org.br\/rest\/wp\/v2\/posts"}],"about":[{"href":"https:\/\/psol50.org.br\/rest\/wp\/v2\/types\/post"}],"author":[{"embeddable":true,"href":"https:\/\/psol50.org.br\/rest\/wp\/v2\/users\/2"}],"replies":[{"embeddable":true,"href":"https:\/\/psol50.org.br\/rest\/wp\/v2\/comments?post=11793"}],"version-history":[{"count":0,"href":"https:\/\/psol50.org.br\/rest\/wp\/v2\/posts\/11793\/revisions"}],"wp:featuredmedia":[{"embeddable":true,"href":"https:\/\/psol50.org.br\/rest\/"}],"wp:attachment":[{"href":"https:\/\/psol50.org.br\/rest\/wp\/v2\/media?parent=11793"}],"wp:term":[{"taxonomy":"category","embeddable":true,"href":"https:\/\/psol50.org.br\/rest\/wp\/v2\/categories?post=11793"},{"taxonomy":"post_tag","embeddable":true,"href":"https:\/\/psol50.org.br\/rest\/wp\/v2\/tags?post=11793"}],"curies":[{"name":"wp","href":"https:\/\/api.w.org\/{rel}","templated":true}]}}