{"id":1180,"date":"2006-05-26T00:00:00","date_gmt":"2006-05-26T00:00:00","guid":{"rendered":"http:\/\/psol50.org.br\/arquivo\/2006\/05\/26\/trabalhadores-sem-terra-iniciam-jornada-de-reinvidicacoes\/"},"modified":"2006-05-26T00:00:00","modified_gmt":"2006-05-26T00:00:00","slug":"trabalhadores-sem-terra-iniciam-jornada-de-reinvidicacoes","status":"publish","type":"post","link":"https:\/\/psol50.org.br\/trabalhadores-sem-terra-iniciam-jornada-de-reinvidicacoes\/","title":{"rendered":"Trabalhadores Sem Terra iniciam jornada de reinvidica\u00e7\u00f5es"},"content":{"rendered":"<p><img loading=\"lazy\" decoding=\"async\" width=\"60\" vspace=\"5\" hspace=\"5\" height=\"70\" border=\"0\" align=\"left\" src=\"images\/stories\/fotos\/060526semterra.jpg\" \/>A lideran&ccedil;a do P-SOL na C&acirc;mara reafirmou em plen\u00e1rio o apoio do Partido &agrave; Jornada Nacional de Luta pela Reforma Agr\u00e1ria. O evento \u00e9 coordenado pelo Movimento dos Trabalhadores Sem Terra (MST) e tem cinco pontos em sua pauta de reivindica&ccedil;&otilde;es. Parlamentares e entidades apresentam propostas para a reforma agr\u00e1ria.<\/p>\n<p><!--more--><\/p>\n<p>Os trabalhadores querem o cumprimento das metas do Plano Nacional de<br \/>\nReforma Agr\u00e1ria, a revis&atilde;o dos \u00edndices de produtividade, a<br \/>\nreestrutura&ccedil;&atilde;o e fortalecimento do Incra (cujos servidores se encontram<br \/>\nem greve), a amplia&ccedil;&atilde;o do Programa Nacional de Educa&ccedil;&atilde;o (Pronera) e<br \/>\nmais qualidade para os assentamentos. A revis&atilde;o dos \u00edndices de<br \/>\nprodutividade \u00e9 promessa antiga e n&atilde;o cumprida do governo federal.<\/p>\n<p>O deputado Jo&atilde;o Alfredo, l\u00edder da bancada do P-SOL, informou que, no<br \/>\nmomento, mais de mil pessoas est&atilde;o acampadas no Cear\u00e1 protestando<br \/>\ncontra a precariedade encontrada nos acampamentos, onde centenas de<br \/>\nfam\u00edlias sofrem com a falta de estrutura e de condi&ccedil;&otilde;es dignas de<br \/>\nsobreviv&ecirc;ncia. Os assentados querem do governo cearense a garantia de<br \/>\ncr\u00e9dito para os assentamentos estaduais.<\/p>\n<p>\n<\/p>\n<p><strong>Parlamentares e entidades apresentam propostas para a reforma agr\u00e1ria<\/strong><\/p>\n<p>Deputados que integraram a CPMI da Terra, junto com representantes<br \/>\nde entidades que comp&otilde;em o F\u00f3rum Nacional pela Reforma Agr\u00e1ria, ir&atilde;o ao<br \/>\npresidente da C&acirc;mara amanh&atilde;, &agrave;s 15 horas, entregar um pacote de cinco<br \/>\nprojetos de lei que visam agilizar os procedimentos relacionados &agrave;<br \/>\nreforma agr\u00e1ria. V&atilde;o solicitar a inclus&atilde;o das proposi&ccedil;&otilde;es na pauta da<br \/>\nC&acirc;mara, todas constantes no relat\u00f3rio vencido da CPMI da Terra,<br \/>\nelaborado pelo deputado Jo&atilde;o Alfredo (PSOL\/CE), relator da Comiss&atilde;o,<br \/>\nencerrada em novembro de 2005 ap\u00f3s dois anos de trabalho. A bancada do<br \/>\nPSOL foi convidada a participar.<\/p>\n<p>&Agrave;s 16 horas, os representantes do F\u00f3rum &ndash; que reune cerca de 40<br \/>\nentidades &ndash; t&ecirc;m audi&ecirc;ncia com o ministro C\u00e9sar Peluzo, do Supremo<br \/>\nTribunal Federal (STF), relator do habeas corpus de Vitalmiro Bastos de<br \/>\nSouza (Bida) e Regivaldo Pereira Galv&atilde;o (Tarad&atilde;o), acusados de serem<br \/>\nmandantes do assassinato da religiosa Dorothy Stang. O grupo vai pedir<br \/>\na manuten&ccedil;&atilde;o da pris&atilde;o preventiva dos dois.<\/p>\n<p>\u00c9 aguardado, para amanh&atilde;, o an\u00fancio de um pacote de medidas do<br \/>\ngoverno federal para o setor agr\u00edcola, sobretudo para o agroneg\u00f3cio e,<br \/>\nse as medidas j\u00e1 tiverem sido divulgadas, as entidades e parlamentares<br \/>\npoder&atilde;o tamb\u00e9m coment\u00e1-las em contraposi&ccedil;&atilde;o &agrave;s propostas para acelerar<br \/>\na reforma agr\u00e1ria.<\/p>\n<p><\/p>\n<p><strong>Projetos visam remover entulho jur\u00eddico que atrapalha reforma agr\u00e1ria<\/strong><\/p>\n<p>Representantes de v\u00e1rias entidades que comp&otilde;em o F\u00f3rum Nacional pela<br \/>\nReforma Agr\u00e1ria, entre eles o presidente nacional da Comiss&atilde;o Pastoral<br \/>\nda Terra (CPT), Dom Tom\u00e1s Baldu\u00edno, acompanharam a entrega, ao<br \/>\npresidente da C&acirc;mara, Aldo Rebelo (PCdoB\/SP), de um pacote de projetos<br \/>\nde lei visando acelerar a reforma agr\u00e1ria e combater a viol&ecirc;ncia no<br \/>\ncampo.<\/p>\n<p>Os projetos s&atilde;o resultado dos trabalhos da CPMI da Terra e constavam em<br \/>\nvers&atilde;o preliminar do texto vencido do relator, deputado Jo&atilde;o Alfredo<br \/>\n(PSOL\/CE). Prop&otilde;em, entre outras coisas, altera&ccedil;&otilde;es na legisla&ccedil;&atilde;o<br \/>\nexistente visando atualizar os \u00edndices de produtividade da terra, e com<br \/>\nisso disponibilizar mais terras para a reforma agr\u00e1ria; acabar com as<br \/>\nindeniza&ccedil;&otilde;es milion\u00e1rias nas desapropria&ccedil;&otilde;es; facilitar o processo de<br \/>\narrecada&ccedil;&atilde;o de terras devolutas pelos Estados; e tornar obrigat\u00f3ria a<br \/>\npresen&ccedil;a dos ju\u00edzes e do Minist\u00e9rio P\u00fablico nos locais de conflito,<br \/>\nantes de qualquer decis&atilde;o judicial de reintegra&ccedil;&atilde;o de posse, mesmo em<br \/>\ncar\u00e1ter liminar.<\/p>\n<p>Uma das proposi&ccedil;&otilde;es, um projeto de resolu&ccedil;&atilde;o, cria mais uma comiss&atilde;o<br \/>\npermanente na C&acirc;mara, para tratar de &ldquo;assuntos fundi\u00e1rios e justi&ccedil;a no<br \/>\ncampo&rdquo;. Jo&atilde;o Alfredo argumentou que a Comiss&atilde;o de Agricultura cuida<br \/>\napenas da agricultura empresarial. O presidente Aldo Rebelo disse que<br \/>\nele pr\u00f3prio j\u00e1 havia proposto que essa Comiss&atilde;o incorporasse o tema<br \/>\nreforma agr\u00e1ria.<\/p>\n<p>Luiz Eduardo Greenhalgh (PT\/SP), presidente da Comiss&atilde;o de Direitos<br \/>\nHumanos e Minorias, lembrou que a CDHM havia criado recentemente uma<br \/>\nsubcomiss&atilde;o com essa finalidade (proposta por Jo&atilde;o Alfredo), mas o<br \/>\nideal era uma comiss&atilde;o espec\u00edfica. Esteve presente tamb\u00e9m o deputado<br \/>\nJamil Murad (PCdoB\/SP), al\u00e9m de representantes da CUT, Contag, MST,<br \/>\nConic (Conselho Nacional de Igrejas Crist&atilde;s do Brasil), CIMI (Conselho<br \/>\nIndigenista Mission\u00e1rio), Inesc (Instituto de Estudos Socioecon&ocirc;micos),<br \/>\nTerra de Direitos e o Secret\u00e1rio Geral do F\u00f3rum &ndash; que reune ao todo 45<br \/>\nentidades -, Gilberto Portes de Oliveira.<\/p>\n<p>Portes ressaltou que os projetos de lei, &ldquo;que o F\u00f3rum assina embaixo&rdquo;,<br \/>\nrompem com o entulho jur\u00eddico que emperra reforma agr\u00e1ria. A<br \/>\nrepresentante do MST, Marina dos Santos, cobrou a vota&ccedil;&atilde;o em 2&ordm; turno<br \/>\nda PEC do Trabalho Escravo, &ldquo;um instrumento para acabar com essa<br \/>\nvergonha nacional e avan&ccedil;ar na reforma agr\u00e1ria&rdquo;.<\/p>\n<p>O Secret\u00e1rio do FNRA e o representante da ONG Terra de Direitos, Darci<br \/>\nFrigo, aproveitaram para pedir ao Presidente da C&acirc;mara agilidade na<br \/>\naprecia&ccedil;&atilde;o da representa&ccedil;&atilde;o contra o deputado Abelardo Lupion (PFL\/PR),<br \/>\nacusado em mat\u00e9ria do Correio Braziliense de obter benesses em troca da<br \/>\napresenta&ccedil;&atilde;o de emenda liberando o glifosato, agrot\u00f3xico usado no<br \/>\ncultivo de transg&ecirc;nicos.<\/p>\n<p>\n<\/p>\n<p><strong>Os projetos de lei<\/strong><\/p>\n<p>1.) Altera o C\u00f3digo de Processo Civil, determinando a obrigatoriedade<br \/>\nda presen&ccedil;a do juiz na \u00e1rea de conflito antes de apreciar liminar nas<br \/>\na&ccedil;&otilde;es de reintegra&ccedil;&atilde;o de posse; vista do Minist\u00e9rio P\u00fablico antes da<br \/>\ndecis&atilde;o judicial, al\u00e9m de oitiva dos \u00f3rg&atilde;os fundi\u00e1rios federal e<br \/>\nestadual. <\/p>\n<p>Justificativa: O processamento das reintegra&ccedil;&otilde;es de posse, inalterado<br \/>\ndesde a edi&ccedil;&atilde;o original do CPC, em 1973, permite decis&otilde;es com base na<br \/>\nmera an\u00e1lise documental, al\u00e9m de n&atilde;o exigir vista do MP. O resultado,<br \/>\nmuitas vezes, s&atilde;o a&ccedil;&otilde;es de despejo com abusos da Pol\u00edcia e acirramento<br \/>\ndos conflitos.<\/p>\n<p><\/p>\n<p>2.) Altera a Lei n&ordm; 6.383\/76, para que as a&ccedil;&otilde;es discriminat\u00f3rias<br \/>\npropostas pelos Estados tenham car\u00e1ter preferencial e prejudicial em<br \/>\nrela&ccedil;&atilde;o &agrave;s a&ccedil;&otilde;es em andamento referentes a dom\u00ednio ou posse de im\u00f3veis.<\/p>\n<p>Justificativa: Ap\u00f3s 150 anos da Lei de Terras, de 1850, cerca de 172<br \/>\nmilh&otilde;es de hectares de terras devolutas (p\u00fablicas) &ndash; que poderiam ser<br \/>\nutilizadas para reforma agr\u00e1ria &#8211; ainda an&atilde;o foram discriminadas. A Lei<br \/>\n6.383\/76 deu aos estados poderes para para promover a discrimina&ccedil;&atilde;o<br \/>\nadministrativa de suas terras devolutas, o que antes era poss\u00edvel<br \/>\nsomente mediante conv&ecirc;nio com o INCRA. O PL proposto vai al\u00e9m, dando<br \/>\ncar\u00e1ter preferencial &agrave;s a&ccedil;&otilde;es estaduais nesse sentido.<\/p>\n<p><\/p>\n<p>3.) Altera e acresce dispositivos &agrave; Lei 8629\/93, visando: a)<br \/>\nincluir normas que visam coibir as super indeniza&ccedil;&otilde;es nas<br \/>\ndesapropria&ccedil;&otilde;es; b) desburocratizar a atualiza&ccedil;&atilde;o dos \u00edndices de<br \/>\nprodutividade das terras (s&atilde;o usados os \u00edndices de 1980, fixados com<br \/>\nbase em dados de 1975); c) inserir normas para garantir a integridade<br \/>\ndas \u00e1reas de preserva&ccedil;&atilde;o permanente e de reserva legal, com vistas &agrave;<br \/>\nprote&ccedil;&atilde;o do meio ambiente; d) abolir a norma que impede a vistoria de<br \/>\n\u00e1rea ocupada por fam\u00edlias de sem-terra no per\u00edodo de dois anos ap\u00f3s a<br \/>\ndesocupa&ccedil;&atilde;o do im\u00f3vel, e a que exclui do processo de reforma agr\u00e1ria as<br \/>\nfam\u00edlias envolvidas em ocupa&ccedil;&otilde;es coletivas de terras.<\/p>\n<p><\/p>\n<p>4.) Altera e acresce dispositivos &agrave; Lei Complementar n&ordm; 76\/96,<br \/>\nvisando eliminar entraves que dificultam o processo de desapropria&ccedil;&atilde;o<br \/>\nou que repercutem nos custos finais da indeniza&ccedil;&atilde;o.<\/p>\n<p><\/p>\n<p>5.) (Projeto de Resolu&ccedil;&atilde;o) Cria a Comiss&atilde;o Permanente de Assuntos<br \/>\nFundi\u00e1rios e Justi&ccedil;a no Campo na C&acirc;mara dos Deputados, para analisar as<br \/>\nproposi&ccedil;&otilde;es e demais quest&otilde;es relacionadas &agrave; pol\u00edtica fundi\u00e1ria, &agrave;<br \/>\nreforma agr\u00e1ria, &agrave; justi&ccedil;a agr\u00e1ria, ao direito agr\u00e1rio e aos conflitos<br \/>\ncoletivos pela posse da terra, bem como receber, avaliar e investigar<br \/>\nden\u00fancias relativas a conflitos coletivos pela posse da terra, entre<br \/>\noutras atribui&ccedil;&otilde;es.<\/p>\n","protected":false},"excerpt":{"rendered":"<p>A lideran&ccedil;a do P-SOL na C&acirc;mara reafirmou em plen\u00e1rio o apoio do Partido &agrave; Jornada Nacional de Luta pela Reforma Agr\u00e1ria. O evento \u00e9 coordenado pelo Movimento dos Trabalhadores Sem Terra (MST) e tem cinco pontos em sua pauta de reivindica&ccedil;&otilde;es. Parlamentares e entidades apresentam propostas para a reforma agr\u00e1ria.<\/p>\n","protected":false},"author":2,"featured_media":0,"comment_status":"open","ping_status":"open","sticky":false,"template":"","format":"standard","meta":{"_acf_changed":false,"footnotes":""},"categories":[4766],"tags":[],"class_list":{"0":"post-1180","1":"post","2":"type-post","3":"status-publish","4":"format-standard","6":"category-arquivo"},"acf":[],"yoast_head":"<!-- This site is optimized with the Yoast SEO plugin v26.5 - https:\/\/yoast.com\/wordpress\/plugins\/seo\/ -->\n<title>Trabalhadores Sem Terra iniciam jornada de reinvidica\u00e7\u00f5es - PSOL 50<\/title>\n<meta name=\"robots\" content=\"index, follow, max-snippet:-1, max-image-preview:large, max-video-preview:-1\" \/>\n<link rel=\"canonical\" href=\"https:\/\/psol50.org.br\/trabalhadores-sem-terra-iniciam-jornada-de-reinvidicacoes\/\" \/>\n<meta property=\"og:locale\" content=\"pt_BR\" \/>\n<meta property=\"og:type\" content=\"article\" \/>\n<meta property=\"og:title\" content=\"Trabalhadores Sem Terra iniciam jornada de reinvidica\u00e7\u00f5es - PSOL 50\" \/>\n<meta property=\"og:description\" content=\"A lideran&ccedil;a do P-SOL na C&acirc;mara reafirmou em plen\u00e1rio o apoio do Partido &agrave; Jornada Nacional de Luta pela Reforma Agr\u00e1ria. O evento \u00e9 coordenado pelo Movimento dos Trabalhadores Sem Terra (MST) e tem cinco pontos em sua pauta de reivindica&ccedil;&otilde;es. Parlamentares e entidades apresentam propostas para a reforma agr\u00e1ria.\" \/>\n<meta property=\"og:url\" content=\"https:\/\/psol50.org.br\/trabalhadores-sem-terra-iniciam-jornada-de-reinvidicacoes\/\" \/>\n<meta property=\"og:site_name\" content=\"PSOL 50\" \/>\n<meta property=\"article:publisher\" content=\"https:\/\/www.facebook.com\/psol50\" \/>\n<meta property=\"article:published_time\" content=\"2006-05-26T00:00:00+00:00\" \/>\n<meta property=\"og:image\" content=\"http:\/\/images\/stories\/fotos\/060526semterra.jpg\" \/>\n<meta name=\"author\" content=\"Comunica\u00e7\u00e3o PSOL\" \/>\n<meta name=\"twitter:card\" content=\"summary_large_image\" \/>\n<meta name=\"twitter:creator\" content=\"@psol50\" \/>\n<meta name=\"twitter:site\" content=\"@psol50\" \/>\n<meta name=\"twitter:label1\" content=\"Escrito por\" \/>\n\t<meta name=\"twitter:data1\" content=\"Comunica\u00e7\u00e3o PSOL\" \/>\n\t<meta name=\"twitter:label2\" content=\"Est. tempo de leitura\" \/>\n\t<meta name=\"twitter:data2\" content=\"8 minutos\" \/>\n<script type=\"application\/ld+json\" class=\"yoast-schema-graph\">{\"@context\":\"https:\/\/schema.org\",\"@graph\":[{\"@type\":\"Article\",\"@id\":\"https:\/\/psol50.org.br\/trabalhadores-sem-terra-iniciam-jornada-de-reinvidicacoes\/#article\",\"isPartOf\":{\"@id\":\"https:\/\/psol50.org.br\/trabalhadores-sem-terra-iniciam-jornada-de-reinvidicacoes\/\"},\"author\":{\"name\":\"Comunica\u00e7\u00e3o PSOL\",\"@id\":\"https:\/\/psol50.org.br\/#\/schema\/person\/475dfa57d0b815993c714c2e96491fcd\"},\"headline\":\"Trabalhadores Sem Terra iniciam jornada de reinvidica\u00e7\u00f5es\",\"datePublished\":\"2006-05-26T00:00:00+00:00\",\"mainEntityOfPage\":{\"@id\":\"https:\/\/psol50.org.br\/trabalhadores-sem-terra-iniciam-jornada-de-reinvidicacoes\/\"},\"wordCount\":1528,\"commentCount\":0,\"publisher\":{\"@id\":\"https:\/\/psol50.org.br\/#organization\"},\"articleSection\":[\"Arquivo\"],\"inLanguage\":\"pt-BR\",\"potentialAction\":[{\"@type\":\"CommentAction\",\"name\":\"Comment\",\"target\":[\"https:\/\/psol50.org.br\/trabalhadores-sem-terra-iniciam-jornada-de-reinvidicacoes\/#respond\"]}]},{\"@type\":\"WebPage\",\"@id\":\"https:\/\/psol50.org.br\/trabalhadores-sem-terra-iniciam-jornada-de-reinvidicacoes\/\",\"url\":\"https:\/\/psol50.org.br\/trabalhadores-sem-terra-iniciam-jornada-de-reinvidicacoes\/\",\"name\":\"Trabalhadores Sem Terra iniciam jornada de reinvidica\u00e7\u00f5es - PSOL 50\",\"isPartOf\":{\"@id\":\"https:\/\/psol50.org.br\/#website\"},\"datePublished\":\"2006-05-26T00:00:00+00:00\",\"breadcrumb\":{\"@id\":\"https:\/\/psol50.org.br\/trabalhadores-sem-terra-iniciam-jornada-de-reinvidicacoes\/#breadcrumb\"},\"inLanguage\":\"pt-BR\",\"potentialAction\":[{\"@type\":\"ReadAction\",\"target\":[\"https:\/\/psol50.org.br\/trabalhadores-sem-terra-iniciam-jornada-de-reinvidicacoes\/\"]}]},{\"@type\":\"BreadcrumbList\",\"@id\":\"https:\/\/psol50.org.br\/trabalhadores-sem-terra-iniciam-jornada-de-reinvidicacoes\/#breadcrumb\",\"itemListElement\":[{\"@type\":\"ListItem\",\"position\":1,\"name\":\"In\u00edcio\",\"item\":\"https:\/\/psol50.org.br\/\"},{\"@type\":\"ListItem\",\"position\":2,\"name\":\"Trabalhadores Sem Terra iniciam jornada de reinvidica\u00e7\u00f5es\"}]},{\"@type\":\"WebSite\",\"@id\":\"https:\/\/psol50.org.br\/#website\",\"url\":\"https:\/\/psol50.org.br\/\",\"name\":\"PSOL 50\",\"description\":\"Site oficial do Partido Socialismo e Liberdade\",\"publisher\":{\"@id\":\"https:\/\/psol50.org.br\/#organization\"},\"alternateName\":\"PSOL50\",\"potentialAction\":[{\"@type\":\"SearchAction\",\"target\":{\"@type\":\"EntryPoint\",\"urlTemplate\":\"https:\/\/psol50.org.br\/?s={search_term_string}\"},\"query-input\":{\"@type\":\"PropertyValueSpecification\",\"valueRequired\":true,\"valueName\":\"search_term_string\"}}],\"inLanguage\":\"pt-BR\"},{\"@type\":\"Organization\",\"@id\":\"https:\/\/psol50.org.br\/#organization\",\"name\":\"PSOL 50\",\"alternateName\":\"PSOL 50\",\"url\":\"https:\/\/psol50.org.br\/\",\"logo\":{\"@type\":\"ImageObject\",\"inLanguage\":\"pt-BR\",\"@id\":\"https:\/\/psol50.org.br\/#\/schema\/logo\/image\/\",\"url\":\"https:\/\/psol50.org.br\/inc\/uploads\/2018\/07\/capa.png\",\"contentUrl\":\"https:\/\/psol50.org.br\/inc\/uploads\/2018\/07\/capa.png\",\"width\":1350,\"height\":900,\"caption\":\"PSOL 50\"},\"image\":{\"@id\":\"https:\/\/psol50.org.br\/#\/schema\/logo\/image\/\"},\"sameAs\":[\"https:\/\/www.facebook.com\/psol50\",\"https:\/\/x.com\/psol50\",\"https:\/\/www.instagram.com\/psol50\/\",\"https:\/\/www.youtube.com\/channel\/UC7SnJS5o1os7a6CaiNabzcg\"]},{\"@type\":\"Person\",\"@id\":\"https:\/\/psol50.org.br\/#\/schema\/person\/475dfa57d0b815993c714c2e96491fcd\",\"name\":\"Comunica\u00e7\u00e3o PSOL\",\"image\":{\"@type\":\"ImageObject\",\"inLanguage\":\"pt-BR\",\"@id\":\"https:\/\/psol50.org.br\/#\/schema\/person\/image\/\",\"url\":\"https:\/\/secure.gravatar.com\/avatar\/b34fc4f4e468a4e51785917065a3db57b841f5c95dba6ad8c73aaf8f66f8f9bf?s=96&d=mm&r=g\",\"contentUrl\":\"https:\/\/secure.gravatar.com\/avatar\/b34fc4f4e468a4e51785917065a3db57b841f5c95dba6ad8c73aaf8f66f8f9bf?s=96&d=mm&r=g\",\"caption\":\"Comunica\u00e7\u00e3o PSOL\"}}]}<\/script>\n<!-- \/ Yoast SEO plugin. -->","yoast_head_json":{"title":"Trabalhadores Sem Terra iniciam jornada de reinvidica\u00e7\u00f5es - PSOL 50","robots":{"index":"index","follow":"follow","max-snippet":"max-snippet:-1","max-image-preview":"max-image-preview:large","max-video-preview":"max-video-preview:-1"},"canonical":"https:\/\/psol50.org.br\/trabalhadores-sem-terra-iniciam-jornada-de-reinvidicacoes\/","og_locale":"pt_BR","og_type":"article","og_title":"Trabalhadores Sem Terra iniciam jornada de reinvidica\u00e7\u00f5es - PSOL 50","og_description":"A lideran&ccedil;a do P-SOL na C&acirc;mara reafirmou em plen\u00e1rio o apoio do Partido &agrave; Jornada Nacional de Luta pela Reforma Agr\u00e1ria. O evento \u00e9 coordenado pelo Movimento dos Trabalhadores Sem Terra (MST) e tem cinco pontos em sua pauta de reivindica&ccedil;&otilde;es. Parlamentares e entidades apresentam propostas para a reforma agr\u00e1ria.","og_url":"https:\/\/psol50.org.br\/trabalhadores-sem-terra-iniciam-jornada-de-reinvidicacoes\/","og_site_name":"PSOL 50","article_publisher":"https:\/\/www.facebook.com\/psol50","article_published_time":"2006-05-26T00:00:00+00:00","og_image":[{"url":"images\/stories\/fotos\/060526semterra.jpg","type":"","width":"","height":""}],"author":"Comunica\u00e7\u00e3o PSOL","twitter_card":"summary_large_image","twitter_creator":"@psol50","twitter_site":"@psol50","twitter_misc":{"Escrito por":"Comunica\u00e7\u00e3o PSOL","Est. tempo de leitura":"8 minutos"},"schema":{"@context":"https:\/\/schema.org","@graph":[{"@type":"Article","@id":"https:\/\/psol50.org.br\/trabalhadores-sem-terra-iniciam-jornada-de-reinvidicacoes\/#article","isPartOf":{"@id":"https:\/\/psol50.org.br\/trabalhadores-sem-terra-iniciam-jornada-de-reinvidicacoes\/"},"author":{"name":"Comunica\u00e7\u00e3o PSOL","@id":"https:\/\/psol50.org.br\/#\/schema\/person\/475dfa57d0b815993c714c2e96491fcd"},"headline":"Trabalhadores Sem Terra iniciam jornada de reinvidica\u00e7\u00f5es","datePublished":"2006-05-26T00:00:00+00:00","mainEntityOfPage":{"@id":"https:\/\/psol50.org.br\/trabalhadores-sem-terra-iniciam-jornada-de-reinvidicacoes\/"},"wordCount":1528,"commentCount":0,"publisher":{"@id":"https:\/\/psol50.org.br\/#organization"},"articleSection":["Arquivo"],"inLanguage":"pt-BR","potentialAction":[{"@type":"CommentAction","name":"Comment","target":["https:\/\/psol50.org.br\/trabalhadores-sem-terra-iniciam-jornada-de-reinvidicacoes\/#respond"]}]},{"@type":"WebPage","@id":"https:\/\/psol50.org.br\/trabalhadores-sem-terra-iniciam-jornada-de-reinvidicacoes\/","url":"https:\/\/psol50.org.br\/trabalhadores-sem-terra-iniciam-jornada-de-reinvidicacoes\/","name":"Trabalhadores Sem Terra iniciam jornada de reinvidica\u00e7\u00f5es - PSOL 50","isPartOf":{"@id":"https:\/\/psol50.org.br\/#website"},"datePublished":"2006-05-26T00:00:00+00:00","breadcrumb":{"@id":"https:\/\/psol50.org.br\/trabalhadores-sem-terra-iniciam-jornada-de-reinvidicacoes\/#breadcrumb"},"inLanguage":"pt-BR","potentialAction":[{"@type":"ReadAction","target":["https:\/\/psol50.org.br\/trabalhadores-sem-terra-iniciam-jornada-de-reinvidicacoes\/"]}]},{"@type":"BreadcrumbList","@id":"https:\/\/psol50.org.br\/trabalhadores-sem-terra-iniciam-jornada-de-reinvidicacoes\/#breadcrumb","itemListElement":[{"@type":"ListItem","position":1,"name":"In\u00edcio","item":"https:\/\/psol50.org.br\/"},{"@type":"ListItem","position":2,"name":"Trabalhadores Sem Terra iniciam jornada de reinvidica\u00e7\u00f5es"}]},{"@type":"WebSite","@id":"https:\/\/psol50.org.br\/#website","url":"https:\/\/psol50.org.br\/","name":"PSOL 50","description":"Site oficial do Partido Socialismo e Liberdade","publisher":{"@id":"https:\/\/psol50.org.br\/#organization"},"alternateName":"PSOL50","potentialAction":[{"@type":"SearchAction","target":{"@type":"EntryPoint","urlTemplate":"https:\/\/psol50.org.br\/?s={search_term_string}"},"query-input":{"@type":"PropertyValueSpecification","valueRequired":true,"valueName":"search_term_string"}}],"inLanguage":"pt-BR"},{"@type":"Organization","@id":"https:\/\/psol50.org.br\/#organization","name":"PSOL 50","alternateName":"PSOL 50","url":"https:\/\/psol50.org.br\/","logo":{"@type":"ImageObject","inLanguage":"pt-BR","@id":"https:\/\/psol50.org.br\/#\/schema\/logo\/image\/","url":"https:\/\/psol50.org.br\/inc\/uploads\/2018\/07\/capa.png","contentUrl":"https:\/\/psol50.org.br\/inc\/uploads\/2018\/07\/capa.png","width":1350,"height":900,"caption":"PSOL 50"},"image":{"@id":"https:\/\/psol50.org.br\/#\/schema\/logo\/image\/"},"sameAs":["https:\/\/www.facebook.com\/psol50","https:\/\/x.com\/psol50","https:\/\/www.instagram.com\/psol50\/","https:\/\/www.youtube.com\/channel\/UC7SnJS5o1os7a6CaiNabzcg"]},{"@type":"Person","@id":"https:\/\/psol50.org.br\/#\/schema\/person\/475dfa57d0b815993c714c2e96491fcd","name":"Comunica\u00e7\u00e3o PSOL","image":{"@type":"ImageObject","inLanguage":"pt-BR","@id":"https:\/\/psol50.org.br\/#\/schema\/person\/image\/","url":"https:\/\/secure.gravatar.com\/avatar\/b34fc4f4e468a4e51785917065a3db57b841f5c95dba6ad8c73aaf8f66f8f9bf?s=96&d=mm&r=g","contentUrl":"https:\/\/secure.gravatar.com\/avatar\/b34fc4f4e468a4e51785917065a3db57b841f5c95dba6ad8c73aaf8f66f8f9bf?s=96&d=mm&r=g","caption":"Comunica\u00e7\u00e3o PSOL"}}]}},"_links":{"self":[{"href":"https:\/\/psol50.org.br\/rest\/wp\/v2\/posts\/1180","targetHints":{"allow":["GET"]}}],"collection":[{"href":"https:\/\/psol50.org.br\/rest\/wp\/v2\/posts"}],"about":[{"href":"https:\/\/psol50.org.br\/rest\/wp\/v2\/types\/post"}],"author":[{"embeddable":true,"href":"https:\/\/psol50.org.br\/rest\/wp\/v2\/users\/2"}],"replies":[{"embeddable":true,"href":"https:\/\/psol50.org.br\/rest\/wp\/v2\/comments?post=1180"}],"version-history":[{"count":0,"href":"https:\/\/psol50.org.br\/rest\/wp\/v2\/posts\/1180\/revisions"}],"wp:attachment":[{"href":"https:\/\/psol50.org.br\/rest\/wp\/v2\/media?parent=1180"}],"wp:term":[{"taxonomy":"category","embeddable":true,"href":"https:\/\/psol50.org.br\/rest\/wp\/v2\/categories?post=1180"},{"taxonomy":"post_tag","embeddable":true,"href":"https:\/\/psol50.org.br\/rest\/wp\/v2\/tags?post=1180"}],"curies":[{"name":"wp","href":"https:\/\/api.w.org\/{rel}","templated":true}]}}