{"id":11804,"date":"2016-03-24T15:25:47","date_gmt":"2016-03-24T15:25:47","guid":{"rendered":"http:\/\/www.psol50.org.br\/?p=11804"},"modified":"2016-03-24T15:25:47","modified_gmt":"2016-03-24T15:25:47","slug":"aos-fatos-psol-nao-esta-na-lista-da-odebrecht","status":"publish","type":"post","link":"https:\/\/psol50.org.br\/aos-fatos-psol-nao-esta-na-lista-da-odebrecht\/","title":{"rendered":"Aos fatos: PSOL n\u00e3o est\u00e1 na lista da Odebrecht"},"content":{"rendered":"<p>Nesta quarta-feira (23), o <em>Jornal Nacional<\/em>, da <em>Rede Globo<\/em>, divulgou de forma parcial informa\u00e7\u00f5es sobre documentos apreendidos pela Opera\u00e7\u00e3o Lava Jato na sede da empreiteira Odebrecht, que listam pagamentos que teriam sido feitos ou programados pela empresa para mais de 200 pol\u00edticos de diversos partidos. A divulga\u00e7\u00e3o foi seguida por outros ve\u00edculos de imprensa.<\/p>\n<p>Os dados que constam ali s\u00e3o ind\u00edcios importantes para a investiga\u00e7\u00e3o e, na opini\u00e3o do PSOL, devem ser apurados a fundo pela Justi\u00e7a, cobrando explica\u00e7\u00f5es dos envolvidos.<\/p>\n<p>O <em>JN<\/em> e parte da imprensa divulgaram, de forma abstrata, que o PSOL consta na lista como recebedor de dinheiro da Odebrecht. A <em>Globo<\/em> fez a escolha editorial de n\u00e3o explicar o que est\u00e1 de fato colocado nas planilhas da Odebrecht, argumentando \u201cfalta de tempo\u201d e inseguran\u00e7a jur\u00eddica.<\/p>\n<p>N\u00f3s, ao contr\u00e1rio da <em>Globo<\/em>, preferimos ir aos fatos.<\/p>\n<p>H\u00e1 duas men\u00e7\u00f5es ao PSOL na lista: o senador Randolfe Rodrigues (AP) e o candidato do partido ao Senado pelo Rio de Janeiro em 2010, Milton Temer.<\/p>\n<p>Randolfe Rodrigues nem sequer est\u00e1 filiado ao PSOL \u2013 o senador migrou para a Rede Sustentabilidade em 2015. Sua \u00faltima declara\u00e7\u00e3o eleitoral como filiado ao partido foi em 2010, quando se elegeu senador, e teve menos de R$190 mil gastos, valor muito abaixo do que consta nos documentos da empresa. Em nota, o senador alegou n\u00e3o ter nenhuma rela\u00e7\u00e3o com qualquer pessoa da Odebrecht, ressaltando o fato de n\u00e3o ter sido candidato em 2012 ou 2014, anos abarcados pelos documentos. Consideramos que os dados devem ser averiguados e, caso haja ind\u00edcio de ilegalidades, que o senador preste as explica\u00e7\u00f5es necess\u00e1rias \u00e0 Justi\u00e7a.<\/p>\n<p>No caso de Milton Temer, o pr\u00f3prio explica: \u201cO PSOL aparece em fun\u00e7\u00e3o de doa\u00e7\u00e3o feita diretamente em minha conta de campanha, sem passar pelo partido, por empresas distribuidoras de bebidas\u201d. Milton Temer se colocou \u00e0 disposi\u00e7\u00e3o dos \u00f3rg\u00e3os internos do PSOL para as explica\u00e7\u00f5es que forem necess\u00e1rias, ainda que ressaltando o car\u00e1ter legal da doa\u00e7\u00e3o de empresas que n\u00e3o s\u00e3o vetadas pelos estatutos partid\u00e1rios.<\/p>\n<p>Como explicado em\u00a0<strong><a href=\"https:\/\/www.facebook.com\/psol50oficial\/posts\/539765309518441\" target=\"_blank\" rel=\"noopener\">nota p\u00fablica do presidente nacional do partido<\/a><\/strong>, Luiz Ara\u00fajo, os estatutos do PSOL vetam explicitamente o recebimento de doa\u00e7\u00f5es de empreiteiras, bancos e do agroneg\u00f3cio. Assim, a doa\u00e7\u00e3o recebida por Temer n\u00e3o fere as regras partid\u00e1rias.<\/p>\n<p>A <em>Globo<\/em> preferiu, por exemplo, n\u00e3o dizer que al\u00e9m de pol\u00edticos as planilhas de fato citam doa\u00e7\u00f5es milion\u00e1rias a partidos atrav\u00e9s de seus diret\u00f3rios nacionais. O PSOL n\u00e3o est\u00e1 nessa lista. A divulga\u00e7\u00e3o de informa\u00e7\u00f5es dessa forma representa uma escolha editorial da emissora irrespons\u00e1vel com a democracia e a verdade dos fatos. Sem explica\u00e7\u00e3o, a reportagem fere diretamente o direito do p\u00fablico \u00e0 informa\u00e7\u00e3o correta e sem distor\u00e7\u00f5es.<\/p>\n<p>O <em>JN<\/em> passa uma mensagem clara de que todos os pol\u00edticos seriam iguais, na tentativa de, colocando todos \u201cno mesmo saco\u201d, impedir o fortalecimento de alternativas independentes e de esquerda, como \u00e9 o caso do PSOL. N\u00e3o \u00e9 a primeira vez que a emissora tenta nos vincular ao esc\u00e2ndalo investigado pela Lava Jato \u2013 h\u00e1 pouco tempo, o mesmo<em> Jornal Nacional<\/em> trocou a logomarca do Solidariedade, partido com um deputado investigado, pela do PSOL em mat\u00e9ria sobre o tema.<\/p>\n<p>O PSOL lembra ainda que \u00e9 o \u00fanico partido com representa\u00e7\u00e3o institucional que n\u00e3o recebeu sequer um centavo de empreiteiras nas \u00faltimas elei\u00e7\u00f5es. Nossa posi\u00e7\u00e3o de combate \u00e0 corrup\u00e7\u00e3o parte, tamb\u00e9m, da coer\u00eancia de se manter independente a esse jogo.<\/p>\n<p>Nosso departamento jur\u00eddico avalia neste momento as medidas cab\u00edveis contra a emissora, em caso de n\u00e3o retrata\u00e7\u00e3o formal.<\/p>\n","protected":false},"excerpt":{"rendered":"<p>Nesta quarta-feira (23), o Jornal Nacional, da Rede Globo, divulgou de forma parcial informa\u00e7\u00f5es sobre documentos apreendidos pela Opera\u00e7\u00e3o Lava Jato na sede da empreiteira Odebrecht, que listam pagamentos que teriam sido feitos ou programados pela empresa para mais de 200 pol\u00edticos de diversos partidos. A divulga\u00e7\u00e3o foi seguida por outros ve\u00edculos de imprensa. Os [&hellip;]<\/p>\n","protected":false},"author":2,"featured_media":11811,"comment_status":"open","ping_status":"open","sticky":false,"template":"","format":"standard","meta":{"_acf_changed":false,"footnotes":""},"categories":[1882,6,14],"tags":[4111,4112,1801,243,2867,1749],"class_list":{"0":"post-11804","1":"post","2":"type-post","3":"status-publish","4":"format-standard","5":"has-post-thumbnail","7":"category-brasil","8":"category-noticias","9":"category-partido","10":"tag-globo-mente","11":"tag-jornal-nacional","12":"tag-luiz-araujo","13":"tag-nota-do-psol","14":"tag-odebrecht","15":"tag-operacao-lava-jato"},"acf":[],"yoast_head":"<!-- This site is optimized with the Yoast SEO plugin v26.5 - https:\/\/yoast.com\/wordpress\/plugins\/seo\/ -->\n<title>Aos fatos: PSOL n\u00e3o est\u00e1 na lista da Odebrecht - PSOL 50<\/title>\n<meta name=\"robots\" content=\"index, follow, max-snippet:-1, max-image-preview:large, max-video-preview:-1\" \/>\n<link rel=\"canonical\" href=\"https:\/\/psol50.org.br\/aos-fatos-psol-nao-esta-na-lista-da-odebrecht\/\" \/>\n<meta property=\"og:locale\" content=\"pt_BR\" \/>\n<meta property=\"og:type\" content=\"article\" \/>\n<meta property=\"og:title\" content=\"Aos fatos: PSOL n\u00e3o est\u00e1 na lista da Odebrecht - PSOL 50\" \/>\n<meta property=\"og:description\" content=\"Nesta quarta-feira (23), o Jornal Nacional, da Rede Globo, divulgou de forma parcial informa\u00e7\u00f5es sobre documentos apreendidos pela Opera\u00e7\u00e3o Lava Jato na sede da empreiteira Odebrecht, que listam pagamentos que teriam sido feitos ou programados pela empresa para mais de 200 pol\u00edticos de diversos partidos. A divulga\u00e7\u00e3o foi seguida por outros ve\u00edculos de imprensa. Os [&hellip;]\" \/>\n<meta property=\"og:url\" content=\"https:\/\/psol50.org.br\/aos-fatos-psol-nao-esta-na-lista-da-odebrecht\/\" \/>\n<meta property=\"og:site_name\" content=\"PSOL 50\" \/>\n<meta property=\"article:publisher\" content=\"https:\/\/www.facebook.com\/psol50\" \/>\n<meta property=\"article:published_time\" content=\"2016-03-24T15:25:47+00:00\" \/>\n<meta property=\"og:image\" content=\"https:\/\/psol50.org.br\/inc\/uploads\/2018\/07\/capa.png\" \/>\n\t<meta property=\"og:image:width\" content=\"1350\" \/>\n\t<meta property=\"og:image:height\" content=\"900\" \/>\n\t<meta property=\"og:image:type\" content=\"image\/png\" \/>\n<meta name=\"author\" content=\"Comunica\u00e7\u00e3o PSOL\" \/>\n<meta name=\"twitter:card\" content=\"summary_large_image\" \/>\n<meta name=\"twitter:creator\" content=\"@psol50\" \/>\n<meta name=\"twitter:site\" content=\"@psol50\" \/>\n<meta name=\"twitter:label1\" content=\"Escrito por\" \/>\n\t<meta name=\"twitter:data1\" content=\"Comunica\u00e7\u00e3o PSOL\" \/>\n\t<meta name=\"twitter:label2\" content=\"Est. tempo de leitura\" \/>\n\t<meta name=\"twitter:data2\" content=\"3 minutos\" \/>\n<script type=\"application\/ld+json\" class=\"yoast-schema-graph\">{\"@context\":\"https:\/\/schema.org\",\"@graph\":[{\"@type\":\"Article\",\"@id\":\"https:\/\/psol50.org.br\/aos-fatos-psol-nao-esta-na-lista-da-odebrecht\/#article\",\"isPartOf\":{\"@id\":\"https:\/\/psol50.org.br\/aos-fatos-psol-nao-esta-na-lista-da-odebrecht\/\"},\"author\":{\"name\":\"Comunica\u00e7\u00e3o PSOL\",\"@id\":\"https:\/\/psol50.org.br\/#\/schema\/person\/475dfa57d0b815993c714c2e96491fcd\"},\"headline\":\"Aos fatos: PSOL n\u00e3o est\u00e1 na lista da Odebrecht\",\"datePublished\":\"2016-03-24T15:25:47+00:00\",\"mainEntityOfPage\":{\"@id\":\"https:\/\/psol50.org.br\/aos-fatos-psol-nao-esta-na-lista-da-odebrecht\/\"},\"wordCount\":644,\"commentCount\":0,\"publisher\":{\"@id\":\"https:\/\/psol50.org.br\/#organization\"},\"image\":{\"@id\":\"https:\/\/psol50.org.br\/aos-fatos-psol-nao-esta-na-lista-da-odebrecht\/#primaryimage\"},\"thumbnailUrl\":\"\",\"keywords\":[\"Globo Mente\",\"Jornal Nacional\",\"Luiz Ara\u00fajo\",\"Nota do PSOL\",\"Odebrecht\",\"Opera\u00e7\u00e3o Lava-Jato\"],\"articleSection\":[\"Brasil\",\"Not\u00edcias\",\"Partido\"],\"inLanguage\":\"pt-BR\",\"potentialAction\":[{\"@type\":\"CommentAction\",\"name\":\"Comment\",\"target\":[\"https:\/\/psol50.org.br\/aos-fatos-psol-nao-esta-na-lista-da-odebrecht\/#respond\"]}]},{\"@type\":\"WebPage\",\"@id\":\"https:\/\/psol50.org.br\/aos-fatos-psol-nao-esta-na-lista-da-odebrecht\/\",\"url\":\"https:\/\/psol50.org.br\/aos-fatos-psol-nao-esta-na-lista-da-odebrecht\/\",\"name\":\"Aos fatos: PSOL n\u00e3o est\u00e1 na lista da Odebrecht - PSOL 50\",\"isPartOf\":{\"@id\":\"https:\/\/psol50.org.br\/#website\"},\"primaryImageOfPage\":{\"@id\":\"https:\/\/psol50.org.br\/aos-fatos-psol-nao-esta-na-lista-da-odebrecht\/#primaryimage\"},\"image\":{\"@id\":\"https:\/\/psol50.org.br\/aos-fatos-psol-nao-esta-na-lista-da-odebrecht\/#primaryimage\"},\"thumbnailUrl\":\"\",\"datePublished\":\"2016-03-24T15:25:47+00:00\",\"breadcrumb\":{\"@id\":\"https:\/\/psol50.org.br\/aos-fatos-psol-nao-esta-na-lista-da-odebrecht\/#breadcrumb\"},\"inLanguage\":\"pt-BR\",\"potentialAction\":[{\"@type\":\"ReadAction\",\"target\":[\"https:\/\/psol50.org.br\/aos-fatos-psol-nao-esta-na-lista-da-odebrecht\/\"]}]},{\"@type\":\"ImageObject\",\"inLanguage\":\"pt-BR\",\"@id\":\"https:\/\/psol50.org.br\/aos-fatos-psol-nao-esta-na-lista-da-odebrecht\/#primaryimage\",\"url\":\"\",\"contentUrl\":\"\"},{\"@type\":\"BreadcrumbList\",\"@id\":\"https:\/\/psol50.org.br\/aos-fatos-psol-nao-esta-na-lista-da-odebrecht\/#breadcrumb\",\"itemListElement\":[{\"@type\":\"ListItem\",\"position\":1,\"name\":\"In\u00edcio\",\"item\":\"https:\/\/psol50.org.br\/\"},{\"@type\":\"ListItem\",\"position\":2,\"name\":\"Aos fatos: PSOL n\u00e3o est\u00e1 na lista da Odebrecht\"}]},{\"@type\":\"WebSite\",\"@id\":\"https:\/\/psol50.org.br\/#website\",\"url\":\"https:\/\/psol50.org.br\/\",\"name\":\"PSOL 50\",\"description\":\"Site oficial do Partido Socialismo e Liberdade\",\"publisher\":{\"@id\":\"https:\/\/psol50.org.br\/#organization\"},\"alternateName\":\"PSOL50\",\"potentialAction\":[{\"@type\":\"SearchAction\",\"target\":{\"@type\":\"EntryPoint\",\"urlTemplate\":\"https:\/\/psol50.org.br\/?s={search_term_string}\"},\"query-input\":{\"@type\":\"PropertyValueSpecification\",\"valueRequired\":true,\"valueName\":\"search_term_string\"}}],\"inLanguage\":\"pt-BR\"},{\"@type\":\"Organization\",\"@id\":\"https:\/\/psol50.org.br\/#organization\",\"name\":\"PSOL 50\",\"alternateName\":\"PSOL 50\",\"url\":\"https:\/\/psol50.org.br\/\",\"logo\":{\"@type\":\"ImageObject\",\"inLanguage\":\"pt-BR\",\"@id\":\"https:\/\/psol50.org.br\/#\/schema\/logo\/image\/\",\"url\":\"https:\/\/psol50.org.br\/inc\/uploads\/2018\/07\/capa.png\",\"contentUrl\":\"https:\/\/psol50.org.br\/inc\/uploads\/2018\/07\/capa.png\",\"width\":1350,\"height\":900,\"caption\":\"PSOL 50\"},\"image\":{\"@id\":\"https:\/\/psol50.org.br\/#\/schema\/logo\/image\/\"},\"sameAs\":[\"https:\/\/www.facebook.com\/psol50\",\"https:\/\/x.com\/psol50\",\"https:\/\/www.instagram.com\/psol50\/\",\"https:\/\/www.youtube.com\/channel\/UC7SnJS5o1os7a6CaiNabzcg\"]},{\"@type\":\"Person\",\"@id\":\"https:\/\/psol50.org.br\/#\/schema\/person\/475dfa57d0b815993c714c2e96491fcd\",\"name\":\"Comunica\u00e7\u00e3o PSOL\",\"image\":{\"@type\":\"ImageObject\",\"inLanguage\":\"pt-BR\",\"@id\":\"https:\/\/psol50.org.br\/#\/schema\/person\/image\/\",\"url\":\"https:\/\/secure.gravatar.com\/avatar\/b34fc4f4e468a4e51785917065a3db57b841f5c95dba6ad8c73aaf8f66f8f9bf?s=96&d=mm&r=g\",\"contentUrl\":\"https:\/\/secure.gravatar.com\/avatar\/b34fc4f4e468a4e51785917065a3db57b841f5c95dba6ad8c73aaf8f66f8f9bf?s=96&d=mm&r=g\",\"caption\":\"Comunica\u00e7\u00e3o PSOL\"}}]}<\/script>\n<!-- \/ Yoast SEO plugin. -->","yoast_head_json":{"title":"Aos fatos: PSOL n\u00e3o est\u00e1 na lista da Odebrecht - PSOL 50","robots":{"index":"index","follow":"follow","max-snippet":"max-snippet:-1","max-image-preview":"max-image-preview:large","max-video-preview":"max-video-preview:-1"},"canonical":"https:\/\/psol50.org.br\/aos-fatos-psol-nao-esta-na-lista-da-odebrecht\/","og_locale":"pt_BR","og_type":"article","og_title":"Aos fatos: PSOL n\u00e3o est\u00e1 na lista da Odebrecht - PSOL 50","og_description":"Nesta quarta-feira (23), o Jornal Nacional, da Rede Globo, divulgou de forma parcial informa\u00e7\u00f5es sobre documentos apreendidos pela Opera\u00e7\u00e3o Lava Jato na sede da empreiteira Odebrecht, que listam pagamentos que teriam sido feitos ou programados pela empresa para mais de 200 pol\u00edticos de diversos partidos. A divulga\u00e7\u00e3o foi seguida por outros ve\u00edculos de imprensa. Os [&hellip;]","og_url":"https:\/\/psol50.org.br\/aos-fatos-psol-nao-esta-na-lista-da-odebrecht\/","og_site_name":"PSOL 50","article_publisher":"https:\/\/www.facebook.com\/psol50","article_published_time":"2016-03-24T15:25:47+00:00","og_image":[{"width":1350,"height":900,"url":"https:\/\/psol50.org.br\/inc\/uploads\/2018\/07\/capa.png","type":"image\/png"}],"author":"Comunica\u00e7\u00e3o PSOL","twitter_card":"summary_large_image","twitter_creator":"@psol50","twitter_site":"@psol50","twitter_misc":{"Escrito por":"Comunica\u00e7\u00e3o PSOL","Est. tempo de leitura":"3 minutos"},"schema":{"@context":"https:\/\/schema.org","@graph":[{"@type":"Article","@id":"https:\/\/psol50.org.br\/aos-fatos-psol-nao-esta-na-lista-da-odebrecht\/#article","isPartOf":{"@id":"https:\/\/psol50.org.br\/aos-fatos-psol-nao-esta-na-lista-da-odebrecht\/"},"author":{"name":"Comunica\u00e7\u00e3o PSOL","@id":"https:\/\/psol50.org.br\/#\/schema\/person\/475dfa57d0b815993c714c2e96491fcd"},"headline":"Aos fatos: PSOL n\u00e3o est\u00e1 na lista da Odebrecht","datePublished":"2016-03-24T15:25:47+00:00","mainEntityOfPage":{"@id":"https:\/\/psol50.org.br\/aos-fatos-psol-nao-esta-na-lista-da-odebrecht\/"},"wordCount":644,"commentCount":0,"publisher":{"@id":"https:\/\/psol50.org.br\/#organization"},"image":{"@id":"https:\/\/psol50.org.br\/aos-fatos-psol-nao-esta-na-lista-da-odebrecht\/#primaryimage"},"thumbnailUrl":"","keywords":["Globo Mente","Jornal Nacional","Luiz Ara\u00fajo","Nota do PSOL","Odebrecht","Opera\u00e7\u00e3o Lava-Jato"],"articleSection":["Brasil","Not\u00edcias","Partido"],"inLanguage":"pt-BR","potentialAction":[{"@type":"CommentAction","name":"Comment","target":["https:\/\/psol50.org.br\/aos-fatos-psol-nao-esta-na-lista-da-odebrecht\/#respond"]}]},{"@type":"WebPage","@id":"https:\/\/psol50.org.br\/aos-fatos-psol-nao-esta-na-lista-da-odebrecht\/","url":"https:\/\/psol50.org.br\/aos-fatos-psol-nao-esta-na-lista-da-odebrecht\/","name":"Aos fatos: PSOL n\u00e3o est\u00e1 na lista da Odebrecht - PSOL 50","isPartOf":{"@id":"https:\/\/psol50.org.br\/#website"},"primaryImageOfPage":{"@id":"https:\/\/psol50.org.br\/aos-fatos-psol-nao-esta-na-lista-da-odebrecht\/#primaryimage"},"image":{"@id":"https:\/\/psol50.org.br\/aos-fatos-psol-nao-esta-na-lista-da-odebrecht\/#primaryimage"},"thumbnailUrl":"","datePublished":"2016-03-24T15:25:47+00:00","breadcrumb":{"@id":"https:\/\/psol50.org.br\/aos-fatos-psol-nao-esta-na-lista-da-odebrecht\/#breadcrumb"},"inLanguage":"pt-BR","potentialAction":[{"@type":"ReadAction","target":["https:\/\/psol50.org.br\/aos-fatos-psol-nao-esta-na-lista-da-odebrecht\/"]}]},{"@type":"ImageObject","inLanguage":"pt-BR","@id":"https:\/\/psol50.org.br\/aos-fatos-psol-nao-esta-na-lista-da-odebrecht\/#primaryimage","url":"","contentUrl":""},{"@type":"BreadcrumbList","@id":"https:\/\/psol50.org.br\/aos-fatos-psol-nao-esta-na-lista-da-odebrecht\/#breadcrumb","itemListElement":[{"@type":"ListItem","position":1,"name":"In\u00edcio","item":"https:\/\/psol50.org.br\/"},{"@type":"ListItem","position":2,"name":"Aos fatos: PSOL n\u00e3o est\u00e1 na lista da Odebrecht"}]},{"@type":"WebSite","@id":"https:\/\/psol50.org.br\/#website","url":"https:\/\/psol50.org.br\/","name":"PSOL 50","description":"Site oficial do Partido Socialismo e Liberdade","publisher":{"@id":"https:\/\/psol50.org.br\/#organization"},"alternateName":"PSOL50","potentialAction":[{"@type":"SearchAction","target":{"@type":"EntryPoint","urlTemplate":"https:\/\/psol50.org.br\/?s={search_term_string}"},"query-input":{"@type":"PropertyValueSpecification","valueRequired":true,"valueName":"search_term_string"}}],"inLanguage":"pt-BR"},{"@type":"Organization","@id":"https:\/\/psol50.org.br\/#organization","name":"PSOL 50","alternateName":"PSOL 50","url":"https:\/\/psol50.org.br\/","logo":{"@type":"ImageObject","inLanguage":"pt-BR","@id":"https:\/\/psol50.org.br\/#\/schema\/logo\/image\/","url":"https:\/\/psol50.org.br\/inc\/uploads\/2018\/07\/capa.png","contentUrl":"https:\/\/psol50.org.br\/inc\/uploads\/2018\/07\/capa.png","width":1350,"height":900,"caption":"PSOL 50"},"image":{"@id":"https:\/\/psol50.org.br\/#\/schema\/logo\/image\/"},"sameAs":["https:\/\/www.facebook.com\/psol50","https:\/\/x.com\/psol50","https:\/\/www.instagram.com\/psol50\/","https:\/\/www.youtube.com\/channel\/UC7SnJS5o1os7a6CaiNabzcg"]},{"@type":"Person","@id":"https:\/\/psol50.org.br\/#\/schema\/person\/475dfa57d0b815993c714c2e96491fcd","name":"Comunica\u00e7\u00e3o PSOL","image":{"@type":"ImageObject","inLanguage":"pt-BR","@id":"https:\/\/psol50.org.br\/#\/schema\/person\/image\/","url":"https:\/\/secure.gravatar.com\/avatar\/b34fc4f4e468a4e51785917065a3db57b841f5c95dba6ad8c73aaf8f66f8f9bf?s=96&d=mm&r=g","contentUrl":"https:\/\/secure.gravatar.com\/avatar\/b34fc4f4e468a4e51785917065a3db57b841f5c95dba6ad8c73aaf8f66f8f9bf?s=96&d=mm&r=g","caption":"Comunica\u00e7\u00e3o PSOL"}}]}},"_links":{"self":[{"href":"https:\/\/psol50.org.br\/rest\/wp\/v2\/posts\/11804","targetHints":{"allow":["GET"]}}],"collection":[{"href":"https:\/\/psol50.org.br\/rest\/wp\/v2\/posts"}],"about":[{"href":"https:\/\/psol50.org.br\/rest\/wp\/v2\/types\/post"}],"author":[{"embeddable":true,"href":"https:\/\/psol50.org.br\/rest\/wp\/v2\/users\/2"}],"replies":[{"embeddable":true,"href":"https:\/\/psol50.org.br\/rest\/wp\/v2\/comments?post=11804"}],"version-history":[{"count":0,"href":"https:\/\/psol50.org.br\/rest\/wp\/v2\/posts\/11804\/revisions"}],"wp:featuredmedia":[{"embeddable":true,"href":"https:\/\/psol50.org.br\/rest\/"}],"wp:attachment":[{"href":"https:\/\/psol50.org.br\/rest\/wp\/v2\/media?parent=11804"}],"wp:term":[{"taxonomy":"category","embeddable":true,"href":"https:\/\/psol50.org.br\/rest\/wp\/v2\/categories?post=11804"},{"taxonomy":"post_tag","embeddable":true,"href":"https:\/\/psol50.org.br\/rest\/wp\/v2\/tags?post=11804"}],"curies":[{"name":"wp","href":"https:\/\/api.w.org\/{rel}","templated":true}]}}