{"id":11829,"date":"2016-03-28T19:25:47","date_gmt":"2016-03-28T19:25:47","guid":{"rendered":"http:\/\/www.psol50.org.br\/?p=11829"},"modified":"2016-03-28T19:25:47","modified_gmt":"2016-03-28T19:25:47","slug":"a-quem-serve-temer-o-pmdb-e-sua-proposta-economica","status":"publish","type":"post","link":"https:\/\/psol50.org.br\/a-quem-serve-temer-o-pmdb-e-sua-proposta-economica\/","title":{"rendered":"IVAN VALENTE: A quem serve Temer, o PMDB e sua proposta econ\u00f4mica"},"content":{"rendered":"<p>O PMDB de Michel Temer, al\u00e9m de articular a debandada do governo, mesmo que num festival de fisiologismo e clientelismo, conspira com o impeachment e est\u00e1 preparando um programa de ajuste fiscal que surpreende os mais liberais defensores do mercado.<\/p>\n<p>Jorge Picciani, aquela lideran\u00e7a carioca que &#8220;prima&#8221; pela \u00e9tica e coer\u00eancia, apoiou A\u00e9cio Neves para presidente, apesar do PMDB ter Temer como vice de Dilma. Depois, girou a favor de Dilma para o PMDB abocanhar mais minist\u00e9rios e firmar Leonardo Piacciani, seu filho, como l\u00edder do partido na C\u00e2mara dos Deputados. E agora, prega o desembarque do PMDB do governo, dizendo ser necess\u00e1rio um definitivo ajuste fiscal. Ele acompanha outros pr\u00f3ceres do PMDB, que concorrem para ver quem mais prejudica os trabalhadores e se credencia com banqueiros e rica\u00e7os em geral, com o plano de Michel Temer &#8220;uma ponte para o futuro&#8221; ou as 50 propostas de Renan Calheiros.<\/p>\n<p>O jornal Estado de S\u00e3o Paulo de domingo traz uma s\u00edntese desta proposta para um &#8220;futuro&#8221; governo Temer: superar o vigoroso ajuste fiscal suicida de Dilma, com um mega ajuste fiscal. Eles prometem entre outras coisas:<\/p>\n<p>&#8211; revis\u00e3o dos gastos na \u00e1rea social;<br \/>\n<span style=\"line-height: 1.5;\">&#8211; mudan\u00e7as nas concess\u00f5es de bolsa de estudo (Prouni, Pronatec&#8230;);<br \/>\n<\/span><span style=\"line-height: 1.5;\">&#8211; extin\u00e7\u00e3o de todas as indexa\u00e7\u00f5es, inclusive sal\u00e1rios e benef\u00edcios previdenci\u00e1rios;<br \/>\n<\/span><span style=\"line-height: 1.5;\">&#8211; extin\u00e7\u00e3o de todas as vincula\u00e7\u00f5es, inclusive para a sa\u00fade e educa\u00e7\u00e3o;<br \/>\n<\/span><span style=\"line-height: 1.5;\">&#8211; revis\u00e3o de subs\u00eddios, entre eles o uso do FGTS para financiar o programa Minha Casa Minha Vida;<br \/>\n<\/span><span style=\"line-height: 1.5;\">&#8211; avaliar limitar o ensino gratuito nas universidades p\u00fablicas. Leia-se cobrar mensalidades e partir para privatiza\u00e7\u00e3o escancarada;<br \/>\n<\/span><span style=\"line-height: 1.5;\">&#8211; tornar o SUS mais eficiente. Leia-se cortar gastos com a sa\u00fade p\u00fablica;<br \/>\n<\/span><span style=\"line-height: 1.5;\">&#8211; a volta das privatiza\u00e7\u00f5es que nunca pararam no governo Dilma e Lula. Agora \u00e9 privatiza\u00e7\u00e3o total, para al\u00e9m da privataria tucana;<br \/>\n<\/span><span style=\"line-height: 1.5;\">&#8211; flexibiliza\u00e7\u00e3o da legisla\u00e7\u00e3o trabalhista. O que for negociado est\u00e1 acima do legislado;<br \/>\n<\/span><span style=\"line-height: 1.5;\">&#8211; reforma da previd\u00eancia com aumento do tempo de contribui\u00e7\u00e3o e de idade de aposentadoria;<br \/>\n<\/span><span style=\"line-height: 1.5;\">&#8211; autonomia do Banco Central.<\/span><\/p>\n<p>Para o PMDB e os articulistas e comentaristas econ\u00f4micos que povoam nossos notici\u00e1rios, as a\u00e7\u00f5es de Dilma s\u00e3o populismo econ\u00f4mico e proposta desastrosa, mesmo fazendo todas as vontades dos banqueiros e rentistas com a maior taxa de juros do mundo, privatiza\u00e7\u00f5es e potente ajuste fiscal de Levy e Nelson Barbosa. E n\u00e3o acharam ruim quando as desonera\u00e7\u00f5es fiscais feitas pelo governo \u00e0s grandes empresas chegaram a R$ 120 bilh\u00f5es de reais, sem gerar emprego e distribuir renda.<\/p>\n<p>No Congresso s\u00f3 o PSOL votou contra essas isen\u00e7\u00f5es e desonera\u00e7\u00f5es fiscais que esvaziam os cofres do Estado com perda fabulosa de arrecada\u00e7\u00e3o sem contrapartida. E mais, causam danos extraordin\u00e1rios \u00e0 previd\u00eancia social que atende 30 milh\u00f5es de trabalhadores e de quem agora se pretende tirar direitos para pagar mais essa conta. Taxar grandes fortunas e grandes heran\u00e7as, fazer auditoria da d\u00edvida p\u00fablica, cobrar a d\u00edvida ativa dos grandes empres\u00e1rios com o Estado que chega a um trilh\u00e3o de reais, n\u00e3o lhes passa pela cabe\u00e7a.<\/p>\n<p>A manobra c\u00ednica do PMDB e da direita brasileira para colocar no poder um partido em que os principais l\u00edderes est\u00e3o citados, indiciados e alguns j\u00e1 s\u00e3o r\u00e9us na Opera\u00e7\u00e3o Lava-Jato, vai al\u00e9m da chegada esp\u00faria ao poder. Eles s\u00e3o instrumentos para que o povo brasileiro mais explorado e exclu\u00eddo pague a conta do ajuste brutal e da crise econ\u00f4mica.<\/p>\n<p>\u00c9 um plano para sossegar os especuladores, propiciar \u00e0 grande m\u00eddia ultraliberal notici\u00e1rio de sa\u00edda para a crise, mesmo com mais sofrimento para o povo, aumento do desemprego e perda de direitos. Tudo combinado com tucanos e empres\u00e1rios.<\/p>\n<p>&nbsp;<\/p>\n","protected":false},"excerpt":{"rendered":"<p>O PMDB de Michel Temer, al\u00e9m de articular a debandada do governo, mesmo que num festival de fisiologismo e clientelismo, conspira com o impeachment e est\u00e1 preparando um programa de ajuste fiscal que surpreende os mais liberais defensores do mercado. Jorge Picciani, aquela lideran\u00e7a carioca que &#8220;prima&#8221; pela \u00e9tica e coer\u00eancia, apoiou A\u00e9cio Neves para [&hellip;]<\/p>\n","protected":false},"author":2,"featured_media":11830,"comment_status":"open","ping_status":"open","sticky":false,"template":"","format":"standard","meta":{"_acf_changed":false,"footnotes":""},"categories":[3,1882],"tags":[3063,1432,709,3981,220,552,4122,1556,4123,3985,2152,4124,4125],"class_list":{"0":"post-11829","1":"post","2":"type-post","3":"status-publish","4":"format-standard","5":"has-post-thumbnail","7":"category-artigos-e-entrevistas","8":"category-brasil","9":"tag-aecio-neves","10":"tag-ajuste-fiscal","11":"tag-camara-dos-deputados","12":"tag-governo-dilma","13":"tag-impeachment","14":"tag-ivan-valente","15":"tag-leonardo-piacciani","16":"tag-mercado","17":"tag-miche-temer","18":"tag-operacao-lavo-jato","19":"tag-pmdb","20":"tag-proposta-economica","21":"tag-rena-calheiros"},"acf":[],"yoast_head":"<!-- This site is optimized with the Yoast SEO plugin v26.5 - https:\/\/yoast.com\/wordpress\/plugins\/seo\/ -->\n<title>IVAN VALENTE: A quem serve Temer, o PMDB e sua proposta econ\u00f4mica - PSOL 50<\/title>\n<meta name=\"robots\" content=\"index, follow, max-snippet:-1, max-image-preview:large, max-video-preview:-1\" \/>\n<link rel=\"canonical\" href=\"https:\/\/psol50.org.br\/a-quem-serve-temer-o-pmdb-e-sua-proposta-economica\/\" \/>\n<meta property=\"og:locale\" content=\"pt_BR\" \/>\n<meta property=\"og:type\" content=\"article\" \/>\n<meta property=\"og:title\" content=\"IVAN VALENTE: A quem serve Temer, o PMDB e sua proposta econ\u00f4mica - PSOL 50\" \/>\n<meta property=\"og:description\" content=\"O PMDB de Michel Temer, al\u00e9m de articular a debandada do governo, mesmo que num festival de fisiologismo e clientelismo, conspira com o impeachment e est\u00e1 preparando um programa de ajuste fiscal que surpreende os mais liberais defensores do mercado. Jorge Picciani, aquela lideran\u00e7a carioca que &#8220;prima&#8221; pela \u00e9tica e coer\u00eancia, apoiou A\u00e9cio Neves para [&hellip;]\" \/>\n<meta property=\"og:url\" content=\"https:\/\/psol50.org.br\/a-quem-serve-temer-o-pmdb-e-sua-proposta-economica\/\" \/>\n<meta property=\"og:site_name\" content=\"PSOL 50\" \/>\n<meta property=\"article:publisher\" content=\"https:\/\/www.facebook.com\/psol50\" \/>\n<meta property=\"article:published_time\" content=\"2016-03-28T19:25:47+00:00\" \/>\n<meta property=\"og:image\" content=\"https:\/\/psol50.org.br\/inc\/uploads\/2018\/07\/capa.png\" \/>\n\t<meta property=\"og:image:width\" content=\"1350\" \/>\n\t<meta property=\"og:image:height\" content=\"900\" \/>\n\t<meta property=\"og:image:type\" content=\"image\/png\" \/>\n<meta name=\"author\" content=\"Comunica\u00e7\u00e3o PSOL\" \/>\n<meta name=\"twitter:card\" content=\"summary_large_image\" \/>\n<meta name=\"twitter:creator\" content=\"@psol50\" \/>\n<meta name=\"twitter:site\" content=\"@psol50\" \/>\n<meta name=\"twitter:label1\" content=\"Escrito por\" \/>\n\t<meta name=\"twitter:data1\" content=\"Comunica\u00e7\u00e3o PSOL\" \/>\n\t<meta name=\"twitter:label2\" content=\"Est. tempo de leitura\" \/>\n\t<meta name=\"twitter:data2\" content=\"3 minutos\" \/>\n<script type=\"application\/ld+json\" class=\"yoast-schema-graph\">{\"@context\":\"https:\/\/schema.org\",\"@graph\":[{\"@type\":\"Article\",\"@id\":\"https:\/\/psol50.org.br\/a-quem-serve-temer-o-pmdb-e-sua-proposta-economica\/#article\",\"isPartOf\":{\"@id\":\"https:\/\/psol50.org.br\/a-quem-serve-temer-o-pmdb-e-sua-proposta-economica\/\"},\"author\":{\"name\":\"Comunica\u00e7\u00e3o PSOL\",\"@id\":\"https:\/\/psol50.org.br\/#\/schema\/person\/475dfa57d0b815993c714c2e96491fcd\"},\"headline\":\"IVAN VALENTE: A quem serve Temer, o PMDB e sua proposta econ\u00f4mica\",\"datePublished\":\"2016-03-28T19:25:47+00:00\",\"mainEntityOfPage\":{\"@id\":\"https:\/\/psol50.org.br\/a-quem-serve-temer-o-pmdb-e-sua-proposta-economica\/\"},\"wordCount\":670,\"commentCount\":0,\"publisher\":{\"@id\":\"https:\/\/psol50.org.br\/#organization\"},\"image\":{\"@id\":\"https:\/\/psol50.org.br\/a-quem-serve-temer-o-pmdb-e-sua-proposta-economica\/#primaryimage\"},\"thumbnailUrl\":\"\",\"keywords\":[\"A\u00e9cio Neves\",\"Ajuste Fiscal\",\"C\u00e2mara dos Deputados\",\"governo Dilma\",\"impeachment\",\"Ivan Valente\",\"Leonardo Piacciani\",\"mercado\",\"Miche Temer\",\"Opera\u00e7\u00e3o Lavo Jato\",\"PMDB\",\"proposta econ\u00f4mica\",\"Rena Calheiros\"],\"articleSection\":[\"Artigos\",\"Brasil\"],\"inLanguage\":\"pt-BR\",\"potentialAction\":[{\"@type\":\"CommentAction\",\"name\":\"Comment\",\"target\":[\"https:\/\/psol50.org.br\/a-quem-serve-temer-o-pmdb-e-sua-proposta-economica\/#respond\"]}]},{\"@type\":\"WebPage\",\"@id\":\"https:\/\/psol50.org.br\/a-quem-serve-temer-o-pmdb-e-sua-proposta-economica\/\",\"url\":\"https:\/\/psol50.org.br\/a-quem-serve-temer-o-pmdb-e-sua-proposta-economica\/\",\"name\":\"IVAN VALENTE: A quem serve Temer, o PMDB e sua proposta econ\u00f4mica - PSOL 50\",\"isPartOf\":{\"@id\":\"https:\/\/psol50.org.br\/#website\"},\"primaryImageOfPage\":{\"@id\":\"https:\/\/psol50.org.br\/a-quem-serve-temer-o-pmdb-e-sua-proposta-economica\/#primaryimage\"},\"image\":{\"@id\":\"https:\/\/psol50.org.br\/a-quem-serve-temer-o-pmdb-e-sua-proposta-economica\/#primaryimage\"},\"thumbnailUrl\":\"\",\"datePublished\":\"2016-03-28T19:25:47+00:00\",\"breadcrumb\":{\"@id\":\"https:\/\/psol50.org.br\/a-quem-serve-temer-o-pmdb-e-sua-proposta-economica\/#breadcrumb\"},\"inLanguage\":\"pt-BR\",\"potentialAction\":[{\"@type\":\"ReadAction\",\"target\":[\"https:\/\/psol50.org.br\/a-quem-serve-temer-o-pmdb-e-sua-proposta-economica\/\"]}]},{\"@type\":\"ImageObject\",\"inLanguage\":\"pt-BR\",\"@id\":\"https:\/\/psol50.org.br\/a-quem-serve-temer-o-pmdb-e-sua-proposta-economica\/#primaryimage\",\"url\":\"\",\"contentUrl\":\"\"},{\"@type\":\"BreadcrumbList\",\"@id\":\"https:\/\/psol50.org.br\/a-quem-serve-temer-o-pmdb-e-sua-proposta-economica\/#breadcrumb\",\"itemListElement\":[{\"@type\":\"ListItem\",\"position\":1,\"name\":\"In\u00edcio\",\"item\":\"https:\/\/psol50.org.br\/\"},{\"@type\":\"ListItem\",\"position\":2,\"name\":\"IVAN VALENTE: A quem serve Temer, o PMDB e sua proposta econ\u00f4mica\"}]},{\"@type\":\"WebSite\",\"@id\":\"https:\/\/psol50.org.br\/#website\",\"url\":\"https:\/\/psol50.org.br\/\",\"name\":\"PSOL 50\",\"description\":\"Site oficial do Partido Socialismo e Liberdade\",\"publisher\":{\"@id\":\"https:\/\/psol50.org.br\/#organization\"},\"alternateName\":\"PSOL50\",\"potentialAction\":[{\"@type\":\"SearchAction\",\"target\":{\"@type\":\"EntryPoint\",\"urlTemplate\":\"https:\/\/psol50.org.br\/?s={search_term_string}\"},\"query-input\":{\"@type\":\"PropertyValueSpecification\",\"valueRequired\":true,\"valueName\":\"search_term_string\"}}],\"inLanguage\":\"pt-BR\"},{\"@type\":\"Organization\",\"@id\":\"https:\/\/psol50.org.br\/#organization\",\"name\":\"PSOL 50\",\"alternateName\":\"PSOL 50\",\"url\":\"https:\/\/psol50.org.br\/\",\"logo\":{\"@type\":\"ImageObject\",\"inLanguage\":\"pt-BR\",\"@id\":\"https:\/\/psol50.org.br\/#\/schema\/logo\/image\/\",\"url\":\"https:\/\/psol50.org.br\/inc\/uploads\/2018\/07\/capa.png\",\"contentUrl\":\"https:\/\/psol50.org.br\/inc\/uploads\/2018\/07\/capa.png\",\"width\":1350,\"height\":900,\"caption\":\"PSOL 50\"},\"image\":{\"@id\":\"https:\/\/psol50.org.br\/#\/schema\/logo\/image\/\"},\"sameAs\":[\"https:\/\/www.facebook.com\/psol50\",\"https:\/\/x.com\/psol50\",\"https:\/\/www.instagram.com\/psol50\/\",\"https:\/\/www.youtube.com\/channel\/UC7SnJS5o1os7a6CaiNabzcg\"]},{\"@type\":\"Person\",\"@id\":\"https:\/\/psol50.org.br\/#\/schema\/person\/475dfa57d0b815993c714c2e96491fcd\",\"name\":\"Comunica\u00e7\u00e3o PSOL\",\"image\":{\"@type\":\"ImageObject\",\"inLanguage\":\"pt-BR\",\"@id\":\"https:\/\/psol50.org.br\/#\/schema\/person\/image\/\",\"url\":\"https:\/\/secure.gravatar.com\/avatar\/b34fc4f4e468a4e51785917065a3db57b841f5c95dba6ad8c73aaf8f66f8f9bf?s=96&d=mm&r=g\",\"contentUrl\":\"https:\/\/secure.gravatar.com\/avatar\/b34fc4f4e468a4e51785917065a3db57b841f5c95dba6ad8c73aaf8f66f8f9bf?s=96&d=mm&r=g\",\"caption\":\"Comunica\u00e7\u00e3o PSOL\"}}]}<\/script>\n<!-- \/ Yoast SEO plugin. -->","yoast_head_json":{"title":"IVAN VALENTE: A quem serve Temer, o PMDB e sua proposta econ\u00f4mica - PSOL 50","robots":{"index":"index","follow":"follow","max-snippet":"max-snippet:-1","max-image-preview":"max-image-preview:large","max-video-preview":"max-video-preview:-1"},"canonical":"https:\/\/psol50.org.br\/a-quem-serve-temer-o-pmdb-e-sua-proposta-economica\/","og_locale":"pt_BR","og_type":"article","og_title":"IVAN VALENTE: A quem serve Temer, o PMDB e sua proposta econ\u00f4mica - PSOL 50","og_description":"O PMDB de Michel Temer, al\u00e9m de articular a debandada do governo, mesmo que num festival de fisiologismo e clientelismo, conspira com o impeachment e est\u00e1 preparando um programa de ajuste fiscal que surpreende os mais liberais defensores do mercado. Jorge Picciani, aquela lideran\u00e7a carioca que &#8220;prima&#8221; pela \u00e9tica e coer\u00eancia, apoiou A\u00e9cio Neves para [&hellip;]","og_url":"https:\/\/psol50.org.br\/a-quem-serve-temer-o-pmdb-e-sua-proposta-economica\/","og_site_name":"PSOL 50","article_publisher":"https:\/\/www.facebook.com\/psol50","article_published_time":"2016-03-28T19:25:47+00:00","og_image":[{"width":1350,"height":900,"url":"https:\/\/psol50.org.br\/inc\/uploads\/2018\/07\/capa.png","type":"image\/png"}],"author":"Comunica\u00e7\u00e3o PSOL","twitter_card":"summary_large_image","twitter_creator":"@psol50","twitter_site":"@psol50","twitter_misc":{"Escrito por":"Comunica\u00e7\u00e3o PSOL","Est. tempo de leitura":"3 minutos"},"schema":{"@context":"https:\/\/schema.org","@graph":[{"@type":"Article","@id":"https:\/\/psol50.org.br\/a-quem-serve-temer-o-pmdb-e-sua-proposta-economica\/#article","isPartOf":{"@id":"https:\/\/psol50.org.br\/a-quem-serve-temer-o-pmdb-e-sua-proposta-economica\/"},"author":{"name":"Comunica\u00e7\u00e3o PSOL","@id":"https:\/\/psol50.org.br\/#\/schema\/person\/475dfa57d0b815993c714c2e96491fcd"},"headline":"IVAN VALENTE: A quem serve Temer, o PMDB e sua proposta econ\u00f4mica","datePublished":"2016-03-28T19:25:47+00:00","mainEntityOfPage":{"@id":"https:\/\/psol50.org.br\/a-quem-serve-temer-o-pmdb-e-sua-proposta-economica\/"},"wordCount":670,"commentCount":0,"publisher":{"@id":"https:\/\/psol50.org.br\/#organization"},"image":{"@id":"https:\/\/psol50.org.br\/a-quem-serve-temer-o-pmdb-e-sua-proposta-economica\/#primaryimage"},"thumbnailUrl":"","keywords":["A\u00e9cio Neves","Ajuste Fiscal","C\u00e2mara dos Deputados","governo Dilma","impeachment","Ivan Valente","Leonardo Piacciani","mercado","Miche Temer","Opera\u00e7\u00e3o Lavo Jato","PMDB","proposta econ\u00f4mica","Rena Calheiros"],"articleSection":["Artigos","Brasil"],"inLanguage":"pt-BR","potentialAction":[{"@type":"CommentAction","name":"Comment","target":["https:\/\/psol50.org.br\/a-quem-serve-temer-o-pmdb-e-sua-proposta-economica\/#respond"]}]},{"@type":"WebPage","@id":"https:\/\/psol50.org.br\/a-quem-serve-temer-o-pmdb-e-sua-proposta-economica\/","url":"https:\/\/psol50.org.br\/a-quem-serve-temer-o-pmdb-e-sua-proposta-economica\/","name":"IVAN VALENTE: A quem serve Temer, o PMDB e sua proposta econ\u00f4mica - PSOL 50","isPartOf":{"@id":"https:\/\/psol50.org.br\/#website"},"primaryImageOfPage":{"@id":"https:\/\/psol50.org.br\/a-quem-serve-temer-o-pmdb-e-sua-proposta-economica\/#primaryimage"},"image":{"@id":"https:\/\/psol50.org.br\/a-quem-serve-temer-o-pmdb-e-sua-proposta-economica\/#primaryimage"},"thumbnailUrl":"","datePublished":"2016-03-28T19:25:47+00:00","breadcrumb":{"@id":"https:\/\/psol50.org.br\/a-quem-serve-temer-o-pmdb-e-sua-proposta-economica\/#breadcrumb"},"inLanguage":"pt-BR","potentialAction":[{"@type":"ReadAction","target":["https:\/\/psol50.org.br\/a-quem-serve-temer-o-pmdb-e-sua-proposta-economica\/"]}]},{"@type":"ImageObject","inLanguage":"pt-BR","@id":"https:\/\/psol50.org.br\/a-quem-serve-temer-o-pmdb-e-sua-proposta-economica\/#primaryimage","url":"","contentUrl":""},{"@type":"BreadcrumbList","@id":"https:\/\/psol50.org.br\/a-quem-serve-temer-o-pmdb-e-sua-proposta-economica\/#breadcrumb","itemListElement":[{"@type":"ListItem","position":1,"name":"In\u00edcio","item":"https:\/\/psol50.org.br\/"},{"@type":"ListItem","position":2,"name":"IVAN VALENTE: A quem serve Temer, o PMDB e sua proposta econ\u00f4mica"}]},{"@type":"WebSite","@id":"https:\/\/psol50.org.br\/#website","url":"https:\/\/psol50.org.br\/","name":"PSOL 50","description":"Site oficial do Partido Socialismo e Liberdade","publisher":{"@id":"https:\/\/psol50.org.br\/#organization"},"alternateName":"PSOL50","potentialAction":[{"@type":"SearchAction","target":{"@type":"EntryPoint","urlTemplate":"https:\/\/psol50.org.br\/?s={search_term_string}"},"query-input":{"@type":"PropertyValueSpecification","valueRequired":true,"valueName":"search_term_string"}}],"inLanguage":"pt-BR"},{"@type":"Organization","@id":"https:\/\/psol50.org.br\/#organization","name":"PSOL 50","alternateName":"PSOL 50","url":"https:\/\/psol50.org.br\/","logo":{"@type":"ImageObject","inLanguage":"pt-BR","@id":"https:\/\/psol50.org.br\/#\/schema\/logo\/image\/","url":"https:\/\/psol50.org.br\/inc\/uploads\/2018\/07\/capa.png","contentUrl":"https:\/\/psol50.org.br\/inc\/uploads\/2018\/07\/capa.png","width":1350,"height":900,"caption":"PSOL 50"},"image":{"@id":"https:\/\/psol50.org.br\/#\/schema\/logo\/image\/"},"sameAs":["https:\/\/www.facebook.com\/psol50","https:\/\/x.com\/psol50","https:\/\/www.instagram.com\/psol50\/","https:\/\/www.youtube.com\/channel\/UC7SnJS5o1os7a6CaiNabzcg"]},{"@type":"Person","@id":"https:\/\/psol50.org.br\/#\/schema\/person\/475dfa57d0b815993c714c2e96491fcd","name":"Comunica\u00e7\u00e3o PSOL","image":{"@type":"ImageObject","inLanguage":"pt-BR","@id":"https:\/\/psol50.org.br\/#\/schema\/person\/image\/","url":"https:\/\/secure.gravatar.com\/avatar\/b34fc4f4e468a4e51785917065a3db57b841f5c95dba6ad8c73aaf8f66f8f9bf?s=96&d=mm&r=g","contentUrl":"https:\/\/secure.gravatar.com\/avatar\/b34fc4f4e468a4e51785917065a3db57b841f5c95dba6ad8c73aaf8f66f8f9bf?s=96&d=mm&r=g","caption":"Comunica\u00e7\u00e3o PSOL"}}]}},"_links":{"self":[{"href":"https:\/\/psol50.org.br\/rest\/wp\/v2\/posts\/11829","targetHints":{"allow":["GET"]}}],"collection":[{"href":"https:\/\/psol50.org.br\/rest\/wp\/v2\/posts"}],"about":[{"href":"https:\/\/psol50.org.br\/rest\/wp\/v2\/types\/post"}],"author":[{"embeddable":true,"href":"https:\/\/psol50.org.br\/rest\/wp\/v2\/users\/2"}],"replies":[{"embeddable":true,"href":"https:\/\/psol50.org.br\/rest\/wp\/v2\/comments?post=11829"}],"version-history":[{"count":0,"href":"https:\/\/psol50.org.br\/rest\/wp\/v2\/posts\/11829\/revisions"}],"wp:featuredmedia":[{"embeddable":true,"href":"https:\/\/psol50.org.br\/rest\/"}],"wp:attachment":[{"href":"https:\/\/psol50.org.br\/rest\/wp\/v2\/media?parent=11829"}],"wp:term":[{"taxonomy":"category","embeddable":true,"href":"https:\/\/psol50.org.br\/rest\/wp\/v2\/categories?post=11829"},{"taxonomy":"post_tag","embeddable":true,"href":"https:\/\/psol50.org.br\/rest\/wp\/v2\/tags?post=11829"}],"curies":[{"name":"wp","href":"https:\/\/api.w.org\/{rel}","templated":true}]}}