{"id":1183,"date":"2006-06-06T00:00:00","date_gmt":"2006-06-06T00:00:00","guid":{"rendered":"http:\/\/psol50.org.br\/arquivo\/2006\/06\/06\/heloisa-helena-fala-sobre-a-manifestacao-do-mlst\/"},"modified":"2006-06-06T00:00:00","modified_gmt":"2006-06-06T00:00:00","slug":"heloisa-helena-fala-sobre-a-manifestacao-do-mlst","status":"publish","type":"post","link":"https:\/\/psol50.org.br\/heloisa-helena-fala-sobre-a-manifestacao-do-mlst\/","title":{"rendered":"Helo\u00edsa Helena fala sobre a manifesta\u00e7\u00e3o do MLST"},"content":{"rendered":"<p><img loading=\"lazy\" decoding=\"async\" width=\"60\" vspace=\"5\" hspace=\"5\" height=\"70\" border=\"0\" align=\"left\" src=\"images\/stories\/fotos\/060606hh.jpg\" \/>Cerca de 300 integrantes do MLST (Movimento pela Liberta&ccedil;&atilde;o dos<br \/>\nSem-Terra) ocuparam, na tarde do dia 6 de junho de 2006, a C&acirc;mara dos<br \/>\nDeputados. Manifestantes e funcion\u00e1rios da casa ficaram feridos. Ou&ccedil;a e leia o pronunciamento de Helo\u00edsa Helena sobre a manifesta&ccedil;&atilde;o<br \/>\ne suas consequ&ecirc;ncias.<\/p>\n<p><!--more--><\/p>\n<p>Sr. Presidente, Sr&ordf;s e Srs. Senadores, no in\u00edcio da sess&atilde;o, tive a<br \/>\noportunidade de fazer algumas breves considera&ccedil;&otilde;es sobre o tema, antes<br \/>\nmesmo de buscar as informa&ccedil;&otilde;es necess\u00e1rias, informa&ccedil;&otilde;es que agora tenho<br \/>\ncom mais precis&atilde;o. V\u00e1rios de nossos Parlamentares, como a nossa querida<br \/>\nDeputada Luciana Genro, pronunciaram-se na C&acirc;mara dos Deputados tamb\u00e9m.<br \/>\nMais uma vez, vou me pronunciar, com muita sinceridade mesmo, com muita<br \/>\ntranspar&ecirc;ncia mesmo, em rela&ccedil;&atilde;o ao fato.<\/p>\n<p>\u00c9 do conhecimento de todos que eu n&atilde;o tenho nenhum esp\u00edrito corporativo<br \/>\nem rela&ccedil;&atilde;o ao Congresso Nacional. V\u00e1rias vezes, disse que o fato de o<br \/>\nCongresso Nacional estar aberto e estarmos aqui a falar, a nos<br \/>\npronunciar e a votar n&atilde;o configura a democracia representativa no<br \/>\nBrasil. V\u00e1rias vezes, disse que n&atilde;o respeito muitos Parlamentares do<br \/>\nCongresso Nacional e que n&atilde;o respeito as maiorias que se formam no<br \/>\nCongresso Nacional para agir de forma prom\u00edscua e corrupta com o<br \/>\nPal\u00e1cio do Planalto. \u00c9 exatamente por isso que me sinto com muita<br \/>\nautoridade para repudiar a a&ccedil;&atilde;o que aconteceu na C&acirc;mara.<\/p>\n<p>Eu n&atilde;o tenho nenhum esp\u00edrito corporativo com este<br \/>\nCongresso Nacional, nenhum. H\u00e1 aqui muitos Parlamentares que eu n&atilde;o<br \/>\nrespeito, que desprezo, que n&atilde;o honram a med\u00edocre democracia<br \/>\nrepresentativa brasileira. Nenhum respeito eu tenho por esse balc&atilde;o de<br \/>\nneg\u00f3cios sujos que foi instalado pelo atual inquilino do Pal\u00e1cio do<br \/>\nPlanalto, em muito reproduzindo o que o inquilino anterior fazia, e de<br \/>\numa forma at\u00e9 pior. Ent&atilde;o, sinto-me muito &agrave; vontade para falar sobre<br \/>\nisso tamb\u00e9m.<\/p>\n<p>N&atilde;o estou entre aqueles, que considero reacion\u00e1rios, que criminalizam<br \/>\nos movimentos sociais. N&atilde;o estou. N&atilde;o estou entre aqueles que fazem um<br \/>\ndiscurso aqui e um outro completamente distinto quando est&atilde;o nos<br \/>\nacampamentos do MST, do MLST ou do MTL. A minha fala aqui \u00e9 a mesma<br \/>\nfala que fa&ccedil;o em qualquer acampamento.<\/p>\n<p>Sabem todos que j\u00e1 participei de ocupa&ccedil;&atilde;o de terras. Senti na pele o<br \/>\nque \u00e9 correr pelo meio da mata com tiros de espingarda calibre 12 atr\u00e1s<br \/>\nde mim. Sei exatamente o que \u00e9 estar em um acampamento, sei exatamente<br \/>\no que \u00e9 o frio cortando os ossos durante a madrugada e o calor<br \/>\ninsuport\u00e1vel durante todo o dia. Eu sei o que \u00e9. Portanto, n&atilde;o estou<br \/>\nentre aqueles que criminalizam os movimentos sociais que lutam pela<br \/>\nreforma agr\u00e1ria. Contudo, esse fato deve ser tratado da forma como se<br \/>\nmanifesta.<\/p>\n<p>H\u00e1 algo acontecendo no Brasil que<br \/>\ndiz respeito &agrave;s c\u00fapulas de muitos movimentos sociais. Essa situa&ccedil;&atilde;o<br \/>\nocorre na CUT, na UNE e nos movimentos sociais que lutam pela reforma<br \/>\nagr\u00e1ria. De fato, muitos representantes das c\u00fapulas dos movimentos<br \/>\nsociais, que se comportam de forma subserviente, acovardada e<br \/>\nsubordinada aos interesses do Governo Lula, sentem a press&atilde;o das suas<br \/>\nbases, a press&atilde;o dos acampamentos, que s&atilde;o favelas rurais, onde as<br \/>\npessoas s\u00f3 vivem a cada tr&ecirc;s meses, quando chega uma rid\u00edcula cesta<br \/>\nb\u00e1sica, onde n&atilde;o h\u00e1 zoneamento agr\u00edcola, n&atilde;o h\u00e1 cr\u00e9dito, n&atilde;o h\u00e1<br \/>\nsubs\u00eddio, n&atilde;o h\u00e1 assist&ecirc;ncia t\u00e9cnica, n&atilde;o h\u00e1 nada. As c\u00fapulas dos<br \/>\nmovimentos sociais, inclusive membros da Dire&ccedil;&atilde;o Nacional do PT, da<br \/>\ncorriola e da cozinha do Presidente Lula, n&atilde;o t&ecirc;m coragem de ir ao<br \/>\nendere&ccedil;o certo, at\u00e9 &agrave; posi&ccedil;&atilde;o radical necess\u00e1ria, porque ser radical \u00e9<br \/>\nir &agrave; raiz do problema, e a raiz do problema est\u00e1 na incompet&ecirc;ncia, na<br \/>\nirresponsabilidade e na insensibilidade do Governo em n&atilde;o fazer a<br \/>\nreforma agr\u00e1ria.<\/p>\n<p>Ent&atilde;o, por que vir para c\u00e1? Qual \u00e9 a justificativa de vir ao Congresso<br \/>\nNacional? Digo sempre que o Congresso Nacional est\u00e1 desmoralizado. Se<br \/>\num cidad&atilde;o entrasse nesta Casa para fazer algum ato de agress&atilde;o, eu at\u00e9<br \/>\nentenderia por que isso poderia estar acontecendo. Agora, um movimento<br \/>\nsocial articulado, organizado, da dire&ccedil;&atilde;o do Partido, da cozinha do<br \/>\nPresidente Lula, vir para c\u00e1 e ter esse tipo de atitude! Isso n&atilde;o \u00e9<br \/>\natitude radical cois\u00edssima nenhuma! Isso \u00e9 uma farsa radical\u00f3ide de uma<br \/>\ndire&ccedil;&atilde;o partid\u00e1ria vendida, que busca tentar amenizar os conflitos com<br \/>\nsuas bases, que est&atilde;o morrendo de fome porque n&atilde;o h\u00e1 reforma agr\u00e1ria. E<br \/>\nacaba sobrando para quem? Para um pobre. Porque n&atilde;o foi nenhum Deputado<br \/>\nnem Senador que foi agredido. N&atilde;o foi nenhum Deputado ou Senador da<br \/>\nbase de bajula&ccedil;&atilde;o do Governo Lula, que permite o contingenciamento dos<br \/>\nrecursos para a reforma agr\u00e1ria, que permite a n&atilde;o execu&ccedil;&atilde;o<br \/>\nor&ccedil;ament\u00e1ria dos recursos para a reforma agr\u00e1ria. Sobrou para quem,<br \/>\nSenador Romeu Tuma? Sobrou para um pobre funcion\u00e1rio da Casa, que est\u00e1<br \/>\ncom traumatismo craniano, que est\u00e1 em coma induzido, pelas convuls&otilde;es<br \/>\ndo traumatismo craniano.<\/p>\n<p>Ent&atilde;o, temos que deixar claro o rep\u00fadio. E, volto a repetir, fa&ccedil;o isso<br \/>\ncom tranq&uuml;ilidade. Absolutamente com tranq&uuml;ilidade. Sei que o que<br \/>\ndesmoraliza o Congresso Nacional \u00e9 o mensal&atilde;o, \u00e9 a covardia diante do<br \/>\nCongresso Nacional, \u00e9 n&atilde;o convocar o Congresso para derrubar veto. Eu<br \/>\nsei o que \u00e9 que desmoraliza o Congresso Nacional. E sei tamb\u00e9m que<br \/>\nmuitas pessoas que acompanham os trabalhos do Congresso Nacional devem<br \/>\nestar achando at\u00e9 interessante. Muitas pessoas que detestam o Congresso<br \/>\nNacional, que n&atilde;o respeitam o Congresso Nacional, pela posi&ccedil;&atilde;o<br \/>\nacovardada e corrupta de alguns, at\u00e9 devem achar interessante, como bem<br \/>\ndisse o Senador Magno Malta.<\/p>\n<p>Mas \u00e9 importante deixar claro que o endere&ccedil;o est\u00e1 errado. O endere&ccedil;o<br \/>\nest\u00e1 errado. Quem desmoraliza o Congresso Nacional \u00e9 a turma dos<br \/>\nd\u00f3lares nas pe&ccedil;as \u00edntimas do vestu\u00e1rio masculino, \u00e9 a turma da remessa<br \/>\nde bilh&otilde;es de d\u00f3lares para os para\u00edsos fiscais para pagar contas do Sr.<br \/>\nLula e do Sr. PT, \u00e9 a turma da base de bajula&ccedil;&atilde;o do Governo que n&atilde;o<br \/>\nobriga o Governo &agrave; execu&ccedil;&atilde;o or&ccedil;ament\u00e1ria para os recursos da reforma<br \/>\nagr\u00e1ria. N&atilde;o \u00e9 o pobre funcion\u00e1rio aqui do Congresso Nacional. N&atilde;o \u00e9!<\/p>\n<p>Os nossos Parlamentares do P-SOL, que inclusive aqui est&atilde;o &#8211; o Deputado<br \/>\nBab\u00e1, o Deputado Jo&atilde;o Alfredo -, tiveram um papel muito importante no<br \/>\ndebate, na defesa da reforma agr\u00e1ria, na defesa dos movimentos sociais,<br \/>\nna n&atilde;o-criminaliza&ccedil;&atilde;o dos movimentos sociais. Mas, volto a repetir, o<br \/>\nendere&ccedil;o est\u00e1 errado. O endere&ccedil;o \u00e9 do outro lado da pra&ccedil;a, o endere&ccedil;o \u00e9<br \/>\nl\u00e1 no Pal\u00e1cio do Planalto. N&atilde;o \u00e9 o Congresso Nacional que<br \/>\ndescontingencia verba, n&atilde;o \u00e9 o Congresso Nacional que n&atilde;o executa,<br \/>\napesar, volto a repetir, de as maiorias de Senadores e Deputados que<br \/>\ns&atilde;o da base de bajula&ccedil;&atilde;o do Governo Lula, que n&atilde;o se respeitam, que<br \/>\nacobertam ladr&atilde;o de ambul&acirc;ncia, mensaleiro e outras coisas mais, que<br \/>\ngeram a indigna&ccedil;&atilde;o da sociedade de uma forma em geral. Mesmo com tudo<br \/>\nisso, n&atilde;o podemos aceitar o ato de covardia pol\u00edtica, da farsa<br \/>\nradical\u00f3ide que foi o ato que acabou acontecendo hoje aqui.<\/p>\n<p><img loading=\"lazy\" decoding=\"async\" width=\"16\" vspace=\"0\" hspace=\"0\" height=\"16\" border=\"0\" align=\"left\" src=\"images\/stories\/icones\/audio.gif\" \/>&nbsp; <a href=\"http:\/\/www.senado.gov.br\/radio\/download.asp?nomArquivo=0606heloisa.mp3\" target=\"_blank\" rel=\"noopener\">Ou&ccedil;a o pronunciamento de Helo\u00edsa Helena<\/a><\/p>\n","protected":false},"excerpt":{"rendered":"<p>Cerca de 300 integrantes do MLST (Movimento pela Liberta&ccedil;&atilde;o dos Sem-Terra) ocuparam, na tarde do dia 6 de junho de 2006, a C&acirc;mara dos Deputados. Manifestantes e funcion\u00e1rios da casa ficaram feridos. Ou&ccedil;a e leia o pronunciamento de Helo\u00edsa Helena sobre a manifesta&ccedil;&atilde;o e suas consequ&ecirc;ncias.<\/p>\n","protected":false},"author":2,"featured_media":0,"comment_status":"open","ping_status":"open","sticky":false,"template":"","format":"standard","meta":{"_acf_changed":false,"footnotes":""},"categories":[4766],"tags":[],"class_list":{"0":"post-1183","1":"post","2":"type-post","3":"status-publish","4":"format-standard","6":"category-arquivo"},"acf":[],"yoast_head":"<!-- This site is optimized with the Yoast SEO plugin v26.5 - https:\/\/yoast.com\/wordpress\/plugins\/seo\/ -->\n<title>Helo\u00edsa Helena fala sobre a manifesta\u00e7\u00e3o do MLST - PSOL 50<\/title>\n<meta name=\"robots\" content=\"index, follow, max-snippet:-1, max-image-preview:large, max-video-preview:-1\" \/>\n<link rel=\"canonical\" href=\"https:\/\/psol50.org.br\/heloisa-helena-fala-sobre-a-manifestacao-do-mlst\/\" \/>\n<meta property=\"og:locale\" content=\"pt_BR\" \/>\n<meta property=\"og:type\" content=\"article\" \/>\n<meta property=\"og:title\" content=\"Helo\u00edsa Helena fala sobre a manifesta\u00e7\u00e3o do MLST - PSOL 50\" \/>\n<meta property=\"og:description\" content=\"Cerca de 300 integrantes do MLST (Movimento pela Liberta&ccedil;&atilde;o dos Sem-Terra) ocuparam, na tarde do dia 6 de junho de 2006, a C&acirc;mara dos Deputados. Manifestantes e funcion\u00e1rios da casa ficaram feridos. Ou&ccedil;a e leia o pronunciamento de Helo\u00edsa Helena sobre a manifesta&ccedil;&atilde;o e suas consequ&ecirc;ncias.\" \/>\n<meta property=\"og:url\" content=\"https:\/\/psol50.org.br\/heloisa-helena-fala-sobre-a-manifestacao-do-mlst\/\" \/>\n<meta property=\"og:site_name\" content=\"PSOL 50\" \/>\n<meta property=\"article:publisher\" content=\"https:\/\/www.facebook.com\/psol50\" \/>\n<meta property=\"article:published_time\" content=\"2006-06-06T00:00:00+00:00\" \/>\n<meta property=\"og:image\" content=\"http:\/\/images\/stories\/fotos\/060606hh.jpg\" \/>\n<meta name=\"author\" content=\"Comunica\u00e7\u00e3o PSOL\" \/>\n<meta name=\"twitter:card\" content=\"summary_large_image\" \/>\n<meta name=\"twitter:creator\" content=\"@psol50\" \/>\n<meta name=\"twitter:site\" content=\"@psol50\" \/>\n<meta name=\"twitter:label1\" content=\"Escrito por\" \/>\n\t<meta name=\"twitter:data1\" content=\"Comunica\u00e7\u00e3o PSOL\" \/>\n\t<meta name=\"twitter:label2\" content=\"Est. tempo de leitura\" \/>\n\t<meta name=\"twitter:data2\" content=\"7 minutos\" \/>\n<script type=\"application\/ld+json\" class=\"yoast-schema-graph\">{\"@context\":\"https:\/\/schema.org\",\"@graph\":[{\"@type\":\"Article\",\"@id\":\"https:\/\/psol50.org.br\/heloisa-helena-fala-sobre-a-manifestacao-do-mlst\/#article\",\"isPartOf\":{\"@id\":\"https:\/\/psol50.org.br\/heloisa-helena-fala-sobre-a-manifestacao-do-mlst\/\"},\"author\":{\"name\":\"Comunica\u00e7\u00e3o PSOL\",\"@id\":\"https:\/\/psol50.org.br\/#\/schema\/person\/475dfa57d0b815993c714c2e96491fcd\"},\"headline\":\"Helo\u00edsa Helena fala sobre a manifesta\u00e7\u00e3o do MLST\",\"datePublished\":\"2006-06-06T00:00:00+00:00\",\"mainEntityOfPage\":{\"@id\":\"https:\/\/psol50.org.br\/heloisa-helena-fala-sobre-a-manifestacao-do-mlst\/\"},\"wordCount\":1390,\"commentCount\":0,\"publisher\":{\"@id\":\"https:\/\/psol50.org.br\/#organization\"},\"articleSection\":[\"Arquivo\"],\"inLanguage\":\"pt-BR\",\"potentialAction\":[{\"@type\":\"CommentAction\",\"name\":\"Comment\",\"target\":[\"https:\/\/psol50.org.br\/heloisa-helena-fala-sobre-a-manifestacao-do-mlst\/#respond\"]}]},{\"@type\":\"WebPage\",\"@id\":\"https:\/\/psol50.org.br\/heloisa-helena-fala-sobre-a-manifestacao-do-mlst\/\",\"url\":\"https:\/\/psol50.org.br\/heloisa-helena-fala-sobre-a-manifestacao-do-mlst\/\",\"name\":\"Helo\u00edsa Helena fala sobre a manifesta\u00e7\u00e3o do MLST - PSOL 50\",\"isPartOf\":{\"@id\":\"https:\/\/psol50.org.br\/#website\"},\"datePublished\":\"2006-06-06T00:00:00+00:00\",\"breadcrumb\":{\"@id\":\"https:\/\/psol50.org.br\/heloisa-helena-fala-sobre-a-manifestacao-do-mlst\/#breadcrumb\"},\"inLanguage\":\"pt-BR\",\"potentialAction\":[{\"@type\":\"ReadAction\",\"target\":[\"https:\/\/psol50.org.br\/heloisa-helena-fala-sobre-a-manifestacao-do-mlst\/\"]}]},{\"@type\":\"BreadcrumbList\",\"@id\":\"https:\/\/psol50.org.br\/heloisa-helena-fala-sobre-a-manifestacao-do-mlst\/#breadcrumb\",\"itemListElement\":[{\"@type\":\"ListItem\",\"position\":1,\"name\":\"In\u00edcio\",\"item\":\"https:\/\/psol50.org.br\/\"},{\"@type\":\"ListItem\",\"position\":2,\"name\":\"Helo\u00edsa Helena fala sobre a manifesta\u00e7\u00e3o do MLST\"}]},{\"@type\":\"WebSite\",\"@id\":\"https:\/\/psol50.org.br\/#website\",\"url\":\"https:\/\/psol50.org.br\/\",\"name\":\"PSOL 50\",\"description\":\"Site oficial do Partido Socialismo e Liberdade\",\"publisher\":{\"@id\":\"https:\/\/psol50.org.br\/#organization\"},\"alternateName\":\"PSOL50\",\"potentialAction\":[{\"@type\":\"SearchAction\",\"target\":{\"@type\":\"EntryPoint\",\"urlTemplate\":\"https:\/\/psol50.org.br\/?s={search_term_string}\"},\"query-input\":{\"@type\":\"PropertyValueSpecification\",\"valueRequired\":true,\"valueName\":\"search_term_string\"}}],\"inLanguage\":\"pt-BR\"},{\"@type\":\"Organization\",\"@id\":\"https:\/\/psol50.org.br\/#organization\",\"name\":\"PSOL 50\",\"alternateName\":\"PSOL 50\",\"url\":\"https:\/\/psol50.org.br\/\",\"logo\":{\"@type\":\"ImageObject\",\"inLanguage\":\"pt-BR\",\"@id\":\"https:\/\/psol50.org.br\/#\/schema\/logo\/image\/\",\"url\":\"https:\/\/psol50.org.br\/inc\/uploads\/2018\/07\/capa.png\",\"contentUrl\":\"https:\/\/psol50.org.br\/inc\/uploads\/2018\/07\/capa.png\",\"width\":1350,\"height\":900,\"caption\":\"PSOL 50\"},\"image\":{\"@id\":\"https:\/\/psol50.org.br\/#\/schema\/logo\/image\/\"},\"sameAs\":[\"https:\/\/www.facebook.com\/psol50\",\"https:\/\/x.com\/psol50\",\"https:\/\/www.instagram.com\/psol50\/\",\"https:\/\/www.youtube.com\/channel\/UC7SnJS5o1os7a6CaiNabzcg\"]},{\"@type\":\"Person\",\"@id\":\"https:\/\/psol50.org.br\/#\/schema\/person\/475dfa57d0b815993c714c2e96491fcd\",\"name\":\"Comunica\u00e7\u00e3o PSOL\",\"image\":{\"@type\":\"ImageObject\",\"inLanguage\":\"pt-BR\",\"@id\":\"https:\/\/psol50.org.br\/#\/schema\/person\/image\/\",\"url\":\"https:\/\/secure.gravatar.com\/avatar\/b34fc4f4e468a4e51785917065a3db57b841f5c95dba6ad8c73aaf8f66f8f9bf?s=96&d=mm&r=g\",\"contentUrl\":\"https:\/\/secure.gravatar.com\/avatar\/b34fc4f4e468a4e51785917065a3db57b841f5c95dba6ad8c73aaf8f66f8f9bf?s=96&d=mm&r=g\",\"caption\":\"Comunica\u00e7\u00e3o PSOL\"}}]}<\/script>\n<!-- \/ Yoast SEO plugin. -->","yoast_head_json":{"title":"Helo\u00edsa Helena fala sobre a manifesta\u00e7\u00e3o do MLST - PSOL 50","robots":{"index":"index","follow":"follow","max-snippet":"max-snippet:-1","max-image-preview":"max-image-preview:large","max-video-preview":"max-video-preview:-1"},"canonical":"https:\/\/psol50.org.br\/heloisa-helena-fala-sobre-a-manifestacao-do-mlst\/","og_locale":"pt_BR","og_type":"article","og_title":"Helo\u00edsa Helena fala sobre a manifesta\u00e7\u00e3o do MLST - PSOL 50","og_description":"Cerca de 300 integrantes do MLST (Movimento pela Liberta&ccedil;&atilde;o dos Sem-Terra) ocuparam, na tarde do dia 6 de junho de 2006, a C&acirc;mara dos Deputados. Manifestantes e funcion\u00e1rios da casa ficaram feridos. Ou&ccedil;a e leia o pronunciamento de Helo\u00edsa Helena sobre a manifesta&ccedil;&atilde;o e suas consequ&ecirc;ncias.","og_url":"https:\/\/psol50.org.br\/heloisa-helena-fala-sobre-a-manifestacao-do-mlst\/","og_site_name":"PSOL 50","article_publisher":"https:\/\/www.facebook.com\/psol50","article_published_time":"2006-06-06T00:00:00+00:00","og_image":[{"url":"images\/stories\/fotos\/060606hh.jpg","type":"","width":"","height":""}],"author":"Comunica\u00e7\u00e3o PSOL","twitter_card":"summary_large_image","twitter_creator":"@psol50","twitter_site":"@psol50","twitter_misc":{"Escrito por":"Comunica\u00e7\u00e3o PSOL","Est. tempo de leitura":"7 minutos"},"schema":{"@context":"https:\/\/schema.org","@graph":[{"@type":"Article","@id":"https:\/\/psol50.org.br\/heloisa-helena-fala-sobre-a-manifestacao-do-mlst\/#article","isPartOf":{"@id":"https:\/\/psol50.org.br\/heloisa-helena-fala-sobre-a-manifestacao-do-mlst\/"},"author":{"name":"Comunica\u00e7\u00e3o PSOL","@id":"https:\/\/psol50.org.br\/#\/schema\/person\/475dfa57d0b815993c714c2e96491fcd"},"headline":"Helo\u00edsa Helena fala sobre a manifesta\u00e7\u00e3o do MLST","datePublished":"2006-06-06T00:00:00+00:00","mainEntityOfPage":{"@id":"https:\/\/psol50.org.br\/heloisa-helena-fala-sobre-a-manifestacao-do-mlst\/"},"wordCount":1390,"commentCount":0,"publisher":{"@id":"https:\/\/psol50.org.br\/#organization"},"articleSection":["Arquivo"],"inLanguage":"pt-BR","potentialAction":[{"@type":"CommentAction","name":"Comment","target":["https:\/\/psol50.org.br\/heloisa-helena-fala-sobre-a-manifestacao-do-mlst\/#respond"]}]},{"@type":"WebPage","@id":"https:\/\/psol50.org.br\/heloisa-helena-fala-sobre-a-manifestacao-do-mlst\/","url":"https:\/\/psol50.org.br\/heloisa-helena-fala-sobre-a-manifestacao-do-mlst\/","name":"Helo\u00edsa Helena fala sobre a manifesta\u00e7\u00e3o do MLST - PSOL 50","isPartOf":{"@id":"https:\/\/psol50.org.br\/#website"},"datePublished":"2006-06-06T00:00:00+00:00","breadcrumb":{"@id":"https:\/\/psol50.org.br\/heloisa-helena-fala-sobre-a-manifestacao-do-mlst\/#breadcrumb"},"inLanguage":"pt-BR","potentialAction":[{"@type":"ReadAction","target":["https:\/\/psol50.org.br\/heloisa-helena-fala-sobre-a-manifestacao-do-mlst\/"]}]},{"@type":"BreadcrumbList","@id":"https:\/\/psol50.org.br\/heloisa-helena-fala-sobre-a-manifestacao-do-mlst\/#breadcrumb","itemListElement":[{"@type":"ListItem","position":1,"name":"In\u00edcio","item":"https:\/\/psol50.org.br\/"},{"@type":"ListItem","position":2,"name":"Helo\u00edsa Helena fala sobre a manifesta\u00e7\u00e3o do MLST"}]},{"@type":"WebSite","@id":"https:\/\/psol50.org.br\/#website","url":"https:\/\/psol50.org.br\/","name":"PSOL 50","description":"Site oficial do Partido Socialismo e Liberdade","publisher":{"@id":"https:\/\/psol50.org.br\/#organization"},"alternateName":"PSOL50","potentialAction":[{"@type":"SearchAction","target":{"@type":"EntryPoint","urlTemplate":"https:\/\/psol50.org.br\/?s={search_term_string}"},"query-input":{"@type":"PropertyValueSpecification","valueRequired":true,"valueName":"search_term_string"}}],"inLanguage":"pt-BR"},{"@type":"Organization","@id":"https:\/\/psol50.org.br\/#organization","name":"PSOL 50","alternateName":"PSOL 50","url":"https:\/\/psol50.org.br\/","logo":{"@type":"ImageObject","inLanguage":"pt-BR","@id":"https:\/\/psol50.org.br\/#\/schema\/logo\/image\/","url":"https:\/\/psol50.org.br\/inc\/uploads\/2018\/07\/capa.png","contentUrl":"https:\/\/psol50.org.br\/inc\/uploads\/2018\/07\/capa.png","width":1350,"height":900,"caption":"PSOL 50"},"image":{"@id":"https:\/\/psol50.org.br\/#\/schema\/logo\/image\/"},"sameAs":["https:\/\/www.facebook.com\/psol50","https:\/\/x.com\/psol50","https:\/\/www.instagram.com\/psol50\/","https:\/\/www.youtube.com\/channel\/UC7SnJS5o1os7a6CaiNabzcg"]},{"@type":"Person","@id":"https:\/\/psol50.org.br\/#\/schema\/person\/475dfa57d0b815993c714c2e96491fcd","name":"Comunica\u00e7\u00e3o PSOL","image":{"@type":"ImageObject","inLanguage":"pt-BR","@id":"https:\/\/psol50.org.br\/#\/schema\/person\/image\/","url":"https:\/\/secure.gravatar.com\/avatar\/b34fc4f4e468a4e51785917065a3db57b841f5c95dba6ad8c73aaf8f66f8f9bf?s=96&d=mm&r=g","contentUrl":"https:\/\/secure.gravatar.com\/avatar\/b34fc4f4e468a4e51785917065a3db57b841f5c95dba6ad8c73aaf8f66f8f9bf?s=96&d=mm&r=g","caption":"Comunica\u00e7\u00e3o PSOL"}}]}},"_links":{"self":[{"href":"https:\/\/psol50.org.br\/rest\/wp\/v2\/posts\/1183","targetHints":{"allow":["GET"]}}],"collection":[{"href":"https:\/\/psol50.org.br\/rest\/wp\/v2\/posts"}],"about":[{"href":"https:\/\/psol50.org.br\/rest\/wp\/v2\/types\/post"}],"author":[{"embeddable":true,"href":"https:\/\/psol50.org.br\/rest\/wp\/v2\/users\/2"}],"replies":[{"embeddable":true,"href":"https:\/\/psol50.org.br\/rest\/wp\/v2\/comments?post=1183"}],"version-history":[{"count":0,"href":"https:\/\/psol50.org.br\/rest\/wp\/v2\/posts\/1183\/revisions"}],"wp:attachment":[{"href":"https:\/\/psol50.org.br\/rest\/wp\/v2\/media?parent=1183"}],"wp:term":[{"taxonomy":"category","embeddable":true,"href":"https:\/\/psol50.org.br\/rest\/wp\/v2\/categories?post=1183"},{"taxonomy":"post_tag","embeddable":true,"href":"https:\/\/psol50.org.br\/rest\/wp\/v2\/tags?post=1183"}],"curies":[{"name":"wp","href":"https:\/\/api.w.org\/{rel}","templated":true}]}}