{"id":11842,"date":"2016-03-28T20:01:48","date_gmt":"2016-03-28T20:01:48","guid":{"rendered":"http:\/\/www.psol50.org.br\/?p=11842"},"modified":"2016-03-28T20:01:48","modified_gmt":"2016-03-28T20:01:48","slug":"psol-de-niteroi-inicia-debates-para-elaboracao-do-programa-de-governo","status":"publish","type":"post","link":"https:\/\/psol50.org.br\/psol-de-niteroi-inicia-debates-para-elaboracao-do-programa-de-governo\/","title":{"rendered":"PSOL de Niter\u00f3i inicia debates para elabora\u00e7\u00e3o\u00a0do programa de governo"},"content":{"rendered":"<p>Com o objetivo de debater propostas que possam contribuir na elabora\u00e7\u00e3o do programa de governo da Prefeitura de Niter\u00f3i, o PSOL realiza, nesta segunda-feira (28), o debate Niter\u00f3i Por N\u00f3s: Lan\u00e7amento do Programa Movimento para Transformar a Cidade.<\/p>\n<p>Niter\u00f3i por N\u00f3s \u00e9 um processo de debates tem\u00e1tico e tamb\u00e9m espalhado pelas diferentes regi\u00f5es da cidade. A ideia \u00e9 pensar num programa em movimento e mobilizador, e construir uma nova perspectiva, radicalmente diferente e vi\u00e1vel. \u201cO PSOL convida a cidade de Niter\u00f3i a enfrentar esse desafio. A de construir uma candidatura para prefeito de Niter\u00f3i baseada nesses princ\u00edpios. Muito mais do que apresentar a pr\u00e9-candidatura de Flavio Serafini para concorrer ao pleito, queremos apresentar um projeto coletivo, do tamanho do desafio que ser\u00e1 enfrentar os podres poderes da cidade. Precisamos da mobiliza\u00e7\u00e3o cidad\u00e3, do envolvimento dos trabalhadores e trabalhadoras da cidade\u201d.<\/p>\n<p>Al\u00e9m dos convidados abaixo, a atividade tamb\u00e9m contar\u00e1 com a presen\u00e7a do MTST Niter\u00f3i &#8211; Ocupa\u00e7\u00e3o 06 de abril, professores em greve, estudantes secundaristas e trabalhadores em luta contra a Ebserh na UFF.<\/p>\n<p>Saiba mais:\u00a0<a href=\"http:\/\/migre.me\/tjlbB\">http:\/\/migre.me\/tjlbB<\/a><\/p>\n<p>Presen\u00e7as confirmadas:<\/p>\n<p><a href=\"https:\/\/www.facebook.com\/hashtag\/flavioserafini\" data-ft=\"{&quot;tn&quot;:&quot;*N&quot;,&quot;type&quot;:104}\">#FlavioSerafini<\/a>\u00a0&#8211; Deputado estadual e professor de Sociologia, apresentou o programa do PSOL para a prefeitura de Niter\u00f3i e recebeu 18,40% dos votos nas \u00faltimas elei\u00e7\u00f5es.<\/p>\n<p><a href=\"https:\/\/www.facebook.com\/hashtag\/marcelofreixo\" data-ft=\"{&quot;tn&quot;:&quot;*N&quot;,&quot;type&quot;:104}\">#MarceloFreixo<\/a>\u00a0&#8211; Deputado estadual e professor de Hist\u00f3ria, apresentou o programa do PSOL para a prefeitura do Rio de Janeiro e recebeu 28,15% dos votos nas \u00faltimas elei\u00e7\u00f5es.<\/p>\n<p><a href=\"https:\/\/www.facebook.com\/hashtag\/lucianagenro\" data-ft=\"{&quot;tn&quot;:&quot;*N&quot;,&quot;type&quot;:104}\">#LucianaGenro<\/a>\u00a0&#8211; Ex-deputada federal, advogada e candidata do PSOL \u00e0 Presid\u00eancia da Rep\u00fablica nas \u00faltimas elei\u00e7\u00f5es.<\/p>\n<p><a href=\"https:\/\/www.facebook.com\/hashtag\/tarc%C3%ADsiomotta\" data-ft=\"{&quot;tn&quot;:&quot;*N&quot;,&quot;type&quot;:104}\">#Tarc\u00edsioMotta<\/a>\u00a0&#8211; Professor secundarista, apresentou o projeto do PSOL para o governo estadual do Rio de Janeiro e recebeu 9% dos votos nas \u00faltimas elei\u00e7\u00f5es.<\/p>\n<p><a href=\"https:\/\/www.facebook.com\/hashtag\/renat%C3%A3odoquilombo\" data-ft=\"{&quot;tn&quot;:&quot;*N&quot;,&quot;type&quot;:104}\">#Renat\u00e3odoQuilombo<\/a>\u00a0&#8211; Ex-vereador de Niter\u00f3i, quilombola do Grot\u00e3o e militante do movimento negro.<\/p>\n<p><a href=\"https:\/\/www.facebook.com\/hashtag\/renatinho\" data-ft=\"{&quot;tn&quot;:&quot;*N&quot;,&quot;type&quot;:104}\">#Renatinho<\/a>\u00a0&#8211; Vereador de Niter\u00f3i, ex-vendedor ambulante.<\/p>\n<p><a href=\"https:\/\/www.facebook.com\/hashtag\/martasilva\" data-ft=\"{&quot;tn&quot;:&quot;*N&quot;,&quot;type&quot;:104}\">#MartaSilva<\/a>\u00a0&#8211; Ex-moradora do Bumba e militante do movimento sem-teto em Niter\u00f3i.<\/p>\n<p><a href=\"https:\/\/www.facebook.com\/hashtag\/henriquevieira\" data-ft=\"{&quot;tn&quot;:&quot;*N&quot;,&quot;type&quot;:104}\">#HenriqueVieira<\/a>\u00a0&#8211; Vereador de Niter\u00f3i, professor, te\u00f3logo e militante dos direitos humanos.<\/p>\n<p><a href=\"https:\/\/www.facebook.com\/hashtag\/pauloeduardogomes\" data-ft=\"{&quot;tn&quot;:&quot;*N&quot;,&quot;type&quot;:104}\">#PauloEduardoGomes<\/a>\u00a0&#8211; Vereador de Niter\u00f3i, engenheiro e professor.<\/p>\n<p><a href=\"https:\/\/www.facebook.com\/hashtag\/reginabienenstein\" data-ft=\"{&quot;tn&quot;:&quot;*N&quot;,&quot;type&quot;:104}\">#ReginaBienenstein<\/a>\u00a0&#8211; Professora de Arquitetura e Urbanismo da UFF, especialista em Planejamento e Projeto do Espa\u00e7o Urbano com \u00eanfase em assentamento popular, regulariza\u00e7\u00e3o fundi\u00e1ria, redesenho urban\u00edstico, participa\u00e7\u00e3o popular e habita\u00e7\u00e3o popular.<\/p>\n<p><a href=\"https:\/\/www.facebook.com\/hashtag\/pedrorosa\" data-ft=\"{&quot;tn&quot;:&quot;*N&quot;,&quot;type&quot;:104}\">#PedroRosa<\/a>\u00a0&#8211; Candidato ao Senado com o programa do PSOL nas \u00faltimas elei\u00e7\u00f5es, \u00e9 diretor do Sindicato de T\u00e9cnicos e T\u00e9cnicas da UFF, setor que tem sido fundamental na luta contra a Ebserh na universidade.<\/p>\n<p>O evento ser\u00e1 nesta segunda-feira (28), no audit\u00f3rio do Bloco O &#8211; Campus do Gragoat\u00e1 da UFF (Universidade Federal Fluminense).<\/p>\n<p><img loading=\"lazy\" decoding=\"async\" class=\"alignnone size-full wp-image-11844\" src=\"http:\/\/www.psol50.org.br\/inc\/uploads\/2016\/03\/Debate-PSOL-Niter\u00f3i.png\" alt=\"Debate PSOL Niter\u00f3i\" width=\"610\" height=\"610\" \/><\/p>\n","protected":false},"excerpt":{"rendered":"<p>Com o objetivo de debater propostas que possam contribuir na elabora\u00e7\u00e3o do programa de governo da Prefeitura de Niter\u00f3i, o PSOL realiza, nesta segunda-feira (28), o debate Niter\u00f3i Por N\u00f3s: Lan\u00e7amento do Programa Movimento para Transformar a Cidade. Niter\u00f3i por N\u00f3s \u00e9 um processo de debates tem\u00e1tico e tamb\u00e9m espalhado pelas diferentes regi\u00f5es da cidade. [&hellip;]<\/p>\n","protected":false},"author":2,"featured_media":11843,"comment_status":"open","ping_status":"open","sticky":false,"template":"","format":"standard","meta":{"_acf_changed":false,"footnotes":""},"categories":[2208,654,1104,14],"tags":[1118,2174,161,4126,3879,3819,4127,1754],"class_list":{"0":"post-11842","1":"post","2":"type-post","3":"status-publish","4":"format-standard","5":"has-post-thumbnail","7":"category-educacao","8":"category-estados","9":"category-movimento","10":"category-partido","11":"tag-flavio-serafini","12":"tag-luciana-genro","13":"tag-marcelo-freixo","14":"tag-niteroi-por-nos","15":"tag-programa-de-governo","16":"tag-psol-niteroi","17":"tag-renatao-do-quilombo","18":"tag-tarcisio-motta"},"acf":[],"yoast_head":"<!-- This site is optimized with the Yoast SEO plugin v26.5 - https:\/\/yoast.com\/wordpress\/plugins\/seo\/ -->\n<title>PSOL de Niter\u00f3i inicia debates para elabora\u00e7\u00e3o\u00a0do programa de governo - PSOL 50<\/title>\n<meta name=\"robots\" content=\"index, follow, max-snippet:-1, max-image-preview:large, max-video-preview:-1\" \/>\n<link rel=\"canonical\" href=\"https:\/\/psol50.org.br\/psol-de-niteroi-inicia-debates-para-elaboracao-do-programa-de-governo\/\" \/>\n<meta property=\"og:locale\" content=\"pt_BR\" \/>\n<meta property=\"og:type\" content=\"article\" \/>\n<meta property=\"og:title\" content=\"PSOL de Niter\u00f3i inicia debates para elabora\u00e7\u00e3o\u00a0do programa de governo - PSOL 50\" \/>\n<meta property=\"og:description\" content=\"Com o objetivo de debater propostas que possam contribuir na elabora\u00e7\u00e3o do programa de governo da Prefeitura de Niter\u00f3i, o PSOL realiza, nesta segunda-feira (28), o debate Niter\u00f3i Por N\u00f3s: Lan\u00e7amento do Programa Movimento para Transformar a Cidade. Niter\u00f3i por N\u00f3s \u00e9 um processo de debates tem\u00e1tico e tamb\u00e9m espalhado pelas diferentes regi\u00f5es da cidade. [&hellip;]\" \/>\n<meta property=\"og:url\" content=\"https:\/\/psol50.org.br\/psol-de-niteroi-inicia-debates-para-elaboracao-do-programa-de-governo\/\" \/>\n<meta property=\"og:site_name\" content=\"PSOL 50\" \/>\n<meta property=\"article:publisher\" content=\"https:\/\/www.facebook.com\/psol50\" \/>\n<meta property=\"article:published_time\" content=\"2016-03-28T20:01:48+00:00\" \/>\n<meta property=\"og:image\" content=\"https:\/\/psol50.org.br\/inc\/uploads\/2018\/07\/capa.png\" \/>\n\t<meta property=\"og:image:width\" content=\"1350\" \/>\n\t<meta property=\"og:image:height\" content=\"900\" \/>\n\t<meta property=\"og:image:type\" content=\"image\/png\" \/>\n<meta name=\"author\" content=\"Comunica\u00e7\u00e3o PSOL\" \/>\n<meta name=\"twitter:card\" content=\"summary_large_image\" \/>\n<meta name=\"twitter:creator\" content=\"@psol50\" \/>\n<meta name=\"twitter:site\" content=\"@psol50\" \/>\n<meta name=\"twitter:label1\" content=\"Escrito por\" \/>\n\t<meta name=\"twitter:data1\" content=\"Comunica\u00e7\u00e3o PSOL\" \/>\n\t<meta name=\"twitter:label2\" content=\"Est. tempo de leitura\" \/>\n\t<meta name=\"twitter:data2\" content=\"2 minutos\" \/>\n<script type=\"application\/ld+json\" class=\"yoast-schema-graph\">{\"@context\":\"https:\/\/schema.org\",\"@graph\":[{\"@type\":\"Article\",\"@id\":\"https:\/\/psol50.org.br\/psol-de-niteroi-inicia-debates-para-elaboracao-do-programa-de-governo\/#article\",\"isPartOf\":{\"@id\":\"https:\/\/psol50.org.br\/psol-de-niteroi-inicia-debates-para-elaboracao-do-programa-de-governo\/\"},\"author\":{\"name\":\"Comunica\u00e7\u00e3o PSOL\",\"@id\":\"https:\/\/psol50.org.br\/#\/schema\/person\/475dfa57d0b815993c714c2e96491fcd\"},\"headline\":\"PSOL de Niter\u00f3i inicia debates para elabora\u00e7\u00e3o\u00a0do programa de governo\",\"datePublished\":\"2016-03-28T20:01:48+00:00\",\"mainEntityOfPage\":{\"@id\":\"https:\/\/psol50.org.br\/psol-de-niteroi-inicia-debates-para-elaboracao-do-programa-de-governo\/\"},\"wordCount\":466,\"commentCount\":0,\"publisher\":{\"@id\":\"https:\/\/psol50.org.br\/#organization\"},\"image\":{\"@id\":\"https:\/\/psol50.org.br\/psol-de-niteroi-inicia-debates-para-elaboracao-do-programa-de-governo\/#primaryimage\"},\"thumbnailUrl\":\"\",\"keywords\":[\"Fl\u00e1vio Serafini\",\"Luciana Genro\",\"Marcelo Freixo\",\"Niter\u00f3i Por N\u00f3s\",\"programa de governo\",\"PSOL Niter\u00f3i\",\"Renat\u00e3o do Quilombo\",\"Tarc\u00edsio Motta\"],\"articleSection\":[\"Educa\u00e7\u00e3o\",\"Estados\",\"Movimento\",\"Partido\"],\"inLanguage\":\"pt-BR\",\"potentialAction\":[{\"@type\":\"CommentAction\",\"name\":\"Comment\",\"target\":[\"https:\/\/psol50.org.br\/psol-de-niteroi-inicia-debates-para-elaboracao-do-programa-de-governo\/#respond\"]}]},{\"@type\":\"WebPage\",\"@id\":\"https:\/\/psol50.org.br\/psol-de-niteroi-inicia-debates-para-elaboracao-do-programa-de-governo\/\",\"url\":\"https:\/\/psol50.org.br\/psol-de-niteroi-inicia-debates-para-elaboracao-do-programa-de-governo\/\",\"name\":\"PSOL de Niter\u00f3i inicia debates para elabora\u00e7\u00e3o\u00a0do programa de governo - PSOL 50\",\"isPartOf\":{\"@id\":\"https:\/\/psol50.org.br\/#website\"},\"primaryImageOfPage\":{\"@id\":\"https:\/\/psol50.org.br\/psol-de-niteroi-inicia-debates-para-elaboracao-do-programa-de-governo\/#primaryimage\"},\"image\":{\"@id\":\"https:\/\/psol50.org.br\/psol-de-niteroi-inicia-debates-para-elaboracao-do-programa-de-governo\/#primaryimage\"},\"thumbnailUrl\":\"\",\"datePublished\":\"2016-03-28T20:01:48+00:00\",\"breadcrumb\":{\"@id\":\"https:\/\/psol50.org.br\/psol-de-niteroi-inicia-debates-para-elaboracao-do-programa-de-governo\/#breadcrumb\"},\"inLanguage\":\"pt-BR\",\"potentialAction\":[{\"@type\":\"ReadAction\",\"target\":[\"https:\/\/psol50.org.br\/psol-de-niteroi-inicia-debates-para-elaboracao-do-programa-de-governo\/\"]}]},{\"@type\":\"ImageObject\",\"inLanguage\":\"pt-BR\",\"@id\":\"https:\/\/psol50.org.br\/psol-de-niteroi-inicia-debates-para-elaboracao-do-programa-de-governo\/#primaryimage\",\"url\":\"\",\"contentUrl\":\"\"},{\"@type\":\"BreadcrumbList\",\"@id\":\"https:\/\/psol50.org.br\/psol-de-niteroi-inicia-debates-para-elaboracao-do-programa-de-governo\/#breadcrumb\",\"itemListElement\":[{\"@type\":\"ListItem\",\"position\":1,\"name\":\"In\u00edcio\",\"item\":\"https:\/\/psol50.org.br\/\"},{\"@type\":\"ListItem\",\"position\":2,\"name\":\"PSOL de Niter\u00f3i inicia debates para elabora\u00e7\u00e3o\u00a0do programa de governo\"}]},{\"@type\":\"WebSite\",\"@id\":\"https:\/\/psol50.org.br\/#website\",\"url\":\"https:\/\/psol50.org.br\/\",\"name\":\"PSOL 50\",\"description\":\"Site oficial do Partido Socialismo e Liberdade\",\"publisher\":{\"@id\":\"https:\/\/psol50.org.br\/#organization\"},\"alternateName\":\"PSOL50\",\"potentialAction\":[{\"@type\":\"SearchAction\",\"target\":{\"@type\":\"EntryPoint\",\"urlTemplate\":\"https:\/\/psol50.org.br\/?s={search_term_string}\"},\"query-input\":{\"@type\":\"PropertyValueSpecification\",\"valueRequired\":true,\"valueName\":\"search_term_string\"}}],\"inLanguage\":\"pt-BR\"},{\"@type\":\"Organization\",\"@id\":\"https:\/\/psol50.org.br\/#organization\",\"name\":\"PSOL 50\",\"alternateName\":\"PSOL 50\",\"url\":\"https:\/\/psol50.org.br\/\",\"logo\":{\"@type\":\"ImageObject\",\"inLanguage\":\"pt-BR\",\"@id\":\"https:\/\/psol50.org.br\/#\/schema\/logo\/image\/\",\"url\":\"https:\/\/psol50.org.br\/inc\/uploads\/2018\/07\/capa.png\",\"contentUrl\":\"https:\/\/psol50.org.br\/inc\/uploads\/2018\/07\/capa.png\",\"width\":1350,\"height\":900,\"caption\":\"PSOL 50\"},\"image\":{\"@id\":\"https:\/\/psol50.org.br\/#\/schema\/logo\/image\/\"},\"sameAs\":[\"https:\/\/www.facebook.com\/psol50\",\"https:\/\/x.com\/psol50\",\"https:\/\/www.instagram.com\/psol50\/\",\"https:\/\/www.youtube.com\/channel\/UC7SnJS5o1os7a6CaiNabzcg\"]},{\"@type\":\"Person\",\"@id\":\"https:\/\/psol50.org.br\/#\/schema\/person\/475dfa57d0b815993c714c2e96491fcd\",\"name\":\"Comunica\u00e7\u00e3o PSOL\",\"image\":{\"@type\":\"ImageObject\",\"inLanguage\":\"pt-BR\",\"@id\":\"https:\/\/psol50.org.br\/#\/schema\/person\/image\/\",\"url\":\"https:\/\/secure.gravatar.com\/avatar\/b34fc4f4e468a4e51785917065a3db57b841f5c95dba6ad8c73aaf8f66f8f9bf?s=96&d=mm&r=g\",\"contentUrl\":\"https:\/\/secure.gravatar.com\/avatar\/b34fc4f4e468a4e51785917065a3db57b841f5c95dba6ad8c73aaf8f66f8f9bf?s=96&d=mm&r=g\",\"caption\":\"Comunica\u00e7\u00e3o PSOL\"}}]}<\/script>\n<!-- \/ Yoast SEO plugin. -->","yoast_head_json":{"title":"PSOL de Niter\u00f3i inicia debates para elabora\u00e7\u00e3o\u00a0do programa de governo - PSOL 50","robots":{"index":"index","follow":"follow","max-snippet":"max-snippet:-1","max-image-preview":"max-image-preview:large","max-video-preview":"max-video-preview:-1"},"canonical":"https:\/\/psol50.org.br\/psol-de-niteroi-inicia-debates-para-elaboracao-do-programa-de-governo\/","og_locale":"pt_BR","og_type":"article","og_title":"PSOL de Niter\u00f3i inicia debates para elabora\u00e7\u00e3o\u00a0do programa de governo - PSOL 50","og_description":"Com o objetivo de debater propostas que possam contribuir na elabora\u00e7\u00e3o do programa de governo da Prefeitura de Niter\u00f3i, o PSOL realiza, nesta segunda-feira (28), o debate Niter\u00f3i Por N\u00f3s: Lan\u00e7amento do Programa Movimento para Transformar a Cidade. Niter\u00f3i por N\u00f3s \u00e9 um processo de debates tem\u00e1tico e tamb\u00e9m espalhado pelas diferentes regi\u00f5es da cidade. [&hellip;]","og_url":"https:\/\/psol50.org.br\/psol-de-niteroi-inicia-debates-para-elaboracao-do-programa-de-governo\/","og_site_name":"PSOL 50","article_publisher":"https:\/\/www.facebook.com\/psol50","article_published_time":"2016-03-28T20:01:48+00:00","og_image":[{"width":1350,"height":900,"url":"https:\/\/psol50.org.br\/inc\/uploads\/2018\/07\/capa.png","type":"image\/png"}],"author":"Comunica\u00e7\u00e3o PSOL","twitter_card":"summary_large_image","twitter_creator":"@psol50","twitter_site":"@psol50","twitter_misc":{"Escrito por":"Comunica\u00e7\u00e3o PSOL","Est. tempo de leitura":"2 minutos"},"schema":{"@context":"https:\/\/schema.org","@graph":[{"@type":"Article","@id":"https:\/\/psol50.org.br\/psol-de-niteroi-inicia-debates-para-elaboracao-do-programa-de-governo\/#article","isPartOf":{"@id":"https:\/\/psol50.org.br\/psol-de-niteroi-inicia-debates-para-elaboracao-do-programa-de-governo\/"},"author":{"name":"Comunica\u00e7\u00e3o PSOL","@id":"https:\/\/psol50.org.br\/#\/schema\/person\/475dfa57d0b815993c714c2e96491fcd"},"headline":"PSOL de Niter\u00f3i inicia debates para elabora\u00e7\u00e3o\u00a0do programa de governo","datePublished":"2016-03-28T20:01:48+00:00","mainEntityOfPage":{"@id":"https:\/\/psol50.org.br\/psol-de-niteroi-inicia-debates-para-elaboracao-do-programa-de-governo\/"},"wordCount":466,"commentCount":0,"publisher":{"@id":"https:\/\/psol50.org.br\/#organization"},"image":{"@id":"https:\/\/psol50.org.br\/psol-de-niteroi-inicia-debates-para-elaboracao-do-programa-de-governo\/#primaryimage"},"thumbnailUrl":"","keywords":["Fl\u00e1vio Serafini","Luciana Genro","Marcelo Freixo","Niter\u00f3i Por N\u00f3s","programa de governo","PSOL Niter\u00f3i","Renat\u00e3o do Quilombo","Tarc\u00edsio Motta"],"articleSection":["Educa\u00e7\u00e3o","Estados","Movimento","Partido"],"inLanguage":"pt-BR","potentialAction":[{"@type":"CommentAction","name":"Comment","target":["https:\/\/psol50.org.br\/psol-de-niteroi-inicia-debates-para-elaboracao-do-programa-de-governo\/#respond"]}]},{"@type":"WebPage","@id":"https:\/\/psol50.org.br\/psol-de-niteroi-inicia-debates-para-elaboracao-do-programa-de-governo\/","url":"https:\/\/psol50.org.br\/psol-de-niteroi-inicia-debates-para-elaboracao-do-programa-de-governo\/","name":"PSOL de Niter\u00f3i inicia debates para elabora\u00e7\u00e3o\u00a0do programa de governo - PSOL 50","isPartOf":{"@id":"https:\/\/psol50.org.br\/#website"},"primaryImageOfPage":{"@id":"https:\/\/psol50.org.br\/psol-de-niteroi-inicia-debates-para-elaboracao-do-programa-de-governo\/#primaryimage"},"image":{"@id":"https:\/\/psol50.org.br\/psol-de-niteroi-inicia-debates-para-elaboracao-do-programa-de-governo\/#primaryimage"},"thumbnailUrl":"","datePublished":"2016-03-28T20:01:48+00:00","breadcrumb":{"@id":"https:\/\/psol50.org.br\/psol-de-niteroi-inicia-debates-para-elaboracao-do-programa-de-governo\/#breadcrumb"},"inLanguage":"pt-BR","potentialAction":[{"@type":"ReadAction","target":["https:\/\/psol50.org.br\/psol-de-niteroi-inicia-debates-para-elaboracao-do-programa-de-governo\/"]}]},{"@type":"ImageObject","inLanguage":"pt-BR","@id":"https:\/\/psol50.org.br\/psol-de-niteroi-inicia-debates-para-elaboracao-do-programa-de-governo\/#primaryimage","url":"","contentUrl":""},{"@type":"BreadcrumbList","@id":"https:\/\/psol50.org.br\/psol-de-niteroi-inicia-debates-para-elaboracao-do-programa-de-governo\/#breadcrumb","itemListElement":[{"@type":"ListItem","position":1,"name":"In\u00edcio","item":"https:\/\/psol50.org.br\/"},{"@type":"ListItem","position":2,"name":"PSOL de Niter\u00f3i inicia debates para elabora\u00e7\u00e3o\u00a0do programa de governo"}]},{"@type":"WebSite","@id":"https:\/\/psol50.org.br\/#website","url":"https:\/\/psol50.org.br\/","name":"PSOL 50","description":"Site oficial do Partido Socialismo e Liberdade","publisher":{"@id":"https:\/\/psol50.org.br\/#organization"},"alternateName":"PSOL50","potentialAction":[{"@type":"SearchAction","target":{"@type":"EntryPoint","urlTemplate":"https:\/\/psol50.org.br\/?s={search_term_string}"},"query-input":{"@type":"PropertyValueSpecification","valueRequired":true,"valueName":"search_term_string"}}],"inLanguage":"pt-BR"},{"@type":"Organization","@id":"https:\/\/psol50.org.br\/#organization","name":"PSOL 50","alternateName":"PSOL 50","url":"https:\/\/psol50.org.br\/","logo":{"@type":"ImageObject","inLanguage":"pt-BR","@id":"https:\/\/psol50.org.br\/#\/schema\/logo\/image\/","url":"https:\/\/psol50.org.br\/inc\/uploads\/2018\/07\/capa.png","contentUrl":"https:\/\/psol50.org.br\/inc\/uploads\/2018\/07\/capa.png","width":1350,"height":900,"caption":"PSOL 50"},"image":{"@id":"https:\/\/psol50.org.br\/#\/schema\/logo\/image\/"},"sameAs":["https:\/\/www.facebook.com\/psol50","https:\/\/x.com\/psol50","https:\/\/www.instagram.com\/psol50\/","https:\/\/www.youtube.com\/channel\/UC7SnJS5o1os7a6CaiNabzcg"]},{"@type":"Person","@id":"https:\/\/psol50.org.br\/#\/schema\/person\/475dfa57d0b815993c714c2e96491fcd","name":"Comunica\u00e7\u00e3o PSOL","image":{"@type":"ImageObject","inLanguage":"pt-BR","@id":"https:\/\/psol50.org.br\/#\/schema\/person\/image\/","url":"https:\/\/secure.gravatar.com\/avatar\/b34fc4f4e468a4e51785917065a3db57b841f5c95dba6ad8c73aaf8f66f8f9bf?s=96&d=mm&r=g","contentUrl":"https:\/\/secure.gravatar.com\/avatar\/b34fc4f4e468a4e51785917065a3db57b841f5c95dba6ad8c73aaf8f66f8f9bf?s=96&d=mm&r=g","caption":"Comunica\u00e7\u00e3o PSOL"}}]}},"_links":{"self":[{"href":"https:\/\/psol50.org.br\/rest\/wp\/v2\/posts\/11842","targetHints":{"allow":["GET"]}}],"collection":[{"href":"https:\/\/psol50.org.br\/rest\/wp\/v2\/posts"}],"about":[{"href":"https:\/\/psol50.org.br\/rest\/wp\/v2\/types\/post"}],"author":[{"embeddable":true,"href":"https:\/\/psol50.org.br\/rest\/wp\/v2\/users\/2"}],"replies":[{"embeddable":true,"href":"https:\/\/psol50.org.br\/rest\/wp\/v2\/comments?post=11842"}],"version-history":[{"count":0,"href":"https:\/\/psol50.org.br\/rest\/wp\/v2\/posts\/11842\/revisions"}],"wp:featuredmedia":[{"embeddable":true,"href":"https:\/\/psol50.org.br\/rest\/"}],"wp:attachment":[{"href":"https:\/\/psol50.org.br\/rest\/wp\/v2\/media?parent=11842"}],"wp:term":[{"taxonomy":"category","embeddable":true,"href":"https:\/\/psol50.org.br\/rest\/wp\/v2\/categories?post=11842"},{"taxonomy":"post_tag","embeddable":true,"href":"https:\/\/psol50.org.br\/rest\/wp\/v2\/tags?post=11842"}],"curies":[{"name":"wp","href":"https:\/\/api.w.org\/{rel}","templated":true}]}}