{"id":11850,"date":"2016-03-28T21:51:31","date_gmt":"2016-03-28T21:51:31","guid":{"rendered":"http:\/\/www.psol50.org.br\/?p=11850"},"modified":"2016-03-28T21:51:31","modified_gmt":"2016-03-28T21:51:31","slug":"angola-condena-17-ativistas-por-conspiracao-contra-presidente","status":"publish","type":"post","link":"https:\/\/psol50.org.br\/angola-condena-17-ativistas-por-conspiracao-contra-presidente\/","title":{"rendered":"Angola condena 17 ativistas por &#8216;conspira\u00e7\u00e3o contra presidente&#8217;"},"content":{"rendered":"<p><span style=\"font-size: 13px;\"><em>Fonte: <a href=\"http:\/\/operamundi.uol.com.br\/conteudo\/noticias\/43630\/angola+condena+17+ativistas+a+ate+oito+anos+de+prisao+por+conspiracao+contra+presidente.shtml\">Opera Mundi<\/a><\/em><\/span><\/p>\n<p>Detidos desde junho de 2015, 17 ativistas angolanos foram condenados, nesta segunda-feira (28\/03), a at\u00e9 oito anos e meio de pris\u00e3o por conspirarem contra o presidente do pa\u00eds, Jos\u00e9 Eduardo dos Santos.<\/p>\n<p>\u201cA justi\u00e7a n\u00e3o foi feita de maneira transparente porque as coisas tomaram um vi\u00e9s pol\u00edtico e o juiz apenas obedeceu ordens vindas do presidente\u201d, disse \u00e0 imprensa Michel Francisco, advogado de dez dos ativistas. Julgados por uma corte de Luanda, capital angolana, os ativistas receberam senten\u00e7as que variam entre dois e oito anos e meio de pris\u00e3o.<\/p>\n<p>Um dos condenados \u00e9 o rapper Luaty Beir\u00e3o, conhecido por militar a favor de uma melhor distribui\u00e7\u00e3o da renda que Angola obt\u00e9m a partir da exporta\u00e7\u00e3o de petr\u00f3leo \u2014 o pa\u00eds \u00e9 o segundo maior produtor da \u00c1frica. Beir\u00e3o, que realizou uma greve de fome de 36 dias no ano passado para protestar contra sua deten\u00e7\u00e3o, recebeu uma pena de cinco anos e meio por \u201crebeli\u00e3o contra o presidente, associa\u00e7\u00e3o criminal e falsifica\u00e7\u00e3o de documentos\u201d, segundo a AFP.<\/p>\n<p>Domingos da Cruz, considerado o \u201cl\u00edder\u201d do grupo, recebeu a maior pena: acusado de planejar um golpe contra o presidente, foi condenado a oito anos e meio de pris\u00e3o.<\/p>\n<p>Os ativistas foram detidos em junho de 2015, durante uma reuni\u00e3o em que discutiam o livro \u201cDa Ditadura \u00e0 Democracia\u201d, do professor norte-americano da Universidade de Massachusetts Dartmouth e fundador da Institui\u00e7\u00e3o Albert Einstein, Gene Sharp, publicado em 1993. Eles tamb\u00e9m j\u00e1 haviam participado de protestos pac\u00edficos que pediam a ren\u00fancia do presidente, no poder h\u00e1 36 anos. A deten\u00e7\u00e3o, o julgamento e a condena\u00e7\u00e3o foram criticadas por organiza\u00e7\u00f5es de direitos humanos.<\/p>\n<p>\u201cNunca deveria ter havido um julgamento, muito menos uma condena\u00e7\u00e3o. O processo foi irregular. Este \u00e9 um dia muito triste para a liberdade de express\u00e3o e associa\u00e7\u00e3o\u201d, disse Ana Monteiro, representante da Anistia Internacional em Portugal, \u00e0 emissora alem\u00e3 Deutsche Welle.<\/p>\n<p>\u201c\u00c9 uma senten\u00e7a rid\u00edcula e n\u00f3s n\u00e3o sabemos em que ela baseada porque, durante o processo, nenhuma prova foi apresentada para justificar penas t\u00e3o duras\u201d, afirmou a pesquisadora do Human Rights Watch, Zenaida Machado, \u00e0 DW.<\/p>\n<h1><em>\u00a0<\/em><\/h1>\n","protected":false},"excerpt":{"rendered":"<p>Fonte: Opera Mundi Detidos desde junho de 2015, 17 ativistas angolanos foram condenados, nesta segunda-feira (28\/03), a at\u00e9 oito anos e meio de pris\u00e3o por conspirarem contra o presidente do pa\u00eds, Jos\u00e9 Eduardo dos Santos. \u201cA justi\u00e7a n\u00e3o foi feita de maneira transparente porque as coisas tomaram um vi\u00e9s pol\u00edtico e o juiz apenas obedeceu [&hellip;]<\/p>\n","protected":false},"author":2,"featured_media":11851,"comment_status":"open","ping_status":"open","sticky":false,"template":"","format":"standard","meta":{"_acf_changed":false,"footnotes":""},"categories":[836],"tags":[4128,2420,1204,534,295,151,2784,4129,283],"class_list":{"0":"post-11850","1":"post","2":"type-post","3":"status-publish","4":"format-standard","5":"has-post-thumbnail","7":"category-internacional","8":"tag-angola","9":"tag-anistia-internacional","10":"tag-ativistas","11":"tag-direitos-humanos","12":"tag-ditadura","13":"tag-golpe","14":"tag-human-rights-watch","15":"tag-jose-eduardo-dos-santos","16":"tag-presidente"},"acf":[],"yoast_head":"<!-- This site is optimized with the Yoast SEO plugin v26.5 - https:\/\/yoast.com\/wordpress\/plugins\/seo\/ -->\n<title>Angola condena 17 ativistas por &#039;conspira\u00e7\u00e3o contra presidente&#039; - PSOL 50<\/title>\n<meta name=\"robots\" content=\"index, follow, max-snippet:-1, max-image-preview:large, max-video-preview:-1\" \/>\n<link rel=\"canonical\" href=\"https:\/\/psol50.org.br\/angola-condena-17-ativistas-por-conspiracao-contra-presidente\/\" \/>\n<meta property=\"og:locale\" content=\"pt_BR\" \/>\n<meta property=\"og:type\" content=\"article\" \/>\n<meta property=\"og:title\" content=\"Angola condena 17 ativistas por &#039;conspira\u00e7\u00e3o contra presidente&#039; - PSOL 50\" \/>\n<meta property=\"og:description\" content=\"Fonte: Opera Mundi Detidos desde junho de 2015, 17 ativistas angolanos foram condenados, nesta segunda-feira (28\/03), a at\u00e9 oito anos e meio de pris\u00e3o por conspirarem contra o presidente do pa\u00eds, Jos\u00e9 Eduardo dos Santos. \u201cA justi\u00e7a n\u00e3o foi feita de maneira transparente porque as coisas tomaram um vi\u00e9s pol\u00edtico e o juiz apenas obedeceu [&hellip;]\" \/>\n<meta property=\"og:url\" content=\"https:\/\/psol50.org.br\/angola-condena-17-ativistas-por-conspiracao-contra-presidente\/\" \/>\n<meta property=\"og:site_name\" content=\"PSOL 50\" \/>\n<meta property=\"article:publisher\" content=\"https:\/\/www.facebook.com\/psol50\" \/>\n<meta property=\"article:published_time\" content=\"2016-03-28T21:51:31+00:00\" \/>\n<meta property=\"og:image\" content=\"https:\/\/psol50.org.br\/inc\/uploads\/2018\/07\/capa.png\" \/>\n\t<meta property=\"og:image:width\" content=\"1350\" \/>\n\t<meta property=\"og:image:height\" content=\"900\" \/>\n\t<meta property=\"og:image:type\" content=\"image\/png\" \/>\n<meta name=\"author\" content=\"Comunica\u00e7\u00e3o PSOL\" \/>\n<meta name=\"twitter:card\" content=\"summary_large_image\" \/>\n<meta name=\"twitter:creator\" content=\"@psol50\" \/>\n<meta name=\"twitter:site\" content=\"@psol50\" \/>\n<meta name=\"twitter:label1\" content=\"Escrito por\" \/>\n\t<meta name=\"twitter:data1\" content=\"Comunica\u00e7\u00e3o PSOL\" \/>\n\t<meta name=\"twitter:label2\" content=\"Est. tempo de leitura\" \/>\n\t<meta name=\"twitter:data2\" content=\"2 minutos\" \/>\n<script type=\"application\/ld+json\" class=\"yoast-schema-graph\">{\"@context\":\"https:\/\/schema.org\",\"@graph\":[{\"@type\":\"Article\",\"@id\":\"https:\/\/psol50.org.br\/angola-condena-17-ativistas-por-conspiracao-contra-presidente\/#article\",\"isPartOf\":{\"@id\":\"https:\/\/psol50.org.br\/angola-condena-17-ativistas-por-conspiracao-contra-presidente\/\"},\"author\":{\"name\":\"Comunica\u00e7\u00e3o PSOL\",\"@id\":\"https:\/\/psol50.org.br\/#\/schema\/person\/475dfa57d0b815993c714c2e96491fcd\"},\"headline\":\"Angola condena 17 ativistas por &#8216;conspira\u00e7\u00e3o contra presidente&#8217;\",\"datePublished\":\"2016-03-28T21:51:31+00:00\",\"mainEntityOfPage\":{\"@id\":\"https:\/\/psol50.org.br\/angola-condena-17-ativistas-por-conspiracao-contra-presidente\/\"},\"wordCount\":377,\"commentCount\":0,\"publisher\":{\"@id\":\"https:\/\/psol50.org.br\/#organization\"},\"image\":{\"@id\":\"https:\/\/psol50.org.br\/angola-condena-17-ativistas-por-conspiracao-contra-presidente\/#primaryimage\"},\"thumbnailUrl\":\"\",\"keywords\":[\"Angola\",\"Anistia Internacional\",\"ativistas\",\"direitos humanos\",\"Ditadura\",\"golpe\",\"Human Rights Watch\",\"Jos\u00e9 Eduardo dos Santos\",\"presidente\"],\"articleSection\":[\"Internacional\"],\"inLanguage\":\"pt-BR\",\"potentialAction\":[{\"@type\":\"CommentAction\",\"name\":\"Comment\",\"target\":[\"https:\/\/psol50.org.br\/angola-condena-17-ativistas-por-conspiracao-contra-presidente\/#respond\"]}]},{\"@type\":\"WebPage\",\"@id\":\"https:\/\/psol50.org.br\/angola-condena-17-ativistas-por-conspiracao-contra-presidente\/\",\"url\":\"https:\/\/psol50.org.br\/angola-condena-17-ativistas-por-conspiracao-contra-presidente\/\",\"name\":\"Angola condena 17 ativistas por 'conspira\u00e7\u00e3o contra presidente' - PSOL 50\",\"isPartOf\":{\"@id\":\"https:\/\/psol50.org.br\/#website\"},\"primaryImageOfPage\":{\"@id\":\"https:\/\/psol50.org.br\/angola-condena-17-ativistas-por-conspiracao-contra-presidente\/#primaryimage\"},\"image\":{\"@id\":\"https:\/\/psol50.org.br\/angola-condena-17-ativistas-por-conspiracao-contra-presidente\/#primaryimage\"},\"thumbnailUrl\":\"\",\"datePublished\":\"2016-03-28T21:51:31+00:00\",\"breadcrumb\":{\"@id\":\"https:\/\/psol50.org.br\/angola-condena-17-ativistas-por-conspiracao-contra-presidente\/#breadcrumb\"},\"inLanguage\":\"pt-BR\",\"potentialAction\":[{\"@type\":\"ReadAction\",\"target\":[\"https:\/\/psol50.org.br\/angola-condena-17-ativistas-por-conspiracao-contra-presidente\/\"]}]},{\"@type\":\"ImageObject\",\"inLanguage\":\"pt-BR\",\"@id\":\"https:\/\/psol50.org.br\/angola-condena-17-ativistas-por-conspiracao-contra-presidente\/#primaryimage\",\"url\":\"\",\"contentUrl\":\"\"},{\"@type\":\"BreadcrumbList\",\"@id\":\"https:\/\/psol50.org.br\/angola-condena-17-ativistas-por-conspiracao-contra-presidente\/#breadcrumb\",\"itemListElement\":[{\"@type\":\"ListItem\",\"position\":1,\"name\":\"In\u00edcio\",\"item\":\"https:\/\/psol50.org.br\/\"},{\"@type\":\"ListItem\",\"position\":2,\"name\":\"Angola condena 17 ativistas por &#8216;conspira\u00e7\u00e3o contra presidente&#8217;\"}]},{\"@type\":\"WebSite\",\"@id\":\"https:\/\/psol50.org.br\/#website\",\"url\":\"https:\/\/psol50.org.br\/\",\"name\":\"PSOL 50\",\"description\":\"Site oficial do Partido Socialismo e Liberdade\",\"publisher\":{\"@id\":\"https:\/\/psol50.org.br\/#organization\"},\"alternateName\":\"PSOL50\",\"potentialAction\":[{\"@type\":\"SearchAction\",\"target\":{\"@type\":\"EntryPoint\",\"urlTemplate\":\"https:\/\/psol50.org.br\/?s={search_term_string}\"},\"query-input\":{\"@type\":\"PropertyValueSpecification\",\"valueRequired\":true,\"valueName\":\"search_term_string\"}}],\"inLanguage\":\"pt-BR\"},{\"@type\":\"Organization\",\"@id\":\"https:\/\/psol50.org.br\/#organization\",\"name\":\"PSOL 50\",\"alternateName\":\"PSOL 50\",\"url\":\"https:\/\/psol50.org.br\/\",\"logo\":{\"@type\":\"ImageObject\",\"inLanguage\":\"pt-BR\",\"@id\":\"https:\/\/psol50.org.br\/#\/schema\/logo\/image\/\",\"url\":\"https:\/\/psol50.org.br\/inc\/uploads\/2018\/07\/capa.png\",\"contentUrl\":\"https:\/\/psol50.org.br\/inc\/uploads\/2018\/07\/capa.png\",\"width\":1350,\"height\":900,\"caption\":\"PSOL 50\"},\"image\":{\"@id\":\"https:\/\/psol50.org.br\/#\/schema\/logo\/image\/\"},\"sameAs\":[\"https:\/\/www.facebook.com\/psol50\",\"https:\/\/x.com\/psol50\",\"https:\/\/www.instagram.com\/psol50\/\",\"https:\/\/www.youtube.com\/channel\/UC7SnJS5o1os7a6CaiNabzcg\"]},{\"@type\":\"Person\",\"@id\":\"https:\/\/psol50.org.br\/#\/schema\/person\/475dfa57d0b815993c714c2e96491fcd\",\"name\":\"Comunica\u00e7\u00e3o PSOL\",\"image\":{\"@type\":\"ImageObject\",\"inLanguage\":\"pt-BR\",\"@id\":\"https:\/\/psol50.org.br\/#\/schema\/person\/image\/\",\"url\":\"https:\/\/secure.gravatar.com\/avatar\/b34fc4f4e468a4e51785917065a3db57b841f5c95dba6ad8c73aaf8f66f8f9bf?s=96&d=mm&r=g\",\"contentUrl\":\"https:\/\/secure.gravatar.com\/avatar\/b34fc4f4e468a4e51785917065a3db57b841f5c95dba6ad8c73aaf8f66f8f9bf?s=96&d=mm&r=g\",\"caption\":\"Comunica\u00e7\u00e3o PSOL\"}}]}<\/script>\n<!-- \/ Yoast SEO plugin. -->","yoast_head_json":{"title":"Angola condena 17 ativistas por 'conspira\u00e7\u00e3o contra presidente' - PSOL 50","robots":{"index":"index","follow":"follow","max-snippet":"max-snippet:-1","max-image-preview":"max-image-preview:large","max-video-preview":"max-video-preview:-1"},"canonical":"https:\/\/psol50.org.br\/angola-condena-17-ativistas-por-conspiracao-contra-presidente\/","og_locale":"pt_BR","og_type":"article","og_title":"Angola condena 17 ativistas por 'conspira\u00e7\u00e3o contra presidente' - PSOL 50","og_description":"Fonte: Opera Mundi Detidos desde junho de 2015, 17 ativistas angolanos foram condenados, nesta segunda-feira (28\/03), a at\u00e9 oito anos e meio de pris\u00e3o por conspirarem contra o presidente do pa\u00eds, Jos\u00e9 Eduardo dos Santos. \u201cA justi\u00e7a n\u00e3o foi feita de maneira transparente porque as coisas tomaram um vi\u00e9s pol\u00edtico e o juiz apenas obedeceu [&hellip;]","og_url":"https:\/\/psol50.org.br\/angola-condena-17-ativistas-por-conspiracao-contra-presidente\/","og_site_name":"PSOL 50","article_publisher":"https:\/\/www.facebook.com\/psol50","article_published_time":"2016-03-28T21:51:31+00:00","og_image":[{"width":1350,"height":900,"url":"https:\/\/psol50.org.br\/inc\/uploads\/2018\/07\/capa.png","type":"image\/png"}],"author":"Comunica\u00e7\u00e3o PSOL","twitter_card":"summary_large_image","twitter_creator":"@psol50","twitter_site":"@psol50","twitter_misc":{"Escrito por":"Comunica\u00e7\u00e3o PSOL","Est. tempo de leitura":"2 minutos"},"schema":{"@context":"https:\/\/schema.org","@graph":[{"@type":"Article","@id":"https:\/\/psol50.org.br\/angola-condena-17-ativistas-por-conspiracao-contra-presidente\/#article","isPartOf":{"@id":"https:\/\/psol50.org.br\/angola-condena-17-ativistas-por-conspiracao-contra-presidente\/"},"author":{"name":"Comunica\u00e7\u00e3o PSOL","@id":"https:\/\/psol50.org.br\/#\/schema\/person\/475dfa57d0b815993c714c2e96491fcd"},"headline":"Angola condena 17 ativistas por &#8216;conspira\u00e7\u00e3o contra presidente&#8217;","datePublished":"2016-03-28T21:51:31+00:00","mainEntityOfPage":{"@id":"https:\/\/psol50.org.br\/angola-condena-17-ativistas-por-conspiracao-contra-presidente\/"},"wordCount":377,"commentCount":0,"publisher":{"@id":"https:\/\/psol50.org.br\/#organization"},"image":{"@id":"https:\/\/psol50.org.br\/angola-condena-17-ativistas-por-conspiracao-contra-presidente\/#primaryimage"},"thumbnailUrl":"","keywords":["Angola","Anistia Internacional","ativistas","direitos humanos","Ditadura","golpe","Human Rights Watch","Jos\u00e9 Eduardo dos Santos","presidente"],"articleSection":["Internacional"],"inLanguage":"pt-BR","potentialAction":[{"@type":"CommentAction","name":"Comment","target":["https:\/\/psol50.org.br\/angola-condena-17-ativistas-por-conspiracao-contra-presidente\/#respond"]}]},{"@type":"WebPage","@id":"https:\/\/psol50.org.br\/angola-condena-17-ativistas-por-conspiracao-contra-presidente\/","url":"https:\/\/psol50.org.br\/angola-condena-17-ativistas-por-conspiracao-contra-presidente\/","name":"Angola condena 17 ativistas por 'conspira\u00e7\u00e3o contra presidente' - PSOL 50","isPartOf":{"@id":"https:\/\/psol50.org.br\/#website"},"primaryImageOfPage":{"@id":"https:\/\/psol50.org.br\/angola-condena-17-ativistas-por-conspiracao-contra-presidente\/#primaryimage"},"image":{"@id":"https:\/\/psol50.org.br\/angola-condena-17-ativistas-por-conspiracao-contra-presidente\/#primaryimage"},"thumbnailUrl":"","datePublished":"2016-03-28T21:51:31+00:00","breadcrumb":{"@id":"https:\/\/psol50.org.br\/angola-condena-17-ativistas-por-conspiracao-contra-presidente\/#breadcrumb"},"inLanguage":"pt-BR","potentialAction":[{"@type":"ReadAction","target":["https:\/\/psol50.org.br\/angola-condena-17-ativistas-por-conspiracao-contra-presidente\/"]}]},{"@type":"ImageObject","inLanguage":"pt-BR","@id":"https:\/\/psol50.org.br\/angola-condena-17-ativistas-por-conspiracao-contra-presidente\/#primaryimage","url":"","contentUrl":""},{"@type":"BreadcrumbList","@id":"https:\/\/psol50.org.br\/angola-condena-17-ativistas-por-conspiracao-contra-presidente\/#breadcrumb","itemListElement":[{"@type":"ListItem","position":1,"name":"In\u00edcio","item":"https:\/\/psol50.org.br\/"},{"@type":"ListItem","position":2,"name":"Angola condena 17 ativistas por &#8216;conspira\u00e7\u00e3o contra presidente&#8217;"}]},{"@type":"WebSite","@id":"https:\/\/psol50.org.br\/#website","url":"https:\/\/psol50.org.br\/","name":"PSOL 50","description":"Site oficial do Partido Socialismo e Liberdade","publisher":{"@id":"https:\/\/psol50.org.br\/#organization"},"alternateName":"PSOL50","potentialAction":[{"@type":"SearchAction","target":{"@type":"EntryPoint","urlTemplate":"https:\/\/psol50.org.br\/?s={search_term_string}"},"query-input":{"@type":"PropertyValueSpecification","valueRequired":true,"valueName":"search_term_string"}}],"inLanguage":"pt-BR"},{"@type":"Organization","@id":"https:\/\/psol50.org.br\/#organization","name":"PSOL 50","alternateName":"PSOL 50","url":"https:\/\/psol50.org.br\/","logo":{"@type":"ImageObject","inLanguage":"pt-BR","@id":"https:\/\/psol50.org.br\/#\/schema\/logo\/image\/","url":"https:\/\/psol50.org.br\/inc\/uploads\/2018\/07\/capa.png","contentUrl":"https:\/\/psol50.org.br\/inc\/uploads\/2018\/07\/capa.png","width":1350,"height":900,"caption":"PSOL 50"},"image":{"@id":"https:\/\/psol50.org.br\/#\/schema\/logo\/image\/"},"sameAs":["https:\/\/www.facebook.com\/psol50","https:\/\/x.com\/psol50","https:\/\/www.instagram.com\/psol50\/","https:\/\/www.youtube.com\/channel\/UC7SnJS5o1os7a6CaiNabzcg"]},{"@type":"Person","@id":"https:\/\/psol50.org.br\/#\/schema\/person\/475dfa57d0b815993c714c2e96491fcd","name":"Comunica\u00e7\u00e3o PSOL","image":{"@type":"ImageObject","inLanguage":"pt-BR","@id":"https:\/\/psol50.org.br\/#\/schema\/person\/image\/","url":"https:\/\/secure.gravatar.com\/avatar\/b34fc4f4e468a4e51785917065a3db57b841f5c95dba6ad8c73aaf8f66f8f9bf?s=96&d=mm&r=g","contentUrl":"https:\/\/secure.gravatar.com\/avatar\/b34fc4f4e468a4e51785917065a3db57b841f5c95dba6ad8c73aaf8f66f8f9bf?s=96&d=mm&r=g","caption":"Comunica\u00e7\u00e3o PSOL"}}]}},"_links":{"self":[{"href":"https:\/\/psol50.org.br\/rest\/wp\/v2\/posts\/11850","targetHints":{"allow":["GET"]}}],"collection":[{"href":"https:\/\/psol50.org.br\/rest\/wp\/v2\/posts"}],"about":[{"href":"https:\/\/psol50.org.br\/rest\/wp\/v2\/types\/post"}],"author":[{"embeddable":true,"href":"https:\/\/psol50.org.br\/rest\/wp\/v2\/users\/2"}],"replies":[{"embeddable":true,"href":"https:\/\/psol50.org.br\/rest\/wp\/v2\/comments?post=11850"}],"version-history":[{"count":0,"href":"https:\/\/psol50.org.br\/rest\/wp\/v2\/posts\/11850\/revisions"}],"wp:featuredmedia":[{"embeddable":true,"href":"https:\/\/psol50.org.br\/rest\/"}],"wp:attachment":[{"href":"https:\/\/psol50.org.br\/rest\/wp\/v2\/media?parent=11850"}],"wp:term":[{"taxonomy":"category","embeddable":true,"href":"https:\/\/psol50.org.br\/rest\/wp\/v2\/categories?post=11850"},{"taxonomy":"post_tag","embeddable":true,"href":"https:\/\/psol50.org.br\/rest\/wp\/v2\/tags?post=11850"}],"curies":[{"name":"wp","href":"https:\/\/api.w.org\/{rel}","templated":true}]}}