{"id":11859,"date":"2016-03-29T21:37:42","date_gmt":"2016-03-29T21:37:42","guid":{"rendered":"http:\/\/www.psol50.org.br\/?p=11859"},"modified":"2016-03-29T21:37:42","modified_gmt":"2016-03-29T21:37:42","slug":"sobre-a-entrevista-de-luciana-genro-a-folha-de-sao-paulo","status":"publish","type":"post","link":"https:\/\/psol50.org.br\/sobre-a-entrevista-de-luciana-genro-a-folha-de-sao-paulo\/","title":{"rendered":"Sobre a entrevista de Luciana Genro \u00e0 Folha de S\u00e3o Paulo"},"content":{"rendered":"<p>Em entrevista publicada nesta ter\u00e7a-feira (29) a ex-candidata \u00e0 Presid\u00eancia da Rep\u00fablica pelo PSOL, Luciana Genro, expressou suas opini\u00f5es sobre o atual momento pol\u00edtico que o pa\u00eds vive. Embora falando em nome pr\u00f3prio, por se tratar de figura p\u00fablica do PSOL, o partido e sua bancada se sentem na obriga\u00e7\u00e3o de registrar que a posi\u00e7\u00e3o oficial do partido, de sua bancada federal e de dezenas de lideran\u00e7as partid\u00e1rias, divulgada na \u00faltima semana, \u00e9 a que segue abaixo:<\/p>\n<p><strong>Nota da Executiva Nacional e da bancada do PSOL<\/p>\n<p><\/strong>Face \u00e0 velocidade dos \u00faltimos acontecimentos e a radicaliza\u00e7\u00e3o da crise pol\u00edtica, tomamos um posicionamento firme e sem meias palavras:<\/p>\n<ol>\n<li>Somos oposi\u00e7\u00e3o program\u00e1tica e de esquerda ao governo Dilma. Combatemos suas pol\u00edticas regressivas e questionamos as concess\u00f5es feitas ao grande capital. Diante da atual crise, do ajuste fiscal e da retirada de direitos, \u00e9 ineg\u00e1vel que este governo tem se afastado dos reais anseios da maioria da popula\u00e7\u00e3o.<\/li>\n<\/ol>\n<ol start=\"2\">\n<li>Somos favor\u00e1veis a toda e qualquer investiga\u00e7\u00e3o, desde que respeitado o Estado Democr\u00e1tico de Direito, sem seletividade ou interfer\u00eancias externas. \u00c9 preciso que se desvendem as rela\u00e7\u00f5es prom\u00edscuas entre os poderes da Rep\u00fablica e o grande empresariado.<\/li>\n<\/ol>\n<ol start=\"3\">\n<li>As \u00faltimas atitudes do juiz S\u00e9rgio Moro representam claro uso pol\u00edtico da Justi\u00e7a e comprometem o trabalho desenvolvido pela Opera\u00e7\u00e3o Lava Jato. Atitudes que possuem objetivos midi\u00e1ticos rompem regras democr\u00e1ticas b\u00e1sicas e favorecem a estrat\u00e9gia de um golpe institucional.<\/li>\n<\/ol>\n<ol start=\"4\">\n<li>Somos contra a sa\u00edda gestada pelos partidos da oposi\u00e7\u00e3o conservadora, pelo grande capital e pelos grandes meios de comunica\u00e7\u00e3o. O impeachment, instrumento que s\u00f3 pode ser usado com crime de responsabilidade comprovado, se tornou uma sa\u00edda para negar o resultado das urnas, com o prop\u00f3sito de retirar a presidenta Dilma do poder, buscando um \u201cacord\u00e3o\u201d para salvar outros citados nas investiga\u00e7\u00f5es da Lava Jato. A troca de governo acelerar\u00e1 os ajustes pretendidos pelos poderosos, retirando direitos dos trabalhadores e atingindo nossa soberania.<\/li>\n<\/ol>\n<ol start=\"5\">\n<li>A sa\u00edda \u00e9 pela esquerda. \u00c9 necess\u00e1rio promover uma reforma pol\u00edtica profunda, com ampla participa\u00e7\u00e3o popular, ter coragem de mudar radicalmente os rumos da economia, auditar a d\u00edvida p\u00fablica, priorizar o consumo e a produ\u00e7\u00e3o, taxar as grandes fortunas e baixar a taxa de juros de forma consistente. Propostas n\u00e3o faltam. Mas \u00e9 preciso coragem para contrariar interesses do grande capital.<\/li>\n<\/ol>\n<p><strong>Executiva Nacional do PSOL e bancada na C\u00e2mara dos Deputados<br \/>\nBras\u00edlia, 29 de mar\u00e7o de 2016.<\/strong><\/p>\n<p>&nbsp;<\/p>\n","protected":false},"excerpt":{"rendered":"<p>Em entrevista publicada nesta ter\u00e7a-feira (29) a ex-candidata \u00e0 Presid\u00eancia da Rep\u00fablica pelo PSOL, Luciana Genro, expressou suas opini\u00f5es sobre o atual momento pol\u00edtico que o pa\u00eds vive. Embora falando em nome pr\u00f3prio, por se tratar de figura p\u00fablica do PSOL, o partido e sua bancada se sentem na obriga\u00e7\u00e3o de registrar que a posi\u00e7\u00e3o [&hellip;]<\/p>\n","protected":false},"author":2,"featured_media":11860,"comment_status":"open","ping_status":"open","sticky":false,"template":"","format":"standard","meta":{"_acf_changed":false,"footnotes":""},"categories":[10,1882,6,14],"tags":[2734,4114,242,3981,220,2174,1749,2310,4131,1050],"class_list":{"0":"post-11859","1":"post","2":"type-post","3":"status-publish","4":"format-standard","5":"has-post-thumbnail","7":"category-acao-parlamentares","8":"category-brasil","9":"category-noticias","10":"category-partido","11":"tag-bancada-do-psol","12":"tag-estado-democratico-de-direito","13":"tag-executiva-nacional-do-psol","14":"tag-governo-dilma","15":"tag-impeachment","16":"tag-luciana-genro","17":"tag-operacao-lava-jato","18":"tag-presidencia-da-republica","19":"tag-saida-a-esquerda","20":"tag-sergio-moro"},"acf":[],"yoast_head":"<!-- This site is optimized with the Yoast SEO plugin v26.5 - https:\/\/yoast.com\/wordpress\/plugins\/seo\/ -->\n<title>Sobre a entrevista de Luciana Genro \u00e0 Folha de S\u00e3o Paulo - PSOL 50<\/title>\n<meta name=\"robots\" content=\"index, follow, max-snippet:-1, max-image-preview:large, max-video-preview:-1\" \/>\n<link rel=\"canonical\" href=\"https:\/\/psol50.org.br\/sobre-a-entrevista-de-luciana-genro-a-folha-de-sao-paulo\/\" \/>\n<meta property=\"og:locale\" content=\"pt_BR\" \/>\n<meta property=\"og:type\" content=\"article\" \/>\n<meta property=\"og:title\" content=\"Sobre a entrevista de Luciana Genro \u00e0 Folha de S\u00e3o Paulo - PSOL 50\" \/>\n<meta property=\"og:description\" content=\"Em entrevista publicada nesta ter\u00e7a-feira (29) a ex-candidata \u00e0 Presid\u00eancia da Rep\u00fablica pelo PSOL, Luciana Genro, expressou suas opini\u00f5es sobre o atual momento pol\u00edtico que o pa\u00eds vive. Embora falando em nome pr\u00f3prio, por se tratar de figura p\u00fablica do PSOL, o partido e sua bancada se sentem na obriga\u00e7\u00e3o de registrar que a posi\u00e7\u00e3o [&hellip;]\" \/>\n<meta property=\"og:url\" content=\"https:\/\/psol50.org.br\/sobre-a-entrevista-de-luciana-genro-a-folha-de-sao-paulo\/\" \/>\n<meta property=\"og:site_name\" content=\"PSOL 50\" \/>\n<meta property=\"article:publisher\" content=\"https:\/\/www.facebook.com\/psol50\" \/>\n<meta property=\"article:published_time\" content=\"2016-03-29T21:37:42+00:00\" \/>\n<meta property=\"og:image\" content=\"https:\/\/psol50.org.br\/inc\/uploads\/2018\/07\/capa.png\" \/>\n\t<meta property=\"og:image:width\" content=\"1350\" \/>\n\t<meta property=\"og:image:height\" content=\"900\" \/>\n\t<meta property=\"og:image:type\" content=\"image\/png\" \/>\n<meta name=\"author\" content=\"Comunica\u00e7\u00e3o PSOL\" \/>\n<meta name=\"twitter:card\" content=\"summary_large_image\" \/>\n<meta name=\"twitter:creator\" content=\"@psol50\" \/>\n<meta name=\"twitter:site\" content=\"@psol50\" \/>\n<meta name=\"twitter:label1\" content=\"Escrito por\" \/>\n\t<meta name=\"twitter:data1\" content=\"Comunica\u00e7\u00e3o PSOL\" \/>\n\t<meta name=\"twitter:label2\" content=\"Est. tempo de leitura\" \/>\n\t<meta name=\"twitter:data2\" content=\"2 minutos\" \/>\n<script type=\"application\/ld+json\" class=\"yoast-schema-graph\">{\"@context\":\"https:\/\/schema.org\",\"@graph\":[{\"@type\":\"Article\",\"@id\":\"https:\/\/psol50.org.br\/sobre-a-entrevista-de-luciana-genro-a-folha-de-sao-paulo\/#article\",\"isPartOf\":{\"@id\":\"https:\/\/psol50.org.br\/sobre-a-entrevista-de-luciana-genro-a-folha-de-sao-paulo\/\"},\"author\":{\"name\":\"Comunica\u00e7\u00e3o PSOL\",\"@id\":\"https:\/\/psol50.org.br\/#\/schema\/person\/475dfa57d0b815993c714c2e96491fcd\"},\"headline\":\"Sobre a entrevista de Luciana Genro \u00e0 Folha de S\u00e3o Paulo\",\"datePublished\":\"2016-03-29T21:37:42+00:00\",\"mainEntityOfPage\":{\"@id\":\"https:\/\/psol50.org.br\/sobre-a-entrevista-de-luciana-genro-a-folha-de-sao-paulo\/\"},\"wordCount\":443,\"commentCount\":0,\"publisher\":{\"@id\":\"https:\/\/psol50.org.br\/#organization\"},\"image\":{\"@id\":\"https:\/\/psol50.org.br\/sobre-a-entrevista-de-luciana-genro-a-folha-de-sao-paulo\/#primaryimage\"},\"thumbnailUrl\":\"\",\"keywords\":[\"Bancada do PSOL\",\"estado democr\u00e1tico de direito\",\"Executiva Nacional do PSOL\",\"governo Dilma\",\"impeachment\",\"Luciana Genro\",\"Opera\u00e7\u00e3o Lava-Jato\",\"Presid\u00eancia da Rep\u00fablica\",\"sa\u00edda \u00e0 esquerda\",\"S\u00e9rgio Moro\"],\"articleSection\":[\"A\u00e7\u00e3o Parlamentar\",\"Brasil\",\"Not\u00edcias\",\"Partido\"],\"inLanguage\":\"pt-BR\",\"potentialAction\":[{\"@type\":\"CommentAction\",\"name\":\"Comment\",\"target\":[\"https:\/\/psol50.org.br\/sobre-a-entrevista-de-luciana-genro-a-folha-de-sao-paulo\/#respond\"]}]},{\"@type\":\"WebPage\",\"@id\":\"https:\/\/psol50.org.br\/sobre-a-entrevista-de-luciana-genro-a-folha-de-sao-paulo\/\",\"url\":\"https:\/\/psol50.org.br\/sobre-a-entrevista-de-luciana-genro-a-folha-de-sao-paulo\/\",\"name\":\"Sobre a entrevista de Luciana Genro \u00e0 Folha de S\u00e3o Paulo - PSOL 50\",\"isPartOf\":{\"@id\":\"https:\/\/psol50.org.br\/#website\"},\"primaryImageOfPage\":{\"@id\":\"https:\/\/psol50.org.br\/sobre-a-entrevista-de-luciana-genro-a-folha-de-sao-paulo\/#primaryimage\"},\"image\":{\"@id\":\"https:\/\/psol50.org.br\/sobre-a-entrevista-de-luciana-genro-a-folha-de-sao-paulo\/#primaryimage\"},\"thumbnailUrl\":\"\",\"datePublished\":\"2016-03-29T21:37:42+00:00\",\"breadcrumb\":{\"@id\":\"https:\/\/psol50.org.br\/sobre-a-entrevista-de-luciana-genro-a-folha-de-sao-paulo\/#breadcrumb\"},\"inLanguage\":\"pt-BR\",\"potentialAction\":[{\"@type\":\"ReadAction\",\"target\":[\"https:\/\/psol50.org.br\/sobre-a-entrevista-de-luciana-genro-a-folha-de-sao-paulo\/\"]}]},{\"@type\":\"ImageObject\",\"inLanguage\":\"pt-BR\",\"@id\":\"https:\/\/psol50.org.br\/sobre-a-entrevista-de-luciana-genro-a-folha-de-sao-paulo\/#primaryimage\",\"url\":\"\",\"contentUrl\":\"\"},{\"@type\":\"BreadcrumbList\",\"@id\":\"https:\/\/psol50.org.br\/sobre-a-entrevista-de-luciana-genro-a-folha-de-sao-paulo\/#breadcrumb\",\"itemListElement\":[{\"@type\":\"ListItem\",\"position\":1,\"name\":\"In\u00edcio\",\"item\":\"https:\/\/psol50.org.br\/\"},{\"@type\":\"ListItem\",\"position\":2,\"name\":\"Sobre a entrevista de Luciana Genro \u00e0 Folha de S\u00e3o Paulo\"}]},{\"@type\":\"WebSite\",\"@id\":\"https:\/\/psol50.org.br\/#website\",\"url\":\"https:\/\/psol50.org.br\/\",\"name\":\"PSOL 50\",\"description\":\"Site oficial do Partido Socialismo e Liberdade\",\"publisher\":{\"@id\":\"https:\/\/psol50.org.br\/#organization\"},\"alternateName\":\"PSOL50\",\"potentialAction\":[{\"@type\":\"SearchAction\",\"target\":{\"@type\":\"EntryPoint\",\"urlTemplate\":\"https:\/\/psol50.org.br\/?s={search_term_string}\"},\"query-input\":{\"@type\":\"PropertyValueSpecification\",\"valueRequired\":true,\"valueName\":\"search_term_string\"}}],\"inLanguage\":\"pt-BR\"},{\"@type\":\"Organization\",\"@id\":\"https:\/\/psol50.org.br\/#organization\",\"name\":\"PSOL 50\",\"alternateName\":\"PSOL 50\",\"url\":\"https:\/\/psol50.org.br\/\",\"logo\":{\"@type\":\"ImageObject\",\"inLanguage\":\"pt-BR\",\"@id\":\"https:\/\/psol50.org.br\/#\/schema\/logo\/image\/\",\"url\":\"https:\/\/psol50.org.br\/inc\/uploads\/2018\/07\/capa.png\",\"contentUrl\":\"https:\/\/psol50.org.br\/inc\/uploads\/2018\/07\/capa.png\",\"width\":1350,\"height\":900,\"caption\":\"PSOL 50\"},\"image\":{\"@id\":\"https:\/\/psol50.org.br\/#\/schema\/logo\/image\/\"},\"sameAs\":[\"https:\/\/www.facebook.com\/psol50\",\"https:\/\/x.com\/psol50\",\"https:\/\/www.instagram.com\/psol50\/\",\"https:\/\/www.youtube.com\/channel\/UC7SnJS5o1os7a6CaiNabzcg\"]},{\"@type\":\"Person\",\"@id\":\"https:\/\/psol50.org.br\/#\/schema\/person\/475dfa57d0b815993c714c2e96491fcd\",\"name\":\"Comunica\u00e7\u00e3o PSOL\",\"image\":{\"@type\":\"ImageObject\",\"inLanguage\":\"pt-BR\",\"@id\":\"https:\/\/psol50.org.br\/#\/schema\/person\/image\/\",\"url\":\"https:\/\/secure.gravatar.com\/avatar\/b34fc4f4e468a4e51785917065a3db57b841f5c95dba6ad8c73aaf8f66f8f9bf?s=96&d=mm&r=g\",\"contentUrl\":\"https:\/\/secure.gravatar.com\/avatar\/b34fc4f4e468a4e51785917065a3db57b841f5c95dba6ad8c73aaf8f66f8f9bf?s=96&d=mm&r=g\",\"caption\":\"Comunica\u00e7\u00e3o PSOL\"}}]}<\/script>\n<!-- \/ Yoast SEO plugin. -->","yoast_head_json":{"title":"Sobre a entrevista de Luciana Genro \u00e0 Folha de S\u00e3o Paulo - PSOL 50","robots":{"index":"index","follow":"follow","max-snippet":"max-snippet:-1","max-image-preview":"max-image-preview:large","max-video-preview":"max-video-preview:-1"},"canonical":"https:\/\/psol50.org.br\/sobre-a-entrevista-de-luciana-genro-a-folha-de-sao-paulo\/","og_locale":"pt_BR","og_type":"article","og_title":"Sobre a entrevista de Luciana Genro \u00e0 Folha de S\u00e3o Paulo - PSOL 50","og_description":"Em entrevista publicada nesta ter\u00e7a-feira (29) a ex-candidata \u00e0 Presid\u00eancia da Rep\u00fablica pelo PSOL, Luciana Genro, expressou suas opini\u00f5es sobre o atual momento pol\u00edtico que o pa\u00eds vive. Embora falando em nome pr\u00f3prio, por se tratar de figura p\u00fablica do PSOL, o partido e sua bancada se sentem na obriga\u00e7\u00e3o de registrar que a posi\u00e7\u00e3o [&hellip;]","og_url":"https:\/\/psol50.org.br\/sobre-a-entrevista-de-luciana-genro-a-folha-de-sao-paulo\/","og_site_name":"PSOL 50","article_publisher":"https:\/\/www.facebook.com\/psol50","article_published_time":"2016-03-29T21:37:42+00:00","og_image":[{"width":1350,"height":900,"url":"https:\/\/psol50.org.br\/inc\/uploads\/2018\/07\/capa.png","type":"image\/png"}],"author":"Comunica\u00e7\u00e3o PSOL","twitter_card":"summary_large_image","twitter_creator":"@psol50","twitter_site":"@psol50","twitter_misc":{"Escrito por":"Comunica\u00e7\u00e3o PSOL","Est. tempo de leitura":"2 minutos"},"schema":{"@context":"https:\/\/schema.org","@graph":[{"@type":"Article","@id":"https:\/\/psol50.org.br\/sobre-a-entrevista-de-luciana-genro-a-folha-de-sao-paulo\/#article","isPartOf":{"@id":"https:\/\/psol50.org.br\/sobre-a-entrevista-de-luciana-genro-a-folha-de-sao-paulo\/"},"author":{"name":"Comunica\u00e7\u00e3o PSOL","@id":"https:\/\/psol50.org.br\/#\/schema\/person\/475dfa57d0b815993c714c2e96491fcd"},"headline":"Sobre a entrevista de Luciana Genro \u00e0 Folha de S\u00e3o Paulo","datePublished":"2016-03-29T21:37:42+00:00","mainEntityOfPage":{"@id":"https:\/\/psol50.org.br\/sobre-a-entrevista-de-luciana-genro-a-folha-de-sao-paulo\/"},"wordCount":443,"commentCount":0,"publisher":{"@id":"https:\/\/psol50.org.br\/#organization"},"image":{"@id":"https:\/\/psol50.org.br\/sobre-a-entrevista-de-luciana-genro-a-folha-de-sao-paulo\/#primaryimage"},"thumbnailUrl":"","keywords":["Bancada do PSOL","estado democr\u00e1tico de direito","Executiva Nacional do PSOL","governo Dilma","impeachment","Luciana Genro","Opera\u00e7\u00e3o Lava-Jato","Presid\u00eancia da Rep\u00fablica","sa\u00edda \u00e0 esquerda","S\u00e9rgio Moro"],"articleSection":["A\u00e7\u00e3o Parlamentar","Brasil","Not\u00edcias","Partido"],"inLanguage":"pt-BR","potentialAction":[{"@type":"CommentAction","name":"Comment","target":["https:\/\/psol50.org.br\/sobre-a-entrevista-de-luciana-genro-a-folha-de-sao-paulo\/#respond"]}]},{"@type":"WebPage","@id":"https:\/\/psol50.org.br\/sobre-a-entrevista-de-luciana-genro-a-folha-de-sao-paulo\/","url":"https:\/\/psol50.org.br\/sobre-a-entrevista-de-luciana-genro-a-folha-de-sao-paulo\/","name":"Sobre a entrevista de Luciana Genro \u00e0 Folha de S\u00e3o Paulo - PSOL 50","isPartOf":{"@id":"https:\/\/psol50.org.br\/#website"},"primaryImageOfPage":{"@id":"https:\/\/psol50.org.br\/sobre-a-entrevista-de-luciana-genro-a-folha-de-sao-paulo\/#primaryimage"},"image":{"@id":"https:\/\/psol50.org.br\/sobre-a-entrevista-de-luciana-genro-a-folha-de-sao-paulo\/#primaryimage"},"thumbnailUrl":"","datePublished":"2016-03-29T21:37:42+00:00","breadcrumb":{"@id":"https:\/\/psol50.org.br\/sobre-a-entrevista-de-luciana-genro-a-folha-de-sao-paulo\/#breadcrumb"},"inLanguage":"pt-BR","potentialAction":[{"@type":"ReadAction","target":["https:\/\/psol50.org.br\/sobre-a-entrevista-de-luciana-genro-a-folha-de-sao-paulo\/"]}]},{"@type":"ImageObject","inLanguage":"pt-BR","@id":"https:\/\/psol50.org.br\/sobre-a-entrevista-de-luciana-genro-a-folha-de-sao-paulo\/#primaryimage","url":"","contentUrl":""},{"@type":"BreadcrumbList","@id":"https:\/\/psol50.org.br\/sobre-a-entrevista-de-luciana-genro-a-folha-de-sao-paulo\/#breadcrumb","itemListElement":[{"@type":"ListItem","position":1,"name":"In\u00edcio","item":"https:\/\/psol50.org.br\/"},{"@type":"ListItem","position":2,"name":"Sobre a entrevista de Luciana Genro \u00e0 Folha de S\u00e3o Paulo"}]},{"@type":"WebSite","@id":"https:\/\/psol50.org.br\/#website","url":"https:\/\/psol50.org.br\/","name":"PSOL 50","description":"Site oficial do Partido Socialismo e Liberdade","publisher":{"@id":"https:\/\/psol50.org.br\/#organization"},"alternateName":"PSOL50","potentialAction":[{"@type":"SearchAction","target":{"@type":"EntryPoint","urlTemplate":"https:\/\/psol50.org.br\/?s={search_term_string}"},"query-input":{"@type":"PropertyValueSpecification","valueRequired":true,"valueName":"search_term_string"}}],"inLanguage":"pt-BR"},{"@type":"Organization","@id":"https:\/\/psol50.org.br\/#organization","name":"PSOL 50","alternateName":"PSOL 50","url":"https:\/\/psol50.org.br\/","logo":{"@type":"ImageObject","inLanguage":"pt-BR","@id":"https:\/\/psol50.org.br\/#\/schema\/logo\/image\/","url":"https:\/\/psol50.org.br\/inc\/uploads\/2018\/07\/capa.png","contentUrl":"https:\/\/psol50.org.br\/inc\/uploads\/2018\/07\/capa.png","width":1350,"height":900,"caption":"PSOL 50"},"image":{"@id":"https:\/\/psol50.org.br\/#\/schema\/logo\/image\/"},"sameAs":["https:\/\/www.facebook.com\/psol50","https:\/\/x.com\/psol50","https:\/\/www.instagram.com\/psol50\/","https:\/\/www.youtube.com\/channel\/UC7SnJS5o1os7a6CaiNabzcg"]},{"@type":"Person","@id":"https:\/\/psol50.org.br\/#\/schema\/person\/475dfa57d0b815993c714c2e96491fcd","name":"Comunica\u00e7\u00e3o PSOL","image":{"@type":"ImageObject","inLanguage":"pt-BR","@id":"https:\/\/psol50.org.br\/#\/schema\/person\/image\/","url":"https:\/\/secure.gravatar.com\/avatar\/b34fc4f4e468a4e51785917065a3db57b841f5c95dba6ad8c73aaf8f66f8f9bf?s=96&d=mm&r=g","contentUrl":"https:\/\/secure.gravatar.com\/avatar\/b34fc4f4e468a4e51785917065a3db57b841f5c95dba6ad8c73aaf8f66f8f9bf?s=96&d=mm&r=g","caption":"Comunica\u00e7\u00e3o PSOL"}}]}},"_links":{"self":[{"href":"https:\/\/psol50.org.br\/rest\/wp\/v2\/posts\/11859","targetHints":{"allow":["GET"]}}],"collection":[{"href":"https:\/\/psol50.org.br\/rest\/wp\/v2\/posts"}],"about":[{"href":"https:\/\/psol50.org.br\/rest\/wp\/v2\/types\/post"}],"author":[{"embeddable":true,"href":"https:\/\/psol50.org.br\/rest\/wp\/v2\/users\/2"}],"replies":[{"embeddable":true,"href":"https:\/\/psol50.org.br\/rest\/wp\/v2\/comments?post=11859"}],"version-history":[{"count":0,"href":"https:\/\/psol50.org.br\/rest\/wp\/v2\/posts\/11859\/revisions"}],"wp:featuredmedia":[{"embeddable":true,"href":"https:\/\/psol50.org.br\/rest\/"}],"wp:attachment":[{"href":"https:\/\/psol50.org.br\/rest\/wp\/v2\/media?parent=11859"}],"wp:term":[{"taxonomy":"category","embeddable":true,"href":"https:\/\/psol50.org.br\/rest\/wp\/v2\/categories?post=11859"},{"taxonomy":"post_tag","embeddable":true,"href":"https:\/\/psol50.org.br\/rest\/wp\/v2\/tags?post=11859"}],"curies":[{"name":"wp","href":"https:\/\/api.w.org\/{rel}","templated":true}]}}