{"id":11870,"date":"2016-03-30T20:00:12","date_gmt":"2016-03-30T20:00:12","guid":{"rendered":"http:\/\/www.psol50.org.br\/?p=11870"},"modified":"2016-03-30T20:00:12","modified_gmt":"2016-03-30T20:00:12","slug":"31-de-marco-ocupar-as-ruas-contra-o-ajuste-fiscal-e-em-defesa-da-democracia","status":"publish","type":"post","link":"https:\/\/psol50.org.br\/31-de-marco-ocupar-as-ruas-contra-o-ajuste-fiscal-e-em-defesa-da-democracia\/","title":{"rendered":"31 de mar\u00e7o: Ocupar as ruas contra o ajuste fiscal e em defesa da democracia"},"content":{"rendered":"<p><em>Nesta quinta-feira, em todo o pa\u00eds, ser\u00e3o realizadas manifesta\u00e7\u00f5es, convocadas pela Frente Povo Sem Medo, para denunciar o golpe institucional em curso, defender a democracia e protestar contra o ajuste fiscal e a retirada de direitos. O PSOL integrar\u00e1 a jornada de lutas, ao lado de v\u00e1rias outras organiza\u00e7\u00f5es, como o MTST e a Intersindical<\/em><\/p>\n<p>Trabalhadores do setor privado, servidores p\u00fablicos, organiza\u00e7\u00f5es sociais, militantes por direitos humanos, entidades sindicais e ativistas de diversas pautas hist\u00f3ricas do campo da esquerda ir\u00e3o \u00e0s ruas nesta quinta-feira (31), em v\u00e1rias cidades do pa\u00eds, com o objetivo de denunciar o avan\u00e7o da ofensiva conservadora e o golpe institucional em curso, defender a democracia e barrar o ajuste fiscal e a pol\u00edtica do governo que amea\u00e7a direitos sociais e trabalhistas. Convocadas pela Frente Povo Sem Medo, da qual o PSOL faz parte ao lado de outras organiza\u00e7\u00f5es, como o MTST e a Intersindical \u2013 Central da Classe Trabalhadora, e pela Frente Brasil Popular, as manifesta\u00e7\u00f5es dessa jornada nacional de luta pretendem reunir o maior n\u00famero poss\u00edvel de pessoas para apontar que a supera\u00e7\u00e3o das crises econ\u00f4mica e pol\u00edtica deve se pela esquerda.<\/p>\n<p>O PSOL, que participa da constru\u00e7\u00e3o dos atos desta quinta-feira, reafirma a sua atua\u00e7\u00e3o como oposi\u00e7\u00e3o de esquerda ao governo Dilma Rousseff, e, ao mesmo tempo, entende que as alternativas apresentadas pela direita colocar\u00e3o ainda mais em risco as condi\u00e7\u00f5es de vida da classe trabalhadora e dos setores mais empobrecidos da sociedade. \u201cReafirmamos que a crise pol\u00edtica \u00e9 turbinada pela crise econ\u00f4mica e, por isso, seguimos sendo oposi\u00e7\u00e3o program\u00e1tica e de esquerda ao governo Dilma. Continuaremos combatendo suas pol\u00edticas regressivas e questionando as concess\u00f5es feitas ao grande capital. Diante da atual crise, do ajuste fiscal e da retirada de direitos, \u00e9 ineg\u00e1vel que este governo est\u00e1 afastado dos reais anseios da maioria da popula\u00e7\u00e3o\u201d, afirma a dire\u00e7\u00e3o do partido, <a href=\"http:\/\/www.psol50.org.br\/2016\/03\/derrotar-o-autoritarismo-da-direita-e-o-ajuste-fiscal-do-governo-dilma-nota-da-executiva-nacional-do-psol\/\">em nota divulgada no \u00faltimo dia 22 de mar\u00e7o<\/a>.<\/p>\n<p>No mesmo documento, o PSOL denuncia tamb\u00e9m a ofensiva conservadora, capitaneada pelo PSDB de A\u00e9cio Neves e Fernando Henrique Cardoso, e pelo PMDB de Eduardo Cunha e Michel Temer. \u201cSeguindo a delibera\u00e7\u00e3o de seu 5\u00ba Congresso, nosso partido n\u00e3o considera correto o processo de impeachment movido contra a presidenta Dilma. O impeachment, instrumento que s\u00f3 pode ser usado com crime de responsabilidade comprovado, se tornou uma sa\u00edda golpista para negar o resultado das urnas, com o prop\u00f3sito de retirar a presidenta Dilma do poder, buscando um \u2018acord\u00e3o\u2019 para salvar outros citados nas investiga\u00e7\u00f5es da Lava Jato. A troca de governo acelerar\u00e1 os ajustes pretendidos pelos poderosos, retirando direitos dos trabalhadores e atingindo nossa soberania\u201d.<\/p>\n<p>Em rela\u00e7\u00e3o \u00e0s manifesta\u00e7\u00f5es do dia 31 de mar\u00e7o, o partido convoca sua milit\u00e2ncia a participar, demarcando suas bandeiras contra a ofensiva reacion\u00e1ria da direita, o golpismo institucional e o ajuste fiscal do governo Dilma. \u201cNos atos, devemos nos apresentar com as propostas do partido, ajudando a garantir o car\u00e1ter unit\u00e1rio dos mesmos, bem como o perfil cr\u00edtico ao governo aprovado na Frente Povo Sem Medo, sem que isso signifique qualquer constrangimento na rela\u00e7\u00e3o com outros setores\u201d, afirma a Executiva Nacional.<\/p>\n<p>O presidente nacional Luiz Ara\u00fajo ressalta o chamado para que a milit\u00e2ncia engrosse os protestos e reafirma o car\u00e1ter que deve ser demarcado. \u201cA milit\u00e2ncia do PSOL ir\u00e1 \u00e0s ruas amanh\u00e3. N\u00e3o \u00e9 pela Dilma, cujo governo n\u00e3o fez nada defens\u00e1vel, mas pela democracia amea\u00e7ada pelo golpe institucional em curso e contra o retrocesso em nossos direitos que o golpe ir\u00e1 acelerar. Iremos tamb\u00e9m pra combater o ajuste fiscal, j\u00e1 que n\u00e3o aceitamos pagar a conta da crise\u201d.<\/p>\n<p>Juliano Medeiros, presidente da Funda\u00e7\u00e3o Lauro Campos, afirma que o PSOL est\u00e1 nas ruas, junto com a Frente Povo Sem Medo, para organizar a resist\u00eancia popular contra o autoritarismo da direita, por mais direitos e por uma sa\u00edda \u00e0 esquerda para a crise. Ele tamb\u00e9m convoca a milit\u00e2ncia do partido a ir para as ruas nesta quinta-feira, ao lado de v\u00e1rias outras organiza\u00e7\u00f5es sociais e pol\u00edticas do campo da esquerda.<\/p>\n<p>O coordenador nacional do MTST (Movimento dos Trabalhadores Sem Teto), Guilherme Boulos, uma das principais lideran\u00e7as da luta em defesa da democracia e contra o ajuste fiscal, tamb\u00e9m reafirma o car\u00e1ter dos atos desta quinta-feira, refor\u00e7ando o entendimento de que a sa\u00edda da crise deve ser pela esquerda. \u201cQuem est\u00e1 na rua contra o golpe n\u00e3o \u00e9 empres\u00e1rio nem banqueiro. O povo que est\u00e1 na rua contra o golpe n\u00e3o quer ajuste e nem reforma da previd\u00eancia, quer que o andar de cima pague a contra crise\u201d.<\/p>\n<p><strong>Bras\u00edlia e outras capitais<br \/>\n<\/strong>O ato de maior peso ser\u00e1 em Bras\u00edlia, com concentra\u00e7\u00e3o \u00e0s 14h no Est\u00e1dio Man\u00e9 Garrincha. Por volta das 18h, os manifestantes sair\u00e3o em marcha at\u00e9 o gramado do Congresso Nacional, onde \u00e0s 19h haver\u00e1 um ato pol\u00edtico e cultural. \u00d4nibus de v\u00e1rios estados vir\u00e3o \u00e0 capital federal, com militantes dos movimentos sindical, estudantil, LGBTs, de luta por moradia, mulheres, negros e negras, transporte p\u00fablico e de tantas outras pautas hist\u00f3ricas da esquerda. O PSOL integrar\u00e1 as caravanas.<\/p>\n<p>Al\u00e9m de Bras\u00edlia, em v\u00e1rias outras capitais o povo tamb\u00e9m sair\u00e1 \u00e0s ruas nessa jornada nacional de lutas em defesa da democracia. Em S\u00e3o Paulo, Rio de Janeiro, Manaus, Fortaleza, Vit\u00f3ria, Belo Horizonte, Bel\u00e9m, Curitiba, Recife e v\u00e1rias outras cidades a Frente Povo Sem Medo realizar\u00e1 diversos tipos de mobiliza\u00e7\u00e3o. \u201cA democracia \u00e9 cara, valiosa e inegoci\u00e1vel. Vamos \u00e0s ruas para defend\u00ea-la em todos os \u00e2mbitos, por isso recha\u00e7amos tamb\u00e9m a san\u00e7\u00e3o da lei antiterrorismo, proposta pelo governo Dilma. N\u00e3o aceitamos tamb\u00e9m o ajuste fiscal e a proposta da reforma da previd\u00eancia, que fere os direitos dos trabalhadores\/as. Queremos mais direitos e outra pol\u00edtica econ\u00f4mica, para que possamos retomar os avan\u00e7os e dar cada vez mais chances do povo brasileiro sonhar e ter esperan\u00e7a\u201d, afirma a convocat\u00f3ria do dia 31 de mar\u00e7o.<\/p>\n<p>Confira a programa\u00e7\u00e3o em cada local: <a href=\"https:\/\/www.facebook.com\/events\/1765127953718082\/\">https:\/\/www.facebook.com\/events\/1765127953718082\/<\/a>.<\/p>\n<p><em>Da reda\u00e7\u00e3o do PSOL Nacional<\/em><\/p>\n<p>&nbsp;<\/p>\n<p>&nbsp;<\/p>\n<p>&nbsp;<\/p>\n","protected":false},"excerpt":{"rendered":"<p>Nesta quinta-feira, em todo o pa\u00eds, ser\u00e3o realizadas manifesta\u00e7\u00f5es, convocadas pela Frente Povo Sem Medo, para denunciar o golpe institucional em curso, defender a democracia e protestar contra o ajuste fiscal e a retirada de direitos. O PSOL integrar\u00e1 a jornada de lutas, ao lado de v\u00e1rias outras organiza\u00e7\u00f5es, como o MTST e a Intersindical [&hellip;]<\/p>\n","protected":false},"author":2,"featured_media":11872,"comment_status":"open","ping_status":"open","sticky":false,"template":"","format":"standard","meta":{"_acf_changed":false,"footnotes":""},"categories":[1882,1104,14],"tags":[2410,219,3705,1878,4136,3981,977,220,3174,259,1801,101,2152,1590,22,4131],"class_list":{"0":"post-11870","1":"post","2":"type-post","3":"status-publish","4":"format-standard","5":"has-post-thumbnail","7":"category-brasil","8":"category-movimento","9":"category-partido","10":"tag-avanco-conservador","11":"tag-crise","12":"tag-direita","13":"tag-frente-povo-sem-medo","14":"tag-golpe-institucional","15":"tag-governo-dilma","16":"tag-guilherme-boulos","17":"tag-impeachment","18":"tag-intersindical-central-da-classe-trabalhadora","19":"tag-juliano-medeiros","20":"tag-luiz-araujo","21":"tag-mtst","22":"tag-pmdb","23":"tag-psdb","24":"tag-psol","25":"tag-saida-a-esquerda"},"acf":[],"yoast_head":"<!-- This site is optimized with the Yoast SEO plugin v26.5 - https:\/\/yoast.com\/wordpress\/plugins\/seo\/ -->\n<title>31 de mar\u00e7o: Ocupar as ruas contra o ajuste fiscal e em defesa da democracia - PSOL 50<\/title>\n<meta name=\"robots\" content=\"index, follow, max-snippet:-1, max-image-preview:large, max-video-preview:-1\" \/>\n<link rel=\"canonical\" href=\"https:\/\/psol50.org.br\/31-de-marco-ocupar-as-ruas-contra-o-ajuste-fiscal-e-em-defesa-da-democracia\/\" \/>\n<meta property=\"og:locale\" content=\"pt_BR\" \/>\n<meta property=\"og:type\" content=\"article\" \/>\n<meta property=\"og:title\" content=\"31 de mar\u00e7o: Ocupar as ruas contra o ajuste fiscal e em defesa da democracia - PSOL 50\" \/>\n<meta property=\"og:description\" content=\"Nesta quinta-feira, em todo o pa\u00eds, ser\u00e3o realizadas manifesta\u00e7\u00f5es, convocadas pela Frente Povo Sem Medo, para denunciar o golpe institucional em curso, defender a democracia e protestar contra o ajuste fiscal e a retirada de direitos. O PSOL integrar\u00e1 a jornada de lutas, ao lado de v\u00e1rias outras organiza\u00e7\u00f5es, como o MTST e a Intersindical [&hellip;]\" \/>\n<meta property=\"og:url\" content=\"https:\/\/psol50.org.br\/31-de-marco-ocupar-as-ruas-contra-o-ajuste-fiscal-e-em-defesa-da-democracia\/\" \/>\n<meta property=\"og:site_name\" content=\"PSOL 50\" \/>\n<meta property=\"article:publisher\" content=\"https:\/\/www.facebook.com\/psol50\" \/>\n<meta property=\"article:published_time\" content=\"2016-03-30T20:00:12+00:00\" \/>\n<meta property=\"og:image\" content=\"https:\/\/psol50.org.br\/inc\/uploads\/2016\/03\/1-Ato-Povo-Sem-Medo-SP-Midia-Ninja.jpg\" \/>\n\t<meta property=\"og:image:width\" content=\"1350\" \/>\n\t<meta property=\"og:image:height\" content=\"900\" \/>\n\t<meta property=\"og:image:type\" content=\"image\/jpeg\" \/>\n<meta name=\"author\" content=\"Comunica\u00e7\u00e3o PSOL\" \/>\n<meta name=\"twitter:card\" content=\"summary_large_image\" \/>\n<meta name=\"twitter:creator\" content=\"@psol50\" \/>\n<meta name=\"twitter:site\" content=\"@psol50\" \/>\n<meta name=\"twitter:label1\" content=\"Escrito por\" \/>\n\t<meta name=\"twitter:data1\" content=\"Comunica\u00e7\u00e3o PSOL\" \/>\n\t<meta name=\"twitter:label2\" content=\"Est. tempo de leitura\" \/>\n\t<meta name=\"twitter:data2\" content=\"5 minutos\" \/>\n<script type=\"application\/ld+json\" class=\"yoast-schema-graph\">{\"@context\":\"https:\/\/schema.org\",\"@graph\":[{\"@type\":\"Article\",\"@id\":\"https:\/\/psol50.org.br\/31-de-marco-ocupar-as-ruas-contra-o-ajuste-fiscal-e-em-defesa-da-democracia\/#article\",\"isPartOf\":{\"@id\":\"https:\/\/psol50.org.br\/31-de-marco-ocupar-as-ruas-contra-o-ajuste-fiscal-e-em-defesa-da-democracia\/\"},\"author\":{\"name\":\"Comunica\u00e7\u00e3o PSOL\",\"@id\":\"https:\/\/psol50.org.br\/#\/schema\/person\/475dfa57d0b815993c714c2e96491fcd\"},\"headline\":\"31 de mar\u00e7o: Ocupar as ruas contra o ajuste fiscal e em defesa da democracia\",\"datePublished\":\"2016-03-30T20:00:12+00:00\",\"mainEntityOfPage\":{\"@id\":\"https:\/\/psol50.org.br\/31-de-marco-ocupar-as-ruas-contra-o-ajuste-fiscal-e-em-defesa-da-democracia\/\"},\"wordCount\":1096,\"commentCount\":0,\"publisher\":{\"@id\":\"https:\/\/psol50.org.br\/#organization\"},\"image\":{\"@id\":\"https:\/\/psol50.org.br\/31-de-marco-ocupar-as-ruas-contra-o-ajuste-fiscal-e-em-defesa-da-democracia\/#primaryimage\"},\"thumbnailUrl\":\"https:\/\/psol50.org.br\/inc\/uploads\/2016\/03\/1-Ato-Povo-Sem-Medo-SP-Midia-Ninja.jpg\",\"keywords\":[\"avan\u00e7o conservador\",\"crise\",\"direita\",\"Frente Povo Sem Medo\",\"golpe institucional\",\"governo Dilma\",\"Guilherme Boulos\",\"impeachment\",\"Intersindical - Central da Classe Trabalhadora\",\"Juliano Medeiros\",\"Luiz Ara\u00fajo\",\"MTST\",\"PMDB\",\"PSDB\",\"PSOL\",\"sa\u00edda \u00e0 esquerda\"],\"articleSection\":[\"Brasil\",\"Movimento\",\"Partido\"],\"inLanguage\":\"pt-BR\",\"potentialAction\":[{\"@type\":\"CommentAction\",\"name\":\"Comment\",\"target\":[\"https:\/\/psol50.org.br\/31-de-marco-ocupar-as-ruas-contra-o-ajuste-fiscal-e-em-defesa-da-democracia\/#respond\"]}]},{\"@type\":\"WebPage\",\"@id\":\"https:\/\/psol50.org.br\/31-de-marco-ocupar-as-ruas-contra-o-ajuste-fiscal-e-em-defesa-da-democracia\/\",\"url\":\"https:\/\/psol50.org.br\/31-de-marco-ocupar-as-ruas-contra-o-ajuste-fiscal-e-em-defesa-da-democracia\/\",\"name\":\"31 de mar\u00e7o: Ocupar as ruas contra o ajuste fiscal e em defesa da democracia - PSOL 50\",\"isPartOf\":{\"@id\":\"https:\/\/psol50.org.br\/#website\"},\"primaryImageOfPage\":{\"@id\":\"https:\/\/psol50.org.br\/31-de-marco-ocupar-as-ruas-contra-o-ajuste-fiscal-e-em-defesa-da-democracia\/#primaryimage\"},\"image\":{\"@id\":\"https:\/\/psol50.org.br\/31-de-marco-ocupar-as-ruas-contra-o-ajuste-fiscal-e-em-defesa-da-democracia\/#primaryimage\"},\"thumbnailUrl\":\"https:\/\/psol50.org.br\/inc\/uploads\/2016\/03\/1-Ato-Povo-Sem-Medo-SP-Midia-Ninja.jpg\",\"datePublished\":\"2016-03-30T20:00:12+00:00\",\"breadcrumb\":{\"@id\":\"https:\/\/psol50.org.br\/31-de-marco-ocupar-as-ruas-contra-o-ajuste-fiscal-e-em-defesa-da-democracia\/#breadcrumb\"},\"inLanguage\":\"pt-BR\",\"potentialAction\":[{\"@type\":\"ReadAction\",\"target\":[\"https:\/\/psol50.org.br\/31-de-marco-ocupar-as-ruas-contra-o-ajuste-fiscal-e-em-defesa-da-democracia\/\"]}]},{\"@type\":\"ImageObject\",\"inLanguage\":\"pt-BR\",\"@id\":\"https:\/\/psol50.org.br\/31-de-marco-ocupar-as-ruas-contra-o-ajuste-fiscal-e-em-defesa-da-democracia\/#primaryimage\",\"url\":\"https:\/\/psol50.org.br\/inc\/uploads\/2016\/03\/1-Ato-Povo-Sem-Medo-SP-Midia-Ninja.jpg\",\"contentUrl\":\"https:\/\/psol50.org.br\/inc\/uploads\/2016\/03\/1-Ato-Povo-Sem-Medo-SP-Midia-Ninja.jpg\",\"width\":1350,\"height\":900},{\"@type\":\"BreadcrumbList\",\"@id\":\"https:\/\/psol50.org.br\/31-de-marco-ocupar-as-ruas-contra-o-ajuste-fiscal-e-em-defesa-da-democracia\/#breadcrumb\",\"itemListElement\":[{\"@type\":\"ListItem\",\"position\":1,\"name\":\"In\u00edcio\",\"item\":\"https:\/\/psol50.org.br\/\"},{\"@type\":\"ListItem\",\"position\":2,\"name\":\"31 de mar\u00e7o: Ocupar as ruas contra o ajuste fiscal e em defesa da democracia\"}]},{\"@type\":\"WebSite\",\"@id\":\"https:\/\/psol50.org.br\/#website\",\"url\":\"https:\/\/psol50.org.br\/\",\"name\":\"PSOL 50\",\"description\":\"Site oficial do Partido Socialismo e Liberdade\",\"publisher\":{\"@id\":\"https:\/\/psol50.org.br\/#organization\"},\"alternateName\":\"PSOL50\",\"potentialAction\":[{\"@type\":\"SearchAction\",\"target\":{\"@type\":\"EntryPoint\",\"urlTemplate\":\"https:\/\/psol50.org.br\/?s={search_term_string}\"},\"query-input\":{\"@type\":\"PropertyValueSpecification\",\"valueRequired\":true,\"valueName\":\"search_term_string\"}}],\"inLanguage\":\"pt-BR\"},{\"@type\":\"Organization\",\"@id\":\"https:\/\/psol50.org.br\/#organization\",\"name\":\"PSOL 50\",\"alternateName\":\"PSOL 50\",\"url\":\"https:\/\/psol50.org.br\/\",\"logo\":{\"@type\":\"ImageObject\",\"inLanguage\":\"pt-BR\",\"@id\":\"https:\/\/psol50.org.br\/#\/schema\/logo\/image\/\",\"url\":\"https:\/\/psol50.org.br\/inc\/uploads\/2018\/07\/capa.png\",\"contentUrl\":\"https:\/\/psol50.org.br\/inc\/uploads\/2018\/07\/capa.png\",\"width\":1350,\"height\":900,\"caption\":\"PSOL 50\"},\"image\":{\"@id\":\"https:\/\/psol50.org.br\/#\/schema\/logo\/image\/\"},\"sameAs\":[\"https:\/\/www.facebook.com\/psol50\",\"https:\/\/x.com\/psol50\",\"https:\/\/www.instagram.com\/psol50\/\",\"https:\/\/www.youtube.com\/channel\/UC7SnJS5o1os7a6CaiNabzcg\"]},{\"@type\":\"Person\",\"@id\":\"https:\/\/psol50.org.br\/#\/schema\/person\/475dfa57d0b815993c714c2e96491fcd\",\"name\":\"Comunica\u00e7\u00e3o PSOL\",\"image\":{\"@type\":\"ImageObject\",\"inLanguage\":\"pt-BR\",\"@id\":\"https:\/\/psol50.org.br\/#\/schema\/person\/image\/\",\"url\":\"https:\/\/secure.gravatar.com\/avatar\/b34fc4f4e468a4e51785917065a3db57b841f5c95dba6ad8c73aaf8f66f8f9bf?s=96&d=mm&r=g\",\"contentUrl\":\"https:\/\/secure.gravatar.com\/avatar\/b34fc4f4e468a4e51785917065a3db57b841f5c95dba6ad8c73aaf8f66f8f9bf?s=96&d=mm&r=g\",\"caption\":\"Comunica\u00e7\u00e3o PSOL\"}}]}<\/script>\n<!-- \/ Yoast SEO plugin. -->","yoast_head_json":{"title":"31 de mar\u00e7o: Ocupar as ruas contra o ajuste fiscal e em defesa da democracia - PSOL 50","robots":{"index":"index","follow":"follow","max-snippet":"max-snippet:-1","max-image-preview":"max-image-preview:large","max-video-preview":"max-video-preview:-1"},"canonical":"https:\/\/psol50.org.br\/31-de-marco-ocupar-as-ruas-contra-o-ajuste-fiscal-e-em-defesa-da-democracia\/","og_locale":"pt_BR","og_type":"article","og_title":"31 de mar\u00e7o: Ocupar as ruas contra o ajuste fiscal e em defesa da democracia - PSOL 50","og_description":"Nesta quinta-feira, em todo o pa\u00eds, ser\u00e3o realizadas manifesta\u00e7\u00f5es, convocadas pela Frente Povo Sem Medo, para denunciar o golpe institucional em curso, defender a democracia e protestar contra o ajuste fiscal e a retirada de direitos. O PSOL integrar\u00e1 a jornada de lutas, ao lado de v\u00e1rias outras organiza\u00e7\u00f5es, como o MTST e a Intersindical [&hellip;]","og_url":"https:\/\/psol50.org.br\/31-de-marco-ocupar-as-ruas-contra-o-ajuste-fiscal-e-em-defesa-da-democracia\/","og_site_name":"PSOL 50","article_publisher":"https:\/\/www.facebook.com\/psol50","article_published_time":"2016-03-30T20:00:12+00:00","og_image":[{"width":1350,"height":900,"url":"https:\/\/psol50.org.br\/inc\/uploads\/2016\/03\/1-Ato-Povo-Sem-Medo-SP-Midia-Ninja.jpg","type":"image\/jpeg"}],"author":"Comunica\u00e7\u00e3o PSOL","twitter_card":"summary_large_image","twitter_creator":"@psol50","twitter_site":"@psol50","twitter_misc":{"Escrito por":"Comunica\u00e7\u00e3o PSOL","Est. tempo de leitura":"5 minutos"},"schema":{"@context":"https:\/\/schema.org","@graph":[{"@type":"Article","@id":"https:\/\/psol50.org.br\/31-de-marco-ocupar-as-ruas-contra-o-ajuste-fiscal-e-em-defesa-da-democracia\/#article","isPartOf":{"@id":"https:\/\/psol50.org.br\/31-de-marco-ocupar-as-ruas-contra-o-ajuste-fiscal-e-em-defesa-da-democracia\/"},"author":{"name":"Comunica\u00e7\u00e3o PSOL","@id":"https:\/\/psol50.org.br\/#\/schema\/person\/475dfa57d0b815993c714c2e96491fcd"},"headline":"31 de mar\u00e7o: Ocupar as ruas contra o ajuste fiscal e em defesa da democracia","datePublished":"2016-03-30T20:00:12+00:00","mainEntityOfPage":{"@id":"https:\/\/psol50.org.br\/31-de-marco-ocupar-as-ruas-contra-o-ajuste-fiscal-e-em-defesa-da-democracia\/"},"wordCount":1096,"commentCount":0,"publisher":{"@id":"https:\/\/psol50.org.br\/#organization"},"image":{"@id":"https:\/\/psol50.org.br\/31-de-marco-ocupar-as-ruas-contra-o-ajuste-fiscal-e-em-defesa-da-democracia\/#primaryimage"},"thumbnailUrl":"https:\/\/psol50.org.br\/inc\/uploads\/2016\/03\/1-Ato-Povo-Sem-Medo-SP-Midia-Ninja.jpg","keywords":["avan\u00e7o conservador","crise","direita","Frente Povo Sem Medo","golpe institucional","governo Dilma","Guilherme Boulos","impeachment","Intersindical - Central da Classe Trabalhadora","Juliano Medeiros","Luiz Ara\u00fajo","MTST","PMDB","PSDB","PSOL","sa\u00edda \u00e0 esquerda"],"articleSection":["Brasil","Movimento","Partido"],"inLanguage":"pt-BR","potentialAction":[{"@type":"CommentAction","name":"Comment","target":["https:\/\/psol50.org.br\/31-de-marco-ocupar-as-ruas-contra-o-ajuste-fiscal-e-em-defesa-da-democracia\/#respond"]}]},{"@type":"WebPage","@id":"https:\/\/psol50.org.br\/31-de-marco-ocupar-as-ruas-contra-o-ajuste-fiscal-e-em-defesa-da-democracia\/","url":"https:\/\/psol50.org.br\/31-de-marco-ocupar-as-ruas-contra-o-ajuste-fiscal-e-em-defesa-da-democracia\/","name":"31 de mar\u00e7o: Ocupar as ruas contra o ajuste fiscal e em defesa da democracia - PSOL 50","isPartOf":{"@id":"https:\/\/psol50.org.br\/#website"},"primaryImageOfPage":{"@id":"https:\/\/psol50.org.br\/31-de-marco-ocupar-as-ruas-contra-o-ajuste-fiscal-e-em-defesa-da-democracia\/#primaryimage"},"image":{"@id":"https:\/\/psol50.org.br\/31-de-marco-ocupar-as-ruas-contra-o-ajuste-fiscal-e-em-defesa-da-democracia\/#primaryimage"},"thumbnailUrl":"https:\/\/psol50.org.br\/inc\/uploads\/2016\/03\/1-Ato-Povo-Sem-Medo-SP-Midia-Ninja.jpg","datePublished":"2016-03-30T20:00:12+00:00","breadcrumb":{"@id":"https:\/\/psol50.org.br\/31-de-marco-ocupar-as-ruas-contra-o-ajuste-fiscal-e-em-defesa-da-democracia\/#breadcrumb"},"inLanguage":"pt-BR","potentialAction":[{"@type":"ReadAction","target":["https:\/\/psol50.org.br\/31-de-marco-ocupar-as-ruas-contra-o-ajuste-fiscal-e-em-defesa-da-democracia\/"]}]},{"@type":"ImageObject","inLanguage":"pt-BR","@id":"https:\/\/psol50.org.br\/31-de-marco-ocupar-as-ruas-contra-o-ajuste-fiscal-e-em-defesa-da-democracia\/#primaryimage","url":"https:\/\/psol50.org.br\/inc\/uploads\/2016\/03\/1-Ato-Povo-Sem-Medo-SP-Midia-Ninja.jpg","contentUrl":"https:\/\/psol50.org.br\/inc\/uploads\/2016\/03\/1-Ato-Povo-Sem-Medo-SP-Midia-Ninja.jpg","width":1350,"height":900},{"@type":"BreadcrumbList","@id":"https:\/\/psol50.org.br\/31-de-marco-ocupar-as-ruas-contra-o-ajuste-fiscal-e-em-defesa-da-democracia\/#breadcrumb","itemListElement":[{"@type":"ListItem","position":1,"name":"In\u00edcio","item":"https:\/\/psol50.org.br\/"},{"@type":"ListItem","position":2,"name":"31 de mar\u00e7o: Ocupar as ruas contra o ajuste fiscal e em defesa da democracia"}]},{"@type":"WebSite","@id":"https:\/\/psol50.org.br\/#website","url":"https:\/\/psol50.org.br\/","name":"PSOL 50","description":"Site oficial do Partido Socialismo e Liberdade","publisher":{"@id":"https:\/\/psol50.org.br\/#organization"},"alternateName":"PSOL50","potentialAction":[{"@type":"SearchAction","target":{"@type":"EntryPoint","urlTemplate":"https:\/\/psol50.org.br\/?s={search_term_string}"},"query-input":{"@type":"PropertyValueSpecification","valueRequired":true,"valueName":"search_term_string"}}],"inLanguage":"pt-BR"},{"@type":"Organization","@id":"https:\/\/psol50.org.br\/#organization","name":"PSOL 50","alternateName":"PSOL 50","url":"https:\/\/psol50.org.br\/","logo":{"@type":"ImageObject","inLanguage":"pt-BR","@id":"https:\/\/psol50.org.br\/#\/schema\/logo\/image\/","url":"https:\/\/psol50.org.br\/inc\/uploads\/2018\/07\/capa.png","contentUrl":"https:\/\/psol50.org.br\/inc\/uploads\/2018\/07\/capa.png","width":1350,"height":900,"caption":"PSOL 50"},"image":{"@id":"https:\/\/psol50.org.br\/#\/schema\/logo\/image\/"},"sameAs":["https:\/\/www.facebook.com\/psol50","https:\/\/x.com\/psol50","https:\/\/www.instagram.com\/psol50\/","https:\/\/www.youtube.com\/channel\/UC7SnJS5o1os7a6CaiNabzcg"]},{"@type":"Person","@id":"https:\/\/psol50.org.br\/#\/schema\/person\/475dfa57d0b815993c714c2e96491fcd","name":"Comunica\u00e7\u00e3o PSOL","image":{"@type":"ImageObject","inLanguage":"pt-BR","@id":"https:\/\/psol50.org.br\/#\/schema\/person\/image\/","url":"https:\/\/secure.gravatar.com\/avatar\/b34fc4f4e468a4e51785917065a3db57b841f5c95dba6ad8c73aaf8f66f8f9bf?s=96&d=mm&r=g","contentUrl":"https:\/\/secure.gravatar.com\/avatar\/b34fc4f4e468a4e51785917065a3db57b841f5c95dba6ad8c73aaf8f66f8f9bf?s=96&d=mm&r=g","caption":"Comunica\u00e7\u00e3o PSOL"}}]}},"_links":{"self":[{"href":"https:\/\/psol50.org.br\/rest\/wp\/v2\/posts\/11870","targetHints":{"allow":["GET"]}}],"collection":[{"href":"https:\/\/psol50.org.br\/rest\/wp\/v2\/posts"}],"about":[{"href":"https:\/\/psol50.org.br\/rest\/wp\/v2\/types\/post"}],"author":[{"embeddable":true,"href":"https:\/\/psol50.org.br\/rest\/wp\/v2\/users\/2"}],"replies":[{"embeddable":true,"href":"https:\/\/psol50.org.br\/rest\/wp\/v2\/comments?post=11870"}],"version-history":[{"count":0,"href":"https:\/\/psol50.org.br\/rest\/wp\/v2\/posts\/11870\/revisions"}],"wp:featuredmedia":[{"embeddable":true,"href":"https:\/\/psol50.org.br\/rest\/wp\/v2\/media\/11872"}],"wp:attachment":[{"href":"https:\/\/psol50.org.br\/rest\/wp\/v2\/media?parent=11870"}],"wp:term":[{"taxonomy":"category","embeddable":true,"href":"https:\/\/psol50.org.br\/rest\/wp\/v2\/categories?post=11870"},{"taxonomy":"post_tag","embeddable":true,"href":"https:\/\/psol50.org.br\/rest\/wp\/v2\/tags?post=11870"}],"curies":[{"name":"wp","href":"https:\/\/api.w.org\/{rel}","templated":true}]}}