{"id":11881,"date":"2016-03-31T10:00:07","date_gmt":"2016-03-31T10:00:07","guid":{"rendered":"http:\/\/www.psol50.org.br\/?p=11881"},"modified":"2016-03-31T10:00:07","modified_gmt":"2016-03-31T10:00:07","slug":"psol-em-defesa-dos-animais","status":"publish","type":"post","link":"https:\/\/psol50.org.br\/psol-em-defesa-dos-animais\/","title":{"rendered":"PSOL em defesa dos animais"},"content":{"rendered":"<p>Nos \u00faltimos dias toda a bancada do PSOL na C\u00e2mara Federal foi questionada sobre o posicionamento em rela\u00e7\u00e3o aos projetos de lei 3490\/2012 e 466\/2015. Os projetos j\u00e1 tiveram a aprova\u00e7\u00e3o dos deputados Edmilson Rodrigues (PA) e Ivan Valente (SP) na Comiss\u00e3o de Meio Ambiente e Desenvolvimento Sustent\u00e1vel. O primeiro disp\u00f5e sobre a proibi\u00e7\u00e3o de elimina\u00e7\u00e3o de c\u00e3es e gatos saud\u00e1veis por estabelecimentos oficiais. O segundo sobre ado\u00e7\u00e3o de medidas que assegurem a circula\u00e7\u00e3o segura de animais silvestres no territ\u00f3rio nacional, com a redu\u00e7\u00e3o de acidentes envolvendo pessoas e animais nas estradas, rodovias e ferrovias brasileiras.<\/p>\n<p>Para a bancada do PSOL, ambos os projetos s\u00e3o de grande relev\u00e2ncia. No que tange ao 3490\/2012, especificamente,\u00a0\u00e9 relevante que se pro\u00edba a eutan\u00e1sia como regra, mas que permita a exce\u00e7\u00e3o. Considerando que a sa\u00fade animal tem rela\u00e7\u00e3o direta com a sa\u00fade p\u00fablica humana, \u00e9 importante ter a possibilidade de eliminar animais quando h\u00e1 riscos graves para o bem estar deles e dos seres humanos.<\/p>\n<p>A reda\u00e7\u00e3o, ainda, poderia ser melhorada expandindo a possibilidade de eutan\u00e1sia para os casos de doen\u00e7as degenerativas em est\u00e1gios avan\u00e7ados, de acordo com a bancada. \u00c9 poss\u00edvel garantir qualidade de vida para um animal com doen\u00e7a degenerativa. Contudo, uma vez que um laudo oficial garantisse que o animal estivesse em um est\u00e1gio exposto t\u00e3o somente ao sofrimento, a eutan\u00e1sia deveria ser permitida. Todos os laudos necessariamente seriam emitidos por \u00f3rg\u00e3os p\u00fablicos.<\/p>\n<p>Em todos os casos, a bancada avalia que o projeto avan\u00e7a para autorizar a realiza\u00e7\u00e3o de conv\u00eanios ou parcerias do poder p\u00fablico de qualquer n\u00edvel entre \u00f3rg\u00e3os das esferas da federa\u00e7\u00e3o, universidades ou outras institui\u00e7\u00f5es relacionadas \u00e0 veterin\u00e1ria. Esta parceria poderia, ainda, resultar em pol\u00edticas e programas para garantir a sa\u00fade dos animais, tratamentos atrav\u00e9s do SUS e feiras de ado\u00e7\u00e3o em todo territ\u00f3rio nacional.<\/p>\n<p>Em rela\u00e7\u00e3o ao PL 466\/2015, \u00e9 extremamente preocupante para a bancada as estimativas que mostram que mais de 450 milh\u00f5es de animais selvagens podem estar sendo mortos anualmente em 1,7 milh\u00f5es de quil\u00f4metros de estradas existentes em todo o Brasil. Mesmo aqueles que n\u00e3o s\u00e3o mortos, tem seus h\u00e1bitos e vidas afetados pela presen\u00e7a de rodovias em seu habitat. Para os deputados do PSOL, qualquer a\u00e7\u00e3o de desenvolvimento deve respeitar os bens naturais, a fauna e flora de nosso pa\u00eds. N\u00e3o \u00e9 poss\u00edvel haver desenvolvimento que passe por cima destes valores que primam pelo equil\u00edbrio ecol\u00f3gico.<\/p>\n<p>Fonte: <em>Mandato deputado Edmilson Rodrigues<\/em><\/p>\n<p>&nbsp;<\/p>\n","protected":false},"excerpt":{"rendered":"<p>Nos \u00faltimos dias toda a bancada do PSOL na C\u00e2mara Federal foi questionada sobre o posicionamento em rela\u00e7\u00e3o aos projetos de lei 3490\/2012 e 466\/2015. Os projetos j\u00e1 tiveram a aprova\u00e7\u00e3o dos deputados Edmilson Rodrigues (PA) e Ivan Valente (SP) na Comiss\u00e3o de Meio Ambiente e Desenvolvimento Sustent\u00e1vel. O primeiro disp\u00f5e sobre a proibi\u00e7\u00e3o de [&hellip;]<\/p>\n","protected":false},"author":2,"featured_media":11882,"comment_status":"open","ping_status":"open","sticky":false,"template":"","format":"standard","meta":{"_acf_changed":false,"footnotes":""},"categories":[10,1882,6,14],"tags":[4141,4142,2734,4143,421,973,4144,552,4145,4146],"class_list":{"0":"post-11881","1":"post","2":"type-post","3":"status-publish","4":"format-standard","5":"has-post-thumbnail","7":"category-acao-parlamentares","8":"category-brasil","9":"category-noticias","10":"category-partido","11":"tag-animais","12":"tag-animais-silvestres","13":"tag-bancada-do-psol","14":"tag-caes","15":"tag-defesa","16":"tag-edmilson-rodrigues","17":"tag-gatos","18":"tag-ivan-valente","19":"tag-pl-34902012","20":"tag-pl-4662015"},"acf":[],"yoast_head":"<!-- This site is optimized with the Yoast SEO plugin v26.5 - https:\/\/yoast.com\/wordpress\/plugins\/seo\/ -->\n<title>PSOL em defesa dos animais - PSOL 50<\/title>\n<meta name=\"robots\" content=\"index, follow, max-snippet:-1, max-image-preview:large, max-video-preview:-1\" \/>\n<link rel=\"canonical\" href=\"https:\/\/psol50.org.br\/psol-em-defesa-dos-animais\/\" \/>\n<meta property=\"og:locale\" content=\"pt_BR\" \/>\n<meta property=\"og:type\" content=\"article\" \/>\n<meta property=\"og:title\" content=\"PSOL em defesa dos animais - PSOL 50\" \/>\n<meta property=\"og:description\" content=\"Nos \u00faltimos dias toda a bancada do PSOL na C\u00e2mara Federal foi questionada sobre o posicionamento em rela\u00e7\u00e3o aos projetos de lei 3490\/2012 e 466\/2015. Os projetos j\u00e1 tiveram a aprova\u00e7\u00e3o dos deputados Edmilson Rodrigues (PA) e Ivan Valente (SP) na Comiss\u00e3o de Meio Ambiente e Desenvolvimento Sustent\u00e1vel. O primeiro disp\u00f5e sobre a proibi\u00e7\u00e3o de [&hellip;]\" \/>\n<meta property=\"og:url\" content=\"https:\/\/psol50.org.br\/psol-em-defesa-dos-animais\/\" \/>\n<meta property=\"og:site_name\" content=\"PSOL 50\" \/>\n<meta property=\"article:publisher\" content=\"https:\/\/www.facebook.com\/psol50\" \/>\n<meta property=\"article:published_time\" content=\"2016-03-31T10:00:07+00:00\" \/>\n<meta property=\"og:image\" content=\"https:\/\/psol50.org.br\/inc\/uploads\/2018\/07\/capa.png\" \/>\n\t<meta property=\"og:image:width\" content=\"1350\" \/>\n\t<meta property=\"og:image:height\" content=\"900\" \/>\n\t<meta property=\"og:image:type\" content=\"image\/png\" \/>\n<meta name=\"author\" content=\"Comunica\u00e7\u00e3o PSOL\" \/>\n<meta name=\"twitter:card\" content=\"summary_large_image\" \/>\n<meta name=\"twitter:creator\" content=\"@psol50\" \/>\n<meta name=\"twitter:site\" content=\"@psol50\" \/>\n<meta name=\"twitter:label1\" content=\"Escrito por\" \/>\n\t<meta name=\"twitter:data1\" content=\"Comunica\u00e7\u00e3o PSOL\" \/>\n\t<meta name=\"twitter:label2\" content=\"Est. tempo de leitura\" \/>\n\t<meta name=\"twitter:data2\" content=\"2 minutos\" \/>\n<script type=\"application\/ld+json\" class=\"yoast-schema-graph\">{\"@context\":\"https:\/\/schema.org\",\"@graph\":[{\"@type\":\"Article\",\"@id\":\"https:\/\/psol50.org.br\/psol-em-defesa-dos-animais\/#article\",\"isPartOf\":{\"@id\":\"https:\/\/psol50.org.br\/psol-em-defesa-dos-animais\/\"},\"author\":{\"name\":\"Comunica\u00e7\u00e3o PSOL\",\"@id\":\"https:\/\/psol50.org.br\/#\/schema\/person\/475dfa57d0b815993c714c2e96491fcd\"},\"headline\":\"PSOL em defesa dos animais\",\"datePublished\":\"2016-03-31T10:00:07+00:00\",\"mainEntityOfPage\":{\"@id\":\"https:\/\/psol50.org.br\/psol-em-defesa-dos-animais\/\"},\"wordCount\":456,\"commentCount\":0,\"publisher\":{\"@id\":\"https:\/\/psol50.org.br\/#organization\"},\"image\":{\"@id\":\"https:\/\/psol50.org.br\/psol-em-defesa-dos-animais\/#primaryimage\"},\"thumbnailUrl\":\"\",\"keywords\":[\"animais\",\"animais silvestres\",\"Bancada do PSOL\",\"c\u00e3es\",\"defesa\",\"Edmilson Rodrigues\",\"gatos\",\"Ivan Valente\",\"PL 3490\/2012\",\"PL 466\/2015\"],\"articleSection\":[\"A\u00e7\u00e3o Parlamentar\",\"Brasil\",\"Not\u00edcias\",\"Partido\"],\"inLanguage\":\"pt-BR\",\"potentialAction\":[{\"@type\":\"CommentAction\",\"name\":\"Comment\",\"target\":[\"https:\/\/psol50.org.br\/psol-em-defesa-dos-animais\/#respond\"]}]},{\"@type\":\"WebPage\",\"@id\":\"https:\/\/psol50.org.br\/psol-em-defesa-dos-animais\/\",\"url\":\"https:\/\/psol50.org.br\/psol-em-defesa-dos-animais\/\",\"name\":\"PSOL em defesa dos animais - PSOL 50\",\"isPartOf\":{\"@id\":\"https:\/\/psol50.org.br\/#website\"},\"primaryImageOfPage\":{\"@id\":\"https:\/\/psol50.org.br\/psol-em-defesa-dos-animais\/#primaryimage\"},\"image\":{\"@id\":\"https:\/\/psol50.org.br\/psol-em-defesa-dos-animais\/#primaryimage\"},\"thumbnailUrl\":\"\",\"datePublished\":\"2016-03-31T10:00:07+00:00\",\"breadcrumb\":{\"@id\":\"https:\/\/psol50.org.br\/psol-em-defesa-dos-animais\/#breadcrumb\"},\"inLanguage\":\"pt-BR\",\"potentialAction\":[{\"@type\":\"ReadAction\",\"target\":[\"https:\/\/psol50.org.br\/psol-em-defesa-dos-animais\/\"]}]},{\"@type\":\"ImageObject\",\"inLanguage\":\"pt-BR\",\"@id\":\"https:\/\/psol50.org.br\/psol-em-defesa-dos-animais\/#primaryimage\",\"url\":\"\",\"contentUrl\":\"\"},{\"@type\":\"BreadcrumbList\",\"@id\":\"https:\/\/psol50.org.br\/psol-em-defesa-dos-animais\/#breadcrumb\",\"itemListElement\":[{\"@type\":\"ListItem\",\"position\":1,\"name\":\"In\u00edcio\",\"item\":\"https:\/\/psol50.org.br\/\"},{\"@type\":\"ListItem\",\"position\":2,\"name\":\"PSOL em defesa dos animais\"}]},{\"@type\":\"WebSite\",\"@id\":\"https:\/\/psol50.org.br\/#website\",\"url\":\"https:\/\/psol50.org.br\/\",\"name\":\"PSOL 50\",\"description\":\"Site oficial do Partido Socialismo e Liberdade\",\"publisher\":{\"@id\":\"https:\/\/psol50.org.br\/#organization\"},\"alternateName\":\"PSOL50\",\"potentialAction\":[{\"@type\":\"SearchAction\",\"target\":{\"@type\":\"EntryPoint\",\"urlTemplate\":\"https:\/\/psol50.org.br\/?s={search_term_string}\"},\"query-input\":{\"@type\":\"PropertyValueSpecification\",\"valueRequired\":true,\"valueName\":\"search_term_string\"}}],\"inLanguage\":\"pt-BR\"},{\"@type\":\"Organization\",\"@id\":\"https:\/\/psol50.org.br\/#organization\",\"name\":\"PSOL 50\",\"alternateName\":\"PSOL 50\",\"url\":\"https:\/\/psol50.org.br\/\",\"logo\":{\"@type\":\"ImageObject\",\"inLanguage\":\"pt-BR\",\"@id\":\"https:\/\/psol50.org.br\/#\/schema\/logo\/image\/\",\"url\":\"https:\/\/psol50.org.br\/inc\/uploads\/2018\/07\/capa.png\",\"contentUrl\":\"https:\/\/psol50.org.br\/inc\/uploads\/2018\/07\/capa.png\",\"width\":1350,\"height\":900,\"caption\":\"PSOL 50\"},\"image\":{\"@id\":\"https:\/\/psol50.org.br\/#\/schema\/logo\/image\/\"},\"sameAs\":[\"https:\/\/www.facebook.com\/psol50\",\"https:\/\/x.com\/psol50\",\"https:\/\/www.instagram.com\/psol50\/\",\"https:\/\/www.youtube.com\/channel\/UC7SnJS5o1os7a6CaiNabzcg\"]},{\"@type\":\"Person\",\"@id\":\"https:\/\/psol50.org.br\/#\/schema\/person\/475dfa57d0b815993c714c2e96491fcd\",\"name\":\"Comunica\u00e7\u00e3o PSOL\",\"image\":{\"@type\":\"ImageObject\",\"inLanguage\":\"pt-BR\",\"@id\":\"https:\/\/psol50.org.br\/#\/schema\/person\/image\/\",\"url\":\"https:\/\/secure.gravatar.com\/avatar\/b34fc4f4e468a4e51785917065a3db57b841f5c95dba6ad8c73aaf8f66f8f9bf?s=96&d=mm&r=g\",\"contentUrl\":\"https:\/\/secure.gravatar.com\/avatar\/b34fc4f4e468a4e51785917065a3db57b841f5c95dba6ad8c73aaf8f66f8f9bf?s=96&d=mm&r=g\",\"caption\":\"Comunica\u00e7\u00e3o PSOL\"}}]}<\/script>\n<!-- \/ Yoast SEO plugin. -->","yoast_head_json":{"title":"PSOL em defesa dos animais - PSOL 50","robots":{"index":"index","follow":"follow","max-snippet":"max-snippet:-1","max-image-preview":"max-image-preview:large","max-video-preview":"max-video-preview:-1"},"canonical":"https:\/\/psol50.org.br\/psol-em-defesa-dos-animais\/","og_locale":"pt_BR","og_type":"article","og_title":"PSOL em defesa dos animais - PSOL 50","og_description":"Nos \u00faltimos dias toda a bancada do PSOL na C\u00e2mara Federal foi questionada sobre o posicionamento em rela\u00e7\u00e3o aos projetos de lei 3490\/2012 e 466\/2015. Os projetos j\u00e1 tiveram a aprova\u00e7\u00e3o dos deputados Edmilson Rodrigues (PA) e Ivan Valente (SP) na Comiss\u00e3o de Meio Ambiente e Desenvolvimento Sustent\u00e1vel. O primeiro disp\u00f5e sobre a proibi\u00e7\u00e3o de [&hellip;]","og_url":"https:\/\/psol50.org.br\/psol-em-defesa-dos-animais\/","og_site_name":"PSOL 50","article_publisher":"https:\/\/www.facebook.com\/psol50","article_published_time":"2016-03-31T10:00:07+00:00","og_image":[{"width":1350,"height":900,"url":"https:\/\/psol50.org.br\/inc\/uploads\/2018\/07\/capa.png","type":"image\/png"}],"author":"Comunica\u00e7\u00e3o PSOL","twitter_card":"summary_large_image","twitter_creator":"@psol50","twitter_site":"@psol50","twitter_misc":{"Escrito por":"Comunica\u00e7\u00e3o PSOL","Est. tempo de leitura":"2 minutos"},"schema":{"@context":"https:\/\/schema.org","@graph":[{"@type":"Article","@id":"https:\/\/psol50.org.br\/psol-em-defesa-dos-animais\/#article","isPartOf":{"@id":"https:\/\/psol50.org.br\/psol-em-defesa-dos-animais\/"},"author":{"name":"Comunica\u00e7\u00e3o PSOL","@id":"https:\/\/psol50.org.br\/#\/schema\/person\/475dfa57d0b815993c714c2e96491fcd"},"headline":"PSOL em defesa dos animais","datePublished":"2016-03-31T10:00:07+00:00","mainEntityOfPage":{"@id":"https:\/\/psol50.org.br\/psol-em-defesa-dos-animais\/"},"wordCount":456,"commentCount":0,"publisher":{"@id":"https:\/\/psol50.org.br\/#organization"},"image":{"@id":"https:\/\/psol50.org.br\/psol-em-defesa-dos-animais\/#primaryimage"},"thumbnailUrl":"","keywords":["animais","animais silvestres","Bancada do PSOL","c\u00e3es","defesa","Edmilson Rodrigues","gatos","Ivan Valente","PL 3490\/2012","PL 466\/2015"],"articleSection":["A\u00e7\u00e3o Parlamentar","Brasil","Not\u00edcias","Partido"],"inLanguage":"pt-BR","potentialAction":[{"@type":"CommentAction","name":"Comment","target":["https:\/\/psol50.org.br\/psol-em-defesa-dos-animais\/#respond"]}]},{"@type":"WebPage","@id":"https:\/\/psol50.org.br\/psol-em-defesa-dos-animais\/","url":"https:\/\/psol50.org.br\/psol-em-defesa-dos-animais\/","name":"PSOL em defesa dos animais - PSOL 50","isPartOf":{"@id":"https:\/\/psol50.org.br\/#website"},"primaryImageOfPage":{"@id":"https:\/\/psol50.org.br\/psol-em-defesa-dos-animais\/#primaryimage"},"image":{"@id":"https:\/\/psol50.org.br\/psol-em-defesa-dos-animais\/#primaryimage"},"thumbnailUrl":"","datePublished":"2016-03-31T10:00:07+00:00","breadcrumb":{"@id":"https:\/\/psol50.org.br\/psol-em-defesa-dos-animais\/#breadcrumb"},"inLanguage":"pt-BR","potentialAction":[{"@type":"ReadAction","target":["https:\/\/psol50.org.br\/psol-em-defesa-dos-animais\/"]}]},{"@type":"ImageObject","inLanguage":"pt-BR","@id":"https:\/\/psol50.org.br\/psol-em-defesa-dos-animais\/#primaryimage","url":"","contentUrl":""},{"@type":"BreadcrumbList","@id":"https:\/\/psol50.org.br\/psol-em-defesa-dos-animais\/#breadcrumb","itemListElement":[{"@type":"ListItem","position":1,"name":"In\u00edcio","item":"https:\/\/psol50.org.br\/"},{"@type":"ListItem","position":2,"name":"PSOL em defesa dos animais"}]},{"@type":"WebSite","@id":"https:\/\/psol50.org.br\/#website","url":"https:\/\/psol50.org.br\/","name":"PSOL 50","description":"Site oficial do Partido Socialismo e Liberdade","publisher":{"@id":"https:\/\/psol50.org.br\/#organization"},"alternateName":"PSOL50","potentialAction":[{"@type":"SearchAction","target":{"@type":"EntryPoint","urlTemplate":"https:\/\/psol50.org.br\/?s={search_term_string}"},"query-input":{"@type":"PropertyValueSpecification","valueRequired":true,"valueName":"search_term_string"}}],"inLanguage":"pt-BR"},{"@type":"Organization","@id":"https:\/\/psol50.org.br\/#organization","name":"PSOL 50","alternateName":"PSOL 50","url":"https:\/\/psol50.org.br\/","logo":{"@type":"ImageObject","inLanguage":"pt-BR","@id":"https:\/\/psol50.org.br\/#\/schema\/logo\/image\/","url":"https:\/\/psol50.org.br\/inc\/uploads\/2018\/07\/capa.png","contentUrl":"https:\/\/psol50.org.br\/inc\/uploads\/2018\/07\/capa.png","width":1350,"height":900,"caption":"PSOL 50"},"image":{"@id":"https:\/\/psol50.org.br\/#\/schema\/logo\/image\/"},"sameAs":["https:\/\/www.facebook.com\/psol50","https:\/\/x.com\/psol50","https:\/\/www.instagram.com\/psol50\/","https:\/\/www.youtube.com\/channel\/UC7SnJS5o1os7a6CaiNabzcg"]},{"@type":"Person","@id":"https:\/\/psol50.org.br\/#\/schema\/person\/475dfa57d0b815993c714c2e96491fcd","name":"Comunica\u00e7\u00e3o PSOL","image":{"@type":"ImageObject","inLanguage":"pt-BR","@id":"https:\/\/psol50.org.br\/#\/schema\/person\/image\/","url":"https:\/\/secure.gravatar.com\/avatar\/b34fc4f4e468a4e51785917065a3db57b841f5c95dba6ad8c73aaf8f66f8f9bf?s=96&d=mm&r=g","contentUrl":"https:\/\/secure.gravatar.com\/avatar\/b34fc4f4e468a4e51785917065a3db57b841f5c95dba6ad8c73aaf8f66f8f9bf?s=96&d=mm&r=g","caption":"Comunica\u00e7\u00e3o PSOL"}}]}},"_links":{"self":[{"href":"https:\/\/psol50.org.br\/rest\/wp\/v2\/posts\/11881","targetHints":{"allow":["GET"]}}],"collection":[{"href":"https:\/\/psol50.org.br\/rest\/wp\/v2\/posts"}],"about":[{"href":"https:\/\/psol50.org.br\/rest\/wp\/v2\/types\/post"}],"author":[{"embeddable":true,"href":"https:\/\/psol50.org.br\/rest\/wp\/v2\/users\/2"}],"replies":[{"embeddable":true,"href":"https:\/\/psol50.org.br\/rest\/wp\/v2\/comments?post=11881"}],"version-history":[{"count":0,"href":"https:\/\/psol50.org.br\/rest\/wp\/v2\/posts\/11881\/revisions"}],"wp:featuredmedia":[{"embeddable":true,"href":"https:\/\/psol50.org.br\/rest\/"}],"wp:attachment":[{"href":"https:\/\/psol50.org.br\/rest\/wp\/v2\/media?parent=11881"}],"wp:term":[{"taxonomy":"category","embeddable":true,"href":"https:\/\/psol50.org.br\/rest\/wp\/v2\/categories?post=11881"},{"taxonomy":"post_tag","embeddable":true,"href":"https:\/\/psol50.org.br\/rest\/wp\/v2\/tags?post=11881"}],"curies":[{"name":"wp","href":"https:\/\/api.w.org\/{rel}","templated":true}]}}