{"id":1189,"date":"2007-09-19T00:00:00","date_gmt":"2007-09-19T00:00:00","guid":{"rendered":"http:\/\/psol50.org.br\/arquivo\/2007\/09\/19\/psol-entra-com-acao-contra-sessao-secreta\/"},"modified":"2007-09-19T00:00:00","modified_gmt":"2007-09-19T00:00:00","slug":"psol-entra-com-acao-contra-sessao-secreta","status":"publish","type":"post","link":"https:\/\/psol50.org.br\/psol-entra-com-acao-contra-sessao-secreta\/","title":{"rendered":"PSOL entra com a\u00e7\u00e3o contra sess\u00e3o secreta"},"content":{"rendered":"<p>\nO PSOL, autor de mais duas representa\u00e7\u00f5es contra o presidente do Senado, Renan Calheiros (PMDB\/AL), por quebra de decoro parlamentar, entrou com A\u00e7\u00e3o Direta de Inconstitucionalidade (ADIN) no Supremo Tribunal Federal (STF) contra a regra que determina sess\u00f5es secretas para vota\u00e7\u00e3o de processos de cassa\u00e7\u00e3o no plen\u00e1rio.\n<\/p>\n<p><!--more--><\/p>\n<p>\nO partido contesta o artigo 197, inciso 1, al\u00ednea \u2018C\u2019 do Regimento<br \/>\ndo Senado, que trata da sess\u00e3o secreta em casos de vota\u00e7\u00e3o de perda de<br \/>\nmandato. E pede que o STF conceda liminar (decis\u00e3o provis\u00f3ria) para<br \/>\nsuspender este trecho do artigo, alegando que a norma regimental \u00e9<br \/>\ninconstitucional e fere \u201co princ\u00edpio da publicidade e transpar\u00eancia que<br \/>\ndeve reger os atos p\u00fablicos.\u201d\n<\/p>\n<p>\nUm ministro do Supremo ser\u00e1 sorteado para ser o relator da a\u00e7\u00e3o, mas a decis\u00e3o final caber\u00e1 ao plen\u00e1rio do STF.\n<\/p>\n<p>\n&quot;A sess\u00e3o secreta \u00e9 claramente inconstitucional. As manifesta\u00e7\u00f5es que<br \/>\nforam dadas pelos ministros do Supremo no mandado de seguran\u00e7a que<br \/>\ngarantiu a presen\u00e7a de deputados na sess\u00e3o que absolveu Renan deixaram<br \/>\nclaro que a sess\u00e3o \u00e9 p\u00fablica com &#39;p&#39; mai\u00fasculo&quot;, disse a presidente do<br \/>\nPSOL, Helo\u00edsa Helena, acompanhada de parlamentares do partido.\n<\/p>\n<p>\nHelo\u00edsa Helena acredita que o Supremo n\u00e3o vai considerar a an\u00e1lise da Adin uma interfer\u00eancia em assuntos internos do Senado.\n<\/p>\n<p>\n&quot;Tenho convic\u00e7\u00e3o que o Supremo, como guardi\u00e3o da Constitui\u00e7\u00e3o, n\u00e3o<br \/>\nanalisar\u00e1 esta mat\u00e9ria como interna corporis, porque n\u00e3o \u00e9. \u00c9 mat\u00e9ria<br \/>\nconstitucional, porque diz respeito ao zelo de um princ\u00edpio<br \/>\nfundamental, que \u00e9 a publicidade, a transpar\u00eancia da sociedade<br \/>\ncontrolando a sua administra\u00e7\u00e3o&quot;, afirmou.<\/p>\n","protected":false},"excerpt":{"rendered":"<p>O PSOL, autor de mais duas representa\u00e7\u00f5es contra o presidente do Senado, Renan Calheiros (PMDB\/AL), por quebra de decoro parlamentar, entrou com A\u00e7\u00e3o Direta de Inconstitucionalidade (ADIN) no Supremo Tribunal Federal (STF) contra a regra que determina sess\u00f5es secretas para vota\u00e7\u00e3o de processos de cassa\u00e7\u00e3o no plen\u00e1rio.<\/p>\n","protected":false},"author":2,"featured_media":0,"comment_status":"open","ping_status":"open","sticky":false,"template":"","format":"standard","meta":{"_acf_changed":false,"footnotes":""},"categories":[4766],"tags":[],"class_list":{"0":"post-1189","1":"post","2":"type-post","3":"status-publish","4":"format-standard","6":"category-arquivo"},"acf":[],"yoast_head":"<!-- This site is optimized with the Yoast SEO plugin v26.5 - https:\/\/yoast.com\/wordpress\/plugins\/seo\/ -->\n<title>PSOL entra com a\u00e7\u00e3o contra sess\u00e3o secreta - PSOL 50<\/title>\n<meta name=\"robots\" content=\"index, follow, max-snippet:-1, max-image-preview:large, max-video-preview:-1\" \/>\n<link rel=\"canonical\" href=\"https:\/\/psol50.org.br\/psol-entra-com-acao-contra-sessao-secreta\/\" \/>\n<meta property=\"og:locale\" content=\"pt_BR\" \/>\n<meta property=\"og:type\" content=\"article\" \/>\n<meta property=\"og:title\" content=\"PSOL entra com a\u00e7\u00e3o contra sess\u00e3o secreta - PSOL 50\" \/>\n<meta property=\"og:description\" content=\"O PSOL, autor de mais duas representa\u00e7\u00f5es contra o presidente do Senado, Renan Calheiros (PMDB\/AL), por quebra de decoro parlamentar, entrou com A\u00e7\u00e3o Direta de Inconstitucionalidade (ADIN) no Supremo Tribunal Federal (STF) contra a regra que determina sess\u00f5es secretas para vota\u00e7\u00e3o de processos de cassa\u00e7\u00e3o no plen\u00e1rio.\" \/>\n<meta property=\"og:url\" content=\"https:\/\/psol50.org.br\/psol-entra-com-acao-contra-sessao-secreta\/\" \/>\n<meta property=\"og:site_name\" content=\"PSOL 50\" \/>\n<meta property=\"article:publisher\" content=\"https:\/\/www.facebook.com\/psol50\" \/>\n<meta property=\"article:published_time\" content=\"2007-09-19T00:00:00+00:00\" \/>\n<meta property=\"og:image\" content=\"https:\/\/psol50.org.br\/inc\/uploads\/2018\/07\/capa.png\" \/>\n\t<meta property=\"og:image:width\" content=\"1350\" \/>\n\t<meta property=\"og:image:height\" content=\"900\" \/>\n\t<meta property=\"og:image:type\" content=\"image\/png\" \/>\n<meta name=\"author\" content=\"Comunica\u00e7\u00e3o PSOL\" \/>\n<meta name=\"twitter:card\" content=\"summary_large_image\" \/>\n<meta name=\"twitter:creator\" content=\"@psol50\" \/>\n<meta name=\"twitter:site\" content=\"@psol50\" \/>\n<meta name=\"twitter:label1\" content=\"Escrito por\" \/>\n\t<meta name=\"twitter:data1\" content=\"Comunica\u00e7\u00e3o PSOL\" \/>\n\t<meta name=\"twitter:label2\" content=\"Est. tempo de leitura\" \/>\n\t<meta name=\"twitter:data2\" content=\"1 minuto\" \/>\n<script type=\"application\/ld+json\" class=\"yoast-schema-graph\">{\"@context\":\"https:\/\/schema.org\",\"@graph\":[{\"@type\":\"Article\",\"@id\":\"https:\/\/psol50.org.br\/psol-entra-com-acao-contra-sessao-secreta\/#article\",\"isPartOf\":{\"@id\":\"https:\/\/psol50.org.br\/psol-entra-com-acao-contra-sessao-secreta\/\"},\"author\":{\"name\":\"Comunica\u00e7\u00e3o PSOL\",\"@id\":\"https:\/\/psol50.org.br\/#\/schema\/person\/475dfa57d0b815993c714c2e96491fcd\"},\"headline\":\"PSOL entra com a\u00e7\u00e3o contra sess\u00e3o secreta\",\"datePublished\":\"2007-09-19T00:00:00+00:00\",\"mainEntityOfPage\":{\"@id\":\"https:\/\/psol50.org.br\/psol-entra-com-acao-contra-sessao-secreta\/\"},\"wordCount\":293,\"commentCount\":0,\"publisher\":{\"@id\":\"https:\/\/psol50.org.br\/#organization\"},\"articleSection\":[\"Arquivo\"],\"inLanguage\":\"pt-BR\",\"potentialAction\":[{\"@type\":\"CommentAction\",\"name\":\"Comment\",\"target\":[\"https:\/\/psol50.org.br\/psol-entra-com-acao-contra-sessao-secreta\/#respond\"]}]},{\"@type\":\"WebPage\",\"@id\":\"https:\/\/psol50.org.br\/psol-entra-com-acao-contra-sessao-secreta\/\",\"url\":\"https:\/\/psol50.org.br\/psol-entra-com-acao-contra-sessao-secreta\/\",\"name\":\"PSOL entra com a\u00e7\u00e3o contra sess\u00e3o secreta - PSOL 50\",\"isPartOf\":{\"@id\":\"https:\/\/psol50.org.br\/#website\"},\"datePublished\":\"2007-09-19T00:00:00+00:00\",\"breadcrumb\":{\"@id\":\"https:\/\/psol50.org.br\/psol-entra-com-acao-contra-sessao-secreta\/#breadcrumb\"},\"inLanguage\":\"pt-BR\",\"potentialAction\":[{\"@type\":\"ReadAction\",\"target\":[\"https:\/\/psol50.org.br\/psol-entra-com-acao-contra-sessao-secreta\/\"]}]},{\"@type\":\"BreadcrumbList\",\"@id\":\"https:\/\/psol50.org.br\/psol-entra-com-acao-contra-sessao-secreta\/#breadcrumb\",\"itemListElement\":[{\"@type\":\"ListItem\",\"position\":1,\"name\":\"In\u00edcio\",\"item\":\"https:\/\/psol50.org.br\/\"},{\"@type\":\"ListItem\",\"position\":2,\"name\":\"PSOL entra com a\u00e7\u00e3o contra sess\u00e3o secreta\"}]},{\"@type\":\"WebSite\",\"@id\":\"https:\/\/psol50.org.br\/#website\",\"url\":\"https:\/\/psol50.org.br\/\",\"name\":\"PSOL 50\",\"description\":\"Site oficial do Partido Socialismo e Liberdade\",\"publisher\":{\"@id\":\"https:\/\/psol50.org.br\/#organization\"},\"alternateName\":\"PSOL50\",\"potentialAction\":[{\"@type\":\"SearchAction\",\"target\":{\"@type\":\"EntryPoint\",\"urlTemplate\":\"https:\/\/psol50.org.br\/?s={search_term_string}\"},\"query-input\":{\"@type\":\"PropertyValueSpecification\",\"valueRequired\":true,\"valueName\":\"search_term_string\"}}],\"inLanguage\":\"pt-BR\"},{\"@type\":\"Organization\",\"@id\":\"https:\/\/psol50.org.br\/#organization\",\"name\":\"PSOL 50\",\"alternateName\":\"PSOL 50\",\"url\":\"https:\/\/psol50.org.br\/\",\"logo\":{\"@type\":\"ImageObject\",\"inLanguage\":\"pt-BR\",\"@id\":\"https:\/\/psol50.org.br\/#\/schema\/logo\/image\/\",\"url\":\"https:\/\/psol50.org.br\/inc\/uploads\/2018\/07\/capa.png\",\"contentUrl\":\"https:\/\/psol50.org.br\/inc\/uploads\/2018\/07\/capa.png\",\"width\":1350,\"height\":900,\"caption\":\"PSOL 50\"},\"image\":{\"@id\":\"https:\/\/psol50.org.br\/#\/schema\/logo\/image\/\"},\"sameAs\":[\"https:\/\/www.facebook.com\/psol50\",\"https:\/\/x.com\/psol50\",\"https:\/\/www.instagram.com\/psol50\/\",\"https:\/\/www.youtube.com\/channel\/UC7SnJS5o1os7a6CaiNabzcg\"]},{\"@type\":\"Person\",\"@id\":\"https:\/\/psol50.org.br\/#\/schema\/person\/475dfa57d0b815993c714c2e96491fcd\",\"name\":\"Comunica\u00e7\u00e3o PSOL\",\"image\":{\"@type\":\"ImageObject\",\"inLanguage\":\"pt-BR\",\"@id\":\"https:\/\/psol50.org.br\/#\/schema\/person\/image\/\",\"url\":\"https:\/\/secure.gravatar.com\/avatar\/b34fc4f4e468a4e51785917065a3db57b841f5c95dba6ad8c73aaf8f66f8f9bf?s=96&d=mm&r=g\",\"contentUrl\":\"https:\/\/secure.gravatar.com\/avatar\/b34fc4f4e468a4e51785917065a3db57b841f5c95dba6ad8c73aaf8f66f8f9bf?s=96&d=mm&r=g\",\"caption\":\"Comunica\u00e7\u00e3o PSOL\"}}]}<\/script>\n<!-- \/ Yoast SEO plugin. -->","yoast_head_json":{"title":"PSOL entra com a\u00e7\u00e3o contra sess\u00e3o secreta - PSOL 50","robots":{"index":"index","follow":"follow","max-snippet":"max-snippet:-1","max-image-preview":"max-image-preview:large","max-video-preview":"max-video-preview:-1"},"canonical":"https:\/\/psol50.org.br\/psol-entra-com-acao-contra-sessao-secreta\/","og_locale":"pt_BR","og_type":"article","og_title":"PSOL entra com a\u00e7\u00e3o contra sess\u00e3o secreta - PSOL 50","og_description":"O PSOL, autor de mais duas representa\u00e7\u00f5es contra o presidente do Senado, Renan Calheiros (PMDB\/AL), por quebra de decoro parlamentar, entrou com A\u00e7\u00e3o Direta de Inconstitucionalidade (ADIN) no Supremo Tribunal Federal (STF) contra a regra que determina sess\u00f5es secretas para vota\u00e7\u00e3o de processos de cassa\u00e7\u00e3o no plen\u00e1rio.","og_url":"https:\/\/psol50.org.br\/psol-entra-com-acao-contra-sessao-secreta\/","og_site_name":"PSOL 50","article_publisher":"https:\/\/www.facebook.com\/psol50","article_published_time":"2007-09-19T00:00:00+00:00","og_image":[{"width":1350,"height":900,"url":"https:\/\/psol50.org.br\/inc\/uploads\/2018\/07\/capa.png","type":"image\/png"}],"author":"Comunica\u00e7\u00e3o PSOL","twitter_card":"summary_large_image","twitter_creator":"@psol50","twitter_site":"@psol50","twitter_misc":{"Escrito por":"Comunica\u00e7\u00e3o PSOL","Est. tempo de leitura":"1 minuto"},"schema":{"@context":"https:\/\/schema.org","@graph":[{"@type":"Article","@id":"https:\/\/psol50.org.br\/psol-entra-com-acao-contra-sessao-secreta\/#article","isPartOf":{"@id":"https:\/\/psol50.org.br\/psol-entra-com-acao-contra-sessao-secreta\/"},"author":{"name":"Comunica\u00e7\u00e3o PSOL","@id":"https:\/\/psol50.org.br\/#\/schema\/person\/475dfa57d0b815993c714c2e96491fcd"},"headline":"PSOL entra com a\u00e7\u00e3o contra sess\u00e3o secreta","datePublished":"2007-09-19T00:00:00+00:00","mainEntityOfPage":{"@id":"https:\/\/psol50.org.br\/psol-entra-com-acao-contra-sessao-secreta\/"},"wordCount":293,"commentCount":0,"publisher":{"@id":"https:\/\/psol50.org.br\/#organization"},"articleSection":["Arquivo"],"inLanguage":"pt-BR","potentialAction":[{"@type":"CommentAction","name":"Comment","target":["https:\/\/psol50.org.br\/psol-entra-com-acao-contra-sessao-secreta\/#respond"]}]},{"@type":"WebPage","@id":"https:\/\/psol50.org.br\/psol-entra-com-acao-contra-sessao-secreta\/","url":"https:\/\/psol50.org.br\/psol-entra-com-acao-contra-sessao-secreta\/","name":"PSOL entra com a\u00e7\u00e3o contra sess\u00e3o secreta - PSOL 50","isPartOf":{"@id":"https:\/\/psol50.org.br\/#website"},"datePublished":"2007-09-19T00:00:00+00:00","breadcrumb":{"@id":"https:\/\/psol50.org.br\/psol-entra-com-acao-contra-sessao-secreta\/#breadcrumb"},"inLanguage":"pt-BR","potentialAction":[{"@type":"ReadAction","target":["https:\/\/psol50.org.br\/psol-entra-com-acao-contra-sessao-secreta\/"]}]},{"@type":"BreadcrumbList","@id":"https:\/\/psol50.org.br\/psol-entra-com-acao-contra-sessao-secreta\/#breadcrumb","itemListElement":[{"@type":"ListItem","position":1,"name":"In\u00edcio","item":"https:\/\/psol50.org.br\/"},{"@type":"ListItem","position":2,"name":"PSOL entra com a\u00e7\u00e3o contra sess\u00e3o secreta"}]},{"@type":"WebSite","@id":"https:\/\/psol50.org.br\/#website","url":"https:\/\/psol50.org.br\/","name":"PSOL 50","description":"Site oficial do Partido Socialismo e Liberdade","publisher":{"@id":"https:\/\/psol50.org.br\/#organization"},"alternateName":"PSOL50","potentialAction":[{"@type":"SearchAction","target":{"@type":"EntryPoint","urlTemplate":"https:\/\/psol50.org.br\/?s={search_term_string}"},"query-input":{"@type":"PropertyValueSpecification","valueRequired":true,"valueName":"search_term_string"}}],"inLanguage":"pt-BR"},{"@type":"Organization","@id":"https:\/\/psol50.org.br\/#organization","name":"PSOL 50","alternateName":"PSOL 50","url":"https:\/\/psol50.org.br\/","logo":{"@type":"ImageObject","inLanguage":"pt-BR","@id":"https:\/\/psol50.org.br\/#\/schema\/logo\/image\/","url":"https:\/\/psol50.org.br\/inc\/uploads\/2018\/07\/capa.png","contentUrl":"https:\/\/psol50.org.br\/inc\/uploads\/2018\/07\/capa.png","width":1350,"height":900,"caption":"PSOL 50"},"image":{"@id":"https:\/\/psol50.org.br\/#\/schema\/logo\/image\/"},"sameAs":["https:\/\/www.facebook.com\/psol50","https:\/\/x.com\/psol50","https:\/\/www.instagram.com\/psol50\/","https:\/\/www.youtube.com\/channel\/UC7SnJS5o1os7a6CaiNabzcg"]},{"@type":"Person","@id":"https:\/\/psol50.org.br\/#\/schema\/person\/475dfa57d0b815993c714c2e96491fcd","name":"Comunica\u00e7\u00e3o PSOL","image":{"@type":"ImageObject","inLanguage":"pt-BR","@id":"https:\/\/psol50.org.br\/#\/schema\/person\/image\/","url":"https:\/\/secure.gravatar.com\/avatar\/b34fc4f4e468a4e51785917065a3db57b841f5c95dba6ad8c73aaf8f66f8f9bf?s=96&d=mm&r=g","contentUrl":"https:\/\/secure.gravatar.com\/avatar\/b34fc4f4e468a4e51785917065a3db57b841f5c95dba6ad8c73aaf8f66f8f9bf?s=96&d=mm&r=g","caption":"Comunica\u00e7\u00e3o PSOL"}}]}},"_links":{"self":[{"href":"https:\/\/psol50.org.br\/rest\/wp\/v2\/posts\/1189","targetHints":{"allow":["GET"]}}],"collection":[{"href":"https:\/\/psol50.org.br\/rest\/wp\/v2\/posts"}],"about":[{"href":"https:\/\/psol50.org.br\/rest\/wp\/v2\/types\/post"}],"author":[{"embeddable":true,"href":"https:\/\/psol50.org.br\/rest\/wp\/v2\/users\/2"}],"replies":[{"embeddable":true,"href":"https:\/\/psol50.org.br\/rest\/wp\/v2\/comments?post=1189"}],"version-history":[{"count":0,"href":"https:\/\/psol50.org.br\/rest\/wp\/v2\/posts\/1189\/revisions"}],"wp:attachment":[{"href":"https:\/\/psol50.org.br\/rest\/wp\/v2\/media?parent=1189"}],"wp:term":[{"taxonomy":"category","embeddable":true,"href":"https:\/\/psol50.org.br\/rest\/wp\/v2\/categories?post=1189"},{"taxonomy":"post_tag","embeddable":true,"href":"https:\/\/psol50.org.br\/rest\/wp\/v2\/tags?post=1189"}],"curies":[{"name":"wp","href":"https:\/\/api.w.org\/{rel}","templated":true}]}}