{"id":11890,"date":"2016-03-31T17:50:49","date_gmt":"2016-03-31T17:50:49","guid":{"rendered":"http:\/\/www.psol50.org.br\/?p=11890"},"modified":"2016-03-31T17:50:49","modified_gmt":"2016-03-31T17:50:49","slug":"setorial-de-mulheres-do-psol-repudia-comentario-de-incitacao-a-violencia-contra-luciana-genro","status":"publish","type":"post","link":"https:\/\/psol50.org.br\/setorial-de-mulheres-do-psol-repudia-comentario-de-incitacao-a-violencia-contra-luciana-genro\/","title":{"rendered":"Setorial de Mulheres do PSOL repudia coment\u00e1rio de incita\u00e7\u00e3o \u00e0 viol\u00eancia contra Luciana Genro"},"content":{"rendered":"<p>Vivemos um agitado momento da vida pol\u00edtica brasileira, de debates\u00a0intensos e diferentes posicionamentos no campo progressista acerca das sa\u00eddas para a crise.<\/p>\n<p>O PSOL j\u00e1 deixou clara a sua posi\u00e7\u00e3o: somos contra a sa\u00edda gestada pelos partidos da oposi\u00e7\u00e3o conservadora, pelo grande capital e pelos grandes meios de comunica\u00e7\u00e3o. A troca de governo acelerar\u00e1 os ajustes pretendidos pelos poderosos, retirando direitos dos trabalhadores e atingindo o nossa soberania. \u00c9 preciso construir uma sa\u00edda pela esquerda. Nesse sentido, o partido n\u00e3o compartilha da opini\u00e3o de Luciana Genro sobre a n\u00e3o exist\u00eancia de uma tentativa de golpe, tampouco da sua defesa de Elei\u00e7\u00f5es J\u00e1. S\u00e3o diferentes vis\u00f5es que devem ser debatidas com respeito.<\/p>\n<p>Portanto, afirmamos que \u00e9 inaceit\u00e1vel qualquer argumento que pregue a viol\u00eancia e a intoler\u00e2ncia contra posi\u00e7\u00f5es divergentes, como foi o caso do coment\u00e1rio de Breno Altman no dia 29 de mar\u00e7o \u00faltimo no seu perfil do Facebook em rela\u00e7\u00e3o \u00e0 Luciana por uma entrevista por ela concedida.<\/p>\n<p>\u00c9 absurda qualquer declara\u00e7\u00e3o que fa\u00e7a alus\u00e3o ao assassinato de uma lideran\u00e7a pol\u00edtica, ainda por cima disfar\u00e7ada numa suposta carga de humor, t\u00edpico recurso utilizado para perpetuar preconceitos.<\/p>\n<p>Por fim, incitar a viol\u00eancia contra uma mulher num pa\u00eds onde as mulheres sofrem a cada minuto com a viol\u00eancia e com os altos \u00edndices de feminic\u00eddio \u00e9 fazer coro com os valores da direita golpista e n\u00e3o com a constru\u00e7\u00e3o de uma sa\u00edda pela esquerda.<\/p>\n<p><strong>Bras\u00edlia-DF, 31 de mar\u00e7o de 2016<br \/>\n<\/strong><strong>Setorial Nacional de Mulheres do PSOL<\/strong><\/p>\n","protected":false},"excerpt":{"rendered":"<p>Vivemos um agitado momento da vida pol\u00edtica brasileira, de debates\u00a0intensos e diferentes posicionamentos no campo progressista acerca das sa\u00eddas para a crise. O PSOL j\u00e1 deixou clara a sua posi\u00e7\u00e3o: somos contra a sa\u00edda gestada pelos partidos da oposi\u00e7\u00e3o conservadora, pelo grande capital e pelos grandes meios de comunica\u00e7\u00e3o. A troca de governo acelerar\u00e1 os [&hellip;]<\/p>\n","protected":false},"author":2,"featured_media":11215,"comment_status":"open","ping_status":"open","sticky":false,"template":"","format":"standard","meta":{"_acf_changed":false,"footnotes":""},"categories":[1882,6,14],"tags":[4147,47,2174,231,4148,1508,1096,233],"class_list":{"0":"post-11890","1":"post","2":"type-post","3":"status-publish","4":"format-standard","5":"has-post-thumbnail","7":"category-brasil","8":"category-noticias","9":"category-partido","10":"tag-breno-altman","11":"tag-feminicidio","12":"tag-luciana-genro","13":"tag-mulher","14":"tag-preconceitos","15":"tag-repudio","16":"tag-setorial-nacional-de-mulheres-do-psol","17":"tag-violencia"},"acf":[],"yoast_head":"<!-- This site is optimized with the Yoast SEO plugin v26.5 - https:\/\/yoast.com\/wordpress\/plugins\/seo\/ -->\n<title>Setorial de Mulheres do PSOL repudia coment\u00e1rio de incita\u00e7\u00e3o \u00e0 viol\u00eancia contra Luciana Genro - PSOL 50<\/title>\n<meta name=\"robots\" content=\"index, follow, max-snippet:-1, max-image-preview:large, max-video-preview:-1\" \/>\n<link rel=\"canonical\" href=\"https:\/\/psol50.org.br\/setorial-de-mulheres-do-psol-repudia-comentario-de-incitacao-a-violencia-contra-luciana-genro\/\" \/>\n<meta property=\"og:locale\" content=\"pt_BR\" \/>\n<meta property=\"og:type\" content=\"article\" \/>\n<meta property=\"og:title\" content=\"Setorial de Mulheres do PSOL repudia coment\u00e1rio de incita\u00e7\u00e3o \u00e0 viol\u00eancia contra Luciana Genro - PSOL 50\" \/>\n<meta property=\"og:description\" content=\"Vivemos um agitado momento da vida pol\u00edtica brasileira, de debates\u00a0intensos e diferentes posicionamentos no campo progressista acerca das sa\u00eddas para a crise. O PSOL j\u00e1 deixou clara a sua posi\u00e7\u00e3o: somos contra a sa\u00edda gestada pelos partidos da oposi\u00e7\u00e3o conservadora, pelo grande capital e pelos grandes meios de comunica\u00e7\u00e3o. A troca de governo acelerar\u00e1 os [&hellip;]\" \/>\n<meta property=\"og:url\" content=\"https:\/\/psol50.org.br\/setorial-de-mulheres-do-psol-repudia-comentario-de-incitacao-a-violencia-contra-luciana-genro\/\" \/>\n<meta property=\"og:site_name\" content=\"PSOL 50\" \/>\n<meta property=\"article:publisher\" content=\"https:\/\/www.facebook.com\/psol50\" \/>\n<meta property=\"article:published_time\" content=\"2016-03-31T17:50:49+00:00\" \/>\n<meta property=\"og:image\" content=\"https:\/\/psol50.org.br\/inc\/uploads\/2018\/07\/capa.png\" \/>\n\t<meta property=\"og:image:width\" content=\"1350\" \/>\n\t<meta property=\"og:image:height\" content=\"900\" \/>\n\t<meta property=\"og:image:type\" content=\"image\/png\" \/>\n<meta name=\"author\" content=\"Comunica\u00e7\u00e3o PSOL\" \/>\n<meta name=\"twitter:card\" content=\"summary_large_image\" \/>\n<meta name=\"twitter:creator\" content=\"@psol50\" \/>\n<meta name=\"twitter:site\" content=\"@psol50\" \/>\n<meta name=\"twitter:label1\" content=\"Escrito por\" \/>\n\t<meta name=\"twitter:data1\" content=\"Comunica\u00e7\u00e3o PSOL\" \/>\n\t<meta name=\"twitter:label2\" content=\"Est. tempo de leitura\" \/>\n\t<meta name=\"twitter:data2\" content=\"1 minuto\" \/>\n<script type=\"application\/ld+json\" class=\"yoast-schema-graph\">{\"@context\":\"https:\/\/schema.org\",\"@graph\":[{\"@type\":\"Article\",\"@id\":\"https:\/\/psol50.org.br\/setorial-de-mulheres-do-psol-repudia-comentario-de-incitacao-a-violencia-contra-luciana-genro\/#article\",\"isPartOf\":{\"@id\":\"https:\/\/psol50.org.br\/setorial-de-mulheres-do-psol-repudia-comentario-de-incitacao-a-violencia-contra-luciana-genro\/\"},\"author\":{\"name\":\"Comunica\u00e7\u00e3o PSOL\",\"@id\":\"https:\/\/psol50.org.br\/#\/schema\/person\/475dfa57d0b815993c714c2e96491fcd\"},\"headline\":\"Setorial de Mulheres do PSOL repudia coment\u00e1rio de incita\u00e7\u00e3o \u00e0 viol\u00eancia contra Luciana Genro\",\"datePublished\":\"2016-03-31T17:50:49+00:00\",\"mainEntityOfPage\":{\"@id\":\"https:\/\/psol50.org.br\/setorial-de-mulheres-do-psol-repudia-comentario-de-incitacao-a-violencia-contra-luciana-genro\/\"},\"wordCount\":290,\"commentCount\":0,\"publisher\":{\"@id\":\"https:\/\/psol50.org.br\/#organization\"},\"image\":{\"@id\":\"https:\/\/psol50.org.br\/setorial-de-mulheres-do-psol-repudia-comentario-de-incitacao-a-violencia-contra-luciana-genro\/#primaryimage\"},\"thumbnailUrl\":\"\",\"keywords\":[\"Breno Altman\",\"feminic\u00eddio\",\"Luciana Genro\",\"mulher\",\"preconceitos\",\"rep\u00fadio\",\"Setorial Nacional de Mulheres do PSOL\",\"viol\u00eancia\"],\"articleSection\":[\"Brasil\",\"Not\u00edcias\",\"Partido\"],\"inLanguage\":\"pt-BR\",\"potentialAction\":[{\"@type\":\"CommentAction\",\"name\":\"Comment\",\"target\":[\"https:\/\/psol50.org.br\/setorial-de-mulheres-do-psol-repudia-comentario-de-incitacao-a-violencia-contra-luciana-genro\/#respond\"]}]},{\"@type\":\"WebPage\",\"@id\":\"https:\/\/psol50.org.br\/setorial-de-mulheres-do-psol-repudia-comentario-de-incitacao-a-violencia-contra-luciana-genro\/\",\"url\":\"https:\/\/psol50.org.br\/setorial-de-mulheres-do-psol-repudia-comentario-de-incitacao-a-violencia-contra-luciana-genro\/\",\"name\":\"Setorial de Mulheres do PSOL repudia coment\u00e1rio de incita\u00e7\u00e3o \u00e0 viol\u00eancia contra Luciana Genro - PSOL 50\",\"isPartOf\":{\"@id\":\"https:\/\/psol50.org.br\/#website\"},\"primaryImageOfPage\":{\"@id\":\"https:\/\/psol50.org.br\/setorial-de-mulheres-do-psol-repudia-comentario-de-incitacao-a-violencia-contra-luciana-genro\/#primaryimage\"},\"image\":{\"@id\":\"https:\/\/psol50.org.br\/setorial-de-mulheres-do-psol-repudia-comentario-de-incitacao-a-violencia-contra-luciana-genro\/#primaryimage\"},\"thumbnailUrl\":\"\",\"datePublished\":\"2016-03-31T17:50:49+00:00\",\"breadcrumb\":{\"@id\":\"https:\/\/psol50.org.br\/setorial-de-mulheres-do-psol-repudia-comentario-de-incitacao-a-violencia-contra-luciana-genro\/#breadcrumb\"},\"inLanguage\":\"pt-BR\",\"potentialAction\":[{\"@type\":\"ReadAction\",\"target\":[\"https:\/\/psol50.org.br\/setorial-de-mulheres-do-psol-repudia-comentario-de-incitacao-a-violencia-contra-luciana-genro\/\"]}]},{\"@type\":\"ImageObject\",\"inLanguage\":\"pt-BR\",\"@id\":\"https:\/\/psol50.org.br\/setorial-de-mulheres-do-psol-repudia-comentario-de-incitacao-a-violencia-contra-luciana-genro\/#primaryimage\",\"url\":\"\",\"contentUrl\":\"\"},{\"@type\":\"BreadcrumbList\",\"@id\":\"https:\/\/psol50.org.br\/setorial-de-mulheres-do-psol-repudia-comentario-de-incitacao-a-violencia-contra-luciana-genro\/#breadcrumb\",\"itemListElement\":[{\"@type\":\"ListItem\",\"position\":1,\"name\":\"In\u00edcio\",\"item\":\"https:\/\/psol50.org.br\/\"},{\"@type\":\"ListItem\",\"position\":2,\"name\":\"Setorial de Mulheres do PSOL repudia coment\u00e1rio de incita\u00e7\u00e3o \u00e0 viol\u00eancia contra Luciana Genro\"}]},{\"@type\":\"WebSite\",\"@id\":\"https:\/\/psol50.org.br\/#website\",\"url\":\"https:\/\/psol50.org.br\/\",\"name\":\"PSOL 50\",\"description\":\"Site oficial do Partido Socialismo e Liberdade\",\"publisher\":{\"@id\":\"https:\/\/psol50.org.br\/#organization\"},\"alternateName\":\"PSOL50\",\"potentialAction\":[{\"@type\":\"SearchAction\",\"target\":{\"@type\":\"EntryPoint\",\"urlTemplate\":\"https:\/\/psol50.org.br\/?s={search_term_string}\"},\"query-input\":{\"@type\":\"PropertyValueSpecification\",\"valueRequired\":true,\"valueName\":\"search_term_string\"}}],\"inLanguage\":\"pt-BR\"},{\"@type\":\"Organization\",\"@id\":\"https:\/\/psol50.org.br\/#organization\",\"name\":\"PSOL 50\",\"alternateName\":\"PSOL 50\",\"url\":\"https:\/\/psol50.org.br\/\",\"logo\":{\"@type\":\"ImageObject\",\"inLanguage\":\"pt-BR\",\"@id\":\"https:\/\/psol50.org.br\/#\/schema\/logo\/image\/\",\"url\":\"https:\/\/psol50.org.br\/inc\/uploads\/2018\/07\/capa.png\",\"contentUrl\":\"https:\/\/psol50.org.br\/inc\/uploads\/2018\/07\/capa.png\",\"width\":1350,\"height\":900,\"caption\":\"PSOL 50\"},\"image\":{\"@id\":\"https:\/\/psol50.org.br\/#\/schema\/logo\/image\/\"},\"sameAs\":[\"https:\/\/www.facebook.com\/psol50\",\"https:\/\/x.com\/psol50\",\"https:\/\/www.instagram.com\/psol50\/\",\"https:\/\/www.youtube.com\/channel\/UC7SnJS5o1os7a6CaiNabzcg\"]},{\"@type\":\"Person\",\"@id\":\"https:\/\/psol50.org.br\/#\/schema\/person\/475dfa57d0b815993c714c2e96491fcd\",\"name\":\"Comunica\u00e7\u00e3o PSOL\",\"image\":{\"@type\":\"ImageObject\",\"inLanguage\":\"pt-BR\",\"@id\":\"https:\/\/psol50.org.br\/#\/schema\/person\/image\/\",\"url\":\"https:\/\/secure.gravatar.com\/avatar\/b34fc4f4e468a4e51785917065a3db57b841f5c95dba6ad8c73aaf8f66f8f9bf?s=96&d=mm&r=g\",\"contentUrl\":\"https:\/\/secure.gravatar.com\/avatar\/b34fc4f4e468a4e51785917065a3db57b841f5c95dba6ad8c73aaf8f66f8f9bf?s=96&d=mm&r=g\",\"caption\":\"Comunica\u00e7\u00e3o PSOL\"}}]}<\/script>\n<!-- \/ Yoast SEO plugin. -->","yoast_head_json":{"title":"Setorial de Mulheres do PSOL repudia coment\u00e1rio de incita\u00e7\u00e3o \u00e0 viol\u00eancia contra Luciana Genro - PSOL 50","robots":{"index":"index","follow":"follow","max-snippet":"max-snippet:-1","max-image-preview":"max-image-preview:large","max-video-preview":"max-video-preview:-1"},"canonical":"https:\/\/psol50.org.br\/setorial-de-mulheres-do-psol-repudia-comentario-de-incitacao-a-violencia-contra-luciana-genro\/","og_locale":"pt_BR","og_type":"article","og_title":"Setorial de Mulheres do PSOL repudia coment\u00e1rio de incita\u00e7\u00e3o \u00e0 viol\u00eancia contra Luciana Genro - PSOL 50","og_description":"Vivemos um agitado momento da vida pol\u00edtica brasileira, de debates\u00a0intensos e diferentes posicionamentos no campo progressista acerca das sa\u00eddas para a crise. O PSOL j\u00e1 deixou clara a sua posi\u00e7\u00e3o: somos contra a sa\u00edda gestada pelos partidos da oposi\u00e7\u00e3o conservadora, pelo grande capital e pelos grandes meios de comunica\u00e7\u00e3o. A troca de governo acelerar\u00e1 os [&hellip;]","og_url":"https:\/\/psol50.org.br\/setorial-de-mulheres-do-psol-repudia-comentario-de-incitacao-a-violencia-contra-luciana-genro\/","og_site_name":"PSOL 50","article_publisher":"https:\/\/www.facebook.com\/psol50","article_published_time":"2016-03-31T17:50:49+00:00","og_image":[{"width":1350,"height":900,"url":"https:\/\/psol50.org.br\/inc\/uploads\/2018\/07\/capa.png","type":"image\/png"}],"author":"Comunica\u00e7\u00e3o PSOL","twitter_card":"summary_large_image","twitter_creator":"@psol50","twitter_site":"@psol50","twitter_misc":{"Escrito por":"Comunica\u00e7\u00e3o PSOL","Est. tempo de leitura":"1 minuto"},"schema":{"@context":"https:\/\/schema.org","@graph":[{"@type":"Article","@id":"https:\/\/psol50.org.br\/setorial-de-mulheres-do-psol-repudia-comentario-de-incitacao-a-violencia-contra-luciana-genro\/#article","isPartOf":{"@id":"https:\/\/psol50.org.br\/setorial-de-mulheres-do-psol-repudia-comentario-de-incitacao-a-violencia-contra-luciana-genro\/"},"author":{"name":"Comunica\u00e7\u00e3o PSOL","@id":"https:\/\/psol50.org.br\/#\/schema\/person\/475dfa57d0b815993c714c2e96491fcd"},"headline":"Setorial de Mulheres do PSOL repudia coment\u00e1rio de incita\u00e7\u00e3o \u00e0 viol\u00eancia contra Luciana Genro","datePublished":"2016-03-31T17:50:49+00:00","mainEntityOfPage":{"@id":"https:\/\/psol50.org.br\/setorial-de-mulheres-do-psol-repudia-comentario-de-incitacao-a-violencia-contra-luciana-genro\/"},"wordCount":290,"commentCount":0,"publisher":{"@id":"https:\/\/psol50.org.br\/#organization"},"image":{"@id":"https:\/\/psol50.org.br\/setorial-de-mulheres-do-psol-repudia-comentario-de-incitacao-a-violencia-contra-luciana-genro\/#primaryimage"},"thumbnailUrl":"","keywords":["Breno Altman","feminic\u00eddio","Luciana Genro","mulher","preconceitos","rep\u00fadio","Setorial Nacional de Mulheres do PSOL","viol\u00eancia"],"articleSection":["Brasil","Not\u00edcias","Partido"],"inLanguage":"pt-BR","potentialAction":[{"@type":"CommentAction","name":"Comment","target":["https:\/\/psol50.org.br\/setorial-de-mulheres-do-psol-repudia-comentario-de-incitacao-a-violencia-contra-luciana-genro\/#respond"]}]},{"@type":"WebPage","@id":"https:\/\/psol50.org.br\/setorial-de-mulheres-do-psol-repudia-comentario-de-incitacao-a-violencia-contra-luciana-genro\/","url":"https:\/\/psol50.org.br\/setorial-de-mulheres-do-psol-repudia-comentario-de-incitacao-a-violencia-contra-luciana-genro\/","name":"Setorial de Mulheres do PSOL repudia coment\u00e1rio de incita\u00e7\u00e3o \u00e0 viol\u00eancia contra Luciana Genro - PSOL 50","isPartOf":{"@id":"https:\/\/psol50.org.br\/#website"},"primaryImageOfPage":{"@id":"https:\/\/psol50.org.br\/setorial-de-mulheres-do-psol-repudia-comentario-de-incitacao-a-violencia-contra-luciana-genro\/#primaryimage"},"image":{"@id":"https:\/\/psol50.org.br\/setorial-de-mulheres-do-psol-repudia-comentario-de-incitacao-a-violencia-contra-luciana-genro\/#primaryimage"},"thumbnailUrl":"","datePublished":"2016-03-31T17:50:49+00:00","breadcrumb":{"@id":"https:\/\/psol50.org.br\/setorial-de-mulheres-do-psol-repudia-comentario-de-incitacao-a-violencia-contra-luciana-genro\/#breadcrumb"},"inLanguage":"pt-BR","potentialAction":[{"@type":"ReadAction","target":["https:\/\/psol50.org.br\/setorial-de-mulheres-do-psol-repudia-comentario-de-incitacao-a-violencia-contra-luciana-genro\/"]}]},{"@type":"ImageObject","inLanguage":"pt-BR","@id":"https:\/\/psol50.org.br\/setorial-de-mulheres-do-psol-repudia-comentario-de-incitacao-a-violencia-contra-luciana-genro\/#primaryimage","url":"","contentUrl":""},{"@type":"BreadcrumbList","@id":"https:\/\/psol50.org.br\/setorial-de-mulheres-do-psol-repudia-comentario-de-incitacao-a-violencia-contra-luciana-genro\/#breadcrumb","itemListElement":[{"@type":"ListItem","position":1,"name":"In\u00edcio","item":"https:\/\/psol50.org.br\/"},{"@type":"ListItem","position":2,"name":"Setorial de Mulheres do PSOL repudia coment\u00e1rio de incita\u00e7\u00e3o \u00e0 viol\u00eancia contra Luciana Genro"}]},{"@type":"WebSite","@id":"https:\/\/psol50.org.br\/#website","url":"https:\/\/psol50.org.br\/","name":"PSOL 50","description":"Site oficial do Partido Socialismo e Liberdade","publisher":{"@id":"https:\/\/psol50.org.br\/#organization"},"alternateName":"PSOL50","potentialAction":[{"@type":"SearchAction","target":{"@type":"EntryPoint","urlTemplate":"https:\/\/psol50.org.br\/?s={search_term_string}"},"query-input":{"@type":"PropertyValueSpecification","valueRequired":true,"valueName":"search_term_string"}}],"inLanguage":"pt-BR"},{"@type":"Organization","@id":"https:\/\/psol50.org.br\/#organization","name":"PSOL 50","alternateName":"PSOL 50","url":"https:\/\/psol50.org.br\/","logo":{"@type":"ImageObject","inLanguage":"pt-BR","@id":"https:\/\/psol50.org.br\/#\/schema\/logo\/image\/","url":"https:\/\/psol50.org.br\/inc\/uploads\/2018\/07\/capa.png","contentUrl":"https:\/\/psol50.org.br\/inc\/uploads\/2018\/07\/capa.png","width":1350,"height":900,"caption":"PSOL 50"},"image":{"@id":"https:\/\/psol50.org.br\/#\/schema\/logo\/image\/"},"sameAs":["https:\/\/www.facebook.com\/psol50","https:\/\/x.com\/psol50","https:\/\/www.instagram.com\/psol50\/","https:\/\/www.youtube.com\/channel\/UC7SnJS5o1os7a6CaiNabzcg"]},{"@type":"Person","@id":"https:\/\/psol50.org.br\/#\/schema\/person\/475dfa57d0b815993c714c2e96491fcd","name":"Comunica\u00e7\u00e3o PSOL","image":{"@type":"ImageObject","inLanguage":"pt-BR","@id":"https:\/\/psol50.org.br\/#\/schema\/person\/image\/","url":"https:\/\/secure.gravatar.com\/avatar\/b34fc4f4e468a4e51785917065a3db57b841f5c95dba6ad8c73aaf8f66f8f9bf?s=96&d=mm&r=g","contentUrl":"https:\/\/secure.gravatar.com\/avatar\/b34fc4f4e468a4e51785917065a3db57b841f5c95dba6ad8c73aaf8f66f8f9bf?s=96&d=mm&r=g","caption":"Comunica\u00e7\u00e3o PSOL"}}]}},"_links":{"self":[{"href":"https:\/\/psol50.org.br\/rest\/wp\/v2\/posts\/11890","targetHints":{"allow":["GET"]}}],"collection":[{"href":"https:\/\/psol50.org.br\/rest\/wp\/v2\/posts"}],"about":[{"href":"https:\/\/psol50.org.br\/rest\/wp\/v2\/types\/post"}],"author":[{"embeddable":true,"href":"https:\/\/psol50.org.br\/rest\/wp\/v2\/users\/2"}],"replies":[{"embeddable":true,"href":"https:\/\/psol50.org.br\/rest\/wp\/v2\/comments?post=11890"}],"version-history":[{"count":0,"href":"https:\/\/psol50.org.br\/rest\/wp\/v2\/posts\/11890\/revisions"}],"wp:featuredmedia":[{"embeddable":true,"href":"https:\/\/psol50.org.br\/rest\/"}],"wp:attachment":[{"href":"https:\/\/psol50.org.br\/rest\/wp\/v2\/media?parent=11890"}],"wp:term":[{"taxonomy":"category","embeddable":true,"href":"https:\/\/psol50.org.br\/rest\/wp\/v2\/categories?post=11890"},{"taxonomy":"post_tag","embeddable":true,"href":"https:\/\/psol50.org.br\/rest\/wp\/v2\/tags?post=11890"}],"curies":[{"name":"wp","href":"https:\/\/api.w.org\/{rel}","templated":true}]}}