{"id":11906,"date":"2016-04-04T15:53:38","date_gmt":"2016-04-04T15:53:38","guid":{"rendered":"http:\/\/www.psol50.org.br\/?p=11906"},"modified":"2016-04-04T15:53:38","modified_gmt":"2016-04-04T15:53:38","slug":"solidariedade-a-guilherme-boulos","status":"publish","type":"post","link":"https:\/\/psol50.org.br\/solidariedade-a-guilherme-boulos\/","title":{"rendered":"Solidariedade a Guilherme Boulos"},"content":{"rendered":"<p>Nota da Executiva Nacional do PSOL em apoio a Guilherme Boulos<\/p>\n<p>A Executiva Nacional do PSOL vem a p\u00fablico declarar seu firme apoio a Guilherme Boulos e a todos(as) companheiros(as) do MTST. As representa\u00e7\u00f5es com pedidos de pris\u00e3o feitas por DEM e PSDB s\u00e3o inaceit\u00e1veis e anti-democr\u00e1ticas, expressam o car\u00e1ter reacion\u00e1rio desses partidos e sua repulsa aos movimentos sociais mobilizados contra o impeachment e o ajuste fiscal. N\u00e3o aceitamos esse ataque contra Guilherme Boulos assim como n\u00e3o aceitamos as sa\u00eddas apoiadas por esses partidos. Estamos na ruas junto com os companheiros do MTST para barrar\u00a0a direita, derrotar o ajuste fiscal\u00a0e para disputar uma agenda pol\u00edtica no Brasil de reformas estruturais, como as reformas urbana, agr\u00e1ria, pol\u00edtica, dos meios de comunica\u00e7\u00e3o, dentre tantas outras. A luta \u00e9 pra valer! Estamos com Boulos!<\/p>\n<p><a href=\"https:\/\/www.facebook.com\/hashtag\/EstouComBoulos\" target=\"_blank\" rel=\"noopener\">#EstouComBoulos<\/a><\/p>\n<p><strong>Bras\u00edlia, 4 de abril de 2016<\/strong><br \/>\n<strong>Executiva Nacional do PSOL<\/strong><\/p>\n<p><em><strong><a href=\"http:\/\/www.psol50.org.br\/2016\/04\/jean-wyllys-boulos-e-o-desespero-golpista\/\">Leia mais: Boulos e o desespero golpista<\/a><\/strong><\/em><\/p>\n<p><em><strong><a href=\"http:\/\/www.terrasemmales.com.br\/deputados-investigados-por-corrupcao-querem-prender-guilherme-boulos-do-mtst\/\" target=\"_blank\" rel=\"noopener\">Deputados envolvidos com corrup\u00e7\u00e3o querem prender Guilherme Boulos do MTST<\/a><\/strong><\/em><\/p>\n","protected":false},"excerpt":{"rendered":"<p>Nota da Executiva Nacional do PSOL em apoio a Guilherme Boulos A Executiva Nacional do PSOL vem a p\u00fablico declarar seu firme apoio a Guilherme Boulos e a todos(as) companheiros(as) do MTST. As representa\u00e7\u00f5es com pedidos de pris\u00e3o feitas por DEM e PSDB s\u00e3o inaceit\u00e1veis e anti-democr\u00e1ticas, expressam o car\u00e1ter reacion\u00e1rio desses partidos e sua [&hellip;]<\/p>\n","protected":false},"author":2,"featured_media":11907,"comment_status":"open","ping_status":"open","sticky":false,"template":"","format":"standard","meta":{"_acf_changed":false,"footnotes":""},"categories":[1882,1104,6],"tags":[4155,4156,242,977,101,19,243,1945],"class_list":{"0":"post-11906","1":"post","2":"type-post","3":"status-publish","4":"format-standard","5":"has-post-thumbnail","7":"category-brasil","8":"category-movimento","9":"category-noticias","10":"tag-estoucomboulos","11":"tag-estou-com-boulos","12":"tag-executiva-nacional-do-psol","13":"tag-guilherme-boulos","14":"tag-mtst","15":"tag-nota","16":"tag-nota-do-psol","17":"tag-povo-sem-medo"},"acf":[],"yoast_head":"<!-- This site is optimized with the Yoast SEO plugin v26.5 - https:\/\/yoast.com\/wordpress\/plugins\/seo\/ -->\n<title>Solidariedade a Guilherme Boulos - PSOL 50<\/title>\n<meta name=\"robots\" content=\"index, follow, max-snippet:-1, max-image-preview:large, max-video-preview:-1\" \/>\n<link rel=\"canonical\" href=\"https:\/\/psol50.org.br\/solidariedade-a-guilherme-boulos\/\" \/>\n<meta property=\"og:locale\" content=\"pt_BR\" \/>\n<meta property=\"og:type\" content=\"article\" \/>\n<meta property=\"og:title\" content=\"Solidariedade a Guilherme Boulos - PSOL 50\" \/>\n<meta property=\"og:description\" content=\"Nota da Executiva Nacional do PSOL em apoio a Guilherme Boulos A Executiva Nacional do PSOL vem a p\u00fablico declarar seu firme apoio a Guilherme Boulos e a todos(as) companheiros(as) do MTST. As representa\u00e7\u00f5es com pedidos de pris\u00e3o feitas por DEM e PSDB s\u00e3o inaceit\u00e1veis e anti-democr\u00e1ticas, expressam o car\u00e1ter reacion\u00e1rio desses partidos e sua [&hellip;]\" \/>\n<meta property=\"og:url\" content=\"https:\/\/psol50.org.br\/solidariedade-a-guilherme-boulos\/\" \/>\n<meta property=\"og:site_name\" content=\"PSOL 50\" \/>\n<meta property=\"article:publisher\" content=\"https:\/\/www.facebook.com\/psol50\" \/>\n<meta property=\"article:published_time\" content=\"2016-04-04T15:53:38+00:00\" \/>\n<meta property=\"og:image\" content=\"https:\/\/psol50.org.br\/inc\/uploads\/2016\/04\/boulos-Oswaldo-Corneti.jpeg\" \/>\n\t<meta property=\"og:image:width\" content=\"768\" \/>\n\t<meta property=\"og:image:height\" content=\"511\" \/>\n\t<meta property=\"og:image:type\" content=\"image\/jpeg\" \/>\n<meta name=\"author\" content=\"Comunica\u00e7\u00e3o PSOL\" \/>\n<meta name=\"twitter:card\" content=\"summary_large_image\" \/>\n<meta name=\"twitter:creator\" content=\"@psol50\" \/>\n<meta name=\"twitter:site\" content=\"@psol50\" \/>\n<meta name=\"twitter:label1\" content=\"Escrito por\" \/>\n\t<meta name=\"twitter:data1\" content=\"Comunica\u00e7\u00e3o PSOL\" \/>\n\t<meta name=\"twitter:label2\" content=\"Est. tempo de leitura\" \/>\n\t<meta name=\"twitter:data2\" content=\"1 minuto\" \/>\n<script type=\"application\/ld+json\" class=\"yoast-schema-graph\">{\"@context\":\"https:\/\/schema.org\",\"@graph\":[{\"@type\":\"Article\",\"@id\":\"https:\/\/psol50.org.br\/solidariedade-a-guilherme-boulos\/#article\",\"isPartOf\":{\"@id\":\"https:\/\/psol50.org.br\/solidariedade-a-guilherme-boulos\/\"},\"author\":{\"name\":\"Comunica\u00e7\u00e3o PSOL\",\"@id\":\"https:\/\/psol50.org.br\/#\/schema\/person\/475dfa57d0b815993c714c2e96491fcd\"},\"headline\":\"Solidariedade a Guilherme Boulos\",\"datePublished\":\"2016-04-04T15:53:38+00:00\",\"mainEntityOfPage\":{\"@id\":\"https:\/\/psol50.org.br\/solidariedade-a-guilherme-boulos\/\"},\"wordCount\":181,\"commentCount\":0,\"publisher\":{\"@id\":\"https:\/\/psol50.org.br\/#organization\"},\"image\":{\"@id\":\"https:\/\/psol50.org.br\/solidariedade-a-guilherme-boulos\/#primaryimage\"},\"thumbnailUrl\":\"https:\/\/psol50.org.br\/inc\/uploads\/2016\/04\/boulos-Oswaldo-Corneti.jpeg\",\"keywords\":[\"#EstouComBoulos\",\"Estou com Boulos\",\"Executiva Nacional do PSOL\",\"Guilherme Boulos\",\"MTST\",\"nota\",\"Nota do PSOL\",\"Povo Sem medo\"],\"articleSection\":[\"Brasil\",\"Movimento\",\"Not\u00edcias\"],\"inLanguage\":\"pt-BR\",\"potentialAction\":[{\"@type\":\"CommentAction\",\"name\":\"Comment\",\"target\":[\"https:\/\/psol50.org.br\/solidariedade-a-guilherme-boulos\/#respond\"]}]},{\"@type\":\"WebPage\",\"@id\":\"https:\/\/psol50.org.br\/solidariedade-a-guilherme-boulos\/\",\"url\":\"https:\/\/psol50.org.br\/solidariedade-a-guilherme-boulos\/\",\"name\":\"Solidariedade a Guilherme Boulos - PSOL 50\",\"isPartOf\":{\"@id\":\"https:\/\/psol50.org.br\/#website\"},\"primaryImageOfPage\":{\"@id\":\"https:\/\/psol50.org.br\/solidariedade-a-guilherme-boulos\/#primaryimage\"},\"image\":{\"@id\":\"https:\/\/psol50.org.br\/solidariedade-a-guilherme-boulos\/#primaryimage\"},\"thumbnailUrl\":\"https:\/\/psol50.org.br\/inc\/uploads\/2016\/04\/boulos-Oswaldo-Corneti.jpeg\",\"datePublished\":\"2016-04-04T15:53:38+00:00\",\"breadcrumb\":{\"@id\":\"https:\/\/psol50.org.br\/solidariedade-a-guilherme-boulos\/#breadcrumb\"},\"inLanguage\":\"pt-BR\",\"potentialAction\":[{\"@type\":\"ReadAction\",\"target\":[\"https:\/\/psol50.org.br\/solidariedade-a-guilherme-boulos\/\"]}]},{\"@type\":\"ImageObject\",\"inLanguage\":\"pt-BR\",\"@id\":\"https:\/\/psol50.org.br\/solidariedade-a-guilherme-boulos\/#primaryimage\",\"url\":\"https:\/\/psol50.org.br\/inc\/uploads\/2016\/04\/boulos-Oswaldo-Corneti.jpeg\",\"contentUrl\":\"https:\/\/psol50.org.br\/inc\/uploads\/2016\/04\/boulos-Oswaldo-Corneti.jpeg\",\"width\":768,\"height\":511},{\"@type\":\"BreadcrumbList\",\"@id\":\"https:\/\/psol50.org.br\/solidariedade-a-guilherme-boulos\/#breadcrumb\",\"itemListElement\":[{\"@type\":\"ListItem\",\"position\":1,\"name\":\"In\u00edcio\",\"item\":\"https:\/\/psol50.org.br\/\"},{\"@type\":\"ListItem\",\"position\":2,\"name\":\"Solidariedade a Guilherme Boulos\"}]},{\"@type\":\"WebSite\",\"@id\":\"https:\/\/psol50.org.br\/#website\",\"url\":\"https:\/\/psol50.org.br\/\",\"name\":\"PSOL 50\",\"description\":\"Site oficial do Partido Socialismo e Liberdade\",\"publisher\":{\"@id\":\"https:\/\/psol50.org.br\/#organization\"},\"alternateName\":\"PSOL50\",\"potentialAction\":[{\"@type\":\"SearchAction\",\"target\":{\"@type\":\"EntryPoint\",\"urlTemplate\":\"https:\/\/psol50.org.br\/?s={search_term_string}\"},\"query-input\":{\"@type\":\"PropertyValueSpecification\",\"valueRequired\":true,\"valueName\":\"search_term_string\"}}],\"inLanguage\":\"pt-BR\"},{\"@type\":\"Organization\",\"@id\":\"https:\/\/psol50.org.br\/#organization\",\"name\":\"PSOL 50\",\"alternateName\":\"PSOL 50\",\"url\":\"https:\/\/psol50.org.br\/\",\"logo\":{\"@type\":\"ImageObject\",\"inLanguage\":\"pt-BR\",\"@id\":\"https:\/\/psol50.org.br\/#\/schema\/logo\/image\/\",\"url\":\"https:\/\/psol50.org.br\/inc\/uploads\/2018\/07\/capa.png\",\"contentUrl\":\"https:\/\/psol50.org.br\/inc\/uploads\/2018\/07\/capa.png\",\"width\":1350,\"height\":900,\"caption\":\"PSOL 50\"},\"image\":{\"@id\":\"https:\/\/psol50.org.br\/#\/schema\/logo\/image\/\"},\"sameAs\":[\"https:\/\/www.facebook.com\/psol50\",\"https:\/\/x.com\/psol50\",\"https:\/\/www.instagram.com\/psol50\/\",\"https:\/\/www.youtube.com\/channel\/UC7SnJS5o1os7a6CaiNabzcg\"]},{\"@type\":\"Person\",\"@id\":\"https:\/\/psol50.org.br\/#\/schema\/person\/475dfa57d0b815993c714c2e96491fcd\",\"name\":\"Comunica\u00e7\u00e3o PSOL\",\"image\":{\"@type\":\"ImageObject\",\"inLanguage\":\"pt-BR\",\"@id\":\"https:\/\/psol50.org.br\/#\/schema\/person\/image\/\",\"url\":\"https:\/\/secure.gravatar.com\/avatar\/b34fc4f4e468a4e51785917065a3db57b841f5c95dba6ad8c73aaf8f66f8f9bf?s=96&d=mm&r=g\",\"contentUrl\":\"https:\/\/secure.gravatar.com\/avatar\/b34fc4f4e468a4e51785917065a3db57b841f5c95dba6ad8c73aaf8f66f8f9bf?s=96&d=mm&r=g\",\"caption\":\"Comunica\u00e7\u00e3o PSOL\"}}]}<\/script>\n<!-- \/ Yoast SEO plugin. -->","yoast_head_json":{"title":"Solidariedade a Guilherme Boulos - PSOL 50","robots":{"index":"index","follow":"follow","max-snippet":"max-snippet:-1","max-image-preview":"max-image-preview:large","max-video-preview":"max-video-preview:-1"},"canonical":"https:\/\/psol50.org.br\/solidariedade-a-guilherme-boulos\/","og_locale":"pt_BR","og_type":"article","og_title":"Solidariedade a Guilherme Boulos - PSOL 50","og_description":"Nota da Executiva Nacional do PSOL em apoio a Guilherme Boulos A Executiva Nacional do PSOL vem a p\u00fablico declarar seu firme apoio a Guilherme Boulos e a todos(as) companheiros(as) do MTST. As representa\u00e7\u00f5es com pedidos de pris\u00e3o feitas por DEM e PSDB s\u00e3o inaceit\u00e1veis e anti-democr\u00e1ticas, expressam o car\u00e1ter reacion\u00e1rio desses partidos e sua [&hellip;]","og_url":"https:\/\/psol50.org.br\/solidariedade-a-guilherme-boulos\/","og_site_name":"PSOL 50","article_publisher":"https:\/\/www.facebook.com\/psol50","article_published_time":"2016-04-04T15:53:38+00:00","og_image":[{"width":768,"height":511,"url":"https:\/\/psol50.org.br\/inc\/uploads\/2016\/04\/boulos-Oswaldo-Corneti.jpeg","type":"image\/jpeg"}],"author":"Comunica\u00e7\u00e3o PSOL","twitter_card":"summary_large_image","twitter_creator":"@psol50","twitter_site":"@psol50","twitter_misc":{"Escrito por":"Comunica\u00e7\u00e3o PSOL","Est. tempo de leitura":"1 minuto"},"schema":{"@context":"https:\/\/schema.org","@graph":[{"@type":"Article","@id":"https:\/\/psol50.org.br\/solidariedade-a-guilherme-boulos\/#article","isPartOf":{"@id":"https:\/\/psol50.org.br\/solidariedade-a-guilherme-boulos\/"},"author":{"name":"Comunica\u00e7\u00e3o PSOL","@id":"https:\/\/psol50.org.br\/#\/schema\/person\/475dfa57d0b815993c714c2e96491fcd"},"headline":"Solidariedade a Guilherme Boulos","datePublished":"2016-04-04T15:53:38+00:00","mainEntityOfPage":{"@id":"https:\/\/psol50.org.br\/solidariedade-a-guilherme-boulos\/"},"wordCount":181,"commentCount":0,"publisher":{"@id":"https:\/\/psol50.org.br\/#organization"},"image":{"@id":"https:\/\/psol50.org.br\/solidariedade-a-guilherme-boulos\/#primaryimage"},"thumbnailUrl":"https:\/\/psol50.org.br\/inc\/uploads\/2016\/04\/boulos-Oswaldo-Corneti.jpeg","keywords":["#EstouComBoulos","Estou com Boulos","Executiva Nacional do PSOL","Guilherme Boulos","MTST","nota","Nota do PSOL","Povo Sem medo"],"articleSection":["Brasil","Movimento","Not\u00edcias"],"inLanguage":"pt-BR","potentialAction":[{"@type":"CommentAction","name":"Comment","target":["https:\/\/psol50.org.br\/solidariedade-a-guilherme-boulos\/#respond"]}]},{"@type":"WebPage","@id":"https:\/\/psol50.org.br\/solidariedade-a-guilherme-boulos\/","url":"https:\/\/psol50.org.br\/solidariedade-a-guilherme-boulos\/","name":"Solidariedade a Guilherme Boulos - PSOL 50","isPartOf":{"@id":"https:\/\/psol50.org.br\/#website"},"primaryImageOfPage":{"@id":"https:\/\/psol50.org.br\/solidariedade-a-guilherme-boulos\/#primaryimage"},"image":{"@id":"https:\/\/psol50.org.br\/solidariedade-a-guilherme-boulos\/#primaryimage"},"thumbnailUrl":"https:\/\/psol50.org.br\/inc\/uploads\/2016\/04\/boulos-Oswaldo-Corneti.jpeg","datePublished":"2016-04-04T15:53:38+00:00","breadcrumb":{"@id":"https:\/\/psol50.org.br\/solidariedade-a-guilherme-boulos\/#breadcrumb"},"inLanguage":"pt-BR","potentialAction":[{"@type":"ReadAction","target":["https:\/\/psol50.org.br\/solidariedade-a-guilherme-boulos\/"]}]},{"@type":"ImageObject","inLanguage":"pt-BR","@id":"https:\/\/psol50.org.br\/solidariedade-a-guilherme-boulos\/#primaryimage","url":"https:\/\/psol50.org.br\/inc\/uploads\/2016\/04\/boulos-Oswaldo-Corneti.jpeg","contentUrl":"https:\/\/psol50.org.br\/inc\/uploads\/2016\/04\/boulos-Oswaldo-Corneti.jpeg","width":768,"height":511},{"@type":"BreadcrumbList","@id":"https:\/\/psol50.org.br\/solidariedade-a-guilherme-boulos\/#breadcrumb","itemListElement":[{"@type":"ListItem","position":1,"name":"In\u00edcio","item":"https:\/\/psol50.org.br\/"},{"@type":"ListItem","position":2,"name":"Solidariedade a Guilherme Boulos"}]},{"@type":"WebSite","@id":"https:\/\/psol50.org.br\/#website","url":"https:\/\/psol50.org.br\/","name":"PSOL 50","description":"Site oficial do Partido Socialismo e Liberdade","publisher":{"@id":"https:\/\/psol50.org.br\/#organization"},"alternateName":"PSOL50","potentialAction":[{"@type":"SearchAction","target":{"@type":"EntryPoint","urlTemplate":"https:\/\/psol50.org.br\/?s={search_term_string}"},"query-input":{"@type":"PropertyValueSpecification","valueRequired":true,"valueName":"search_term_string"}}],"inLanguage":"pt-BR"},{"@type":"Organization","@id":"https:\/\/psol50.org.br\/#organization","name":"PSOL 50","alternateName":"PSOL 50","url":"https:\/\/psol50.org.br\/","logo":{"@type":"ImageObject","inLanguage":"pt-BR","@id":"https:\/\/psol50.org.br\/#\/schema\/logo\/image\/","url":"https:\/\/psol50.org.br\/inc\/uploads\/2018\/07\/capa.png","contentUrl":"https:\/\/psol50.org.br\/inc\/uploads\/2018\/07\/capa.png","width":1350,"height":900,"caption":"PSOL 50"},"image":{"@id":"https:\/\/psol50.org.br\/#\/schema\/logo\/image\/"},"sameAs":["https:\/\/www.facebook.com\/psol50","https:\/\/x.com\/psol50","https:\/\/www.instagram.com\/psol50\/","https:\/\/www.youtube.com\/channel\/UC7SnJS5o1os7a6CaiNabzcg"]},{"@type":"Person","@id":"https:\/\/psol50.org.br\/#\/schema\/person\/475dfa57d0b815993c714c2e96491fcd","name":"Comunica\u00e7\u00e3o PSOL","image":{"@type":"ImageObject","inLanguage":"pt-BR","@id":"https:\/\/psol50.org.br\/#\/schema\/person\/image\/","url":"https:\/\/secure.gravatar.com\/avatar\/b34fc4f4e468a4e51785917065a3db57b841f5c95dba6ad8c73aaf8f66f8f9bf?s=96&d=mm&r=g","contentUrl":"https:\/\/secure.gravatar.com\/avatar\/b34fc4f4e468a4e51785917065a3db57b841f5c95dba6ad8c73aaf8f66f8f9bf?s=96&d=mm&r=g","caption":"Comunica\u00e7\u00e3o PSOL"}}]}},"_links":{"self":[{"href":"https:\/\/psol50.org.br\/rest\/wp\/v2\/posts\/11906","targetHints":{"allow":["GET"]}}],"collection":[{"href":"https:\/\/psol50.org.br\/rest\/wp\/v2\/posts"}],"about":[{"href":"https:\/\/psol50.org.br\/rest\/wp\/v2\/types\/post"}],"author":[{"embeddable":true,"href":"https:\/\/psol50.org.br\/rest\/wp\/v2\/users\/2"}],"replies":[{"embeddable":true,"href":"https:\/\/psol50.org.br\/rest\/wp\/v2\/comments?post=11906"}],"version-history":[{"count":0,"href":"https:\/\/psol50.org.br\/rest\/wp\/v2\/posts\/11906\/revisions"}],"wp:featuredmedia":[{"embeddable":true,"href":"https:\/\/psol50.org.br\/rest\/wp\/v2\/media\/11907"}],"wp:attachment":[{"href":"https:\/\/psol50.org.br\/rest\/wp\/v2\/media?parent=11906"}],"wp:term":[{"taxonomy":"category","embeddable":true,"href":"https:\/\/psol50.org.br\/rest\/wp\/v2\/categories?post=11906"},{"taxonomy":"post_tag","embeddable":true,"href":"https:\/\/psol50.org.br\/rest\/wp\/v2\/tags?post=11906"}],"curies":[{"name":"wp","href":"https:\/\/api.w.org\/{rel}","templated":true}]}}