{"id":11917,"date":"2016-04-04T17:59:10","date_gmt":"2016-04-04T17:59:10","guid":{"rendered":"http:\/\/www.psol50.org.br\/?p=11917"},"modified":"2016-04-04T17:59:10","modified_gmt":"2016-04-04T17:59:10","slug":"jean-wyllys-boulos-e-o-desespero-golpista","status":"publish","type":"post","link":"https:\/\/psol50.org.br\/jean-wyllys-boulos-e-o-desespero-golpista\/","title":{"rendered":"JEAN WYLLYS: Boulos e o desespero golpista"},"content":{"rendered":"<p><em><span style=\"font-size: 13px;\">Artigo publicado originalmente na <a href=\"http:\/\/www.cartacapital.com.br\/politica\/boulos-e-o-desespero-golpista\">Carta Capital<\/a><\/span><\/p>\n<p><\/em>Nos \u00faltimos dias, diferentes porta-vozes da direita golpista pediram a pris\u00e3o do dirigente do MTST\u00a0<a href=\"http:\/\/cartacapital.com.br\/politica\/o-pacto-em-que-todos-ganham-nao-e-mais-possivel-6895.html\">Guilherme Boulous<\/a>. Primeiro foi o jornal\u00a0<em>O Estado de S. Paulo<\/em>, num editorial que lembra os piores tempos da nossa hist\u00f3ria, sugerindo o in\u00edcio de uma ca\u00e7a \u00e0s bruxas, o primeiro passo de uma ofensiva macartista na qual Boulous seria uma esp\u00e9cie de ensaio, uma primeira tentativa para ver se cola.<\/p>\n<p>A sugest\u00e3o do jornal veio envolta em propaganda golpista, com a home do site do <em>Estad\u00e3o<\/em>\u00a0pintada de amarelo, com a imagem do pato do Paulo Skaf (presidente da Fiesp) e uma enorme legenda a favor do impeachment. Talvez nunca a parcialidade tenha sido t\u00e3o descarada: o pr\u00f3prio site do jornal era uma grande propaganda golpista.<\/p>\n<p>Depois do\u00a0<em>Estad\u00e3o<\/em>\u00a0vieram o PSDB e o DEM, esses dois partidos-paradoxos, os democratas que s\u00e3o filhos da ditadura e os sociais-democratas que querem acabar com a social-democracia instaurada na era Lula, aprofundando a guinada neoliberal do governo Dilma.<\/p>\n<p>Os falsos democratas e os neoliberais disfar\u00e7ados de progressistas, estes \u00faltimos especialistas em reprimir brutalmente manifesta\u00e7\u00f5es e greves de professores e roubar dinheiro da merenda escolar, entraram com representa\u00e7\u00f5es na justi\u00e7a pedindo a pris\u00e3o do dirigente dos sem-teto. Sim, \u00e9 um ensaio, e precisamos impedi-lo!<\/p>\n<p>Com cinismo, eles acusam Boulos de incitar \u00e0 viol\u00eancia (por ter organizado manifesta\u00e7\u00f5es pac\u00edficas em defesa da democracia!), quando na verdade quem tem incitado reiteradamente a viol\u00eancia s\u00e3o os grupelhos fascistas vinculados \u00e0 oposi\u00e7\u00e3o de direita e seus simpatizantes: agrediram pessoas em lugares p\u00fablicos pela cor da roupa, negaram assist\u00eancia m\u00e9dica a crian\u00e7as pelas opini\u00f5es pol\u00edticas dos pais, espalharam cal\u00fanias nas redes sociais, disseminaram discursos de \u00f3dio contra minorias, organizaram linchamentos contra figuras p\u00fablicas e n\u00e3o fazem outra coisa sen\u00e3o promover a polariza\u00e7\u00e3o e a viol\u00eancia.<\/p>\n<p>Quem financia e d\u00e1 suporte pol\u00edtico ao grupo fascista Revoltados Online? Quem tirou foto sorrindo no gabinete da presid\u00eancia da C\u00e2mara dos Deputados com os\u00a0<a href=\"http:\/\/cartacapital.com.br\/politica\/mbl-o-movimento-democratico-que-hostiliza-a-imprensa-2445.html\">analfabetos pol\u00edticos do MBL<\/a>? Quem paga os patos do gramado do Congresso? Quem bancou o &#8220;acampamento&#8221; de onde pessoas armadas se recusavam a sair? Quem financia as campanhas de \u00f3dio e cal\u00fanias nas redes?<\/p>\n<p>A quebra da institucionalidade democr\u00e1tica \u00e9 imposs\u00edvel sem repress\u00e3o e viol\u00eancia. Nenhum golpe se faz em paz. Por isso eles precisam dar um primeiro passo, para medir o impacto, calcular as repercuss\u00f5es e provocar medo. Querem prender Boulous como um ensaio da repress\u00e3o que precisar\u00e3o iniciar depois, se tomarem o poder.<\/p>\n<p>Os deputados e as deputadas progressistas e a Frente Parlamentar dos Direitos Humanos estamos e estaremos mobilizados e alertas em defesa de Boulos e atentos \u00e0s viola\u00e7\u00f5es de direitos para enfrent\u00e1-las e denunci\u00e1-las, inclusive, em inst\u00e2ncias internacionais.<\/p>\n<p>Precisamos entender que a defesa de Boulos \u00e9 tamb\u00e9m uma luta necess\u00e1ria para a defesa da democracia. Precisamos deixar claro que n\u00e3o vamos permitir nunca mais que as liberdades democr\u00e1ticas sejam canceladas no nosso Pa\u00eds. Nunca mais!<\/p>\n<p>&nbsp;<\/p>\n","protected":false},"excerpt":{"rendered":"<p>Artigo publicado originalmente na Carta Capital Nos \u00faltimos dias, diferentes porta-vozes da direita golpista pediram a pris\u00e3o do dirigente do MTST\u00a0Guilherme Boulous. Primeiro foi o jornal\u00a0O Estado de S. Paulo, num editorial que lembra os piores tempos da nossa hist\u00f3ria, sugerindo o in\u00edcio de uma ca\u00e7a \u00e0s bruxas, o primeiro passo de uma ofensiva macartista [&hellip;]<\/p>\n","protected":false},"author":2,"featured_media":11918,"comment_status":"open","ping_status":"open","sticky":false,"template":"","format":"standard","meta":{"_acf_changed":false,"footnotes":""},"categories":[3,1882,1104],"tags":[2210,3705,1734,4157,4132,3981,977,663,156,101,4158,4159,1590,4160,4161,233],"class_list":{"0":"post-11917","1":"post","2":"type-post","3":"status-publish","4":"format-standard","5":"has-post-thumbnail","7":"category-artigos-e-entrevistas","8":"category-brasil","9":"category-movimento","10":"tag-dem","11":"tag-direita","12":"tag-estadao","13":"tag-falsos-democratas","14":"tag-fiesp","15":"tag-governo-dilma","16":"tag-guilherme-boulos","17":"tag-jean-wyllys","18":"tag-mbl","19":"tag-mtst","20":"tag-neoliberais","21":"tag-paulo-skaf","22":"tag-psdb","23":"tag-revoltados-online","24":"tag-social-democracia","25":"tag-violencia"},"acf":[],"yoast_head":"<!-- This site is optimized with the Yoast SEO plugin v26.5 - https:\/\/yoast.com\/wordpress\/plugins\/seo\/ -->\n<title>JEAN WYLLYS: Boulos e o desespero golpista - PSOL 50<\/title>\n<meta name=\"robots\" content=\"index, follow, max-snippet:-1, max-image-preview:large, max-video-preview:-1\" \/>\n<link rel=\"canonical\" href=\"https:\/\/psol50.org.br\/jean-wyllys-boulos-e-o-desespero-golpista\/\" \/>\n<meta property=\"og:locale\" content=\"pt_BR\" \/>\n<meta property=\"og:type\" content=\"article\" \/>\n<meta property=\"og:title\" content=\"JEAN WYLLYS: Boulos e o desespero golpista - PSOL 50\" \/>\n<meta property=\"og:description\" content=\"Artigo publicado originalmente na Carta Capital Nos \u00faltimos dias, diferentes porta-vozes da direita golpista pediram a pris\u00e3o do dirigente do MTST\u00a0Guilherme Boulous. Primeiro foi o jornal\u00a0O Estado de S. Paulo, num editorial que lembra os piores tempos da nossa hist\u00f3ria, sugerindo o in\u00edcio de uma ca\u00e7a \u00e0s bruxas, o primeiro passo de uma ofensiva macartista [&hellip;]\" \/>\n<meta property=\"og:url\" content=\"https:\/\/psol50.org.br\/jean-wyllys-boulos-e-o-desespero-golpista\/\" \/>\n<meta property=\"og:site_name\" content=\"PSOL 50\" \/>\n<meta property=\"article:publisher\" content=\"https:\/\/www.facebook.com\/psol50\" \/>\n<meta property=\"article:published_time\" content=\"2016-04-04T17:59:10+00:00\" \/>\n<meta property=\"og:image\" content=\"https:\/\/psol50.org.br\/inc\/uploads\/2018\/07\/capa.png\" \/>\n\t<meta property=\"og:image:width\" content=\"1350\" \/>\n\t<meta property=\"og:image:height\" content=\"900\" \/>\n\t<meta property=\"og:image:type\" content=\"image\/png\" \/>\n<meta name=\"author\" content=\"Comunica\u00e7\u00e3o PSOL\" \/>\n<meta name=\"twitter:card\" content=\"summary_large_image\" \/>\n<meta name=\"twitter:creator\" content=\"@psol50\" \/>\n<meta name=\"twitter:site\" content=\"@psol50\" \/>\n<meta name=\"twitter:label1\" content=\"Escrito por\" \/>\n\t<meta name=\"twitter:data1\" content=\"Comunica\u00e7\u00e3o PSOL\" \/>\n\t<meta name=\"twitter:label2\" content=\"Est. tempo de leitura\" \/>\n\t<meta name=\"twitter:data2\" content=\"3 minutos\" \/>\n<script type=\"application\/ld+json\" class=\"yoast-schema-graph\">{\"@context\":\"https:\/\/schema.org\",\"@graph\":[{\"@type\":\"Article\",\"@id\":\"https:\/\/psol50.org.br\/jean-wyllys-boulos-e-o-desespero-golpista\/#article\",\"isPartOf\":{\"@id\":\"https:\/\/psol50.org.br\/jean-wyllys-boulos-e-o-desespero-golpista\/\"},\"author\":{\"name\":\"Comunica\u00e7\u00e3o PSOL\",\"@id\":\"https:\/\/psol50.org.br\/#\/schema\/person\/475dfa57d0b815993c714c2e96491fcd\"},\"headline\":\"JEAN WYLLYS: Boulos e o desespero golpista\",\"datePublished\":\"2016-04-04T17:59:10+00:00\",\"mainEntityOfPage\":{\"@id\":\"https:\/\/psol50.org.br\/jean-wyllys-boulos-e-o-desespero-golpista\/\"},\"wordCount\":540,\"commentCount\":0,\"publisher\":{\"@id\":\"https:\/\/psol50.org.br\/#organization\"},\"image\":{\"@id\":\"https:\/\/psol50.org.br\/jean-wyllys-boulos-e-o-desespero-golpista\/#primaryimage\"},\"thumbnailUrl\":\"\",\"keywords\":[\"DEM\",\"direita\",\"Estad\u00e3o\",\"falsos democratas\",\"Fiesp\",\"governo Dilma\",\"Guilherme Boulos\",\"Jean Wyllys\",\"MBL\",\"MTST\",\"neoliberais\",\"Paulo Skaf\",\"PSDB\",\"revoltados online\",\"social-democracia\",\"viol\u00eancia\"],\"articleSection\":[\"Artigos\",\"Brasil\",\"Movimento\"],\"inLanguage\":\"pt-BR\",\"potentialAction\":[{\"@type\":\"CommentAction\",\"name\":\"Comment\",\"target\":[\"https:\/\/psol50.org.br\/jean-wyllys-boulos-e-o-desespero-golpista\/#respond\"]}]},{\"@type\":\"WebPage\",\"@id\":\"https:\/\/psol50.org.br\/jean-wyllys-boulos-e-o-desespero-golpista\/\",\"url\":\"https:\/\/psol50.org.br\/jean-wyllys-boulos-e-o-desespero-golpista\/\",\"name\":\"JEAN WYLLYS: Boulos e o desespero golpista - PSOL 50\",\"isPartOf\":{\"@id\":\"https:\/\/psol50.org.br\/#website\"},\"primaryImageOfPage\":{\"@id\":\"https:\/\/psol50.org.br\/jean-wyllys-boulos-e-o-desespero-golpista\/#primaryimage\"},\"image\":{\"@id\":\"https:\/\/psol50.org.br\/jean-wyllys-boulos-e-o-desespero-golpista\/#primaryimage\"},\"thumbnailUrl\":\"\",\"datePublished\":\"2016-04-04T17:59:10+00:00\",\"breadcrumb\":{\"@id\":\"https:\/\/psol50.org.br\/jean-wyllys-boulos-e-o-desespero-golpista\/#breadcrumb\"},\"inLanguage\":\"pt-BR\",\"potentialAction\":[{\"@type\":\"ReadAction\",\"target\":[\"https:\/\/psol50.org.br\/jean-wyllys-boulos-e-o-desespero-golpista\/\"]}]},{\"@type\":\"ImageObject\",\"inLanguage\":\"pt-BR\",\"@id\":\"https:\/\/psol50.org.br\/jean-wyllys-boulos-e-o-desespero-golpista\/#primaryimage\",\"url\":\"\",\"contentUrl\":\"\"},{\"@type\":\"BreadcrumbList\",\"@id\":\"https:\/\/psol50.org.br\/jean-wyllys-boulos-e-o-desespero-golpista\/#breadcrumb\",\"itemListElement\":[{\"@type\":\"ListItem\",\"position\":1,\"name\":\"In\u00edcio\",\"item\":\"https:\/\/psol50.org.br\/\"},{\"@type\":\"ListItem\",\"position\":2,\"name\":\"JEAN WYLLYS: Boulos e o desespero golpista\"}]},{\"@type\":\"WebSite\",\"@id\":\"https:\/\/psol50.org.br\/#website\",\"url\":\"https:\/\/psol50.org.br\/\",\"name\":\"PSOL 50\",\"description\":\"Site oficial do Partido Socialismo e Liberdade\",\"publisher\":{\"@id\":\"https:\/\/psol50.org.br\/#organization\"},\"alternateName\":\"PSOL50\",\"potentialAction\":[{\"@type\":\"SearchAction\",\"target\":{\"@type\":\"EntryPoint\",\"urlTemplate\":\"https:\/\/psol50.org.br\/?s={search_term_string}\"},\"query-input\":{\"@type\":\"PropertyValueSpecification\",\"valueRequired\":true,\"valueName\":\"search_term_string\"}}],\"inLanguage\":\"pt-BR\"},{\"@type\":\"Organization\",\"@id\":\"https:\/\/psol50.org.br\/#organization\",\"name\":\"PSOL 50\",\"alternateName\":\"PSOL 50\",\"url\":\"https:\/\/psol50.org.br\/\",\"logo\":{\"@type\":\"ImageObject\",\"inLanguage\":\"pt-BR\",\"@id\":\"https:\/\/psol50.org.br\/#\/schema\/logo\/image\/\",\"url\":\"https:\/\/psol50.org.br\/inc\/uploads\/2018\/07\/capa.png\",\"contentUrl\":\"https:\/\/psol50.org.br\/inc\/uploads\/2018\/07\/capa.png\",\"width\":1350,\"height\":900,\"caption\":\"PSOL 50\"},\"image\":{\"@id\":\"https:\/\/psol50.org.br\/#\/schema\/logo\/image\/\"},\"sameAs\":[\"https:\/\/www.facebook.com\/psol50\",\"https:\/\/x.com\/psol50\",\"https:\/\/www.instagram.com\/psol50\/\",\"https:\/\/www.youtube.com\/channel\/UC7SnJS5o1os7a6CaiNabzcg\"]},{\"@type\":\"Person\",\"@id\":\"https:\/\/psol50.org.br\/#\/schema\/person\/475dfa57d0b815993c714c2e96491fcd\",\"name\":\"Comunica\u00e7\u00e3o PSOL\",\"image\":{\"@type\":\"ImageObject\",\"inLanguage\":\"pt-BR\",\"@id\":\"https:\/\/psol50.org.br\/#\/schema\/person\/image\/\",\"url\":\"https:\/\/secure.gravatar.com\/avatar\/b34fc4f4e468a4e51785917065a3db57b841f5c95dba6ad8c73aaf8f66f8f9bf?s=96&d=mm&r=g\",\"contentUrl\":\"https:\/\/secure.gravatar.com\/avatar\/b34fc4f4e468a4e51785917065a3db57b841f5c95dba6ad8c73aaf8f66f8f9bf?s=96&d=mm&r=g\",\"caption\":\"Comunica\u00e7\u00e3o PSOL\"}}]}<\/script>\n<!-- \/ Yoast SEO plugin. -->","yoast_head_json":{"title":"JEAN WYLLYS: Boulos e o desespero golpista - PSOL 50","robots":{"index":"index","follow":"follow","max-snippet":"max-snippet:-1","max-image-preview":"max-image-preview:large","max-video-preview":"max-video-preview:-1"},"canonical":"https:\/\/psol50.org.br\/jean-wyllys-boulos-e-o-desespero-golpista\/","og_locale":"pt_BR","og_type":"article","og_title":"JEAN WYLLYS: Boulos e o desespero golpista - PSOL 50","og_description":"Artigo publicado originalmente na Carta Capital Nos \u00faltimos dias, diferentes porta-vozes da direita golpista pediram a pris\u00e3o do dirigente do MTST\u00a0Guilherme Boulous. Primeiro foi o jornal\u00a0O Estado de S. Paulo, num editorial que lembra os piores tempos da nossa hist\u00f3ria, sugerindo o in\u00edcio de uma ca\u00e7a \u00e0s bruxas, o primeiro passo de uma ofensiva macartista [&hellip;]","og_url":"https:\/\/psol50.org.br\/jean-wyllys-boulos-e-o-desespero-golpista\/","og_site_name":"PSOL 50","article_publisher":"https:\/\/www.facebook.com\/psol50","article_published_time":"2016-04-04T17:59:10+00:00","og_image":[{"width":1350,"height":900,"url":"https:\/\/psol50.org.br\/inc\/uploads\/2018\/07\/capa.png","type":"image\/png"}],"author":"Comunica\u00e7\u00e3o PSOL","twitter_card":"summary_large_image","twitter_creator":"@psol50","twitter_site":"@psol50","twitter_misc":{"Escrito por":"Comunica\u00e7\u00e3o PSOL","Est. tempo de leitura":"3 minutos"},"schema":{"@context":"https:\/\/schema.org","@graph":[{"@type":"Article","@id":"https:\/\/psol50.org.br\/jean-wyllys-boulos-e-o-desespero-golpista\/#article","isPartOf":{"@id":"https:\/\/psol50.org.br\/jean-wyllys-boulos-e-o-desespero-golpista\/"},"author":{"name":"Comunica\u00e7\u00e3o PSOL","@id":"https:\/\/psol50.org.br\/#\/schema\/person\/475dfa57d0b815993c714c2e96491fcd"},"headline":"JEAN WYLLYS: Boulos e o desespero golpista","datePublished":"2016-04-04T17:59:10+00:00","mainEntityOfPage":{"@id":"https:\/\/psol50.org.br\/jean-wyllys-boulos-e-o-desespero-golpista\/"},"wordCount":540,"commentCount":0,"publisher":{"@id":"https:\/\/psol50.org.br\/#organization"},"image":{"@id":"https:\/\/psol50.org.br\/jean-wyllys-boulos-e-o-desespero-golpista\/#primaryimage"},"thumbnailUrl":"","keywords":["DEM","direita","Estad\u00e3o","falsos democratas","Fiesp","governo Dilma","Guilherme Boulos","Jean Wyllys","MBL","MTST","neoliberais","Paulo Skaf","PSDB","revoltados online","social-democracia","viol\u00eancia"],"articleSection":["Artigos","Brasil","Movimento"],"inLanguage":"pt-BR","potentialAction":[{"@type":"CommentAction","name":"Comment","target":["https:\/\/psol50.org.br\/jean-wyllys-boulos-e-o-desespero-golpista\/#respond"]}]},{"@type":"WebPage","@id":"https:\/\/psol50.org.br\/jean-wyllys-boulos-e-o-desespero-golpista\/","url":"https:\/\/psol50.org.br\/jean-wyllys-boulos-e-o-desespero-golpista\/","name":"JEAN WYLLYS: Boulos e o desespero golpista - PSOL 50","isPartOf":{"@id":"https:\/\/psol50.org.br\/#website"},"primaryImageOfPage":{"@id":"https:\/\/psol50.org.br\/jean-wyllys-boulos-e-o-desespero-golpista\/#primaryimage"},"image":{"@id":"https:\/\/psol50.org.br\/jean-wyllys-boulos-e-o-desespero-golpista\/#primaryimage"},"thumbnailUrl":"","datePublished":"2016-04-04T17:59:10+00:00","breadcrumb":{"@id":"https:\/\/psol50.org.br\/jean-wyllys-boulos-e-o-desespero-golpista\/#breadcrumb"},"inLanguage":"pt-BR","potentialAction":[{"@type":"ReadAction","target":["https:\/\/psol50.org.br\/jean-wyllys-boulos-e-o-desespero-golpista\/"]}]},{"@type":"ImageObject","inLanguage":"pt-BR","@id":"https:\/\/psol50.org.br\/jean-wyllys-boulos-e-o-desespero-golpista\/#primaryimage","url":"","contentUrl":""},{"@type":"BreadcrumbList","@id":"https:\/\/psol50.org.br\/jean-wyllys-boulos-e-o-desespero-golpista\/#breadcrumb","itemListElement":[{"@type":"ListItem","position":1,"name":"In\u00edcio","item":"https:\/\/psol50.org.br\/"},{"@type":"ListItem","position":2,"name":"JEAN WYLLYS: Boulos e o desespero golpista"}]},{"@type":"WebSite","@id":"https:\/\/psol50.org.br\/#website","url":"https:\/\/psol50.org.br\/","name":"PSOL 50","description":"Site oficial do Partido Socialismo e Liberdade","publisher":{"@id":"https:\/\/psol50.org.br\/#organization"},"alternateName":"PSOL50","potentialAction":[{"@type":"SearchAction","target":{"@type":"EntryPoint","urlTemplate":"https:\/\/psol50.org.br\/?s={search_term_string}"},"query-input":{"@type":"PropertyValueSpecification","valueRequired":true,"valueName":"search_term_string"}}],"inLanguage":"pt-BR"},{"@type":"Organization","@id":"https:\/\/psol50.org.br\/#organization","name":"PSOL 50","alternateName":"PSOL 50","url":"https:\/\/psol50.org.br\/","logo":{"@type":"ImageObject","inLanguage":"pt-BR","@id":"https:\/\/psol50.org.br\/#\/schema\/logo\/image\/","url":"https:\/\/psol50.org.br\/inc\/uploads\/2018\/07\/capa.png","contentUrl":"https:\/\/psol50.org.br\/inc\/uploads\/2018\/07\/capa.png","width":1350,"height":900,"caption":"PSOL 50"},"image":{"@id":"https:\/\/psol50.org.br\/#\/schema\/logo\/image\/"},"sameAs":["https:\/\/www.facebook.com\/psol50","https:\/\/x.com\/psol50","https:\/\/www.instagram.com\/psol50\/","https:\/\/www.youtube.com\/channel\/UC7SnJS5o1os7a6CaiNabzcg"]},{"@type":"Person","@id":"https:\/\/psol50.org.br\/#\/schema\/person\/475dfa57d0b815993c714c2e96491fcd","name":"Comunica\u00e7\u00e3o PSOL","image":{"@type":"ImageObject","inLanguage":"pt-BR","@id":"https:\/\/psol50.org.br\/#\/schema\/person\/image\/","url":"https:\/\/secure.gravatar.com\/avatar\/b34fc4f4e468a4e51785917065a3db57b841f5c95dba6ad8c73aaf8f66f8f9bf?s=96&d=mm&r=g","contentUrl":"https:\/\/secure.gravatar.com\/avatar\/b34fc4f4e468a4e51785917065a3db57b841f5c95dba6ad8c73aaf8f66f8f9bf?s=96&d=mm&r=g","caption":"Comunica\u00e7\u00e3o PSOL"}}]}},"_links":{"self":[{"href":"https:\/\/psol50.org.br\/rest\/wp\/v2\/posts\/11917","targetHints":{"allow":["GET"]}}],"collection":[{"href":"https:\/\/psol50.org.br\/rest\/wp\/v2\/posts"}],"about":[{"href":"https:\/\/psol50.org.br\/rest\/wp\/v2\/types\/post"}],"author":[{"embeddable":true,"href":"https:\/\/psol50.org.br\/rest\/wp\/v2\/users\/2"}],"replies":[{"embeddable":true,"href":"https:\/\/psol50.org.br\/rest\/wp\/v2\/comments?post=11917"}],"version-history":[{"count":0,"href":"https:\/\/psol50.org.br\/rest\/wp\/v2\/posts\/11917\/revisions"}],"wp:featuredmedia":[{"embeddable":true,"href":"https:\/\/psol50.org.br\/rest\/"}],"wp:attachment":[{"href":"https:\/\/psol50.org.br\/rest\/wp\/v2\/media?parent=11917"}],"wp:term":[{"taxonomy":"category","embeddable":true,"href":"https:\/\/psol50.org.br\/rest\/wp\/v2\/categories?post=11917"},{"taxonomy":"post_tag","embeddable":true,"href":"https:\/\/psol50.org.br\/rest\/wp\/v2\/tags?post=11917"}],"curies":[{"name":"wp","href":"https:\/\/api.w.org\/{rel}","templated":true}]}}