{"id":11924,"date":"2016-04-04T21:04:20","date_gmt":"2016-04-04T21:04:20","guid":{"rendered":"http:\/\/www.psol50.org.br\/?p=11924"},"modified":"2016-04-04T21:04:20","modified_gmt":"2016-04-04T21:04:20","slug":"liderancas-do-psol-se-solidarizam-com-guilherme-boulos-coordenador-do-mtst","status":"publish","type":"post","link":"https:\/\/psol50.org.br\/liderancas-do-psol-se-solidarizam-com-guilherme-boulos-coordenador-do-mtst\/","title":{"rendered":"Lideran\u00e7as do PSOL se solidarizam com Guilherme Boulos, coordenador do MTST"},"content":{"rendered":"<p>Na \u00faltima semana, os deputados federais Jos\u00e9 Carlos Aleluia (DEM) e Ant\u00f4nio Imbassahy (PSDB) entraram com representa\u00e7\u00e3o contra Guilherme Boulos, da coordena\u00e7\u00e3o nacional do Movimento dos Trabalhadores Sem-Teto (MTST) e da frente Povo Sem Medo, por suposta &#8220;incita\u00e7\u00e3o \u00e0 viol\u00eancia&#8221;.<\/p>\n<p>O &#8220;motivo&#8221; alegado pelos deputados seria uma fala de Boulos, em evento em Bras\u00edlia, em que o militante afirma que &#8220;haver\u00e1 resist\u00eancia&#8221; ao avan\u00e7o da direita reacion\u00e1ria &#8211; ali\u00e1s, que os dois deputados muito bem representam.<\/p>\n<p>O MTST e diversos movimentos sociais convocaram a campanha #EstouComBoulos, no intuito de mostrar que n\u00e3o aceitar\u00e3o a criminaliza\u00e7\u00e3o proposta pelos parlamentares.\u00a0Nesta segunda-feira (4), a <strong><a href=\"http:\/\/www.psol50.org.br\/2016\/04\/solidariedade-a-guilherme-boulos\/\" target=\"_blank\" rel=\"noopener\">Executiva Nacional do PSOL aprovou nota de apoio a Boulos<\/a><\/strong> e o deputado federal Jean Wyllys (RJ) publicou o artigo <strong><em><a href=\"http:\/\/www.psol50.org.br\/2016\/04\/jean-wyllys-boulos-e-o-desespero-golpista\/\" target=\"_blank\" rel=\"noopener\">Boulos e o desespero golpista<\/a><\/strong><\/em>. Diversos parlamentares e figuras p\u00fablicas do partido tamb\u00e9m publicaram notas ou v\u00eddeos demonstrando a for\u00e7a do apoio a um dos maiores l\u00edderes populares atualmente no pa\u00eds.<\/p>\n<p>Veja abaixo:<\/p>\n<p><strong>Luiz Ara\u00fajo, presidente nacional do PSOL<\/strong><\/p>\n<div id=\"fb-root\"><\/div>\n<p><script>(function(d, s, id) {  var js, fjs = d.getElementsByTagName(s)[0];  if (d.getElementById(id)) return;  js = d.createElement(s); js.id = id;  js.src = \"\/\/connect.facebook.net\/pt_BR\/sdk.js#xfbml=1&version=v2.3\";  fjs.parentNode.insertBefore(js, fjs);}(document, 'script', 'facebook-jssdk'));<\/script><\/p>\n<div class=\"fb-video\" data-allowfullscreen=\"1\" data-href=\"https:\/\/www.facebook.com\/psol50oficial\/videos\/545623502265955\/\">\n<div class=\"fb-xfbml-parse-ignore\">\n<blockquote cite=\"https:\/\/www.facebook.com\/psol50oficial\/videos\/545623502265955\/\"><p><a href=\"https:\/\/www.facebook.com\/psol50oficial\/videos\/545623502265955\/\">Luiz Ara\u00fajo se solidariza com Guilherme Boulos<\/a><\/p>\n<p>SOLIDARIEDADE \u00c0 DEMOCRACIA Partidos tradicionais da direita e ve\u00edculos da grande imprensa resolveram criminalizar a luta do dirigente nacional do Mtst Trabalhadores Sem Teto, Guilherme Boulos. O presidente nacional do PSOL, Luiz Ara\u00fajo, da mesma forma que outras lideran\u00e7as do partido, denuncia mais essa manobra da direita e reafirma a sua solidariedade a Boulos. &quot;O PSOL n\u00e3o \u00e9 s\u00f3 solid\u00e1rio com Guilherme Boulos, n\u00f3s o consideramos um aliado fundamental para reconstruir a esquerda no Brasil e para garantir que o ajuste fiscal n\u00e3o passe e que o impeachment n\u00e3o seja aprovado&quot;, afirmou. #EstouComBoulos<\/p>\n<p>Publicado por <a href=\"https:\/\/www.facebook.com\/psol50oficial\/\">PSOL 50<\/a> em Segunda, 4 de abril de 2016<\/p><\/blockquote>\n<\/div>\n<\/div>\n<p>&nbsp;<\/p>\n<hr \/>\n<p>&nbsp;<\/p>\n<p><strong>Marcelo Freixo, deputado estadual (RJ)<\/strong><\/p>\n<p>&nbsp;<\/p>\n<div id=\"fb-root\"><\/div>\n<p><script>(function(d, s, id) {  var js, fjs = d.getElementsByTagName(s)[0];  if (d.getElementById(id)) return;  js = d.createElement(s); js.id = id;  js.src = \"\/\/connect.facebook.net\/pt_BR\/sdk.js#xfbml=1&version=v2.3\";  fjs.parentNode.insertBefore(js, fjs);}(document, 'script', 'facebook-jssdk'));<\/script><\/p>\n<div class=\"fb-video\" data-allowfullscreen=\"1\" data-href=\"https:\/\/www.facebook.com\/MarceloFreixoPsol\/videos\/1148296858543902\/\">\n<div class=\"fb-xfbml-parse-ignore\">\n<blockquote cite=\"https:\/\/www.facebook.com\/MarceloFreixoPsol\/videos\/1148296858543902\/\"><p><a href=\"https:\/\/www.facebook.com\/MarceloFreixoPsol\/videos\/1148296858543902\/\"><\/a><\/p>\n<p>A tentativa de criminalizar Guilherme Boulos, lideran\u00e7a do Movimento dos Trabalhadores Sem Teto, \u00e9 inadmiss\u00edvel. DEM e PSDB deveriam se preocupar mais com os acusados de corrup\u00e7\u00e3o de seus pr\u00f3prios partidos do que com quem n\u00e3o cometeu nenhum crime. Todo apoio \u00e0 Boulos, ao MTST e \u00e0 luta para que o Brasil p\u00e1re de ter tanta casa sem gente e tanta gente sem casa! #EstouComBoulos#EquipeMarceloFreixo<\/p>\n<p>Publicado por <a href=\"https:\/\/www.facebook.com\/MarceloFreixoPsol\/\">Marcelo Freixo<\/a> em S\u00e1bado, 2 de abril de 2016<\/p><\/blockquote>\n<\/div>\n<\/div>\n<hr \/>\n<p>&nbsp;<\/p>\n<p><strong>Luciana Genro, ex-candidata \u00e0 Presid\u00eancia em 2014<\/strong><\/p>\n<p>&nbsp;<\/p>\n<div id=\"fb-root\"><\/div>\n<p><script>(function(d, s, id) {  var js, fjs = d.getElementsByTagName(s)[0];  if (d.getElementById(id)) return;  js = d.createElement(s); js.id = id;  js.src = \"\/\/connect.facebook.net\/pt_BR\/sdk.js#xfbml=1&version=v2.3\";  fjs.parentNode.insertBefore(js, fjs);}(document, 'script', 'facebook-jssdk'));<\/script><\/p>\n<div class=\"fb-post\" data-href=\"https:\/\/www.facebook.com\/LucianaGenroPSOL\/posts\/1132740786770821:0\" data-width=\"500\">\n<div class=\"fb-xfbml-parse-ignore\">\n<blockquote cite=\"https:\/\/www.facebook.com\/LucianaGenroPSOL\/posts\/1132740786770821:0\">\n<p>O Guilherme Boulos est&#xe1; sendo perseguido pela direita por lutar contra o impeachment, esta manobra das elites que conduz&#8230;<\/p>\n<p>Publicado por <a href=\"https:\/\/www.facebook.com\/LucianaGenroPSOL\/\">Luciana Genro<\/a> em&nbsp;<a href=\"https:\/\/www.facebook.com\/LucianaGenroPSOL\/posts\/1132740786770821:0\">S\u00e1bado, 2 de abril de 2016<\/a><\/p><\/blockquote>\n<\/div>\n<\/div>\n<hr \/>\n<p>&nbsp;<\/p>\n<p><strong>Ivan Valente, deputado federal (SP) e l\u00edder do PSOL na C\u00e2mara<\/strong><\/p>\n<div id=\"fb-root\"><\/div>\n<p><script>(function(d, s, id) {  var js, fjs = d.getElementsByTagName(s)[0];  if (d.getElementById(id)) return;  js = d.createElement(s); js.id = id;  js.src = \"\/\/connect.facebook.net\/pt_BR\/sdk.js#xfbml=1&version=v2.3\";  fjs.parentNode.insertBefore(js, fjs);}(document, 'script', 'facebook-jssdk'));<\/script><\/p>\n<div class=\"fb-post\" data-href=\"https:\/\/www.facebook.com\/IvanValentePSOL\/posts\/1172195212825359\" data-width=\"500\">\n<div class=\"fb-xfbml-parse-ignore\">\n<blockquote cite=\"https:\/\/www.facebook.com\/IvanValentePSOL\/posts\/1172195212825359\">\n<p>Solidariedade a Guilherme Boulos.N&#xe3;o aceitaremos a criminaliza&#xe7;&#xe3;o dos movimentos sociais!Em mais um gesto de&#8230;<\/p>\n<p>Publicado por <a href=\"https:\/\/www.facebook.com\/IvanValentePSOL\/\">Ivan Valente<\/a> em&nbsp;<a href=\"https:\/\/www.facebook.com\/IvanValentePSOL\/posts\/1172195212825359\">Domingo, 3 de abril de 2016<\/a><\/p><\/blockquote>\n<\/div>\n<\/div>\n<p>&nbsp;<\/p>\n<hr \/>\n<p>&nbsp;<\/p>\n<p><strong>Chico Alencar, deputado federal (RJ)<\/strong><\/p>\n<p>&nbsp;<\/p>\n<div id=\"fb-root\"><\/div>\n<p><script>(function(d, s, id) {  var js, fjs = d.getElementsByTagName(s)[0];  if (d.getElementById(id)) return;  js = d.createElement(s); js.id = id;  js.src = \"\/\/connect.facebook.net\/pt_BR\/sdk.js#xfbml=1&version=v2.3\";  fjs.parentNode.insertBefore(js, fjs);}(document, 'script', 'facebook-jssdk'));<\/script><\/p>\n<div class=\"fb-post\" data-href=\"https:\/\/www.facebook.com\/chicoalencar\/posts\/808838822551704:0\" data-width=\"500\">\n<div class=\"fb-xfbml-parse-ignore\">\n<blockquote cite=\"https:\/\/www.facebook.com\/chicoalencar\/posts\/808838822551704:0\">\n<p>#EstamoscomGuilherme BoulosRepresentantes do PSDB e do DEM entraram com representa&#xe7;&#xf5;es junto ao Minist&#xe9;rio P&#xfa;blico&#8230;<\/p>\n<p>Publicado por <a href=\"https:\/\/www.facebook.com\/chicoalencar\/\">Chico Alencar<\/a> em&nbsp;<a href=\"https:\/\/www.facebook.com\/chicoalencar\/posts\/808838822551704:0\">S\u00e1bado, 2 de abril de 2016<\/a><\/p><\/blockquote>\n<hr \/>\n<p>&nbsp;<\/p>\n<p><strong>Edmilson Rodrigues, deputado federal (PA)<\/strong><\/p>\n<div id=\"fb-root\"><\/div>\n<p><script>(function(d, s, id) {  var js, fjs = d.getElementsByTagName(s)[0];  if (d.getElementById(id)) return;  js = d.createElement(s); js.id = id;  js.src = \"\/\/connect.facebook.net\/pt_BR\/sdk.js#xfbml=1&version=v2.3\";  fjs.parentNode.insertBefore(js, fjs);}(document, 'script', 'facebook-jssdk'));<\/script><\/p>\n<div class=\"fb-post\" data-href=\"https:\/\/www.facebook.com\/edmilsonpsol\/posts\/1124613077579165\" data-width=\"500\">\n<div class=\"fb-xfbml-parse-ignore\">\n<blockquote cite=\"https:\/\/www.facebook.com\/edmilsonpsol\/posts\/1124613077579165\">\n<p>O direito &#xe0; liberdade de express&#xe3;o e &#xe0; organiza&#xe7;&#xe3;o n&#xe3;o pode ser ameacado. N&#xe3;o &#xe0; criminaliza&#xe7;&#xe3;o dos movimentos sociais. #EstouComBoulos<\/p>\n<p>Publicado por <a href=\"https:\/\/www.facebook.com\/edmilsonpsol\/\">Edmilson Rodrigues<\/a> em&nbsp;<a href=\"https:\/\/www.facebook.com\/edmilsonpsol\/posts\/1124613077579165\">Segunda, 4 de abril de 2016<\/a><\/p><\/blockquote>\n<hr \/>\n","protected":false},"excerpt":{"rendered":"<p>Na \u00faltima semana, os deputados federais Jos\u00e9 Carlos Aleluia (DEM) e Ant\u00f4nio Imbassahy (PSDB) entraram com representa\u00e7\u00e3o contra Guilherme Boulos, da coordena\u00e7\u00e3o nacional do Movimento dos Trabalhadores Sem-Teto (MTST) e da frente Povo Sem Medo, por suposta &#8220;incita\u00e7\u00e3o \u00e0 viol\u00eancia&#8221;. O &#8220;motivo&#8221; alegado pelos deputados seria uma fala de Boulos, em evento em Bras\u00edlia, em [&hellip;]<\/p>\n","protected":false},"author":2,"featured_media":11927,"comment_status":"open","ping_status":"open","sticky":false,"template":"","format":"standard","meta":{"_acf_changed":false,"footnotes":""},"categories":[2812],"tags":[4155,1680,4170,973,4156,552,2174,1801,161,101,19,1757,243,2347,22,1357],"class_list":{"0":"post-11924","1":"post","2":"type-post","3":"status-publish","4":"format-standard","5":"has-post-thumbnail","7":"category-videos_tv","8":"tag-estoucomboulos","9":"tag-chico-alencar","10":"tag-criminalizacao-dos-movimentos-sociais","11":"tag-edmilson-rodrigues","12":"tag-estou-com-boulos","13":"tag-ivan-valente","14":"tag-luciana-genro","15":"tag-luiz-araujo","16":"tag-marcelo-freixo","17":"tag-mtst","18":"tag-nota","19":"tag-nota-de-solidariedade","20":"tag-nota-do-psol","21":"tag-presidente-nacional-do-psol","22":"tag-psol","23":"tag-solidariedade"},"acf":[],"yoast_head":"<!-- This site is optimized with the Yoast SEO plugin v26.5 - https:\/\/yoast.com\/wordpress\/plugins\/seo\/ -->\n<title>Lideran\u00e7as do PSOL se solidarizam com Guilherme Boulos, coordenador do MTST - PSOL 50<\/title>\n<meta name=\"robots\" content=\"index, follow, max-snippet:-1, max-image-preview:large, max-video-preview:-1\" \/>\n<link rel=\"canonical\" href=\"https:\/\/psol50.org.br\/liderancas-do-psol-se-solidarizam-com-guilherme-boulos-coordenador-do-mtst\/\" \/>\n<meta property=\"og:locale\" content=\"pt_BR\" \/>\n<meta property=\"og:type\" content=\"article\" \/>\n<meta property=\"og:title\" content=\"Lideran\u00e7as do PSOL se solidarizam com Guilherme Boulos, coordenador do MTST - PSOL 50\" \/>\n<meta property=\"og:description\" content=\"Na \u00faltima semana, os deputados federais Jos\u00e9 Carlos Aleluia (DEM) e Ant\u00f4nio Imbassahy (PSDB) entraram com representa\u00e7\u00e3o contra Guilherme Boulos, da coordena\u00e7\u00e3o nacional do Movimento dos Trabalhadores Sem-Teto (MTST) e da frente Povo Sem Medo, por suposta &#8220;incita\u00e7\u00e3o \u00e0 viol\u00eancia&#8221;. O &#8220;motivo&#8221; alegado pelos deputados seria uma fala de Boulos, em evento em Bras\u00edlia, em [&hellip;]\" \/>\n<meta property=\"og:url\" content=\"https:\/\/psol50.org.br\/liderancas-do-psol-se-solidarizam-com-guilherme-boulos-coordenador-do-mtst\/\" \/>\n<meta property=\"og:site_name\" content=\"PSOL 50\" \/>\n<meta property=\"article:publisher\" content=\"https:\/\/www.facebook.com\/psol50\" \/>\n<meta property=\"article:published_time\" content=\"2016-04-04T21:04:20+00:00\" \/>\n<meta property=\"og:image\" content=\"https:\/\/psol50.org.br\/inc\/uploads\/2018\/07\/capa.png\" \/>\n\t<meta property=\"og:image:width\" content=\"1350\" \/>\n\t<meta property=\"og:image:height\" content=\"900\" \/>\n\t<meta property=\"og:image:type\" content=\"image\/png\" \/>\n<meta name=\"author\" content=\"Comunica\u00e7\u00e3o PSOL\" \/>\n<meta name=\"twitter:card\" content=\"summary_large_image\" \/>\n<meta name=\"twitter:creator\" content=\"@psol50\" \/>\n<meta name=\"twitter:site\" content=\"@psol50\" \/>\n<meta name=\"twitter:label1\" content=\"Escrito por\" \/>\n\t<meta name=\"twitter:data1\" content=\"Comunica\u00e7\u00e3o PSOL\" \/>\n\t<meta name=\"twitter:label2\" content=\"Est. tempo de leitura\" \/>\n\t<meta name=\"twitter:data2\" content=\"3 minutos\" \/>\n<script type=\"application\/ld+json\" class=\"yoast-schema-graph\">{\"@context\":\"https:\/\/schema.org\",\"@graph\":[{\"@type\":\"Article\",\"@id\":\"https:\/\/psol50.org.br\/liderancas-do-psol-se-solidarizam-com-guilherme-boulos-coordenador-do-mtst\/#article\",\"isPartOf\":{\"@id\":\"https:\/\/psol50.org.br\/liderancas-do-psol-se-solidarizam-com-guilherme-boulos-coordenador-do-mtst\/\"},\"author\":{\"name\":\"Comunica\u00e7\u00e3o PSOL\",\"@id\":\"https:\/\/psol50.org.br\/#\/schema\/person\/475dfa57d0b815993c714c2e96491fcd\"},\"headline\":\"Lideran\u00e7as do PSOL se solidarizam com Guilherme Boulos, coordenador do MTST\",\"datePublished\":\"2016-04-04T21:04:20+00:00\",\"mainEntityOfPage\":{\"@id\":\"https:\/\/psol50.org.br\/liderancas-do-psol-se-solidarizam-com-guilherme-boulos-coordenador-do-mtst\/\"},\"wordCount\":564,\"commentCount\":0,\"publisher\":{\"@id\":\"https:\/\/psol50.org.br\/#organization\"},\"image\":{\"@id\":\"https:\/\/psol50.org.br\/liderancas-do-psol-se-solidarizam-com-guilherme-boulos-coordenador-do-mtst\/#primaryimage\"},\"thumbnailUrl\":\"\",\"keywords\":[\"#EstouComBoulos\",\"Chico Alencar\",\"Criminaliza\u00e7\u00e3o dos movimentos sociais\",\"Edmilson Rodrigues\",\"Estou com Boulos\",\"Ivan Valente\",\"Luciana Genro\",\"Luiz Ara\u00fajo\",\"Marcelo Freixo\",\"MTST\",\"nota\",\"nota de solidariedade\",\"Nota do PSOL\",\"presidente nacional do PSOL\",\"PSOL\",\"Solidariedade\"],\"articleSection\":[\"V\u00cdDEOS | MULTIM\u00cdDIA | FLC TV\"],\"inLanguage\":\"pt-BR\",\"potentialAction\":[{\"@type\":\"CommentAction\",\"name\":\"Comment\",\"target\":[\"https:\/\/psol50.org.br\/liderancas-do-psol-se-solidarizam-com-guilherme-boulos-coordenador-do-mtst\/#respond\"]}]},{\"@type\":\"WebPage\",\"@id\":\"https:\/\/psol50.org.br\/liderancas-do-psol-se-solidarizam-com-guilherme-boulos-coordenador-do-mtst\/\",\"url\":\"https:\/\/psol50.org.br\/liderancas-do-psol-se-solidarizam-com-guilherme-boulos-coordenador-do-mtst\/\",\"name\":\"Lideran\u00e7as do PSOL se solidarizam com Guilherme Boulos, coordenador do MTST - PSOL 50\",\"isPartOf\":{\"@id\":\"https:\/\/psol50.org.br\/#website\"},\"primaryImageOfPage\":{\"@id\":\"https:\/\/psol50.org.br\/liderancas-do-psol-se-solidarizam-com-guilherme-boulos-coordenador-do-mtst\/#primaryimage\"},\"image\":{\"@id\":\"https:\/\/psol50.org.br\/liderancas-do-psol-se-solidarizam-com-guilherme-boulos-coordenador-do-mtst\/#primaryimage\"},\"thumbnailUrl\":\"\",\"datePublished\":\"2016-04-04T21:04:20+00:00\",\"breadcrumb\":{\"@id\":\"https:\/\/psol50.org.br\/liderancas-do-psol-se-solidarizam-com-guilherme-boulos-coordenador-do-mtst\/#breadcrumb\"},\"inLanguage\":\"pt-BR\",\"potentialAction\":[{\"@type\":\"ReadAction\",\"target\":[\"https:\/\/psol50.org.br\/liderancas-do-psol-se-solidarizam-com-guilherme-boulos-coordenador-do-mtst\/\"]}]},{\"@type\":\"ImageObject\",\"inLanguage\":\"pt-BR\",\"@id\":\"https:\/\/psol50.org.br\/liderancas-do-psol-se-solidarizam-com-guilherme-boulos-coordenador-do-mtst\/#primaryimage\",\"url\":\"\",\"contentUrl\":\"\"},{\"@type\":\"BreadcrumbList\",\"@id\":\"https:\/\/psol50.org.br\/liderancas-do-psol-se-solidarizam-com-guilherme-boulos-coordenador-do-mtst\/#breadcrumb\",\"itemListElement\":[{\"@type\":\"ListItem\",\"position\":1,\"name\":\"In\u00edcio\",\"item\":\"https:\/\/psol50.org.br\/\"},{\"@type\":\"ListItem\",\"position\":2,\"name\":\"Lideran\u00e7as do PSOL se solidarizam com Guilherme Boulos, coordenador do MTST\"}]},{\"@type\":\"WebSite\",\"@id\":\"https:\/\/psol50.org.br\/#website\",\"url\":\"https:\/\/psol50.org.br\/\",\"name\":\"PSOL 50\",\"description\":\"Site oficial do Partido Socialismo e Liberdade\",\"publisher\":{\"@id\":\"https:\/\/psol50.org.br\/#organization\"},\"alternateName\":\"PSOL50\",\"potentialAction\":[{\"@type\":\"SearchAction\",\"target\":{\"@type\":\"EntryPoint\",\"urlTemplate\":\"https:\/\/psol50.org.br\/?s={search_term_string}\"},\"query-input\":{\"@type\":\"PropertyValueSpecification\",\"valueRequired\":true,\"valueName\":\"search_term_string\"}}],\"inLanguage\":\"pt-BR\"},{\"@type\":\"Organization\",\"@id\":\"https:\/\/psol50.org.br\/#organization\",\"name\":\"PSOL 50\",\"alternateName\":\"PSOL 50\",\"url\":\"https:\/\/psol50.org.br\/\",\"logo\":{\"@type\":\"ImageObject\",\"inLanguage\":\"pt-BR\",\"@id\":\"https:\/\/psol50.org.br\/#\/schema\/logo\/image\/\",\"url\":\"https:\/\/psol50.org.br\/inc\/uploads\/2018\/07\/capa.png\",\"contentUrl\":\"https:\/\/psol50.org.br\/inc\/uploads\/2018\/07\/capa.png\",\"width\":1350,\"height\":900,\"caption\":\"PSOL 50\"},\"image\":{\"@id\":\"https:\/\/psol50.org.br\/#\/schema\/logo\/image\/\"},\"sameAs\":[\"https:\/\/www.facebook.com\/psol50\",\"https:\/\/x.com\/psol50\",\"https:\/\/www.instagram.com\/psol50\/\",\"https:\/\/www.youtube.com\/channel\/UC7SnJS5o1os7a6CaiNabzcg\"]},{\"@type\":\"Person\",\"@id\":\"https:\/\/psol50.org.br\/#\/schema\/person\/475dfa57d0b815993c714c2e96491fcd\",\"name\":\"Comunica\u00e7\u00e3o PSOL\",\"image\":{\"@type\":\"ImageObject\",\"inLanguage\":\"pt-BR\",\"@id\":\"https:\/\/psol50.org.br\/#\/schema\/person\/image\/\",\"url\":\"https:\/\/secure.gravatar.com\/avatar\/b34fc4f4e468a4e51785917065a3db57b841f5c95dba6ad8c73aaf8f66f8f9bf?s=96&d=mm&r=g\",\"contentUrl\":\"https:\/\/secure.gravatar.com\/avatar\/b34fc4f4e468a4e51785917065a3db57b841f5c95dba6ad8c73aaf8f66f8f9bf?s=96&d=mm&r=g\",\"caption\":\"Comunica\u00e7\u00e3o PSOL\"}}]}<\/script>\n<!-- \/ Yoast SEO plugin. -->","yoast_head_json":{"title":"Lideran\u00e7as do PSOL se solidarizam com Guilherme Boulos, coordenador do MTST - PSOL 50","robots":{"index":"index","follow":"follow","max-snippet":"max-snippet:-1","max-image-preview":"max-image-preview:large","max-video-preview":"max-video-preview:-1"},"canonical":"https:\/\/psol50.org.br\/liderancas-do-psol-se-solidarizam-com-guilherme-boulos-coordenador-do-mtst\/","og_locale":"pt_BR","og_type":"article","og_title":"Lideran\u00e7as do PSOL se solidarizam com Guilherme Boulos, coordenador do MTST - PSOL 50","og_description":"Na \u00faltima semana, os deputados federais Jos\u00e9 Carlos Aleluia (DEM) e Ant\u00f4nio Imbassahy (PSDB) entraram com representa\u00e7\u00e3o contra Guilherme Boulos, da coordena\u00e7\u00e3o nacional do Movimento dos Trabalhadores Sem-Teto (MTST) e da frente Povo Sem Medo, por suposta &#8220;incita\u00e7\u00e3o \u00e0 viol\u00eancia&#8221;. O &#8220;motivo&#8221; alegado pelos deputados seria uma fala de Boulos, em evento em Bras\u00edlia, em [&hellip;]","og_url":"https:\/\/psol50.org.br\/liderancas-do-psol-se-solidarizam-com-guilherme-boulos-coordenador-do-mtst\/","og_site_name":"PSOL 50","article_publisher":"https:\/\/www.facebook.com\/psol50","article_published_time":"2016-04-04T21:04:20+00:00","og_image":[{"width":1350,"height":900,"url":"https:\/\/psol50.org.br\/inc\/uploads\/2018\/07\/capa.png","type":"image\/png"}],"author":"Comunica\u00e7\u00e3o PSOL","twitter_card":"summary_large_image","twitter_creator":"@psol50","twitter_site":"@psol50","twitter_misc":{"Escrito por":"Comunica\u00e7\u00e3o PSOL","Est. tempo de leitura":"3 minutos"},"schema":{"@context":"https:\/\/schema.org","@graph":[{"@type":"Article","@id":"https:\/\/psol50.org.br\/liderancas-do-psol-se-solidarizam-com-guilherme-boulos-coordenador-do-mtst\/#article","isPartOf":{"@id":"https:\/\/psol50.org.br\/liderancas-do-psol-se-solidarizam-com-guilherme-boulos-coordenador-do-mtst\/"},"author":{"name":"Comunica\u00e7\u00e3o PSOL","@id":"https:\/\/psol50.org.br\/#\/schema\/person\/475dfa57d0b815993c714c2e96491fcd"},"headline":"Lideran\u00e7as do PSOL se solidarizam com Guilherme Boulos, coordenador do MTST","datePublished":"2016-04-04T21:04:20+00:00","mainEntityOfPage":{"@id":"https:\/\/psol50.org.br\/liderancas-do-psol-se-solidarizam-com-guilherme-boulos-coordenador-do-mtst\/"},"wordCount":564,"commentCount":0,"publisher":{"@id":"https:\/\/psol50.org.br\/#organization"},"image":{"@id":"https:\/\/psol50.org.br\/liderancas-do-psol-se-solidarizam-com-guilherme-boulos-coordenador-do-mtst\/#primaryimage"},"thumbnailUrl":"","keywords":["#EstouComBoulos","Chico Alencar","Criminaliza\u00e7\u00e3o dos movimentos sociais","Edmilson Rodrigues","Estou com Boulos","Ivan Valente","Luciana Genro","Luiz Ara\u00fajo","Marcelo Freixo","MTST","nota","nota de solidariedade","Nota do PSOL","presidente nacional do PSOL","PSOL","Solidariedade"],"articleSection":["V\u00cdDEOS | MULTIM\u00cdDIA | FLC TV"],"inLanguage":"pt-BR","potentialAction":[{"@type":"CommentAction","name":"Comment","target":["https:\/\/psol50.org.br\/liderancas-do-psol-se-solidarizam-com-guilherme-boulos-coordenador-do-mtst\/#respond"]}]},{"@type":"WebPage","@id":"https:\/\/psol50.org.br\/liderancas-do-psol-se-solidarizam-com-guilherme-boulos-coordenador-do-mtst\/","url":"https:\/\/psol50.org.br\/liderancas-do-psol-se-solidarizam-com-guilherme-boulos-coordenador-do-mtst\/","name":"Lideran\u00e7as do PSOL se solidarizam com Guilherme Boulos, coordenador do MTST - PSOL 50","isPartOf":{"@id":"https:\/\/psol50.org.br\/#website"},"primaryImageOfPage":{"@id":"https:\/\/psol50.org.br\/liderancas-do-psol-se-solidarizam-com-guilherme-boulos-coordenador-do-mtst\/#primaryimage"},"image":{"@id":"https:\/\/psol50.org.br\/liderancas-do-psol-se-solidarizam-com-guilherme-boulos-coordenador-do-mtst\/#primaryimage"},"thumbnailUrl":"","datePublished":"2016-04-04T21:04:20+00:00","breadcrumb":{"@id":"https:\/\/psol50.org.br\/liderancas-do-psol-se-solidarizam-com-guilherme-boulos-coordenador-do-mtst\/#breadcrumb"},"inLanguage":"pt-BR","potentialAction":[{"@type":"ReadAction","target":["https:\/\/psol50.org.br\/liderancas-do-psol-se-solidarizam-com-guilherme-boulos-coordenador-do-mtst\/"]}]},{"@type":"ImageObject","inLanguage":"pt-BR","@id":"https:\/\/psol50.org.br\/liderancas-do-psol-se-solidarizam-com-guilherme-boulos-coordenador-do-mtst\/#primaryimage","url":"","contentUrl":""},{"@type":"BreadcrumbList","@id":"https:\/\/psol50.org.br\/liderancas-do-psol-se-solidarizam-com-guilherme-boulos-coordenador-do-mtst\/#breadcrumb","itemListElement":[{"@type":"ListItem","position":1,"name":"In\u00edcio","item":"https:\/\/psol50.org.br\/"},{"@type":"ListItem","position":2,"name":"Lideran\u00e7as do PSOL se solidarizam com Guilherme Boulos, coordenador do MTST"}]},{"@type":"WebSite","@id":"https:\/\/psol50.org.br\/#website","url":"https:\/\/psol50.org.br\/","name":"PSOL 50","description":"Site oficial do Partido Socialismo e Liberdade","publisher":{"@id":"https:\/\/psol50.org.br\/#organization"},"alternateName":"PSOL50","potentialAction":[{"@type":"SearchAction","target":{"@type":"EntryPoint","urlTemplate":"https:\/\/psol50.org.br\/?s={search_term_string}"},"query-input":{"@type":"PropertyValueSpecification","valueRequired":true,"valueName":"search_term_string"}}],"inLanguage":"pt-BR"},{"@type":"Organization","@id":"https:\/\/psol50.org.br\/#organization","name":"PSOL 50","alternateName":"PSOL 50","url":"https:\/\/psol50.org.br\/","logo":{"@type":"ImageObject","inLanguage":"pt-BR","@id":"https:\/\/psol50.org.br\/#\/schema\/logo\/image\/","url":"https:\/\/psol50.org.br\/inc\/uploads\/2018\/07\/capa.png","contentUrl":"https:\/\/psol50.org.br\/inc\/uploads\/2018\/07\/capa.png","width":1350,"height":900,"caption":"PSOL 50"},"image":{"@id":"https:\/\/psol50.org.br\/#\/schema\/logo\/image\/"},"sameAs":["https:\/\/www.facebook.com\/psol50","https:\/\/x.com\/psol50","https:\/\/www.instagram.com\/psol50\/","https:\/\/www.youtube.com\/channel\/UC7SnJS5o1os7a6CaiNabzcg"]},{"@type":"Person","@id":"https:\/\/psol50.org.br\/#\/schema\/person\/475dfa57d0b815993c714c2e96491fcd","name":"Comunica\u00e7\u00e3o PSOL","image":{"@type":"ImageObject","inLanguage":"pt-BR","@id":"https:\/\/psol50.org.br\/#\/schema\/person\/image\/","url":"https:\/\/secure.gravatar.com\/avatar\/b34fc4f4e468a4e51785917065a3db57b841f5c95dba6ad8c73aaf8f66f8f9bf?s=96&d=mm&r=g","contentUrl":"https:\/\/secure.gravatar.com\/avatar\/b34fc4f4e468a4e51785917065a3db57b841f5c95dba6ad8c73aaf8f66f8f9bf?s=96&d=mm&r=g","caption":"Comunica\u00e7\u00e3o PSOL"}}]}},"_links":{"self":[{"href":"https:\/\/psol50.org.br\/rest\/wp\/v2\/posts\/11924","targetHints":{"allow":["GET"]}}],"collection":[{"href":"https:\/\/psol50.org.br\/rest\/wp\/v2\/posts"}],"about":[{"href":"https:\/\/psol50.org.br\/rest\/wp\/v2\/types\/post"}],"author":[{"embeddable":true,"href":"https:\/\/psol50.org.br\/rest\/wp\/v2\/users\/2"}],"replies":[{"embeddable":true,"href":"https:\/\/psol50.org.br\/rest\/wp\/v2\/comments?post=11924"}],"version-history":[{"count":0,"href":"https:\/\/psol50.org.br\/rest\/wp\/v2\/posts\/11924\/revisions"}],"wp:featuredmedia":[{"embeddable":true,"href":"https:\/\/psol50.org.br\/rest\/"}],"wp:attachment":[{"href":"https:\/\/psol50.org.br\/rest\/wp\/v2\/media?parent=11924"}],"wp:term":[{"taxonomy":"category","embeddable":true,"href":"https:\/\/psol50.org.br\/rest\/wp\/v2\/categories?post=11924"},{"taxonomy":"post_tag","embeddable":true,"href":"https:\/\/psol50.org.br\/rest\/wp\/v2\/tags?post=11924"}],"curies":[{"name":"wp","href":"https:\/\/api.w.org\/{rel}","templated":true}]}}